{"id":10090,"date":"2020-07-02T07:47:08","date_gmt":"2020-07-02T07:47:08","guid":{"rendered":"https:\/\/www.phase-6.de\/magazin\/?p=10090"},"modified":"2020-07-02T07:47:08","modified_gmt":"2020-07-02T07:47:08","slug":"assoziationskette","status":"publish","type":"post","link":"https:\/\/www.phase-6.de\/magazin\/fuer-lehrkraefte\/themen\/methodik-und-didaktik\/sprachspiele\/assoziationskette\/","title":{"rendered":"Assoziationskette"},"content":{"rendered":"[et_pb_section fb_built=&#8220;1&#8243; specialty=&#8220;on&#8220; _builder_version=&#8220;4.3.4&#8243; saved_tabs=&#8220;all&#8220;][et_pb_column type=&#8220;2_3&#8243; specialty_columns=&#8220;2&#8243; _builder_version=&#8220;3.25&#8243; custom_padding=&#8220;|||&#8220; custom_padding__hover=&#8220;|||&#8220;][et_pb_row_inner _builder_version=&#8220;4.3.4&#8243;][et_pb_column_inner saved_specialty_column_type=&#8220;2_3&#8243; _builder_version=&#8220;4.3.4&#8243;][et_pb_text admin_label=&#8220;Spielbeschreibung&#8220; _builder_version=&#8220;4.4.7&#8243;]<span style=\"font-weight: 400;\">Was f\u00e4llt dir als aller erstes zu dem Wort \u201cWald\u201d ein? <\/span><span style=\"font-weight: 400;\"><br \/>\n<\/span><span style=\"font-weight: 400;\"><br \/>\n<\/span><span style=\"font-weight: 400;\">Vielleicht Begriffe wie \u201cBaum\u201d, \u201cTiere\u201d, \u201cNatur\u201d oder auch \u201cM\u00e4rchen\u201d? Dann hast du dieses Spiel schon verstanden. Hier geht es darum, Assoziationen so schnell wie m\u00f6glich reihum aneinanderzuketten. Ein Beispiel:<\/span><\/p>\n<p><em><span style=\"font-weight: 400;\">Person 1: \u201cJacke\u201d<\/span><\/em><\/p>\n<p><em><span style=\"font-weight: 400;\">Person 2: \u201cwarm\u201d<\/span><\/em><\/p>\n<p><em><span style=\"font-weight: 400;\">Person 3: \u201cSommer\u201d<\/span><\/em><\/p>\n<p><em><span style=\"font-weight: 400;\">Person 4: \u201cStrand\u201d<\/span><\/em><\/p>\n<p><em><span style=\"font-weight: 400;\">Person 5: \u201cMuschel\u201d<\/span><\/em><\/p>\n<p><em><span style=\"font-weight: 400;\">Person 6: \u201cPerle\u201d<\/span><\/em><\/p>\n<p><em><span style=\"font-weight: 400;\">Person 7: \u201dKette\u201d \u2026\u00a0<\/span><\/em><\/p>\n<p><span style=\"font-weight: 400;\">Hier m\u00fcssen alle Mitspielenden darauf achten, dass die Assoziationen auch <strong>genau zum letzten ausgesprochenen Wort passen<\/strong> und nicht etwa zum Wort davor &#8211; das ist gar nicht so einfach! Die Spielenden m\u00fcssen au\u00dferdem schnell sein. Wer nach drei Sekunden noch kein Wort gesagt hat, setzt diese Runde aus. Wer einen Begriff innerhalb von kurzer Zeit doppelt verwendet (h\u00e4tte Person 5 beispielsweise auf \u201cStrand\u201d mit \u201cSommer\u201d geantwortet), muss die n\u00e4chste Runde aussetzen.<\/span>[\/et_pb_text][\/et_pb_column_inner][\/et_pb_row_inner][\/et_pb_column][et_pb_column type=&#8220;1_3&#8243; _builder_version=&#8220;3.25&#8243; custom_padding=&#8220;|||&#8220; custom_padding__hover=&#8220;|||&#8220;][et_pb_text admin_label=&#8220;Spielparameter&#8220; _builder_version=&#8220;4.3.4&#8243; custom_margin=&#8220;|||13px|false|false&#8220; custom_padding=&#8220;13px|13px|13px|13px|true|true&#8220; border_width_all=&#8220;2px&#8220; border_width_left=&#8220;2px&#8220; global_module=&#8220;9848&#8243; saved_tabs=&#8220;all&#8220;]\n<p><span style=\"font-size: 12pt;\"><strong>Dauer:<\/strong><br \/>5-15 Min.<\/span><\/p>\n<p><span style=\"font-size: 12pt;\"><strong>Eignung:<\/strong><br \/>Kindergarten, Grundschule, Erwachsene<\/span><\/p>\n<p><span style=\"font-size: 12pt;\"><strong>Gruppengr\u00f6\u00dfe:<\/strong><br \/>ab 3 Personen, f\u00fcr Schulklassen<\/span><\/p>\n<p><span style=\"font-size: 12pt;\"><strong>Lernziel(e):<\/strong><br \/>H\u00f6rverstehen, Kreativit\u00e4t \/ Ausdruck<\/span><\/p>\n<p><span style=\"font-size: 12pt;\"><strong>Material:<\/strong><br \/>Nein<\/span><\/p>\n<p>&nbsp;<\/p>\n[\/et_pb_text][\/et_pb_column][\/et_pb_section]\n","protected":false},"excerpt":{"rendered":"<p>Sprachspiele, ob zu zweit oder in Gruppen, f\u00f6rdern neben sprachlichen F\u00e4higkeiten auch das soziale Miteinander und bieten eine tolle Erg\u00e4nzung zum regul\u00e4ren Sprachunterricht. Also worauf wartest du noch? Teste deine sprachliche Kreativit\u00e4t!<\/p>\n","protected":false},"author":11,"featured_media":10304,"comment_status":"closed","ping_status":"open","sticky":false,"template":"","format":"standard","meta":{"_acf_changed":false,"_yoast_wpseo_focuskw":"","_yoast_wpseo_title":"","_yoast_wpseo_metadesc":"Sprachspiele trainieren nicht nur die Sprachf\u00e4higkeit, sondern auch die Lachmuskeln! \u2713Sprachspiele \u2713Sprachf\u00f6rderung \u2713Gruppen","_yoast_wpseo_canonical":"","_yoast_wpseo_opengraph-title":"","_yoast_wpseo_opengraph-description":"","_et_pb_use_builder":"on","_et_pb_old_content":"","_et_gb_content_width":"","inline_featured_image":false,"footnotes":""},"categories":[95],"tags":[],"class_list":["post-10090","post","type-post","status-publish","format-standard","has-post-thumbnail","hentry","category-sprachspiele","et-has-post-format-content","et_post_format-et-post-format-standard"],"acf":[],"yoast_head":"<!-- This site is optimized with the Yoast SEO plugin v26.9 - https:\/\/yoast.com\/product\/yoast-seo-wordpress\/ -->\n<title>Assoziationskette - phase6 Magazin<\/title>\n<meta name=\"description\" content=\"Sprachspiele trainieren nicht nur die Sprachf\u00e4higkeit, sondern auch die Lachmuskeln! \u2713Sprachspiele \u2713Sprachf\u00f6rderung \u2713Gruppen\" \/>\n<meta name=\"robots\" content=\"index, follow, max-snippet:-1, max-image-preview:large, max-video-preview:-1\" \/>\n<link rel=\"canonical\" href=\"https:\/\/www.phase-6.de\/magazin\/fuer-lehrkraefte\/themen\/methodik-und-didaktik\/sprachspiele\/assoziationskette\/\" \/>\n<meta property=\"og:locale\" content=\"de_DE\" \/>\n<meta property=\"og:type\" content=\"article\" \/>\n<meta property=\"og:title\" content=\"Assoziationskette - phase6 Magazin\" \/>\n<meta property=\"og:description\" content=\"Sprachspiele trainieren nicht nur die Sprachf\u00e4higkeit, sondern auch die Lachmuskeln! \u2713Sprachspiele \u2713Sprachf\u00f6rderung \u2713Gruppen\" \/>\n<meta property=\"og:url\" content=\"https:\/\/www.phase-6.de\/magazin\/fuer-lehrkraefte\/themen\/methodik-und-didaktik\/sprachspiele\/assoziationskette\/\" \/>\n<meta property=\"og:site_name\" content=\"phase6 Magazin\" \/>\n<meta property=\"article:publisher\" content=\"https:\/\/www.facebook.com\/phase6.de\/\" \/>\n<meta property=\"article:published_time\" content=\"2020-07-02T07:47:08+00:00\" \/>\n<meta property=\"og:image\" content=\"https:\/\/www.phase-6.de\/magazin\/wp-content\/uploads\/2020\/06\/Assoziationskette.jpg\" \/>\n\t<meta property=\"og:image:width\" content=\"1080\" \/>\n\t<meta property=\"og:image:height\" content=\"675\" \/>\n\t<meta property=\"og:image:type\" content=\"image\/jpeg\" \/>\n<meta name=\"author\" content=\"Rebecca\" \/>\n<meta name=\"twitter:card\" content=\"summary_large_image\" \/>\n<meta name=\"twitter:label1\" content=\"Verfasst von\" \/>\n\t<meta name=\"twitter:data1\" content=\"Rebecca\" \/>\n\t<meta name=\"twitter:label2\" content=\"Gesch\u00e4tzte Lesezeit\" \/>\n\t<meta name=\"twitter:data2\" content=\"1\u00a0Minute\" \/>\n<script type=\"application\/ld+json\" class=\"yoast-schema-graph\">{\"@context\":\"https:\/\/schema.org\",\"@graph\":[{\"@type\":\"Article\",\"@id\":\"https:\/\/www.phase-6.de\/magazin\/fuer-lehrkraefte\/themen\/methodik-und-didaktik\/sprachspiele\/assoziationskette\/#article\",\"isPartOf\":{\"@id\":\"https:\/\/www.phase-6.de\/magazin\/fuer-lehrkraefte\/themen\/methodik-und-didaktik\/sprachspiele\/assoziationskette\/\"},\"author\":{\"name\":\"Rebecca\",\"@id\":\"https:\/\/www.phase-6.de\/magazin\/#\/schema\/person\/c79e16a5e9f43034e7a9f1876f3e96d4\"},\"headline\":\"Assoziationskette\",\"datePublished\":\"2020-07-02T07:47:08+00:00\",\"mainEntityOfPage\":{\"@id\":\"https:\/\/www.phase-6.de\/magazin\/fuer-lehrkraefte\/themen\/methodik-und-didaktik\/sprachspiele\/assoziationskette\/\"},\"wordCount\":280,\"publisher\":{\"@id\":\"https:\/\/www.phase-6.de\/magazin\/#organization\"},\"image\":{\"@id\":\"https:\/\/www.phase-6.de\/magazin\/fuer-lehrkraefte\/themen\/methodik-und-didaktik\/sprachspiele\/assoziationskette\/#primaryimage\"},\"thumbnailUrl\":\"https:\/\/www.phase-6.de\/magazin\/wp-content\/uploads\/2020\/06\/Assoziationskette.jpg\",\"articleSection\":[\"Sprachspiele\"],\"inLanguage\":\"de\"},{\"@type\":\"WebPage\",\"@id\":\"https:\/\/www.phase-6.de\/magazin\/fuer-lehrkraefte\/themen\/methodik-und-didaktik\/sprachspiele\/assoziationskette\/\",\"url\":\"https:\/\/www.phase-6.de\/magazin\/fuer-lehrkraefte\/themen\/methodik-und-didaktik\/sprachspiele\/assoziationskette\/\",\"name\":\"Assoziationskette - phase6 Magazin\",\"isPartOf\":{\"@id\":\"https:\/\/www.phase-6.de\/magazin\/#website\"},\"primaryImageOfPage\":{\"@id\":\"https:\/\/www.phase-6.de\/magazin\/fuer-lehrkraefte\/themen\/methodik-und-didaktik\/sprachspiele\/assoziationskette\/#primaryimage\"},\"image\":{\"@id\":\"https:\/\/www.phase-6.de\/magazin\/fuer-lehrkraefte\/themen\/methodik-und-didaktik\/sprachspiele\/assoziationskette\/#primaryimage\"},\"thumbnailUrl\":\"https:\/\/www.phase-6.de\/magazin\/wp-content\/uploads\/2020\/06\/Assoziationskette.jpg\",\"datePublished\":\"2020-07-02T07:47:08+00:00\",\"description\":\"Sprachspiele trainieren nicht nur die Sprachf\u00e4higkeit, sondern auch die Lachmuskeln! \u2713Sprachspiele \u2713Sprachf\u00f6rderung \u2713Gruppen\",\"breadcrumb\":{\"@id\":\"https:\/\/www.phase-6.de\/magazin\/fuer-lehrkraefte\/themen\/methodik-und-didaktik\/sprachspiele\/assoziationskette\/#breadcrumb\"},\"inLanguage\":\"de\",\"potentialAction\":[{\"@type\":\"ReadAction\",\"target\":[\"https:\/\/www.phase-6.de\/magazin\/fuer-lehrkraefte\/themen\/methodik-und-didaktik\/sprachspiele\/assoziationskette\/\"]}]},{\"@type\":\"ImageObject\",\"inLanguage\":\"de\",\"@id\":\"https:\/\/www.phase-6.de\/magazin\/fuer-lehrkraefte\/themen\/methodik-und-didaktik\/sprachspiele\/assoziationskette\/#primaryimage\",\"url\":\"https:\/\/www.phase-6.de\/magazin\/wp-content\/uploads\/2020\/06\/Assoziationskette.jpg\",\"contentUrl\":\"https:\/\/www.phase-6.de\/magazin\/wp-content\/uploads\/2020\/06\/Assoziationskette.jpg\",\"width\":1080,\"height\":675,\"caption\":\"Assoziationskette\"},{\"@type\":\"BreadcrumbList\",\"@id\":\"https:\/\/www.phase-6.de\/magazin\/fuer-lehrkraefte\/themen\/methodik-und-didaktik\/sprachspiele\/assoziationskette\/#breadcrumb\",\"itemListElement\":[{\"@type\":\"ListItem\",\"position\":1,\"name\":\"Startseite\",\"item\":\"https:\/\/www.phase-6.de\/magazin\/\"},{\"@type\":\"ListItem\",\"position\":2,\"name\":\"Assoziationskette\"}]},{\"@type\":\"WebSite\",\"@id\":\"https:\/\/www.phase-6.de\/magazin\/#website\",\"url\":\"https:\/\/www.phase-6.de\/magazin\/\",\"name\":\"phase6 Magazin\",\"description\":\"Das Magazin f\u00fcr Sprache, Lernen &amp; Lehren\",\"publisher\":{\"@id\":\"https:\/\/www.phase-6.de\/magazin\/#organization\"},\"potentialAction\":[{\"@type\":\"SearchAction\",\"target\":{\"@type\":\"EntryPoint\",\"urlTemplate\":\"https:\/\/www.phase-6.de\/magazin\/?s={search_term_string}\"},\"query-input\":{\"@type\":\"PropertyValueSpecification\",\"valueRequired\":true,\"valueName\":\"search_term_string\"}}],\"inLanguage\":\"de\"},{\"@type\":\"Organization\",\"@id\":\"https:\/\/www.phase-6.de\/magazin\/#organization\",\"name\":\"phase-6 GmbH\",\"url\":\"https:\/\/www.phase-6.de\/magazin\/\",\"logo\":{\"@type\":\"ImageObject\",\"inLanguage\":\"de\",\"@id\":\"https:\/\/www.phase-6.de\/magazin\/#\/schema\/logo\/image\/\",\"url\":\"https:\/\/www.phase-6.de\/magazin\/wp-content\/uploads\/2017\/07\/phase6_logo2017.png\",\"contentUrl\":\"https:\/\/www.phase-6.de\/magazin\/wp-content\/uploads\/2017\/07\/phase6_logo2017.png\",\"width\":709,\"height\":200,\"caption\":\"phase-6 GmbH\"},\"image\":{\"@id\":\"https:\/\/www.phase-6.de\/magazin\/#\/schema\/logo\/image\/\"},\"sameAs\":[\"https:\/\/www.facebook.com\/phase6.de\/\",\"https:\/\/de.wikipedia.org\/wiki\/Phase6\"]},{\"@type\":\"Person\",\"@id\":\"https:\/\/www.phase-6.de\/magazin\/#\/schema\/person\/c79e16a5e9f43034e7a9f1876f3e96d4\",\"name\":\"Rebecca\",\"url\":\"https:\/\/www.phase-6.de\/magazin\/author\/rebecca\/\"}]}<\/script>\n<!-- \/ Yoast SEO plugin. -->","yoast_head_json":{"title":"Assoziationskette - phase6 Magazin","description":"Sprachspiele trainieren nicht nur die Sprachf\u00e4higkeit, sondern auch die Lachmuskeln! \u2713Sprachspiele \u2713Sprachf\u00f6rderung \u2713Gruppen","robots":{"index":"index","follow":"follow","max-snippet":"max-snippet:-1","max-image-preview":"max-image-preview:large","max-video-preview":"max-video-preview:-1"},"canonical":"https:\/\/www.phase-6.de\/magazin\/fuer-lehrkraefte\/themen\/methodik-und-didaktik\/sprachspiele\/assoziationskette\/","og_locale":"de_DE","og_type":"article","og_title":"Assoziationskette - phase6 Magazin","og_description":"Sprachspiele trainieren nicht nur die Sprachf\u00e4higkeit, sondern auch die Lachmuskeln! \u2713Sprachspiele \u2713Sprachf\u00f6rderung \u2713Gruppen","og_url":"https:\/\/www.phase-6.de\/magazin\/fuer-lehrkraefte\/themen\/methodik-und-didaktik\/sprachspiele\/assoziationskette\/","og_site_name":"phase6 Magazin","article_publisher":"https:\/\/www.facebook.com\/phase6.de\/","article_published_time":"2020-07-02T07:47:08+00:00","og_image":[{"width":1080,"height":675,"url":"https:\/\/www.phase-6.de\/magazin\/wp-content\/uploads\/2020\/06\/Assoziationskette.jpg","type":"image\/jpeg"}],"author":"Rebecca","twitter_card":"summary_large_image","twitter_misc":{"Verfasst von":"Rebecca","Gesch\u00e4tzte Lesezeit":"1\u00a0Minute"},"schema":{"@context":"https:\/\/schema.org","@graph":[{"@type":"Article","@id":"https:\/\/www.phase-6.de\/magazin\/fuer-lehrkraefte\/themen\/methodik-und-didaktik\/sprachspiele\/assoziationskette\/#article","isPartOf":{"@id":"https:\/\/www.phase-6.de\/magazin\/fuer-lehrkraefte\/themen\/methodik-und-didaktik\/sprachspiele\/assoziationskette\/"},"author":{"name":"Rebecca","@id":"https:\/\/www.phase-6.de\/magazin\/#\/schema\/person\/c79e16a5e9f43034e7a9f1876f3e96d4"},"headline":"Assoziationskette","datePublished":"2020-07-02T07:47:08+00:00","mainEntityOfPage":{"@id":"https:\/\/www.phase-6.de\/magazin\/fuer-lehrkraefte\/themen\/methodik-und-didaktik\/sprachspiele\/assoziationskette\/"},"wordCount":280,"publisher":{"@id":"https:\/\/www.phase-6.de\/magazin\/#organization"},"image":{"@id":"https:\/\/www.phase-6.de\/magazin\/fuer-lehrkraefte\/themen\/methodik-und-didaktik\/sprachspiele\/assoziationskette\/#primaryimage"},"thumbnailUrl":"https:\/\/www.phase-6.de\/magazin\/wp-content\/uploads\/2020\/06\/Assoziationskette.jpg","articleSection":["Sprachspiele"],"inLanguage":"de"},{"@type":"WebPage","@id":"https:\/\/www.phase-6.de\/magazin\/fuer-lehrkraefte\/themen\/methodik-und-didaktik\/sprachspiele\/assoziationskette\/","url":"https:\/\/www.phase-6.de\/magazin\/fuer-lehrkraefte\/themen\/methodik-und-didaktik\/sprachspiele\/assoziationskette\/","name":"Assoziationskette - phase6 Magazin","isPartOf":{"@id":"https:\/\/www.phase-6.de\/magazin\/#website"},"primaryImageOfPage":{"@id":"https:\/\/www.phase-6.de\/magazin\/fuer-lehrkraefte\/themen\/methodik-und-didaktik\/sprachspiele\/assoziationskette\/#primaryimage"},"image":{"@id":"https:\/\/www.phase-6.de\/magazin\/fuer-lehrkraefte\/themen\/methodik-und-didaktik\/sprachspiele\/assoziationskette\/#primaryimage"},"thumbnailUrl":"https:\/\/www.phase-6.de\/magazin\/wp-content\/uploads\/2020\/06\/Assoziationskette.jpg","datePublished":"2020-07-02T07:47:08+00:00","description":"Sprachspiele trainieren nicht nur die Sprachf\u00e4higkeit, sondern auch die Lachmuskeln! \u2713Sprachspiele \u2713Sprachf\u00f6rderung \u2713Gruppen","breadcrumb":{"@id":"https:\/\/www.phase-6.de\/magazin\/fuer-lehrkraefte\/themen\/methodik-und-didaktik\/sprachspiele\/assoziationskette\/#breadcrumb"},"inLanguage":"de","potentialAction":[{"@type":"ReadAction","target":["https:\/\/www.phase-6.de\/magazin\/fuer-lehrkraefte\/themen\/methodik-und-didaktik\/sprachspiele\/assoziationskette\/"]}]},{"@type":"ImageObject","inLanguage":"de","@id":"https:\/\/www.phase-6.de\/magazin\/fuer-lehrkraefte\/themen\/methodik-und-didaktik\/sprachspiele\/assoziationskette\/#primaryimage","url":"https:\/\/www.phase-6.de\/magazin\/wp-content\/uploads\/2020\/06\/Assoziationskette.jpg","contentUrl":"https:\/\/www.phase-6.de\/magazin\/wp-content\/uploads\/2020\/06\/Assoziationskette.jpg","width":1080,"height":675,"caption":"Assoziationskette"},{"@type":"BreadcrumbList","@id":"https:\/\/www.phase-6.de\/magazin\/fuer-lehrkraefte\/themen\/methodik-und-didaktik\/sprachspiele\/assoziationskette\/#breadcrumb","itemListElement":[{"@type":"ListItem","position":1,"name":"Startseite","item":"https:\/\/www.phase-6.de\/magazin\/"},{"@type":"ListItem","position":2,"name":"Assoziationskette"}]},{"@type":"WebSite","@id":"https:\/\/www.phase-6.de\/magazin\/#website","url":"https:\/\/www.phase-6.de\/magazin\/","name":"phase6 Magazin","description":"Das Magazin f\u00fcr Sprache, Lernen &amp; Lehren","publisher":{"@id":"https:\/\/www.phase-6.de\/magazin\/#organization"},"potentialAction":[{"@type":"SearchAction","target":{"@type":"EntryPoint","urlTemplate":"https:\/\/www.phase-6.de\/magazin\/?s={search_term_string}"},"query-input":{"@type":"PropertyValueSpecification","valueRequired":true,"valueName":"search_term_string"}}],"inLanguage":"de"},{"@type":"Organization","@id":"https:\/\/www.phase-6.de\/magazin\/#organization","name":"phase-6 GmbH","url":"https:\/\/www.phase-6.de\/magazin\/","logo":{"@type":"ImageObject","inLanguage":"de","@id":"https:\/\/www.phase-6.de\/magazin\/#\/schema\/logo\/image\/","url":"https:\/\/www.phase-6.de\/magazin\/wp-content\/uploads\/2017\/07\/phase6_logo2017.png","contentUrl":"https:\/\/www.phase-6.de\/magazin\/wp-content\/uploads\/2017\/07\/phase6_logo2017.png","width":709,"height":200,"caption":"phase-6 GmbH"},"image":{"@id":"https:\/\/www.phase-6.de\/magazin\/#\/schema\/logo\/image\/"},"sameAs":["https:\/\/www.facebook.com\/phase6.de\/","https:\/\/de.wikipedia.org\/wiki\/Phase6"]},{"@type":"Person","@id":"https:\/\/www.phase-6.de\/magazin\/#\/schema\/person\/c79e16a5e9f43034e7a9f1876f3e96d4","name":"Rebecca","url":"https:\/\/www.phase-6.de\/magazin\/author\/rebecca\/"}]}},"_links":{"self":[{"href":"https:\/\/www.phase-6.de\/magazin\/wp-json\/wp\/v2\/posts\/10090","targetHints":{"allow":["GET"]}}],"collection":[{"href":"https:\/\/www.phase-6.de\/magazin\/wp-json\/wp\/v2\/posts"}],"about":[{"href":"https:\/\/www.phase-6.de\/magazin\/wp-json\/wp\/v2\/types\/post"}],"author":[{"embeddable":true,"href":"https:\/\/www.phase-6.de\/magazin\/wp-json\/wp\/v2\/users\/11"}],"replies":[{"embeddable":true,"href":"https:\/\/www.phase-6.de\/magazin\/wp-json\/wp\/v2\/comments?post=10090"}],"version-history":[{"count":0,"href":"https:\/\/www.phase-6.de\/magazin\/wp-json\/wp\/v2\/posts\/10090\/revisions"}],"wp:featuredmedia":[{"embeddable":true,"href":"https:\/\/www.phase-6.de\/magazin\/wp-json\/wp\/v2\/media\/10304"}],"wp:attachment":[{"href":"https:\/\/www.phase-6.de\/magazin\/wp-json\/wp\/v2\/media?parent=10090"}],"wp:term":[{"taxonomy":"category","embeddable":true,"href":"https:\/\/www.phase-6.de\/magazin\/wp-json\/wp\/v2\/categories?post=10090"},{"taxonomy":"post_tag","embeddable":true,"href":"https:\/\/www.phase-6.de\/magazin\/wp-json\/wp\/v2\/tags?post=10090"}],"curies":[{"name":"wp","href":"https:\/\/api.w.org\/{rel}","templated":true}]}}