{"id":10698,"date":"2020-09-15T16:04:44","date_gmt":"2020-09-15T16:04:44","guid":{"rendered":"https:\/\/www.phase-6.de\/magazin\/?p=10698"},"modified":"2022-01-23T12:31:14","modified_gmt":"2022-01-23T12:31:14","slug":"referendariat-erfahrungen-erkenntnisse-tipps","status":"publish","type":"post","link":"https:\/\/www.phase-6.de\/magazin\/fuer-lehrkraefte\/themen\/bildungssystem\/referendariat-erfahrungen-erkenntnisse-tipps\/","title":{"rendered":"Referendariat &#8211; Erfahrungen, Erkenntnisse, Tipps"},"content":{"rendered":"[et_pb_section fb_built=&#8220;1&#8243; _builder_version=&#8220;4.6.0&#8243; _module_preset=&#8220;default&#8220;][et_pb_row _builder_version=&#8220;4.6.0&#8243; _module_preset=&#8220;default&#8220;][et_pb_column type=&#8220;4_4&#8243; _builder_version=&#8220;4.6.0&#8243; _module_preset=&#8220;default&#8220;][et_pb_text admin_label=&#8220;Text&#8220; _builder_version=&#8220;4.6.0&#8243; _module_preset=&#8220;default&#8220;]\n<p><span style=\"font-weight: 400;\">Um das Lehramtsreferendariat ranken sich so einige Mythen, deren Existenzberechtigung ich nun am eigenen Leib erfahren werde. Ich bin mir bewusst, dass mir diese Phase der Ausbildung nach dem theoretischen Studium endlich den Raum bietet, mich praktisch auszuprobieren, eine wirklichkeitsnahe Perspektive einzunehmen und idealisierte Vorstellungen im Schonraum des Ausbildungsrahmens experimentierfreudig mit der Realit\u00e4t kollidieren zu lassen. Ein wahres Fest eigentlich!<\/span><\/p>\n<p><span style=\"font-weight: 400;\">Doch Mundpropaganda und problemorientierte Berichterstattungen zur Situation von aktuell auszubildenden Lehrkr\u00e4ften sorgten daf\u00fcr, dass sich meine <\/span><strong>Angst vor diesem Lebensabschnitt<\/strong> <span style=\"font-weight: 400;\">potenziert hat. Es wird ganz furchtbar, da bin ich mir sicher. Ich werde an Unterrichtsentw\u00fcrfen verzweifeln, peinliche Situationen im Kollegium durchleben, ein permanentes Gef\u00fchl der geistigen und emotionalen Verwirrung versp\u00fcren und ganze Klassen mit ihren Eltern werden mir auf der Nase herumtanzen, w\u00e4hrend meine Augenringe immer tiefer wandern.<\/span><\/p>\n<p><span style=\"font-weight: 400;\">Ob sich meine Bef\u00fcrchtungen an einer Berliner Grundschule bewahrheiten und wie sich meine Gedanken und F\u00e4higkeiten im Bezug auf den Lehrberuf in den n\u00e4chsten Monaten entwickeln werden, m\u00f6chte ich in regelm\u00e4\u00dfigen Erfahrungsberichten im <a href=\"https:\/\/www.phase-6.de\/magazin\/fuer-lehrkraefte\/themen\/\"><span style=\"color: #fc7c00;\">phase6 Lehrkr\u00e4fte-Magazin<\/span><\/a> mit Interessierten teilen.\u00a0<\/span><\/p>\n<p><strong>Hier ein paar Infos zur Struktur des Grundschul-Referendariats in Berlin:<\/strong><\/p>\n[\/et_pb_text][et_pb_image src=&#8220;https:\/\/www.phase-6.de\/magazin\/wp-content\/uploads\/2020\/09\/Schaubild-Ref-Berlin.-1.png&#8220; alt=&#8220;Schaubild Referendariat Berlin.&#8220; title_text=&#8220;Schaubild Referendariat Berlin.&#8220; show_in_lightbox=&#8220;on&#8220; admin_label=&#8220;Schaubild Ref Berlin&#8220; _builder_version=&#8220;4.6.0&#8243; _module_preset=&#8220;default&#8220;][\/et_pb_image][et_pb_text _builder_version=&#8220;4.9.10&#8243; _module_preset=&#8220;default&#8220; hover_enabled=&#8220;0&#8243; sticky_enabled=&#8220;0&#8243;]\n<p><span style=\"font-weight: 400;\">In meinen monatlichen Beitr\u00e4gen berichte ich unter anderem von meinen <\/span><strong>Erkenntnissen auf dem Weg zur Professionalit\u00e4t<\/strong><span style=\"font-weight: 400;\">, welche sowohl auf einer pers\u00f6nlich-sozialen Ebene als auch auf der fachlich-didaktischen Ebene beleuchtet werden. Auch <\/span><strong>mutmachende Leits\u00e4tze und wertvolle Ratschl\u00e4ge<\/strong> <span style=\"font-weight: 400;\">von erfahrenen p\u00e4dagogischen Fachkr\u00e4ften finden in jedem Beitrag einen Platz und werden von mir im Verlauf der 18-monatigen Ausbildungszeit kritisch reflektiert. Zus\u00e4tzlich wird jeder Bericht von einem <\/span><strong>Fokusthema<\/strong><span style=\"font-weight: 400;\"> begleitet, welches mich im jeweiligen Monat verst\u00e4rkt besch\u00e4ftigt hat.\u00a0<\/span><\/p>\n<p>Viel Spa\u00df beim Lesen!<\/p>\n<ul style=\"list-style-type: disc;\">\n<li><a href=\"https:\/\/www.phase-6.de\/magazin\/fuer-lehrkraefte\/themen\/bildungssystem\/episode-1-schulanfang-chaos-verzweiflungslachen\/\"><span style=\"color: #fc7c00;\">Episode 1: Schulanfang &#8211; Chaos &amp; Verzweiflungslachen<\/span><\/a><\/li>\n<li><a href=\"https:\/\/www.phase-6.de\/magazin\/fuer-lehrkraefte\/themen\/bildungssystem\/episode-2-unterrichtsbesuche-ich-werde-beobachtet\/\"><span style=\"color: #fc7c00;\">Episode 2: Unterrichtsbesuche &#8211; Ich werde beobachtet<\/span><\/a><\/li>\n<li><a href=\"https:\/\/www.phase-6.de\/magazin\/fuer-lehrkraefte\/themen\/methodik-amp-didaktik\/episode-3-externe-expertise-projekte-vertretungsstunden\/\"><span style=\"color: #fc7c00;\">Episode 3: Externe Expertise &amp; Verunsicherung<\/span><\/a><\/li>\n<li><a href=\"https:\/\/www.phase-6.de\/magazin\/fuer-lehrkraefte\/themen\/work-life-balance\/episode-4-zeitmanagement-uebe-ich-noch\/\"><span style=\"color: #fc7c00;\">Episode 4: Zeitmanagement &#8211; \u00dcbe ich noch&#8230;<\/span><\/a><\/li>\n<li><a href=\"https:\/\/www.phase-6.de\/magazin\/fuer-lehrkraefte\/themen\/methodik-amp-didaktik\/episode-5-freiarbeit-theorie-und-praxis\/\"><span style=\"color: #fc7c00;\">Episode 5: Freiarbeit &#8211; Theorie und Praxis<\/span><\/a><\/li>\n<li><a href=\"https:\/\/www.phase-6.de\/magazin\/fuer-lehrkraefte\/themen\/methodik-amp-didaktik\/episode-6-distanzunterricht-und-salzh-digitale-lerntools\/\"><span style=\"color: #fc7c00;\">Episode 6: Distanzunterricht und saLzH &#8211; Digitale Lerntool<\/span><\/a><\/li>\n<li><a href=\"https:\/\/www.phase-6.de\/magazin\/fuer-lehrkraefte\/themen\/bildungssystem\/episode-7-wechselunterricht-modulpruefung-und-15-gespraeche\/\"><span style=\"color: #fc7c00;\">Episode 7: Wechselunterricht, Modulpr\u00fcfung und \u00a715-Gespr\u00e4che<\/span><\/a><\/li>\n<li><a href=\"https:\/\/www.phase-6.de\/magazin\/fuer-lehrkraefte\/themen\/bildungssystem\/episode-8-testpflicht-heulkrampf\/\"><span style=\"color: #fc7c00;\">Episode 8: Testpflicht &amp; Heulkrampf<\/span><\/a><\/li>\n<li><a href=\"https:\/\/www.phase-6.de\/magazin\/fuer-lehrkraefte\/themen\/bildungssystem\/episode-9-zeugnisse-und-sommerferien\/\"><span style=\"color: #fc7c00;\">Episode 9: Zeugnisse &amp; Sommerferien<\/span><\/a><\/li>\n<\/ul>\n[\/et_pb_text][et_pb_testimonial portrait_url=&#8220;https:\/\/www.phase-6.de\/magazin\/wp-content\/uploads\/2019\/08\/Carla-Edited.jpg&#8220; portrait_width=&#8220;110px&#8220; portrait_height=&#8220;110px&#8220; use_icon_font_size=&#8220;on&#8220; icon_font_size=&#8220;39px&#8220; admin_label=&#8220;Autorin Carla&#8220; _builder_version=&#8220;4.6.0&#8243; body_text_align=&#8220;left&#8220; custom_margin=&#8220;40px||40px||false|false&#8220; custom_padding=&#8220;55px|55px|55px|55px|false|false&#8220; border_radii_portrait=&#8220;on|86px|86px|86px|86px&#8220; portrait_border_radius=&#8220;86px&#8220; global_module=&#8220;8039&#8243;]\n<p><strong><span style=\"color: #fc7c00;\">Autorin: Carla<\/span><\/strong><\/p>\n<p>F\u00fcr etwa zwei Jahre schrieb ich Artikel f\u00fcr das <a href=\"https:\/\/www.phase-6.de\/magazin\/\"><span style=\"color: #fc7c00;\">phase6 Magazin<\/span><\/a> und das <a href=\"https:\/\/www.phase-6.de\/magazin\/fuer-lehrkraefte\/themen\/\"><span style=\"color: #fc7c00;\">Lehrkr\u00e4fte Magazin<\/span><\/a>. Mit besonderer Vorliebe widmete ich mich dabei spannenden Themen der p\u00e4dagogischen Psychologie in Theorie und Praxis. Seit August 2020 bin ich Referendarin an einer Berliner Grundschule und teile meine Erfahrungen und Erkenntnisse mit Interessierten.<\/p>\n[\/et_pb_testimonial][\/et_pb_column][\/et_pb_row][\/et_pb_section]\n","protected":false},"excerpt":{"rendered":"<p>Wie gro\u00df ist die Kluft zwischen Theorie und Praxis? Inwiefern mich das Lehramtsstudium auf die H\u00f6hen und Tiefen des Schulalltags vorbereitet hat und mit welchen Herausforderungen und Erkenntnissen mich das Referendariat konfrontiert, werde ich hier berichten!<\/p>\n","protected":false},"author":11,"featured_media":10808,"comment_status":"closed","ping_status":"open","sticky":false,"template":"","format":"standard","meta":{"_acf_changed":false,"_yoast_wpseo_focuskw":"Referendariat","_yoast_wpseo_title":"","_yoast_wpseo_metadesc":"Schulchaos aus der Sicht einer Grundschul-Referendarin. \u2713Referendariat Lehramt \u2713Erfahrungsberichte \u2713Tipps und Erkenntnisse","_yoast_wpseo_canonical":"","_yoast_wpseo_opengraph-title":"","_yoast_wpseo_opengraph-description":"","_et_pb_use_builder":"on","_et_pb_old_content":"","_et_gb_content_width":"","inline_featured_image":false,"footnotes":""},"categories":[71],"tags":[],"class_list":["post-10698","post","type-post","status-publish","format-standard","has-post-thumbnail","hentry","category-bildungssystem","et-has-post-format-content","et_post_format-et-post-format-standard"],"acf":[],"yoast_head":"<!-- This site is optimized with the Yoast SEO plugin v26.9 - https:\/\/yoast.com\/product\/yoast-seo-wordpress\/ -->\n<title>Referendariat - Erfahrungen, Erkenntnisse, Tipps - phase6 Magazin<\/title>\n<meta name=\"description\" content=\"Schulchaos aus der Sicht einer Grundschul-Referendarin. \u2713Referendariat Lehramt \u2713Erfahrungsberichte \u2713Tipps und Erkenntnisse\" \/>\n<meta name=\"robots\" content=\"index, follow, max-snippet:-1, max-image-preview:large, max-video-preview:-1\" \/>\n<link rel=\"canonical\" href=\"https:\/\/www.phase-6.de\/magazin\/fuer-lehrkraefte\/themen\/bildungssystem\/referendariat-erfahrungen-erkenntnisse-tipps\/\" \/>\n<meta property=\"og:locale\" content=\"de_DE\" \/>\n<meta property=\"og:type\" content=\"article\" \/>\n<meta property=\"og:title\" content=\"Referendariat - Erfahrungen, Erkenntnisse, Tipps - phase6 Magazin\" \/>\n<meta property=\"og:description\" content=\"Schulchaos aus der Sicht einer Grundschul-Referendarin. \u2713Referendariat Lehramt \u2713Erfahrungsberichte \u2713Tipps und Erkenntnisse\" \/>\n<meta property=\"og:url\" content=\"https:\/\/www.phase-6.de\/magazin\/fuer-lehrkraefte\/themen\/bildungssystem\/referendariat-erfahrungen-erkenntnisse-tipps\/\" \/>\n<meta property=\"og:site_name\" content=\"phase6 Magazin\" \/>\n<meta property=\"article:publisher\" content=\"https:\/\/www.facebook.com\/phase6.de\/\" \/>\n<meta property=\"article:published_time\" content=\"2020-09-15T16:04:44+00:00\" \/>\n<meta property=\"article:modified_time\" content=\"2022-01-23T12:31:14+00:00\" \/>\n<meta property=\"og:image\" content=\"https:\/\/www.phase-6.de\/magazin\/wp-content\/uploads\/2020\/10\/Referendariat-Erfahrungsberichte-0.jpg\" \/>\n\t<meta property=\"og:image:width\" content=\"1080\" \/>\n\t<meta property=\"og:image:height\" content=\"675\" \/>\n\t<meta property=\"og:image:type\" content=\"image\/jpeg\" \/>\n<meta name=\"author\" content=\"Rebecca\" \/>\n<meta name=\"twitter:card\" content=\"summary_large_image\" \/>\n<meta name=\"twitter:label1\" content=\"Verfasst von\" \/>\n\t<meta name=\"twitter:data1\" content=\"Rebecca\" \/>\n\t<meta name=\"twitter:label2\" content=\"Gesch\u00e4tzte Lesezeit\" \/>\n\t<meta name=\"twitter:data2\" content=\"3\u00a0Minuten\" \/>\n<script type=\"application\/ld+json\" class=\"yoast-schema-graph\">{\"@context\":\"https:\/\/schema.org\",\"@graph\":[{\"@type\":\"Article\",\"@id\":\"https:\/\/www.phase-6.de\/magazin\/fuer-lehrkraefte\/themen\/bildungssystem\/referendariat-erfahrungen-erkenntnisse-tipps\/#article\",\"isPartOf\":{\"@id\":\"https:\/\/www.phase-6.de\/magazin\/fuer-lehrkraefte\/themen\/bildungssystem\/referendariat-erfahrungen-erkenntnisse-tipps\/\"},\"author\":{\"name\":\"Rebecca\",\"@id\":\"https:\/\/www.phase-6.de\/magazin\/#\/schema\/person\/c79e16a5e9f43034e7a9f1876f3e96d4\"},\"headline\":\"Referendariat &#8211; Erfahrungen, Erkenntnisse, Tipps\",\"datePublished\":\"2020-09-15T16:04:44+00:00\",\"dateModified\":\"2022-01-23T12:31:14+00:00\",\"mainEntityOfPage\":{\"@id\":\"https:\/\/www.phase-6.de\/magazin\/fuer-lehrkraefte\/themen\/bildungssystem\/referendariat-erfahrungen-erkenntnisse-tipps\/\"},\"wordCount\":561,\"publisher\":{\"@id\":\"https:\/\/www.phase-6.de\/magazin\/#organization\"},\"image\":{\"@id\":\"https:\/\/www.phase-6.de\/magazin\/fuer-lehrkraefte\/themen\/bildungssystem\/referendariat-erfahrungen-erkenntnisse-tipps\/#primaryimage\"},\"thumbnailUrl\":\"https:\/\/www.phase-6.de\/magazin\/wp-content\/uploads\/2020\/10\/Referendariat-Erfahrungsberichte-0.jpg\",\"articleSection\":[\"Bildungssystem\"],\"inLanguage\":\"de\"},{\"@type\":\"WebPage\",\"@id\":\"https:\/\/www.phase-6.de\/magazin\/fuer-lehrkraefte\/themen\/bildungssystem\/referendariat-erfahrungen-erkenntnisse-tipps\/\",\"url\":\"https:\/\/www.phase-6.de\/magazin\/fuer-lehrkraefte\/themen\/bildungssystem\/referendariat-erfahrungen-erkenntnisse-tipps\/\",\"name\":\"Referendariat - Erfahrungen, Erkenntnisse, Tipps - phase6 Magazin\",\"isPartOf\":{\"@id\":\"https:\/\/www.phase-6.de\/magazin\/#website\"},\"primaryImageOfPage\":{\"@id\":\"https:\/\/www.phase-6.de\/magazin\/fuer-lehrkraefte\/themen\/bildungssystem\/referendariat-erfahrungen-erkenntnisse-tipps\/#primaryimage\"},\"image\":{\"@id\":\"https:\/\/www.phase-6.de\/magazin\/fuer-lehrkraefte\/themen\/bildungssystem\/referendariat-erfahrungen-erkenntnisse-tipps\/#primaryimage\"},\"thumbnailUrl\":\"https:\/\/www.phase-6.de\/magazin\/wp-content\/uploads\/2020\/10\/Referendariat-Erfahrungsberichte-0.jpg\",\"datePublished\":\"2020-09-15T16:04:44+00:00\",\"dateModified\":\"2022-01-23T12:31:14+00:00\",\"description\":\"Schulchaos aus der Sicht einer Grundschul-Referendarin. \u2713Referendariat Lehramt \u2713Erfahrungsberichte \u2713Tipps und Erkenntnisse\",\"breadcrumb\":{\"@id\":\"https:\/\/www.phase-6.de\/magazin\/fuer-lehrkraefte\/themen\/bildungssystem\/referendariat-erfahrungen-erkenntnisse-tipps\/#breadcrumb\"},\"inLanguage\":\"de\",\"potentialAction\":[{\"@type\":\"ReadAction\",\"target\":[\"https:\/\/www.phase-6.de\/magazin\/fuer-lehrkraefte\/themen\/bildungssystem\/referendariat-erfahrungen-erkenntnisse-tipps\/\"]}]},{\"@type\":\"ImageObject\",\"inLanguage\":\"de\",\"@id\":\"https:\/\/www.phase-6.de\/magazin\/fuer-lehrkraefte\/themen\/bildungssystem\/referendariat-erfahrungen-erkenntnisse-tipps\/#primaryimage\",\"url\":\"https:\/\/www.phase-6.de\/magazin\/wp-content\/uploads\/2020\/10\/Referendariat-Erfahrungsberichte-0.jpg\",\"contentUrl\":\"https:\/\/www.phase-6.de\/magazin\/wp-content\/uploads\/2020\/10\/Referendariat-Erfahrungsberichte-0.jpg\",\"width\":1080,\"height\":675,\"caption\":\"Referendariat Erfahrungsberichte 0\"},{\"@type\":\"BreadcrumbList\",\"@id\":\"https:\/\/www.phase-6.de\/magazin\/fuer-lehrkraefte\/themen\/bildungssystem\/referendariat-erfahrungen-erkenntnisse-tipps\/#breadcrumb\",\"itemListElement\":[{\"@type\":\"ListItem\",\"position\":1,\"name\":\"Startseite\",\"item\":\"https:\/\/www.phase-6.de\/magazin\/\"},{\"@type\":\"ListItem\",\"position\":2,\"name\":\"Referendariat &#8211; Erfahrungen, Erkenntnisse, Tipps\"}]},{\"@type\":\"WebSite\",\"@id\":\"https:\/\/www.phase-6.de\/magazin\/#website\",\"url\":\"https:\/\/www.phase-6.de\/magazin\/\",\"name\":\"phase6 Magazin\",\"description\":\"Das Magazin f\u00fcr Sprache, Lernen &amp; Lehren\",\"publisher\":{\"@id\":\"https:\/\/www.phase-6.de\/magazin\/#organization\"},\"potentialAction\":[{\"@type\":\"SearchAction\",\"target\":{\"@type\":\"EntryPoint\",\"urlTemplate\":\"https:\/\/www.phase-6.de\/magazin\/?s={search_term_string}\"},\"query-input\":{\"@type\":\"PropertyValueSpecification\",\"valueRequired\":true,\"valueName\":\"search_term_string\"}}],\"inLanguage\":\"de\"},{\"@type\":\"Organization\",\"@id\":\"https:\/\/www.phase-6.de\/magazin\/#organization\",\"name\":\"phase-6 GmbH\",\"url\":\"https:\/\/www.phase-6.de\/magazin\/\",\"logo\":{\"@type\":\"ImageObject\",\"inLanguage\":\"de\",\"@id\":\"https:\/\/www.phase-6.de\/magazin\/#\/schema\/logo\/image\/\",\"url\":\"https:\/\/www.phase-6.de\/magazin\/wp-content\/uploads\/2017\/07\/phase6_logo2017.png\",\"contentUrl\":\"https:\/\/www.phase-6.de\/magazin\/wp-content\/uploads\/2017\/07\/phase6_logo2017.png\",\"width\":709,\"height\":200,\"caption\":\"phase-6 GmbH\"},\"image\":{\"@id\":\"https:\/\/www.phase-6.de\/magazin\/#\/schema\/logo\/image\/\"},\"sameAs\":[\"https:\/\/www.facebook.com\/phase6.de\/\",\"https:\/\/de.wikipedia.org\/wiki\/Phase6\"]},{\"@type\":\"Person\",\"@id\":\"https:\/\/www.phase-6.de\/magazin\/#\/schema\/person\/c79e16a5e9f43034e7a9f1876f3e96d4\",\"name\":\"Rebecca\",\"url\":\"https:\/\/www.phase-6.de\/magazin\/author\/rebecca\/\"}]}<\/script>\n<!-- \/ Yoast SEO plugin. -->","yoast_head_json":{"title":"Referendariat - Erfahrungen, Erkenntnisse, Tipps - phase6 Magazin","description":"Schulchaos aus der Sicht einer Grundschul-Referendarin. \u2713Referendariat Lehramt \u2713Erfahrungsberichte \u2713Tipps und Erkenntnisse","robots":{"index":"index","follow":"follow","max-snippet":"max-snippet:-1","max-image-preview":"max-image-preview:large","max-video-preview":"max-video-preview:-1"},"canonical":"https:\/\/www.phase-6.de\/magazin\/fuer-lehrkraefte\/themen\/bildungssystem\/referendariat-erfahrungen-erkenntnisse-tipps\/","og_locale":"de_DE","og_type":"article","og_title":"Referendariat - Erfahrungen, Erkenntnisse, Tipps - phase6 Magazin","og_description":"Schulchaos aus der Sicht einer Grundschul-Referendarin. \u2713Referendariat Lehramt \u2713Erfahrungsberichte \u2713Tipps und Erkenntnisse","og_url":"https:\/\/www.phase-6.de\/magazin\/fuer-lehrkraefte\/themen\/bildungssystem\/referendariat-erfahrungen-erkenntnisse-tipps\/","og_site_name":"phase6 Magazin","article_publisher":"https:\/\/www.facebook.com\/phase6.de\/","article_published_time":"2020-09-15T16:04:44+00:00","article_modified_time":"2022-01-23T12:31:14+00:00","og_image":[{"width":1080,"height":675,"url":"https:\/\/www.phase-6.de\/magazin\/wp-content\/uploads\/2020\/10\/Referendariat-Erfahrungsberichte-0.jpg","type":"image\/jpeg"}],"author":"Rebecca","twitter_card":"summary_large_image","twitter_misc":{"Verfasst von":"Rebecca","Gesch\u00e4tzte Lesezeit":"3\u00a0Minuten"},"schema":{"@context":"https:\/\/schema.org","@graph":[{"@type":"Article","@id":"https:\/\/www.phase-6.de\/magazin\/fuer-lehrkraefte\/themen\/bildungssystem\/referendariat-erfahrungen-erkenntnisse-tipps\/#article","isPartOf":{"@id":"https:\/\/www.phase-6.de\/magazin\/fuer-lehrkraefte\/themen\/bildungssystem\/referendariat-erfahrungen-erkenntnisse-tipps\/"},"author":{"name":"Rebecca","@id":"https:\/\/www.phase-6.de\/magazin\/#\/schema\/person\/c79e16a5e9f43034e7a9f1876f3e96d4"},"headline":"Referendariat &#8211; Erfahrungen, Erkenntnisse, Tipps","datePublished":"2020-09-15T16:04:44+00:00","dateModified":"2022-01-23T12:31:14+00:00","mainEntityOfPage":{"@id":"https:\/\/www.phase-6.de\/magazin\/fuer-lehrkraefte\/themen\/bildungssystem\/referendariat-erfahrungen-erkenntnisse-tipps\/"},"wordCount":561,"publisher":{"@id":"https:\/\/www.phase-6.de\/magazin\/#organization"},"image":{"@id":"https:\/\/www.phase-6.de\/magazin\/fuer-lehrkraefte\/themen\/bildungssystem\/referendariat-erfahrungen-erkenntnisse-tipps\/#primaryimage"},"thumbnailUrl":"https:\/\/www.phase-6.de\/magazin\/wp-content\/uploads\/2020\/10\/Referendariat-Erfahrungsberichte-0.jpg","articleSection":["Bildungssystem"],"inLanguage":"de"},{"@type":"WebPage","@id":"https:\/\/www.phase-6.de\/magazin\/fuer-lehrkraefte\/themen\/bildungssystem\/referendariat-erfahrungen-erkenntnisse-tipps\/","url":"https:\/\/www.phase-6.de\/magazin\/fuer-lehrkraefte\/themen\/bildungssystem\/referendariat-erfahrungen-erkenntnisse-tipps\/","name":"Referendariat - Erfahrungen, Erkenntnisse, Tipps - phase6 Magazin","isPartOf":{"@id":"https:\/\/www.phase-6.de\/magazin\/#website"},"primaryImageOfPage":{"@id":"https:\/\/www.phase-6.de\/magazin\/fuer-lehrkraefte\/themen\/bildungssystem\/referendariat-erfahrungen-erkenntnisse-tipps\/#primaryimage"},"image":{"@id":"https:\/\/www.phase-6.de\/magazin\/fuer-lehrkraefte\/themen\/bildungssystem\/referendariat-erfahrungen-erkenntnisse-tipps\/#primaryimage"},"thumbnailUrl":"https:\/\/www.phase-6.de\/magazin\/wp-content\/uploads\/2020\/10\/Referendariat-Erfahrungsberichte-0.jpg","datePublished":"2020-09-15T16:04:44+00:00","dateModified":"2022-01-23T12:31:14+00:00","description":"Schulchaos aus der Sicht einer Grundschul-Referendarin. \u2713Referendariat Lehramt \u2713Erfahrungsberichte \u2713Tipps und Erkenntnisse","breadcrumb":{"@id":"https:\/\/www.phase-6.de\/magazin\/fuer-lehrkraefte\/themen\/bildungssystem\/referendariat-erfahrungen-erkenntnisse-tipps\/#breadcrumb"},"inLanguage":"de","potentialAction":[{"@type":"ReadAction","target":["https:\/\/www.phase-6.de\/magazin\/fuer-lehrkraefte\/themen\/bildungssystem\/referendariat-erfahrungen-erkenntnisse-tipps\/"]}]},{"@type":"ImageObject","inLanguage":"de","@id":"https:\/\/www.phase-6.de\/magazin\/fuer-lehrkraefte\/themen\/bildungssystem\/referendariat-erfahrungen-erkenntnisse-tipps\/#primaryimage","url":"https:\/\/www.phase-6.de\/magazin\/wp-content\/uploads\/2020\/10\/Referendariat-Erfahrungsberichte-0.jpg","contentUrl":"https:\/\/www.phase-6.de\/magazin\/wp-content\/uploads\/2020\/10\/Referendariat-Erfahrungsberichte-0.jpg","width":1080,"height":675,"caption":"Referendariat Erfahrungsberichte 0"},{"@type":"BreadcrumbList","@id":"https:\/\/www.phase-6.de\/magazin\/fuer-lehrkraefte\/themen\/bildungssystem\/referendariat-erfahrungen-erkenntnisse-tipps\/#breadcrumb","itemListElement":[{"@type":"ListItem","position":1,"name":"Startseite","item":"https:\/\/www.phase-6.de\/magazin\/"},{"@type":"ListItem","position":2,"name":"Referendariat &#8211; Erfahrungen, Erkenntnisse, Tipps"}]},{"@type":"WebSite","@id":"https:\/\/www.phase-6.de\/magazin\/#website","url":"https:\/\/www.phase-6.de\/magazin\/","name":"phase6 Magazin","description":"Das Magazin f\u00fcr Sprache, Lernen &amp; Lehren","publisher":{"@id":"https:\/\/www.phase-6.de\/magazin\/#organization"},"potentialAction":[{"@type":"SearchAction","target":{"@type":"EntryPoint","urlTemplate":"https:\/\/www.phase-6.de\/magazin\/?s={search_term_string}"},"query-input":{"@type":"PropertyValueSpecification","valueRequired":true,"valueName":"search_term_string"}}],"inLanguage":"de"},{"@type":"Organization","@id":"https:\/\/www.phase-6.de\/magazin\/#organization","name":"phase-6 GmbH","url":"https:\/\/www.phase-6.de\/magazin\/","logo":{"@type":"ImageObject","inLanguage":"de","@id":"https:\/\/www.phase-6.de\/magazin\/#\/schema\/logo\/image\/","url":"https:\/\/www.phase-6.de\/magazin\/wp-content\/uploads\/2017\/07\/phase6_logo2017.png","contentUrl":"https:\/\/www.phase-6.de\/magazin\/wp-content\/uploads\/2017\/07\/phase6_logo2017.png","width":709,"height":200,"caption":"phase-6 GmbH"},"image":{"@id":"https:\/\/www.phase-6.de\/magazin\/#\/schema\/logo\/image\/"},"sameAs":["https:\/\/www.facebook.com\/phase6.de\/","https:\/\/de.wikipedia.org\/wiki\/Phase6"]},{"@type":"Person","@id":"https:\/\/www.phase-6.de\/magazin\/#\/schema\/person\/c79e16a5e9f43034e7a9f1876f3e96d4","name":"Rebecca","url":"https:\/\/www.phase-6.de\/magazin\/author\/rebecca\/"}]}},"_links":{"self":[{"href":"https:\/\/www.phase-6.de\/magazin\/wp-json\/wp\/v2\/posts\/10698","targetHints":{"allow":["GET"]}}],"collection":[{"href":"https:\/\/www.phase-6.de\/magazin\/wp-json\/wp\/v2\/posts"}],"about":[{"href":"https:\/\/www.phase-6.de\/magazin\/wp-json\/wp\/v2\/types\/post"}],"author":[{"embeddable":true,"href":"https:\/\/www.phase-6.de\/magazin\/wp-json\/wp\/v2\/users\/11"}],"replies":[{"embeddable":true,"href":"https:\/\/www.phase-6.de\/magazin\/wp-json\/wp\/v2\/comments?post=10698"}],"version-history":[{"count":0,"href":"https:\/\/www.phase-6.de\/magazin\/wp-json\/wp\/v2\/posts\/10698\/revisions"}],"wp:featuredmedia":[{"embeddable":true,"href":"https:\/\/www.phase-6.de\/magazin\/wp-json\/wp\/v2\/media\/10808"}],"wp:attachment":[{"href":"https:\/\/www.phase-6.de\/magazin\/wp-json\/wp\/v2\/media?parent=10698"}],"wp:term":[{"taxonomy":"category","embeddable":true,"href":"https:\/\/www.phase-6.de\/magazin\/wp-json\/wp\/v2\/categories?post=10698"},{"taxonomy":"post_tag","embeddable":true,"href":"https:\/\/www.phase-6.de\/magazin\/wp-json\/wp\/v2\/tags?post=10698"}],"curies":[{"name":"wp","href":"https:\/\/api.w.org\/{rel}","templated":true}]}}