{"id":10899,"date":"2020-12-02T11:16:43","date_gmt":"2020-12-02T11:16:43","guid":{"rendered":"https:\/\/www.phase-6.de\/magazin\/?p=10899"},"modified":"2021-02-12T10:29:12","modified_gmt":"2021-02-12T10:29:12","slug":"indirekte-rede-auf-franzoesisch-so-bildest-du-sie-richtig","status":"publish","type":"post","link":"https:\/\/www.phase-6.de\/magazin\/rubriken\/fakten-der-sprache\/indirekte-rede-auf-franzoesisch-so-bildest-du-sie-richtig\/","title":{"rendered":"Indirekte Rede auf Franz\u00f6sisch: So bildest du sie richtig!"},"content":{"rendered":"[et_pb_section fb_built=&#8220;1&#8243; _builder_version=&#8220;4.6.0&#8243; _module_preset=&#8220;default&#8220;][et_pb_row _builder_version=&#8220;4.6.0&#8243; _module_preset=&#8220;default&#8220;][et_pb_column type=&#8220;4_4&#8243; _builder_version=&#8220;4.6.0&#8243; _module_preset=&#8220;default&#8220;][et_pb_text admin_label=&#8220;Einleitung&#8220; _builder_version=&#8220;4.6.0&#8243; _module_preset=&#8220;default&#8220;]<span style=\"font-weight: 400;\">Du wirst das kennen: Du erz\u00e4hlst deinem Freund von der witzigen Unterhaltung gestern mit deinem Schwarm oder du m\u00f6chtest in einem Aufsatz den gedanken einer anderen Autorin zitieren. Ganz gleich, ob in einem privaten Gespr\u00e4ch auf dem Pausenhof oder Campus oder im Unterricht &#8211; in solchen F\u00e4llen geben wir die Aussagen von dritten Personen oftmals nur sinngem\u00e4\u00df wieder und verwenden die <\/span><strong>indirekte Rede<\/strong><span style=\"font-weight: 400;\">. Diese grammatikalische Form gibt es nicht nur im Deutschen, sondern auch im Franz\u00f6sischen. Um die indirekte Rede im Franz\u00f6sischen richtig zu bilden, solltest du verschiedene Regeln beachten. Welche das sind, erf\u00e4hrst du in diesem Beitrag.<\/span><br \/>\n[\/et_pb_text][et_pb_text admin_label=&#8220;Einleitende Verben der indirekten Rede&#8220; _builder_version=&#8220;4.6.0&#8243; _module_preset=&#8220;default&#8220;]\n<h2><span style=\"font-weight: 400;\">Einleitende Verben der indirekten Rede<\/span><\/h2>\n<p><span style=\"font-weight: 400;\">Die indirekte Rede auf Franz\u00f6sisch kannst du an den einleitenden Verben erkennen. Hierzu z\u00e4hlen beispielsweise <\/span><em><span style=\"font-weight: 400;\">affirmer, demander, expliquer<\/span><\/em><span style=\"font-weight: 400;\"> oder <\/span><em><span style=\"font-weight: 400;\">raconter<\/span><\/em><span style=\"font-weight: 400;\">.\u00a0<\/span> <span style=\"font-weight: 400;\">Darauf folgt\u2026<\/span><\/p>\n<blockquote>\n<ul>\n<li style=\"font-weight: 400;\"><span style=\"font-weight: 400;\">\u2026 bei Aussages\u00e4tzen die Konjunktion <\/span><em><span style=\"font-weight: 400;\">que\/qu\u2019<\/span><\/em><span style=\"font-weight: 400;\"> .<\/span><\/li>\n<li style=\"font-weight: 400;\"><span style=\"font-weight: 400;\">\u2026 bei Erg\u00e4nzungsfragen das jeweilige Fragewort (<em>comment<\/em>, <em>pourquoi<\/em>, <em>o\u00f9<\/em> usw.) \u2013 Ausnahme: <em>que<\/em> \u2192 <em>ce que<\/em>.<\/span><\/li>\n<li style=\"font-weight: 400;\"><span style=\"font-weight: 400;\">\u2026 bei Entscheidungsfragen die Konjunktion <\/span><em><span style=\"font-weight: 400;\">si<\/span><\/em><span style=\"font-weight: 400;\">.<\/span><\/li>\n<li style=\"font-weight: 400;\"><span style=\"font-weight: 400;\">\u2026 bei Aufforderungen der Infinitiv mit <\/span><em><span style=\"font-weight: 400;\">de<\/span><\/em><span style=\"font-weight: 400;\">.<\/span><\/li>\n<\/ul>\n<\/blockquote>\n<p><span style=\"font-weight: 400;\">Um eine direkte Aussage in eine indirekte Rede zu verwandeln, ver\u00e4nderst du zudem die Zeichensetzung: Der Doppelpunkt und die Anf\u00fchrungszeichen fallen weg, ebenso Frage- und Ausrufezeichen.\u00a0<\/span><\/p>\n<blockquote>\n<ul>\n<li style=\"font-weight: 400;\"><span style=\"font-weight: 400;\">Marie explique: <\/span><em><span style=\"font-weight: 400;\">\u00bbJ\u2019aime bien aller \u00e0 l\u2019\u00e9cole.\u00ab <\/span><\/em><span style=\"font-weight: 400;\">\u2192 Marie explique qu\u2019elle aime bien aller \u00e0 l\u2019\u00e9cole.<\/span><\/li>\n<li style=\"font-weight: 400;\"><span style=\"font-weight: 400;\">Tu me demandes: <\/span><em><span style=\"font-weight: 400;\">\u00bbComment vas-tu?\u00ab<\/span><\/em><span style=\"font-weight: 400;\"> \u2192 Tu me demandes comment je vais.<\/span><\/li>\n<li style=\"font-weight: 400;\"><span style=\"font-weight: 400;\">Ma m\u00e8re demande: <\/span><em><span style=\"font-weight: 400;\">\u00bbEst-ce que tu peux m\u2019aider?\u00ab<\/span><\/em><span style=\"font-weight: 400;\"> \u2192 Ma m\u00e8re me demande si je peux l\u2019aider.<\/span><\/li>\n<li style=\"font-weight: 400;\"><span style=\"font-weight: 400;\">Le prof nous dit: <\/span><em><span style=\"font-weight: 400;\">\u00bbRestez proche du groupe!\u00ab<\/span><\/em><span style=\"font-weight: 400;\"> \u2192 Le prof nous dit de rester proche du groupe.<\/span><\/li>\n<\/ul>\n<\/blockquote>\n<p><span style=\"font-weight: 400;\">Hier findest du weitere Verben, die eine indirekte Rede einleiten k\u00f6nnen:<\/span><\/p>\n<blockquote>\n<ul>\n<li style=\"font-weight: 400;\"><em><span style=\"font-weight: 400;\">affirmer<\/span><\/em><span style=\"font-weight: 400;\"> \u2013 best\u00e4tigen<\/span><\/li>\n<li style=\"font-weight: 400;\"><em><span style=\"font-weight: 400;\">croire<\/span><\/em><span style=\"font-weight: 400;\"> \u2013 glauben<\/span><\/li>\n<li style=\"font-weight: 400;\"><em><span style=\"font-weight: 400;\">d\u00e9clarer<\/span><\/em><span style=\"font-weight: 400;\"> \u2013 erkl\u00e4ren<\/span><\/li>\n<li style=\"font-weight: 400;\"><em><span style=\"font-weight: 400;\">demander<\/span><\/em><span style=\"font-weight: 400;\"> \u2013 fragen<\/span><\/li>\n<li style=\"font-weight: 400;\"><em><span style=\"font-weight: 400;\">dire<\/span><\/em><span style=\"font-weight: 400;\"> \u2013 sagen<\/span><\/li>\n<li style=\"font-weight: 400;\"><em><span style=\"font-weight: 400;\">expliquer<\/span><\/em><span style=\"font-weight: 400;\"> \u2013 erkl\u00e4ren<\/span><\/li>\n<li style=\"font-weight: 400;\"><em><span style=\"font-weight: 400;\">juger<\/span><\/em><span style=\"font-weight: 400;\"> \u2013 beurteilen<\/span><\/li>\n<li style=\"font-weight: 400;\"><em><span style=\"font-weight: 400;\">mentionner<\/span><\/em><span style=\"font-weight: 400;\"> \u2013 erw\u00e4hnen<\/span><\/li>\n<li style=\"font-weight: 400;\"><em><span style=\"font-weight: 400;\">raconter<\/span><\/em><span style=\"font-weight: 400;\"> \u2013 erz\u00e4hlen<\/span><\/li>\n<li style=\"font-weight: 400;\"><em>r\u00e9pondre<\/em> \u2013 antworten<\/li>\n<\/ul>\n<\/blockquote>\n[\/et_pb_text][et_pb_text admin_label=&#8220;\u00c4nderung von Personen-, Zeit- und Ortsangaben&#8220; _builder_version=&#8220;4.6.0&#8243; _module_preset=&#8220;default&#8220;]\n<h2>\u00c4nderung von Personen-, Zeit- und Ortsangaben<\/h2>\n<p>Wenn du im Franz\u00f6sischen die indirekte Rede bildest, ver\u00e4ndern sich die Bez\u00fcge zu Personen, Zeit- sowie Ortsangaben. Das ist bereits in einigen der oben genannten Beispiele erkennbar.<\/p>\n<h3>\u00c4nderung der Pronomen in der indirekten Rede auf Franz\u00f6sisch<\/h3>\n<p>Die Personen und Pronomen in der indirekten Rede auf Franz\u00f6sisch ver\u00e4ndern sich je nach Sprechsituation. Sie folgen dabei denselben Regeln wie im Deutschen.<\/p>\n<blockquote>\n<ul>\n<li>Lucie raconte: <em>\u00bbMes vacances en Italie \u00e9taient superbes.\u00ab<\/em> \u2192 Lucie raconte que ses vacances en Italie \u00e9taient superbes.<\/li>\n<li>Robert me r\u00e9pond : <em>\u00bbJe veux bien aller au cin\u00e9ma avec toi.\u00ab<\/em> \u2192 Robert me r\u00e9pond qu\u2019il veut bien aller au cin\u00e9ma avec moi.<\/li>\n<\/ul>\n<\/blockquote>\n<h3>\u00c4nderung der Orts- und Zeitangaben<\/h3>\n<p>Die Orts- und Zeitangaben k\u00f6nnen sich ebenfalls zwischen direkter und indirekter Rede im Franz\u00f6sischen ver\u00e4ndern. Die Notwendigkeit h\u00e4ngt vom jeweiligen Satz ab.<\/p>\n<p>Die folgenden Beispiele k\u00f6nnen dir dabei helfen, die richtige Entscheidung zu treffen:<\/p>\n<blockquote>\n<ul>\n<li>Antoine raconte : <em>\u00bbJe commencerai mes \u00e9tudes le mois prochain.\u00ab<\/em> \u2192 Antoine raconte qu\u2019il commencerait ses \u00e9tudes le mois suivant.<\/li>\n<li>Estelle juge : <em>\u00bbIl est mieux d\u2019y aller aujourd\u2019hui.\u00ab<\/em> \u2192 Estelle juge qu\u2019il est mieux d\u2019aller l\u00e0-bas le jour m\u00eame\/ce jour-l\u00e0.<\/li>\n<li>Papa croit : <em>\u00bbLa vie en France est la meilleure du monde.\u00ab<\/em> \u2192 Papa croit que la vie en France est la meilleure du monde.<\/li>\n<li>Le journaliste explique : <em>\u00bbEn septembre 2020, l\u2019Allemagne a connu un essor \u00e9conomique.\u00ab<\/em> \u2192 Le journaliste explique que l\u2019Allemagne a connu un essor \u00e9conomique en septembre 2020.<\/li>\n<\/ul>\n<\/blockquote>\n<p>Nachfolgend findest du eine Auflistung h\u00e4ufiger Adverbien, die in der indirekten Rede auf Franz\u00f6sisch angepasst werden m\u00fcssen:\u00a0<\/p>\n<blockquote>\n<ul>\n<li>hier \u2192 la veille (Vortag)<\/li>\n<li>maintenant \u2192 \u00e0 ce moment-l\u00e0, alors<\/li>\n<li>aujourd\u2019hui \u2192 ce jour-l\u00e0, le jour m\u00eame<\/li>\n<li>demain \u2192 le lendemain<\/li>\n<li>dans une semaine \u2192 une semaine plus tard<\/li>\n<li>le mois prochain \u2192 le mois suivant<\/li>\n<li>il y a trois mois \u2192 trois mois plus t\u00f4t<\/li>\n<\/ul>\n<\/blockquote>\n<h3>Zeitenverschiebung bei der indirekten Rede auf Franz\u00f6sisch<\/h3>\n<p>Der schwierigste Teil bei der Umwandlung von der direkten in die indirekte Rede ist die Zeitenverschiebung. Die gute Nachricht: Wenn der Einleitungssatz der indirekten Rede im pr\u00e9sent oder futur steht, ist keine Zeitverschiebung notwendig.<\/p>\n<blockquote>\n<ul>\n<li>Nicolas dit : <em>\u00bbLe rouge est ma couleur pr\u00e9f\u00e9r\u00e9e.\u00ab<\/em> \u2192 Nicolas dit que le rouge est sa couleur pr\u00e9f\u00e9r\u00e9e.<\/li>\n<li>Isabelle affirmera : <em>\u00bbJe n\u2019ai rien fait.\u00ab<\/em> \u2192 Isabelle affirmera qu\u2019elle n\u2019a rien fait.<\/li>\n<\/ul>\n<\/blockquote>\n<p>Steht der Einleitungssatz der indirekten Rede auf Franz\u00f6sisch in einer anderen Zeitform als den oben genannten, \u00e4ndert sich die Zeitenfolge nach festgelegten Regeln. Zu diesen anderen Zeiten geh\u00f6ren die Zeitformen der Vergangenheit: das pass\u00e9 compos\u00e9, das pass\u00e9 simple, das imparfait und das plus-que-parfait. Die nachfolgende \u00dcbersicht hilft dir bei der Bildung der indirekten Rede auf Franz\u00f6sisch:<\/p>\n<blockquote>\n<ul>\n<li>Pr\u00e9sent \u2192 Imparfait<\/li>\n<li>Pass\u00e9 compos\u00e9\/pass\u00e9 simple \u2192 Plus-que-parfait<\/li>\n<li>Imparfait \u2192 Imparfait<\/li>\n<li>Plus-que-parfait \u2192 Plus-que-parfait<\/li>\n<li>Futur simple \u2192 Conditionnel present<\/li>\n<li>Futur ant\u00e9rieur \u2192 Conditionnel pass\u00e9<\/li>\n<li>Imp\u00e9ratif \u2192 Subjonctif present\/Infinitif<\/li>\n<li>Conditionnel present \u2192 Conditionnel present<\/li>\n<li>Conditionnel pass\u00e9 \u2192 Conditionnel pass\u00e9<\/li>\n<\/ul>\n<\/blockquote>\n<p>Praktisch verwandelt sich die direkte in die indirekte Rede im Franz\u00f6sischen wie in folgenden Beispielen:<\/p>\n<blockquote>\n<ul>\n<li>Lucien m\u2019a dit : <em>\u00bbJe vois nos amis l\u00e0-bas.\u00ab<\/em> \u2192 Lucien m\u2019a dit qu\u2019il voyait nos amis \u00e0 cet endroit-l\u00e0.<\/li>\n<li>Sonia expliqua : <em>\u00bbCet appartement m\u2019a beaucoup plu.\u00ab<\/em> \u2192 Sonia expliqua que cet appartement lui avait beaucoup plu.<\/li>\n<li>Mon fr\u00e8re m\u2019avait racont\u00e9 : <em>\u00bbJ\u2019aimais les g\u00e2teaux quand j\u2019\u00e9tais petit.\u00ab<\/em> \u2192 Mon fr\u00e8re m\u2019avait racont\u00e9 qu\u2019il aimait les g\u00e2teaux quand il \u00e9tait petit.<\/li>\n<\/ul>\n<\/blockquote>\n[\/et_pb_text][et_pb_text admin_label=&#8220;Optimal vorbereitet f\u00fcr Schule und Studium&#8220; _builder_version=&#8220;4.6.0&#8243; _module_preset=&#8220;default&#8220;]\n<h2><span style=\"font-weight: 400;\">Optimal vorbereitet f\u00fcr Schule und Studium<\/span><\/h2>\n<p><span style=\"font-weight: 400;\">Die indirekte Rede auf Franz\u00f6sisch kommt h\u00e4ufig zum Einsatz, ob in Dialogen oder schriftlichen Arbeiten wie einem Essay oder einem Commentaire. Achte bei der Bildung auf die einleitenden Verben, die \u00c4nderung der Pronomen sowie die Tempusfolge. Dann kann eigentlich nichts mehr schiefgehen!<\/span><\/p>\n[\/et_pb_text][\/et_pb_column][\/et_pb_row][\/et_pb_section]\n","protected":false},"excerpt":{"rendered":"<p>Ob in einem privaten Gespr\u00e4ch auf dem Pausenhof oder Campus oder im Unterricht: Geben wir das Gesagte Dritter wieder, verwenden wir die indirekte Rede. So auch im franz\u00f6sischen. Wie du die indirekte Rede auf Franz\u00f6sisch verwendest, erf\u00e4hrst du in diesem Beitrag!<\/p>\n","protected":false},"author":12,"featured_media":10910,"comment_status":"closed","ping_status":"open","sticky":false,"template":"","format":"standard","meta":{"_acf_changed":false,"_yoast_wpseo_focuskw":"","_yoast_wpseo_title":"","_yoast_wpseo_metadesc":"Du m\u00f6chtest wissen, wie die Bildung der indirekten Rede auf Franz\u00f6sisch funktioniert? Lerne mit uns alle Regeln f\u00fcr Zeitenverschiebung, Pronomen und Co.","_yoast_wpseo_canonical":"","_yoast_wpseo_opengraph-title":"","_yoast_wpseo_opengraph-description":"","_et_pb_use_builder":"on","_et_pb_old_content":"","_et_gb_content_width":"","inline_featured_image":false,"footnotes":""},"categories":[66],"tags":[],"class_list":["post-10899","post","type-post","status-publish","format-standard","has-post-thumbnail","hentry","category-fakten-der-sprache","et-has-post-format-content","et_post_format-et-post-format-standard"],"acf":[],"yoast_head":"<!-- This site is optimized with the Yoast SEO plugin v26.9 - https:\/\/yoast.com\/product\/yoast-seo-wordpress\/ -->\n<title>Indirekte Rede auf Franz\u00f6sisch: So bildest du sie richtig! - phase6 Magazin<\/title>\n<meta name=\"description\" content=\"Du m\u00f6chtest wissen, wie die Bildung der indirekten Rede auf Franz\u00f6sisch funktioniert? Lerne mit uns alle Regeln f\u00fcr Zeitenverschiebung, Pronomen und Co.\" \/>\n<meta name=\"robots\" content=\"index, follow, max-snippet:-1, max-image-preview:large, max-video-preview:-1\" \/>\n<link rel=\"canonical\" href=\"https:\/\/www.phase-6.de\/magazin\/rubriken\/fakten-der-sprache\/indirekte-rede-auf-franzoesisch-so-bildest-du-sie-richtig\/\" \/>\n<meta property=\"og:locale\" content=\"de_DE\" \/>\n<meta property=\"og:type\" content=\"article\" \/>\n<meta property=\"og:title\" content=\"Indirekte Rede auf Franz\u00f6sisch: So bildest du sie richtig! - phase6 Magazin\" \/>\n<meta property=\"og:description\" content=\"Du m\u00f6chtest wissen, wie die Bildung der indirekten Rede auf Franz\u00f6sisch funktioniert? Lerne mit uns alle Regeln f\u00fcr Zeitenverschiebung, Pronomen und Co.\" \/>\n<meta property=\"og:url\" content=\"https:\/\/www.phase-6.de\/magazin\/rubriken\/fakten-der-sprache\/indirekte-rede-auf-franzoesisch-so-bildest-du-sie-richtig\/\" \/>\n<meta property=\"og:site_name\" content=\"phase6 Magazin\" \/>\n<meta property=\"article:publisher\" content=\"https:\/\/www.facebook.com\/phase6.de\/\" \/>\n<meta property=\"article:published_time\" content=\"2020-12-02T11:16:43+00:00\" \/>\n<meta property=\"article:modified_time\" content=\"2021-02-12T10:29:12+00:00\" \/>\n<meta property=\"og:image\" content=\"https:\/\/www.phase-6.de\/magazin\/wp-content\/uploads\/2020\/10\/indirekte-Rede-Franz\u00f6sisch.jpg\" \/>\n\t<meta property=\"og:image:width\" content=\"1080\" \/>\n\t<meta property=\"og:image:height\" content=\"675\" \/>\n\t<meta property=\"og:image:type\" content=\"image\/jpeg\" \/>\n<meta name=\"author\" content=\"Elisa\" \/>\n<meta name=\"twitter:card\" content=\"summary_large_image\" \/>\n<meta name=\"twitter:label1\" content=\"Verfasst von\" \/>\n\t<meta name=\"twitter:data1\" content=\"Elisa\" \/>\n\t<meta name=\"twitter:label2\" content=\"Gesch\u00e4tzte Lesezeit\" \/>\n\t<meta name=\"twitter:data2\" content=\"5\u00a0Minuten\" \/>\n<script type=\"application\/ld+json\" class=\"yoast-schema-graph\">{\"@context\":\"https:\/\/schema.org\",\"@graph\":[{\"@type\":\"Article\",\"@id\":\"https:\/\/www.phase-6.de\/magazin\/rubriken\/fakten-der-sprache\/indirekte-rede-auf-franzoesisch-so-bildest-du-sie-richtig\/#article\",\"isPartOf\":{\"@id\":\"https:\/\/www.phase-6.de\/magazin\/rubriken\/fakten-der-sprache\/indirekte-rede-auf-franzoesisch-so-bildest-du-sie-richtig\/\"},\"author\":{\"name\":\"Elisa\",\"@id\":\"https:\/\/www.phase-6.de\/magazin\/#\/schema\/person\/bf169c670c24011dd7cda54d8f8dcc23\"},\"headline\":\"Indirekte Rede auf Franz\u00f6sisch: So bildest du sie richtig!\",\"datePublished\":\"2020-12-02T11:16:43+00:00\",\"dateModified\":\"2021-02-12T10:29:12+00:00\",\"mainEntityOfPage\":{\"@id\":\"https:\/\/www.phase-6.de\/magazin\/rubriken\/fakten-der-sprache\/indirekte-rede-auf-franzoesisch-so-bildest-du-sie-richtig\/\"},\"wordCount\":1039,\"publisher\":{\"@id\":\"https:\/\/www.phase-6.de\/magazin\/#organization\"},\"image\":{\"@id\":\"https:\/\/www.phase-6.de\/magazin\/rubriken\/fakten-der-sprache\/indirekte-rede-auf-franzoesisch-so-bildest-du-sie-richtig\/#primaryimage\"},\"thumbnailUrl\":\"https:\/\/www.phase-6.de\/magazin\/wp-content\/uploads\/2020\/10\/indirekte-Rede-Franz\u00f6sisch.jpg\",\"articleSection\":[\"Fakten der Sprache\"],\"inLanguage\":\"de\"},{\"@type\":\"WebPage\",\"@id\":\"https:\/\/www.phase-6.de\/magazin\/rubriken\/fakten-der-sprache\/indirekte-rede-auf-franzoesisch-so-bildest-du-sie-richtig\/\",\"url\":\"https:\/\/www.phase-6.de\/magazin\/rubriken\/fakten-der-sprache\/indirekte-rede-auf-franzoesisch-so-bildest-du-sie-richtig\/\",\"name\":\"Indirekte Rede auf Franz\u00f6sisch: So bildest du sie richtig! - phase6 Magazin\",\"isPartOf\":{\"@id\":\"https:\/\/www.phase-6.de\/magazin\/#website\"},\"primaryImageOfPage\":{\"@id\":\"https:\/\/www.phase-6.de\/magazin\/rubriken\/fakten-der-sprache\/indirekte-rede-auf-franzoesisch-so-bildest-du-sie-richtig\/#primaryimage\"},\"image\":{\"@id\":\"https:\/\/www.phase-6.de\/magazin\/rubriken\/fakten-der-sprache\/indirekte-rede-auf-franzoesisch-so-bildest-du-sie-richtig\/#primaryimage\"},\"thumbnailUrl\":\"https:\/\/www.phase-6.de\/magazin\/wp-content\/uploads\/2020\/10\/indirekte-Rede-Franz\u00f6sisch.jpg\",\"datePublished\":\"2020-12-02T11:16:43+00:00\",\"dateModified\":\"2021-02-12T10:29:12+00:00\",\"description\":\"Du m\u00f6chtest wissen, wie die Bildung der indirekten Rede auf Franz\u00f6sisch funktioniert? Lerne mit uns alle Regeln f\u00fcr Zeitenverschiebung, Pronomen und Co.\",\"breadcrumb\":{\"@id\":\"https:\/\/www.phase-6.de\/magazin\/rubriken\/fakten-der-sprache\/indirekte-rede-auf-franzoesisch-so-bildest-du-sie-richtig\/#breadcrumb\"},\"inLanguage\":\"de\",\"potentialAction\":[{\"@type\":\"ReadAction\",\"target\":[\"https:\/\/www.phase-6.de\/magazin\/rubriken\/fakten-der-sprache\/indirekte-rede-auf-franzoesisch-so-bildest-du-sie-richtig\/\"]}]},{\"@type\":\"ImageObject\",\"inLanguage\":\"de\",\"@id\":\"https:\/\/www.phase-6.de\/magazin\/rubriken\/fakten-der-sprache\/indirekte-rede-auf-franzoesisch-so-bildest-du-sie-richtig\/#primaryimage\",\"url\":\"https:\/\/www.phase-6.de\/magazin\/wp-content\/uploads\/2020\/10\/indirekte-Rede-Franz\u00f6sisch.jpg\",\"contentUrl\":\"https:\/\/www.phase-6.de\/magazin\/wp-content\/uploads\/2020\/10\/indirekte-Rede-Franz\u00f6sisch.jpg\",\"width\":1080,\"height\":675,\"caption\":\"So verwendest du auf franz\u00f6sisch indirekte Rede\"},{\"@type\":\"BreadcrumbList\",\"@id\":\"https:\/\/www.phase-6.de\/magazin\/rubriken\/fakten-der-sprache\/indirekte-rede-auf-franzoesisch-so-bildest-du-sie-richtig\/#breadcrumb\",\"itemListElement\":[{\"@type\":\"ListItem\",\"position\":1,\"name\":\"Startseite\",\"item\":\"https:\/\/www.phase-6.de\/magazin\/\"},{\"@type\":\"ListItem\",\"position\":2,\"name\":\"Indirekte Rede auf Franz\u00f6sisch: So bildest du sie richtig!\"}]},{\"@type\":\"WebSite\",\"@id\":\"https:\/\/www.phase-6.de\/magazin\/#website\",\"url\":\"https:\/\/www.phase-6.de\/magazin\/\",\"name\":\"phase6 Magazin\",\"description\":\"Das Magazin f\u00fcr Sprache, Lernen &amp; Lehren\",\"publisher\":{\"@id\":\"https:\/\/www.phase-6.de\/magazin\/#organization\"},\"potentialAction\":[{\"@type\":\"SearchAction\",\"target\":{\"@type\":\"EntryPoint\",\"urlTemplate\":\"https:\/\/www.phase-6.de\/magazin\/?s={search_term_string}\"},\"query-input\":{\"@type\":\"PropertyValueSpecification\",\"valueRequired\":true,\"valueName\":\"search_term_string\"}}],\"inLanguage\":\"de\"},{\"@type\":\"Organization\",\"@id\":\"https:\/\/www.phase-6.de\/magazin\/#organization\",\"name\":\"phase-6 GmbH\",\"url\":\"https:\/\/www.phase-6.de\/magazin\/\",\"logo\":{\"@type\":\"ImageObject\",\"inLanguage\":\"de\",\"@id\":\"https:\/\/www.phase-6.de\/magazin\/#\/schema\/logo\/image\/\",\"url\":\"https:\/\/www.phase-6.de\/magazin\/wp-content\/uploads\/2017\/07\/phase6_logo2017.png\",\"contentUrl\":\"https:\/\/www.phase-6.de\/magazin\/wp-content\/uploads\/2017\/07\/phase6_logo2017.png\",\"width\":709,\"height\":200,\"caption\":\"phase-6 GmbH\"},\"image\":{\"@id\":\"https:\/\/www.phase-6.de\/magazin\/#\/schema\/logo\/image\/\"},\"sameAs\":[\"https:\/\/www.facebook.com\/phase6.de\/\",\"https:\/\/de.wikipedia.org\/wiki\/Phase6\"]},{\"@type\":\"Person\",\"@id\":\"https:\/\/www.phase-6.de\/magazin\/#\/schema\/person\/bf169c670c24011dd7cda54d8f8dcc23\",\"name\":\"Elisa\",\"url\":\"https:\/\/www.phase-6.de\/magazin\/author\/elisa\/\"}]}<\/script>\n<!-- \/ Yoast SEO plugin. -->","yoast_head_json":{"title":"Indirekte Rede auf Franz\u00f6sisch: So bildest du sie richtig! - phase6 Magazin","description":"Du m\u00f6chtest wissen, wie die Bildung der indirekten Rede auf Franz\u00f6sisch funktioniert? Lerne mit uns alle Regeln f\u00fcr Zeitenverschiebung, Pronomen und Co.","robots":{"index":"index","follow":"follow","max-snippet":"max-snippet:-1","max-image-preview":"max-image-preview:large","max-video-preview":"max-video-preview:-1"},"canonical":"https:\/\/www.phase-6.de\/magazin\/rubriken\/fakten-der-sprache\/indirekte-rede-auf-franzoesisch-so-bildest-du-sie-richtig\/","og_locale":"de_DE","og_type":"article","og_title":"Indirekte Rede auf Franz\u00f6sisch: So bildest du sie richtig! - phase6 Magazin","og_description":"Du m\u00f6chtest wissen, wie die Bildung der indirekten Rede auf Franz\u00f6sisch funktioniert? Lerne mit uns alle Regeln f\u00fcr Zeitenverschiebung, Pronomen und Co.","og_url":"https:\/\/www.phase-6.de\/magazin\/rubriken\/fakten-der-sprache\/indirekte-rede-auf-franzoesisch-so-bildest-du-sie-richtig\/","og_site_name":"phase6 Magazin","article_publisher":"https:\/\/www.facebook.com\/phase6.de\/","article_published_time":"2020-12-02T11:16:43+00:00","article_modified_time":"2021-02-12T10:29:12+00:00","og_image":[{"width":1080,"height":675,"url":"https:\/\/www.phase-6.de\/magazin\/wp-content\/uploads\/2020\/10\/indirekte-Rede-Franz\u00f6sisch.jpg","type":"image\/jpeg"}],"author":"Elisa","twitter_card":"summary_large_image","twitter_misc":{"Verfasst von":"Elisa","Gesch\u00e4tzte Lesezeit":"5\u00a0Minuten"},"schema":{"@context":"https:\/\/schema.org","@graph":[{"@type":"Article","@id":"https:\/\/www.phase-6.de\/magazin\/rubriken\/fakten-der-sprache\/indirekte-rede-auf-franzoesisch-so-bildest-du-sie-richtig\/#article","isPartOf":{"@id":"https:\/\/www.phase-6.de\/magazin\/rubriken\/fakten-der-sprache\/indirekte-rede-auf-franzoesisch-so-bildest-du-sie-richtig\/"},"author":{"name":"Elisa","@id":"https:\/\/www.phase-6.de\/magazin\/#\/schema\/person\/bf169c670c24011dd7cda54d8f8dcc23"},"headline":"Indirekte Rede auf Franz\u00f6sisch: So bildest du sie richtig!","datePublished":"2020-12-02T11:16:43+00:00","dateModified":"2021-02-12T10:29:12+00:00","mainEntityOfPage":{"@id":"https:\/\/www.phase-6.de\/magazin\/rubriken\/fakten-der-sprache\/indirekte-rede-auf-franzoesisch-so-bildest-du-sie-richtig\/"},"wordCount":1039,"publisher":{"@id":"https:\/\/www.phase-6.de\/magazin\/#organization"},"image":{"@id":"https:\/\/www.phase-6.de\/magazin\/rubriken\/fakten-der-sprache\/indirekte-rede-auf-franzoesisch-so-bildest-du-sie-richtig\/#primaryimage"},"thumbnailUrl":"https:\/\/www.phase-6.de\/magazin\/wp-content\/uploads\/2020\/10\/indirekte-Rede-Franz\u00f6sisch.jpg","articleSection":["Fakten der Sprache"],"inLanguage":"de"},{"@type":"WebPage","@id":"https:\/\/www.phase-6.de\/magazin\/rubriken\/fakten-der-sprache\/indirekte-rede-auf-franzoesisch-so-bildest-du-sie-richtig\/","url":"https:\/\/www.phase-6.de\/magazin\/rubriken\/fakten-der-sprache\/indirekte-rede-auf-franzoesisch-so-bildest-du-sie-richtig\/","name":"Indirekte Rede auf Franz\u00f6sisch: So bildest du sie richtig! - phase6 Magazin","isPartOf":{"@id":"https:\/\/www.phase-6.de\/magazin\/#website"},"primaryImageOfPage":{"@id":"https:\/\/www.phase-6.de\/magazin\/rubriken\/fakten-der-sprache\/indirekte-rede-auf-franzoesisch-so-bildest-du-sie-richtig\/#primaryimage"},"image":{"@id":"https:\/\/www.phase-6.de\/magazin\/rubriken\/fakten-der-sprache\/indirekte-rede-auf-franzoesisch-so-bildest-du-sie-richtig\/#primaryimage"},"thumbnailUrl":"https:\/\/www.phase-6.de\/magazin\/wp-content\/uploads\/2020\/10\/indirekte-Rede-Franz\u00f6sisch.jpg","datePublished":"2020-12-02T11:16:43+00:00","dateModified":"2021-02-12T10:29:12+00:00","description":"Du m\u00f6chtest wissen, wie die Bildung der indirekten Rede auf Franz\u00f6sisch funktioniert? Lerne mit uns alle Regeln f\u00fcr Zeitenverschiebung, Pronomen und Co.","breadcrumb":{"@id":"https:\/\/www.phase-6.de\/magazin\/rubriken\/fakten-der-sprache\/indirekte-rede-auf-franzoesisch-so-bildest-du-sie-richtig\/#breadcrumb"},"inLanguage":"de","potentialAction":[{"@type":"ReadAction","target":["https:\/\/www.phase-6.de\/magazin\/rubriken\/fakten-der-sprache\/indirekte-rede-auf-franzoesisch-so-bildest-du-sie-richtig\/"]}]},{"@type":"ImageObject","inLanguage":"de","@id":"https:\/\/www.phase-6.de\/magazin\/rubriken\/fakten-der-sprache\/indirekte-rede-auf-franzoesisch-so-bildest-du-sie-richtig\/#primaryimage","url":"https:\/\/www.phase-6.de\/magazin\/wp-content\/uploads\/2020\/10\/indirekte-Rede-Franz\u00f6sisch.jpg","contentUrl":"https:\/\/www.phase-6.de\/magazin\/wp-content\/uploads\/2020\/10\/indirekte-Rede-Franz\u00f6sisch.jpg","width":1080,"height":675,"caption":"So verwendest du auf franz\u00f6sisch indirekte Rede"},{"@type":"BreadcrumbList","@id":"https:\/\/www.phase-6.de\/magazin\/rubriken\/fakten-der-sprache\/indirekte-rede-auf-franzoesisch-so-bildest-du-sie-richtig\/#breadcrumb","itemListElement":[{"@type":"ListItem","position":1,"name":"Startseite","item":"https:\/\/www.phase-6.de\/magazin\/"},{"@type":"ListItem","position":2,"name":"Indirekte Rede auf Franz\u00f6sisch: So bildest du sie richtig!"}]},{"@type":"WebSite","@id":"https:\/\/www.phase-6.de\/magazin\/#website","url":"https:\/\/www.phase-6.de\/magazin\/","name":"phase6 Magazin","description":"Das Magazin f\u00fcr Sprache, Lernen &amp; Lehren","publisher":{"@id":"https:\/\/www.phase-6.de\/magazin\/#organization"},"potentialAction":[{"@type":"SearchAction","target":{"@type":"EntryPoint","urlTemplate":"https:\/\/www.phase-6.de\/magazin\/?s={search_term_string}"},"query-input":{"@type":"PropertyValueSpecification","valueRequired":true,"valueName":"search_term_string"}}],"inLanguage":"de"},{"@type":"Organization","@id":"https:\/\/www.phase-6.de\/magazin\/#organization","name":"phase-6 GmbH","url":"https:\/\/www.phase-6.de\/magazin\/","logo":{"@type":"ImageObject","inLanguage":"de","@id":"https:\/\/www.phase-6.de\/magazin\/#\/schema\/logo\/image\/","url":"https:\/\/www.phase-6.de\/magazin\/wp-content\/uploads\/2017\/07\/phase6_logo2017.png","contentUrl":"https:\/\/www.phase-6.de\/magazin\/wp-content\/uploads\/2017\/07\/phase6_logo2017.png","width":709,"height":200,"caption":"phase-6 GmbH"},"image":{"@id":"https:\/\/www.phase-6.de\/magazin\/#\/schema\/logo\/image\/"},"sameAs":["https:\/\/www.facebook.com\/phase6.de\/","https:\/\/de.wikipedia.org\/wiki\/Phase6"]},{"@type":"Person","@id":"https:\/\/www.phase-6.de\/magazin\/#\/schema\/person\/bf169c670c24011dd7cda54d8f8dcc23","name":"Elisa","url":"https:\/\/www.phase-6.de\/magazin\/author\/elisa\/"}]}},"_links":{"self":[{"href":"https:\/\/www.phase-6.de\/magazin\/wp-json\/wp\/v2\/posts\/10899","targetHints":{"allow":["GET"]}}],"collection":[{"href":"https:\/\/www.phase-6.de\/magazin\/wp-json\/wp\/v2\/posts"}],"about":[{"href":"https:\/\/www.phase-6.de\/magazin\/wp-json\/wp\/v2\/types\/post"}],"author":[{"embeddable":true,"href":"https:\/\/www.phase-6.de\/magazin\/wp-json\/wp\/v2\/users\/12"}],"replies":[{"embeddable":true,"href":"https:\/\/www.phase-6.de\/magazin\/wp-json\/wp\/v2\/comments?post=10899"}],"version-history":[{"count":0,"href":"https:\/\/www.phase-6.de\/magazin\/wp-json\/wp\/v2\/posts\/10899\/revisions"}],"wp:featuredmedia":[{"embeddable":true,"href":"https:\/\/www.phase-6.de\/magazin\/wp-json\/wp\/v2\/media\/10910"}],"wp:attachment":[{"href":"https:\/\/www.phase-6.de\/magazin\/wp-json\/wp\/v2\/media?parent=10899"}],"wp:term":[{"taxonomy":"category","embeddable":true,"href":"https:\/\/www.phase-6.de\/magazin\/wp-json\/wp\/v2\/categories?post=10899"},{"taxonomy":"post_tag","embeddable":true,"href":"https:\/\/www.phase-6.de\/magazin\/wp-json\/wp\/v2\/tags?post=10899"}],"curies":[{"name":"wp","href":"https:\/\/api.w.org\/{rel}","templated":true}]}}