{"id":11236,"date":"2022-02-14T11:33:24","date_gmt":"2022-02-14T11:33:24","guid":{"rendered":"https:\/\/www.phase-6.de\/magazin\/?p=11236"},"modified":"2026-03-03T10:21:33","modified_gmt":"2026-03-03T10:21:33","slug":"le-conditionnel-present-auf-franzoesisch-einfach-erklaert","status":"publish","type":"post","link":"https:\/\/www.phase-6.de\/magazin\/rubriken\/vokabeln-grammatik\/le-conditionnel-present-auf-franzoesisch-einfach-erklaert\/","title":{"rendered":"Le Conditionnel pr\u00e9sent auf Franz\u00f6sisch: Einfach erkl\u00e4rt!"},"content":{"rendered":"[et_pb_section fb_built=&#8220;1&#8243; _builder_version=&#8220;4.16&#8243; _module_preset=&#8220;default&#8220; global_colors_info=&#8220;{}&#8220;][et_pb_row _builder_version=&#8220;4.16&#8243; _module_preset=&#8220;default&#8220; global_colors_info=&#8220;{}&#8220;][et_pb_column type=&#8220;4_4&#8243; _builder_version=&#8220;4.16&#8243; _module_preset=&#8220;default&#8220; global_colors_info=&#8220;{}&#8220;][et_pb_text admin_label=&#8220;Einleitung&#8220; _builder_version=&#8220;4.27.5&#8243; _module_preset=&#8220;default&#8220; global_colors_info=&#8220;{}&#8220;]\n<p>Das <em><strong>Conditionnel Pr\u00e9sent<\/strong><\/em> oder auch <em><strong>Conditionnel 1<\/strong><\/em> ist die franz\u00f6sische M\u00f6glichkeitsform. Das <em>Conditionnel Pr\u00e9sent<\/em> wird verwendet, um W\u00fcnsche, h\u00f6fliche Bitten oder M\u00f6glichkeiten auszudr\u00fccken. Die Conditionnel Pr\u00e9sent Bildung ist logisch aufgebaut: Man verwendet den Infinitiv des Verbs als Stamm und f\u00fcgt die Endungen des Imparfait (<em>-ais, -ais, -ait, -ions, -iez, -aient<\/em>) hinzu. Es entspricht funktional dem deutschen Konjunktiv II (\u201eich w\u00fcrde&#8230;\u201c).<\/p>\n[\/et_pb_text][et_pb_blurb title=&#8220;Inhalt:&#8220; use_icon=&#8220;on&#8220; font_icon=&#8220;&#x64;||divi||400&#8243; icon_placement=&#8220;left&#8220; disabled_on=&#8220;off|off|off&#8220; admin_label=&#8220;Inhaltsverzeichnis&#8220; _builder_version=&#8220;4.27.5&#8243; header_level=&#8220;h2&#8243; header_text_color=&#8220;#757575&#8243; header_line_height=&#8220;1.2em&#8220; body_line_height=&#8220;1.2em&#8220; background_color=&#8220;rgba(214,214,214,0.25)&#8220; max_width=&#8220;70%&#8220; max_width_tablet=&#8220;100%&#8220; max_width_phone=&#8220;100%&#8220; max_width_last_edited=&#8220;on|tablet&#8220; custom_margin=&#8220;40px|10px|40px|10px|false|false&#8220; custom_padding=&#8220;40px|10px|40px|10px|false|false&#8220; animation_style=&#8220;fold&#8220; animation=&#8220;off&#8220; custom_css_main_element=&#8220;  z-index: 9999;&#8220; custom_css_blurb_title=&#8220;padding-bottom: 20px&#8220; border_radii=&#8220;on|2px|2px|2px|2px&#8220; border_width_all=&#8220;1px&#8220; border_color_all=&#8220;#e0e0e0&#8243; border_style_all=&#8220;solid&#8220; use_border_color=&#8220;on&#8220; border_color=&#8220;#f2f4f4&#8243; border_width=&#8220;3px&#8220; border_style=&#8220;solid&#8220; global_module=&#8220;6361&#8243; saved_tabs=&#8220;all&#8220; global_colors_info=&#8220;{}&#8220;]\n<ul>\n<li><a href=\"#1\"><span style=\"color: #fc7c00;\">Wann wird das Conditionnel pr\u00e9sent verwendet?<\/span><\/a><\/li>\n<li><a href=\"#2\"><span style=\"color: #fc7c00;\">So bildest du das Conditionnel pr\u00e9sent<\/span><\/a><\/li>\n<li><a href=\"#3\"><span style=\"color: #fc7c00;\">Unregelm\u00e4\u00dfige Verben im Conditionnel pr\u00e9sent<\/span><\/a><\/li>\n<li><a href=\"#4\"><span style=\"color: #fc7c00;\">Verneinung beim Conditionnel pr\u00e9sent<\/span><\/a><\/li>\n<li><a href=\"#5\"><span style=\"color: #fc7c00;\">So kann dich phase6 unterst\u00fctzen<\/span><\/a><\/li>\n<\/ul>\n[\/et_pb_blurb][et_pb_blurb title=&#8220;Das k\u00f6nnte dich auch interessieren:&#8220; use_icon=&#8220;on&#8220; font_icon=&#8220;&#xe012;||divi||400&#8243; icon_color=&#8220;#fc7c00&#8243; icon_placement=&#8220;left&#8220; image_icon_width=&#8220;20px&#8220; _builder_version=&#8220;4.21.0&#8243; _module_preset=&#8220;default&#8220; border_radii=&#8220;on|20px|20px|20px|20px&#8220; border_color_all=&#8220;#D6D6D6&#8243; global_colors_info=&#8220;{}&#8220;]\n<p class=\"entry-title\"><a href=\"https:\/\/www.phase-6.de\/magazin\/rubriken\/vokabeln-und-grammatik\/conditionnel-passe-auf-franzoesisch-bildung-verwendung\/\"><span style=\"color: #fc7c00;\">Conditionnel pass\u00e9 auf Franz\u00f6sisch: Bildung &amp; Verwendung<\/span><\/a><\/p>\n[\/et_pb_blurb][et_pb_text admin_label=&#8220;Conditionnel pr\u00e9sent \u2013 so bildest du diese Verbform&#8220; _builder_version=&#8220;4.27.5&#8243; _module_preset=&#8220;default&#8220; global_colors_info=&#8220;{}&#8220;]\n<h2 id=\"2\">Alles zur Conditionnel Pr\u00e9sent Bildung und den Regeln<\/h2>\n<p><span style=\"font-weight: 400;\">Der Conditionnel pr\u00e9sent im Franz\u00f6sischen <\/span><b>setzt sich aus der <\/b><strong>Futurform des Verbs<\/strong><b> und<\/b><span style=\"font-weight: 400;\"> \u2013 je nach Person \u2013 <\/span><b>einer <\/b><strong>Endung<\/strong><b> aus der nachstehenden Tabelle zusammen<\/b><span style=\"font-weight: 400;\">. Diese Regel gilt f\u00fcr die meisten <\/span><b>Verben, die auf -er, -ir und -re enden<\/b><span style=\"font-weight: 400;\">.<\/span><\/p>\n<p class=\"p1\"><div class=\"su-table su-table-responsive su-table-alternate\">\n<table style=\"width: 869px\">\n<tbody>\n<tr>\n<td style=\"width: 164.578px;text-align: center\"><strong>Personalpronomen<\/strong><\/td>\n<td style=\"width: 112.406px;text-align: center\"><strong>Endung<\/strong><\/td>\n<td style=\"width: 144.516px;text-align: center\"><strong>Bsp. 1:<br \/>\u201c<\/strong>aim<strong>er\u201d<\/strong><\/td>\n<td style=\"width: 163.578px;text-align: center\"><strong>Bsp. 2:<br \/>\u201c<\/strong>ouvr<strong>ir\u201d<\/strong><\/td>\n<td style=\"width: 249.922px;text-align: center\"><strong>Bsp. 3:<br \/>\u201c<\/strong>convainc<strong>re\u201d<\/strong><\/td>\n<\/tr>\n<tr>\n<td style=\"width: 164.578px;text-align: center\">je \/ j\u2019<\/td>\n<td style=\"width: 112.406px;text-align: center\">-ais<\/td>\n<td style=\"width: 144.516px;text-align: center\">j\u2019aimerais<\/td>\n<td style=\"width: 163.578px;text-align: center\">j\u2019ouvrirais<\/td>\n<td style=\"width: 249.922px;text-align: center\">je convaincrais<\/td>\n<\/tr>\n<tr>\n<td style=\"width: 164.578px;text-align: center\">tu<\/td>\n<td style=\"width: 112.406px;text-align: center\">-ais<\/td>\n<td style=\"width: 144.516px;text-align: center\">tu aimerais<\/td>\n<td style=\"width: 163.578px;text-align: center\">tu ouvrirais<\/td>\n<td style=\"width: 249.922px;text-align: center\">tu convaincrais<\/td>\n<\/tr>\n<tr>\n<td style=\"width: 164.578px;text-align: center\">il \/ elle<\/td>\n<td style=\"width: 112.406px;text-align: center\">-ait<\/td>\n<td style=\"width: 144.516px;text-align: center\">il\/elle aimerait<\/td>\n<td style=\"width: 163.578px;text-align: center\">il\/elle ouvrirait<\/td>\n<td style=\"width: 249.922px;text-align: center\">il\/elle convaincrait<\/td>\n<\/tr>\n<tr>\n<td style=\"width: 164.578px;text-align: center\">nous<\/td>\n<td style=\"width: 112.406px;text-align: center\">-ions<\/td>\n<td style=\"width: 144.516px;text-align: center\">nous aimerions<\/td>\n<td style=\"width: 163.578px;text-align: center\">nous ouvririons<\/td>\n<td style=\"width: 249.922px;text-align: center\">nous convaincrions<\/td>\n<\/tr>\n<tr>\n<td style=\"width: 164.578px;text-align: center\">vous<\/td>\n<td style=\"width: 112.406px;text-align: center\">-iez<\/td>\n<td style=\"width: 144.516px;text-align: center\">vous aimeriez<\/td>\n<td style=\"width: 163.578px;text-align: center\">vous ouvririez<\/td>\n<td style=\"width: 249.922px;text-align: center\">vous convaincriez<\/td>\n<\/tr>\n<tr>\n<td style=\"width: 164.578px;text-align: center\">ils<\/td>\n<td style=\"width: 112.406px;text-align: center\">-aient<\/td>\n<td style=\"width: 144.516px;text-align: center\">ils aimeraient<\/td>\n<td style=\"width: 163.578px;text-align: center\">ils ouvriraient<\/td>\n<td style=\"width: 249.922px;text-align: center\">ils convaincraient<\/td>\n<\/tr>\n<\/tbody>\n<\/table>\n<p class=\"p1\"><\/div>\n[\/et_pb_text][et_pb_image src=&#8220;https:\/\/www.phase-6.de\/magazin\/wp-content\/uploads\/2021\/02\/Conditionnel-Pr\u00e9sent-Bildung.jpg&#8220; disabled_on=&#8220;on|on|on&#8220; _builder_version=&#8220;4.16&#8243; _module_preset=&#8220;default&#8220; disabled=&#8220;on&#8220; global_colors_info=&#8220;{}&#8220;][\/et_pb_image][et_pb_text admin_label=&#8220;In diesen F\u00e4llen verwendest du den Conditionnel pr\u00e9sent&#8220; _builder_version=&#8220;4.27.5&#8243; _module_preset=&#8220;default&#8220; global_colors_info=&#8220;{}&#8220;]\n<h2 id=\"1\">Wann verwendet man das Conditionnel im Franz\u00f6sischen?<\/h2>\n<p><span style=\"font-weight: 400;\">Der Conditionnel pr\u00e9sent im Franz\u00f6sischen ist <\/span><strong>mit dem Konjunktiv I im Deutschen vergleichbar<\/strong><span style=\"font-weight: 400;\">. Er wird <\/span><strong>in verschiedenen Zusammenh\u00e4ngen<\/strong><span style=\"font-weight: 400;\"> verwendet. In der nachfolgenden Auflistung findest du die wichtigsten F\u00e4lle vom Conditionnel pr\u00e9sent sowie passende Beispiels\u00e4tze.<\/span><\/p>\n<blockquote>\n<ul>\n<li style=\"font-weight: 400;\" aria-level=\"1\"><span style=\"text-decoration: underline;\"><span style=\"font-weight: 400;\">Einen <\/span><strong>Wunsch<\/strong><span style=\"font-weight: 400;\"> formulieren:<\/span><\/span><\/li>\n<\/ul>\n<p><span style=\"font-weight: 400;\">Bsp.: Je <\/span><em><span style=\"font-weight: 400;\">voudrais<\/span><\/em><span style=\"font-weight: 400;\"> boire un verre d\u2019eau. (Ich m\u00f6chte ein Glas Wasser trinken.)<\/span><\/p>\n<ul>\n<li style=\"font-weight: 400;\" aria-level=\"1\"><span style=\"text-decoration: underline;\"><span style=\"font-weight: 400;\">Jmd. einen <\/span><strong>Vorschlag<\/strong><span style=\"font-weight: 400;\"> unterbreiten:<\/span><\/span><\/li>\n<\/ul>\n<p><span style=\"font-weight: 400;\">Bsp.: <\/span><em><span style=\"font-weight: 400;\">Aimerais<\/span><\/em><span style=\"font-weight: 400;\">-tu aller au cin\u00e9ma avec moi<\/span><span style=\"font-weight: 400;\">\u00a0<\/span><span style=\"font-weight: 400;\">? (W\u00fcrdest du mit mir ins Kino gehen?)<\/span><\/p>\n<ul>\n<li style=\"font-weight: 400;\" aria-level=\"1\"><span style=\"text-decoration: underline;\"><span style=\"font-weight: 400;\">Jemandem einen <\/span><strong>Rat<\/strong><span style=\"font-weight: 400;\"> geben:<\/span><\/span><\/li>\n<\/ul>\n<p><span style=\"font-weight: 400;\">Bsp.: Ils <\/span><em><span style=\"font-weight: 400;\">devraient<\/span><\/em><span style=\"font-weight: 400;\"> se coucher t\u00f4t. (Sie sollten zeitig schlafen gehen.)<\/span><\/p>\n<ul>\n<li style=\"font-weight: 400;\" aria-level=\"1\"><span style=\"text-decoration: underline;\"><span style=\"font-weight: 400;\">Eine <\/span><strong>Vermutung<\/strong><span style=\"font-weight: 400;\"> zum Ausdruck bringen:<\/span><\/span><\/li>\n<\/ul>\n<p><span style=\"font-weight: 400;\">Bsp.: Mon p\u00e8re <\/span><em><span style=\"font-weight: 400;\">devrait<\/span><\/em><span style=\"font-weight: 400;\"> sortir de l\u2019h\u00f4pital jeudi. (Mein Vater sollte am Donnerstag aus dem Krankenhaus kommen.)<\/span><\/p>\n<ul>\n<li style=\"font-weight: 400;\" aria-level=\"1\"><span style=\"text-decoration: underline;\"><strong>H\u00f6flich<\/strong><span style=\"font-weight: 400;\"> sein:<\/span><\/span><\/li>\n<\/ul>\n<p><span style=\"font-weight: 400;\">Bsp.: Est-ce que tu <\/span><em><span style=\"font-weight: 400;\">pourrais<\/span><\/em><span style=\"font-weight: 400;\"> venir au tableau<\/span><span style=\"font-weight: 400;\">\u00a0<\/span><span style=\"font-weight: 400;\">? (K\u00f6 du bitte an die Tafel kommen?)<\/span><\/p>\n<ul>\n<li style=\"font-weight: 400;\" aria-level=\"1\"><span style=\"text-decoration: underline;\"><span style=\"font-weight: 400;\">Bei <\/span><strong>Bedingungss\u00e4tzen<\/strong><span style=\"font-weight: 400;\"> (Konditionalsatz, Typ 2):<\/span><\/span><\/li>\n<\/ul>\n<p><span style=\"font-weight: 400;\">Bsp.: Si j\u2019<em>avais<\/em> assez d\u2019argent, je <\/span><em><span style=\"font-weight: 400;\">ferais<\/span><\/em><span style=\"font-weight: 400;\"> un tour du monde. (Wenn ich ausreichend Geld h\u00e4tte, w\u00fcrde ich eine Weltreise machen.)<\/span><\/p>\n<ul>\n<li style=\"font-weight: 400;\" aria-level=\"1\"><span style=\"text-decoration: underline;\"><span style=\"font-weight: 400;\">Bei einigen Formen der <\/span><strong><a href=\"https:\/\/www.phase-6.de\/magazin\/rubriken\/fakten-der-sprache\/indirekte-rede-auf-franzoesisch-so-bildest-du-sie-richtig\/\"><span style=\"color: #fc7c00;\">indirekten Rede<\/span><\/a><\/strong><\/span><\/li>\n<\/ul>\n<p><span style=\"font-weight: 400;\">Bsp.: Il m\u2019a dit qu\u2019il <\/span><em><span style=\"font-weight: 400;\">irait<\/span><\/em><span style=\"font-weight: 400;\"> \u00e0 la plage le lendemain. (Er sagte mir, dass er am n\u00e4chsten Tag an den Strand gehen w\u00fcrde.)<\/span><\/p>\n<ul>\n<li><span style=\"text-decoration: underline;\"><span style=\"font-weight: 400;\">Um die <\/span><strong>Zukunft aus Sicht der Vergangenheit<\/strong><span style=\"font-weight: 400;\"> auszudr\u00fccken:<\/span><\/span><\/li>\n<\/ul>\n<p><span style=\"font-weight: 400;\">Bsp.: Antoine pensait qu\u2019il <\/span><em><span style=\"font-weight: 400;\">pourrait<\/span><\/em><span style=\"font-weight: 400;\"> aller \u00e0 la piscine. (Antoine dachte, er k\u00f6nne ins Schwimmbad gehen.)<\/span><\/p>\n<\/blockquote>\n[\/et_pb_text][et_pb_text admin_label=&#8220;Unregelm\u00e4\u00dfige Verben im Conditionnel pr\u00e9sent: Diese Ausnahmen gibt es&#8220; _builder_version=&#8220;4.27.5&#8243; _module_preset=&#8220;default&#8220; global_colors_info=&#8220;{}&#8220;]\n<h2 id=\"3\">Wichtige unregelm\u00e4\u00dfige Verben im Conditionnel<\/h2>\n<p><span style=\"font-weight: 400;\">Wie bei der Bildung des Futurs im Franz\u00f6sischen, gibt es auch beim Conditionnel pr\u00e9sent <\/span><strong>einige Ausnahmen<\/strong><span style=\"font-weight: 400;\"> zu beachten:<\/span><\/p>\n<blockquote>\n<ul>\n<li style=\"font-weight: 400;\" aria-level=\"1\"><span style=\"text-decoration: underline;\"><span style=\"font-weight: 400;\">Verben mit kurzem <em>&#8222;<\/em><\/span><em><span style=\"font-weight: 400;\">e&#8220;<\/span><\/em><span style=\"font-weight: 400;\"> im Wortstamm erhalten im Conditionnel pr\u00e9sent einen <\/span><em><span style=\"font-weight: 400;\">accent grave<\/span><\/em><span style=\"font-weight: 400;\">.<\/span><\/span><\/li>\n<\/ul>\n<p><span style=\"font-weight: 400;\">Bsp.: <\/span><em><span style=\"font-weight: 400;\">peser \u2192 <\/span><span style=\"font-weight: 400;\">je p\u00e8serais<\/span><\/em><\/p>\n<ul>\n<li style=\"font-weight: 400;\" aria-level=\"1\"><span style=\"text-decoration: underline;\"><span style=\"font-weight: 400;\">Einige Verben verdoppeln ihren Konsonanten.<\/span><\/span><\/li>\n<\/ul>\n<p><span style=\"font-weight: 400;\">Bsp.: <\/span><em><span style=\"font-weight: 400;\">mourir \u2192 il mourrirait<\/span><\/em><\/p>\n<ul>\n<li style=\"font-weight: 400;\" aria-level=\"1\"><span style=\"text-decoration: underline;\"><span style=\"font-weight: 400;\">Bei Verben, die auf <\/span><em><span style=\"font-weight: 400;\">yer<\/span><\/em><span style=\"font-weight: 400;\"> enden, wird das <\/span><i><span style=\"font-weight: 400;\">y<\/span><\/i><span style=\"font-weight: 400;\"> zum <\/span><i><span style=\"font-weight: 400;\">i<\/span><\/i><span style=\"font-weight: 400;\">.<\/span><\/span><\/li>\n<\/ul>\n<p><span style=\"font-weight: 400;\">Bsp.: <\/span><em><span style=\"font-weight: 400;\">nettoyer \u2192 nous nettoierions<\/span><\/em><\/p>\n<ul>\n<li style=\"font-weight: 400;\" aria-level=\"1\"><span style=\"text-decoration: underline;\"><span style=\"font-weight: 400;\">Bei Verben, die auf <\/span><em><span style=\"font-weight: 400;\">ayer<\/span><\/em><span style=\"font-weight: 400;\"> enden, ist sowohl <\/span><i><span style=\"font-weight: 400;\">y<\/span><\/i><span style=\"font-weight: 400;\"> als auch <\/span><i><span style=\"font-weight: 400;\">i<\/span><\/i><span style=\"font-weight: 400;\"> m\u00f6glich.<\/span><\/span><\/li>\n<\/ul>\n<p><span style=\"font-weight: 400;\">Bsp.: <\/span><em><span style=\"font-weight: 400;\">payer \u2192 tu paierais \/ tu payerais<\/span><\/em><\/p>\n<\/blockquote>\n<p><span style=\"font-weight: 400;\">Dar\u00fcber hinaus wird <\/span><b>f\u00fcr eine Reihe unregelm\u00e4\u00dfiger Verben <\/b><span style=\"font-weight: 400;\">das Conditionnel pr\u00e9sent anders gebildet. Die <\/span><b>Endungen bleiben<\/b><span style=\"font-weight: 400;\"> dieselben wie in der obigen Tabelle, es <\/span><b>ver\u00e4ndert sich jedoch der Stamm<\/b><span style=\"font-weight: 400;\">.<\/span><\/p>\n<p class=\"p1\"><div class=\"su-table su-table-responsive su-table-alternate\">\n<table style=\"width: 646px\">\n<tbody>\n<tr>\n<td style=\"width: 133.422px;text-align: center\"><strong>Infinitiv<\/strong><\/td>\n<td style=\"width: 238.75px;text-align: center\"><strong>Unregelm\u00e4\u00dfige Stammform<\/strong><\/td>\n<td style=\"width: 251.828px;text-align: center\"><strong>Conditionnel pr\u00e9sent<\/strong><\/td>\n<\/tr>\n<tr>\n<td style=\"width: 133.422px;text-align: center\">aller<\/td>\n<td style=\"width: 238.75px;text-align: center\">ir-<\/td>\n<td style=\"width: 251.828px;text-align: center\">j\u2019<strong>ir<\/strong>ais<\/td>\n<\/tr>\n<tr>\n<td style=\"width: 133.422px;text-align: center\">avoir<\/td>\n<td style=\"width: 238.75px;text-align: center\">aur-<\/td>\n<td style=\"width: 251.828px;text-align: center\">tu <strong>aur<\/strong>ais<\/td>\n<\/tr>\n<tr>\n<td style=\"width: 133.422px;text-align: center\">\u00eatre<\/td>\n<td style=\"width: 238.75px;text-align: center\">ser-<\/td>\n<td style=\"width: 251.828px;text-align: center\">il <strong>ser<\/strong>ait<\/td>\n<\/tr>\n<tr>\n<td style=\"width: 133.422px;text-align: center\">faire<\/td>\n<td style=\"width: 238.75px;text-align: center\">fer-<\/td>\n<td style=\"width: 251.828px;text-align: center\">elle <strong>fer<\/strong>ait<\/td>\n<\/tr>\n<tr>\n<td style=\"width: 133.422px;text-align: center\">pouvoir<\/td>\n<td style=\"width: 238.75px;text-align: center\">pourr-<\/td>\n<td style=\"width: 251.828px;text-align: center\">nous <strong>pourr<\/strong>ions<\/td>\n<\/tr>\n<tr>\n<td style=\"width: 133.422px;text-align: center\">venir<\/td>\n<td style=\"width: 238.75px;text-align: center\">viendr-<\/td>\n<td style=\"width: 251.828px;text-align: center\">vous <strong>viendr<\/strong>iez<\/td>\n<\/tr>\n<tr>\n<td style=\"width: 133.422px;text-align: center\">vouloir<\/td>\n<td style=\"width: 238.75px;text-align: center\">voudr-<\/td>\n<td style=\"width: 251.828px;text-align: center\">ils <strong>voudr<\/strong>aient<\/td>\n<\/tr>\n<\/tbody>\n<\/table>\n<p class=\"p1\"><\/div>\n[\/et_pb_text][et_pb_image src=&#8220;https:\/\/www.phase-6.de\/magazin\/wp-content\/uploads\/2021\/02\/Conditionnel-Pr\u00e9sent-Unregelm\u00e4\u00dfige-Verben-1.jpg&#8220; title_text=&#8220;Conditionnel Pr\u00e9sent Unregelm\u00e4\u00dfige Verben&#8220; disabled_on=&#8220;on|on|on&#8220; _builder_version=&#8220;4.16&#8243; _module_preset=&#8220;default&#8220; disabled=&#8220;on&#8220; global_colors_info=&#8220;{}&#8220;][\/et_pb_image][et_pb_text admin_label=&#8220;Verneinung beim Conditionnel pr\u00e9sent&#8220; _builder_version=&#8220;4.16&#8243; _module_preset=&#8220;default&#8220; global_colors_info=&#8220;{}&#8220;]\n<h2 id=\"4\"><span style=\"font-weight: 400;\">Verneinung beim Conditionnel pr\u00e9sent<\/span><\/h2>\n<p><span style=\"font-weight: 400;\">Nat\u00fcrlich kann es gut sein, dass du den <\/span><strong>Conditionnel pr\u00e9sent in der verneinten Form<\/strong><span style=\"font-weight: 400;\"> verwenden m\u00f6chtest. Daf\u00fcr <\/span><strong>schlie\u00dft du das gebeugte Verb in die beiden Elemente der franz\u00f6sischen Verneinung ein<\/strong><span style=\"font-weight: 400;\">:<\/span><\/p>\n<blockquote>\n<ul>\n<li style=\"font-weight: 400;\" aria-level=\"1\"><span style=\"font-weight: 400;\">Je <\/span><em><span style=\"font-weight: 400;\">ne<\/span><\/em><span style=\"font-weight: 400;\"> voudrais <\/span><em><span style=\"font-weight: 400;\">pas<\/span><\/em><span style=\"font-weight: 400;\"> manger avec toi. (Ich w\u00fcrde nicht mit dir essen wollen.)<\/span><\/li>\n<li style=\"font-weight: 400;\" aria-level=\"1\"><span style=\"font-weight: 400;\">S\u2019il \u00e9tait malade, il <\/span><em><span style=\"font-weight: 400;\">ne<\/span><\/em><span style=\"font-weight: 400;\"> pourrait <\/span><em><span style=\"font-weight: 400;\">rien<\/span><\/em><span style=\"font-weight: 400;\"> faire pour l\u2019\u00e9cole. (W\u00e4re er krank gewesen, h\u00e4tte er nichts f\u00fcr die Schule tun k\u00f6nnen.)<\/span><\/li>\n<\/ul>\n<\/blockquote>\n[\/et_pb_text][et_pb_text admin_label=&#8220;Erweitere deine Grammatikkenntnisse mit phase6&#8243; _builder_version=&#8220;4.16&#8243; _module_preset=&#8220;default&#8220; global_colors_info=&#8220;{}&#8220;]\n<h2 id=\"5\"><span style=\"font-weight: 400;\">Erweitere deine Fremdsprachenkenntnisse mit phase6<\/span><\/h2>\n<p><span style=\"font-weight: 400;\">Der Conditionnel pr\u00e9sent ist in vielen Situation sehr n\u00fctzlich, ob im Gespr\u00e4ch mit deinen franz\u00f6sischsprachigen Freunden in der Schule oder bei schriftlichen Arbeiten an der Uni. Erweitere deine Grammatikkenntnisse und eigne dir diese Verbform an, dann hast du viel mehr M\u00f6glichkeiten, deine W\u00fcnsche und Vermutungen auszudr\u00fccken oder h\u00f6flich mit deinen Mitmenschen zu sein. Falls du noch das passende Vokabular dazu brauchst, kannst du mit <\/span><a href=\"https:\/\/www.phase-6.de\/\" target=\"_blank\" rel=\"noopener noreferrer\"><span style=\"font-weight: 400; color: #fc7c00;\">unserem Vokabeltrainer<\/span><\/a><span style=\"font-weight: 400;\"> deine Sprachkenntnisse verbessern.<\/span>[\/et_pb_text][\/et_pb_column][\/et_pb_row][\/et_pb_section]\n","protected":false},"excerpt":{"rendered":"<p>Wie bildet man das Conditionnel Pr\u00e9sent? Lerne alles \u00fcber die Bildung (Infinitiv + Imparfait-Endung), unregelm\u00e4\u00dfige Verben und die Verwendung im Franz\u00f6sischen.<\/p>\n","protected":false},"author":12,"featured_media":11254,"comment_status":"closed","ping_status":"open","sticky":false,"template":"","format":"standard","meta":{"_acf_changed":false,"_yoast_wpseo_focuskw":"","_yoast_wpseo_title":"","_yoast_wpseo_metadesc":"Du willst wissen, wie du den Conditionnel pr\u00e9sent auf Franz\u00f6sisch bildest? Erfahre hier alles zu Verwendung & Ausnahmen \u2013 erkl\u00e4rt in Beispiels\u00e4tzen.","_yoast_wpseo_canonical":"","_yoast_wpseo_opengraph-title":"","_yoast_wpseo_opengraph-description":"","_et_pb_use_builder":"on","_et_pb_old_content":"","_et_gb_content_width":"","inline_featured_image":false,"footnotes":""},"categories":[68],"tags":[],"class_list":["post-11236","post","type-post","status-publish","format-standard","has-post-thumbnail","hentry","category-vokabeln-und-grammatik","et-has-post-format-content","et_post_format-et-post-format-standard"],"acf":[],"yoast_head":"<!-- This site is optimized with the Yoast SEO plugin v26.9 - https:\/\/yoast.com\/product\/yoast-seo-wordpress\/ -->\n<title>Le Conditionnel pr\u00e9sent auf Franz\u00f6sisch: Einfach erkl\u00e4rt! - phase6 Magazin<\/title>\n<meta name=\"description\" content=\"Du willst wissen, wie du den Conditionnel pr\u00e9sent auf Franz\u00f6sisch bildest? Erfahre hier alles zu Verwendung &amp; Ausnahmen \u2013 erkl\u00e4rt in Beispiels\u00e4tzen.\" \/>\n<meta name=\"robots\" content=\"index, follow, max-snippet:-1, max-image-preview:large, max-video-preview:-1\" \/>\n<link rel=\"canonical\" href=\"https:\/\/www.phase-6.de\/magazin\/rubriken\/vokabeln-grammatik\/le-conditionnel-present-auf-franzoesisch-einfach-erklaert\/\" \/>\n<meta property=\"og:locale\" content=\"de_DE\" \/>\n<meta property=\"og:type\" content=\"article\" \/>\n<meta property=\"og:title\" content=\"Le Conditionnel pr\u00e9sent auf Franz\u00f6sisch: Einfach erkl\u00e4rt! - phase6 Magazin\" \/>\n<meta property=\"og:description\" content=\"Du willst wissen, wie du den Conditionnel pr\u00e9sent auf Franz\u00f6sisch bildest? Erfahre hier alles zu Verwendung &amp; Ausnahmen \u2013 erkl\u00e4rt in Beispiels\u00e4tzen.\" \/>\n<meta property=\"og:url\" content=\"https:\/\/www.phase-6.de\/magazin\/rubriken\/vokabeln-grammatik\/le-conditionnel-present-auf-franzoesisch-einfach-erklaert\/\" \/>\n<meta property=\"og:site_name\" content=\"phase6 Magazin\" \/>\n<meta property=\"article:publisher\" content=\"https:\/\/www.facebook.com\/phase6.de\/\" \/>\n<meta property=\"article:published_time\" content=\"2022-02-14T11:33:24+00:00\" \/>\n<meta property=\"article:modified_time\" content=\"2026-03-03T10:21:33+00:00\" \/>\n<meta property=\"og:image\" content=\"https:\/\/www.phase-6.de\/magazin\/wp-content\/uploads\/2021\/02\/Conditionnel-Pr\u00e9sent.jpg\" \/>\n\t<meta property=\"og:image:width\" content=\"1080\" \/>\n\t<meta property=\"og:image:height\" content=\"675\" \/>\n\t<meta property=\"og:image:type\" content=\"image\/jpeg\" \/>\n<meta name=\"author\" content=\"Elisa\" \/>\n<meta name=\"twitter:card\" content=\"summary_large_image\" \/>\n<meta name=\"twitter:label1\" content=\"Verfasst von\" \/>\n\t<meta name=\"twitter:data1\" content=\"Elisa\" \/>\n\t<meta name=\"twitter:label2\" content=\"Gesch\u00e4tzte Lesezeit\" \/>\n\t<meta name=\"twitter:data2\" content=\"3\u00a0Minuten\" \/>\n<script type=\"application\/ld+json\" class=\"yoast-schema-graph\">{\"@context\":\"https:\/\/schema.org\",\"@graph\":[{\"@type\":\"Article\",\"@id\":\"https:\/\/www.phase-6.de\/magazin\/rubriken\/vokabeln-grammatik\/le-conditionnel-present-auf-franzoesisch-einfach-erklaert\/#article\",\"isPartOf\":{\"@id\":\"https:\/\/www.phase-6.de\/magazin\/rubriken\/vokabeln-grammatik\/le-conditionnel-present-auf-franzoesisch-einfach-erklaert\/\"},\"author\":{\"name\":\"Elisa\",\"@id\":\"https:\/\/www.phase-6.de\/magazin\/#\/schema\/person\/bf169c670c24011dd7cda54d8f8dcc23\"},\"headline\":\"Le Conditionnel pr\u00e9sent auf Franz\u00f6sisch: Einfach erkl\u00e4rt!\",\"datePublished\":\"2022-02-14T11:33:24+00:00\",\"dateModified\":\"2026-03-03T10:21:33+00:00\",\"mainEntityOfPage\":{\"@id\":\"https:\/\/www.phase-6.de\/magazin\/rubriken\/vokabeln-grammatik\/le-conditionnel-present-auf-franzoesisch-einfach-erklaert\/\"},\"wordCount\":1241,\"publisher\":{\"@id\":\"https:\/\/www.phase-6.de\/magazin\/#organization\"},\"image\":{\"@id\":\"https:\/\/www.phase-6.de\/magazin\/rubriken\/vokabeln-grammatik\/le-conditionnel-present-auf-franzoesisch-einfach-erklaert\/#primaryimage\"},\"thumbnailUrl\":\"https:\/\/www.phase-6.de\/magazin\/wp-content\/uploads\/2021\/02\/Conditionnel-Pr\u00e9sent.jpg\",\"articleSection\":[\"Vokabeln &amp; Grammatik\"],\"inLanguage\":\"de\"},{\"@type\":\"WebPage\",\"@id\":\"https:\/\/www.phase-6.de\/magazin\/rubriken\/vokabeln-grammatik\/le-conditionnel-present-auf-franzoesisch-einfach-erklaert\/\",\"url\":\"https:\/\/www.phase-6.de\/magazin\/rubriken\/vokabeln-grammatik\/le-conditionnel-present-auf-franzoesisch-einfach-erklaert\/\",\"name\":\"Le Conditionnel pr\u00e9sent auf Franz\u00f6sisch: Einfach erkl\u00e4rt! - phase6 Magazin\",\"isPartOf\":{\"@id\":\"https:\/\/www.phase-6.de\/magazin\/#website\"},\"primaryImageOfPage\":{\"@id\":\"https:\/\/www.phase-6.de\/magazin\/rubriken\/vokabeln-grammatik\/le-conditionnel-present-auf-franzoesisch-einfach-erklaert\/#primaryimage\"},\"image\":{\"@id\":\"https:\/\/www.phase-6.de\/magazin\/rubriken\/vokabeln-grammatik\/le-conditionnel-present-auf-franzoesisch-einfach-erklaert\/#primaryimage\"},\"thumbnailUrl\":\"https:\/\/www.phase-6.de\/magazin\/wp-content\/uploads\/2021\/02\/Conditionnel-Pr\u00e9sent.jpg\",\"datePublished\":\"2022-02-14T11:33:24+00:00\",\"dateModified\":\"2026-03-03T10:21:33+00:00\",\"description\":\"Du willst wissen, wie du den Conditionnel pr\u00e9sent auf Franz\u00f6sisch bildest? Erfahre hier alles zu Verwendung & Ausnahmen \u2013 erkl\u00e4rt in Beispiels\u00e4tzen.\",\"breadcrumb\":{\"@id\":\"https:\/\/www.phase-6.de\/magazin\/rubriken\/vokabeln-grammatik\/le-conditionnel-present-auf-franzoesisch-einfach-erklaert\/#breadcrumb\"},\"inLanguage\":\"de\",\"potentialAction\":[{\"@type\":\"ReadAction\",\"target\":[\"https:\/\/www.phase-6.de\/magazin\/rubriken\/vokabeln-grammatik\/le-conditionnel-present-auf-franzoesisch-einfach-erklaert\/\"]}]},{\"@type\":\"ImageObject\",\"inLanguage\":\"de\",\"@id\":\"https:\/\/www.phase-6.de\/magazin\/rubriken\/vokabeln-grammatik\/le-conditionnel-present-auf-franzoesisch-einfach-erklaert\/#primaryimage\",\"url\":\"https:\/\/www.phase-6.de\/magazin\/wp-content\/uploads\/2021\/02\/Conditionnel-Pr\u00e9sent.jpg\",\"contentUrl\":\"https:\/\/www.phase-6.de\/magazin\/wp-content\/uploads\/2021\/02\/Conditionnel-Pr\u00e9sent.jpg\",\"width\":1080,\"height\":675,\"caption\":\"Bildung Conditionnel Pr\u00e9sent\"},{\"@type\":\"BreadcrumbList\",\"@id\":\"https:\/\/www.phase-6.de\/magazin\/rubriken\/vokabeln-grammatik\/le-conditionnel-present-auf-franzoesisch-einfach-erklaert\/#breadcrumb\",\"itemListElement\":[{\"@type\":\"ListItem\",\"position\":1,\"name\":\"Startseite\",\"item\":\"https:\/\/www.phase-6.de\/magazin\/\"},{\"@type\":\"ListItem\",\"position\":2,\"name\":\"Le Conditionnel pr\u00e9sent auf Franz\u00f6sisch: Einfach erkl\u00e4rt!\"}]},{\"@type\":\"WebSite\",\"@id\":\"https:\/\/www.phase-6.de\/magazin\/#website\",\"url\":\"https:\/\/www.phase-6.de\/magazin\/\",\"name\":\"phase6 Magazin\",\"description\":\"Das Magazin f\u00fcr Sprache, Lernen &amp; Lehren\",\"publisher\":{\"@id\":\"https:\/\/www.phase-6.de\/magazin\/#organization\"},\"potentialAction\":[{\"@type\":\"SearchAction\",\"target\":{\"@type\":\"EntryPoint\",\"urlTemplate\":\"https:\/\/www.phase-6.de\/magazin\/?s={search_term_string}\"},\"query-input\":{\"@type\":\"PropertyValueSpecification\",\"valueRequired\":true,\"valueName\":\"search_term_string\"}}],\"inLanguage\":\"de\"},{\"@type\":\"Organization\",\"@id\":\"https:\/\/www.phase-6.de\/magazin\/#organization\",\"name\":\"phase-6 GmbH\",\"url\":\"https:\/\/www.phase-6.de\/magazin\/\",\"logo\":{\"@type\":\"ImageObject\",\"inLanguage\":\"de\",\"@id\":\"https:\/\/www.phase-6.de\/magazin\/#\/schema\/logo\/image\/\",\"url\":\"https:\/\/www.phase-6.de\/magazin\/wp-content\/uploads\/2017\/07\/phase6_logo2017.png\",\"contentUrl\":\"https:\/\/www.phase-6.de\/magazin\/wp-content\/uploads\/2017\/07\/phase6_logo2017.png\",\"width\":709,\"height\":200,\"caption\":\"phase-6 GmbH\"},\"image\":{\"@id\":\"https:\/\/www.phase-6.de\/magazin\/#\/schema\/logo\/image\/\"},\"sameAs\":[\"https:\/\/www.facebook.com\/phase6.de\/\",\"https:\/\/de.wikipedia.org\/wiki\/Phase6\"]},{\"@type\":\"Person\",\"@id\":\"https:\/\/www.phase-6.de\/magazin\/#\/schema\/person\/bf169c670c24011dd7cda54d8f8dcc23\",\"name\":\"Elisa\",\"url\":\"https:\/\/www.phase-6.de\/magazin\/author\/elisa\/\"}]}<\/script>\n<!-- \/ Yoast SEO plugin. -->","yoast_head_json":{"title":"Le Conditionnel pr\u00e9sent auf Franz\u00f6sisch: Einfach erkl\u00e4rt! - phase6 Magazin","description":"Du willst wissen, wie du den Conditionnel pr\u00e9sent auf Franz\u00f6sisch bildest? Erfahre hier alles zu Verwendung & Ausnahmen \u2013 erkl\u00e4rt in Beispiels\u00e4tzen.","robots":{"index":"index","follow":"follow","max-snippet":"max-snippet:-1","max-image-preview":"max-image-preview:large","max-video-preview":"max-video-preview:-1"},"canonical":"https:\/\/www.phase-6.de\/magazin\/rubriken\/vokabeln-grammatik\/le-conditionnel-present-auf-franzoesisch-einfach-erklaert\/","og_locale":"de_DE","og_type":"article","og_title":"Le Conditionnel pr\u00e9sent auf Franz\u00f6sisch: Einfach erkl\u00e4rt! - phase6 Magazin","og_description":"Du willst wissen, wie du den Conditionnel pr\u00e9sent auf Franz\u00f6sisch bildest? Erfahre hier alles zu Verwendung & Ausnahmen \u2013 erkl\u00e4rt in Beispiels\u00e4tzen.","og_url":"https:\/\/www.phase-6.de\/magazin\/rubriken\/vokabeln-grammatik\/le-conditionnel-present-auf-franzoesisch-einfach-erklaert\/","og_site_name":"phase6 Magazin","article_publisher":"https:\/\/www.facebook.com\/phase6.de\/","article_published_time":"2022-02-14T11:33:24+00:00","article_modified_time":"2026-03-03T10:21:33+00:00","og_image":[{"width":1080,"height":675,"url":"https:\/\/www.phase-6.de\/magazin\/wp-content\/uploads\/2021\/02\/Conditionnel-Pr\u00e9sent.jpg","type":"image\/jpeg"}],"author":"Elisa","twitter_card":"summary_large_image","twitter_misc":{"Verfasst von":"Elisa","Gesch\u00e4tzte Lesezeit":"3\u00a0Minuten"},"schema":{"@context":"https:\/\/schema.org","@graph":[{"@type":"Article","@id":"https:\/\/www.phase-6.de\/magazin\/rubriken\/vokabeln-grammatik\/le-conditionnel-present-auf-franzoesisch-einfach-erklaert\/#article","isPartOf":{"@id":"https:\/\/www.phase-6.de\/magazin\/rubriken\/vokabeln-grammatik\/le-conditionnel-present-auf-franzoesisch-einfach-erklaert\/"},"author":{"name":"Elisa","@id":"https:\/\/www.phase-6.de\/magazin\/#\/schema\/person\/bf169c670c24011dd7cda54d8f8dcc23"},"headline":"Le Conditionnel pr\u00e9sent auf Franz\u00f6sisch: Einfach erkl\u00e4rt!","datePublished":"2022-02-14T11:33:24+00:00","dateModified":"2026-03-03T10:21:33+00:00","mainEntityOfPage":{"@id":"https:\/\/www.phase-6.de\/magazin\/rubriken\/vokabeln-grammatik\/le-conditionnel-present-auf-franzoesisch-einfach-erklaert\/"},"wordCount":1241,"publisher":{"@id":"https:\/\/www.phase-6.de\/magazin\/#organization"},"image":{"@id":"https:\/\/www.phase-6.de\/magazin\/rubriken\/vokabeln-grammatik\/le-conditionnel-present-auf-franzoesisch-einfach-erklaert\/#primaryimage"},"thumbnailUrl":"https:\/\/www.phase-6.de\/magazin\/wp-content\/uploads\/2021\/02\/Conditionnel-Pr\u00e9sent.jpg","articleSection":["Vokabeln &amp; Grammatik"],"inLanguage":"de"},{"@type":"WebPage","@id":"https:\/\/www.phase-6.de\/magazin\/rubriken\/vokabeln-grammatik\/le-conditionnel-present-auf-franzoesisch-einfach-erklaert\/","url":"https:\/\/www.phase-6.de\/magazin\/rubriken\/vokabeln-grammatik\/le-conditionnel-present-auf-franzoesisch-einfach-erklaert\/","name":"Le Conditionnel pr\u00e9sent auf Franz\u00f6sisch: Einfach erkl\u00e4rt! - phase6 Magazin","isPartOf":{"@id":"https:\/\/www.phase-6.de\/magazin\/#website"},"primaryImageOfPage":{"@id":"https:\/\/www.phase-6.de\/magazin\/rubriken\/vokabeln-grammatik\/le-conditionnel-present-auf-franzoesisch-einfach-erklaert\/#primaryimage"},"image":{"@id":"https:\/\/www.phase-6.de\/magazin\/rubriken\/vokabeln-grammatik\/le-conditionnel-present-auf-franzoesisch-einfach-erklaert\/#primaryimage"},"thumbnailUrl":"https:\/\/www.phase-6.de\/magazin\/wp-content\/uploads\/2021\/02\/Conditionnel-Pr\u00e9sent.jpg","datePublished":"2022-02-14T11:33:24+00:00","dateModified":"2026-03-03T10:21:33+00:00","description":"Du willst wissen, wie du den Conditionnel pr\u00e9sent auf Franz\u00f6sisch bildest? Erfahre hier alles zu Verwendung & Ausnahmen \u2013 erkl\u00e4rt in Beispiels\u00e4tzen.","breadcrumb":{"@id":"https:\/\/www.phase-6.de\/magazin\/rubriken\/vokabeln-grammatik\/le-conditionnel-present-auf-franzoesisch-einfach-erklaert\/#breadcrumb"},"inLanguage":"de","potentialAction":[{"@type":"ReadAction","target":["https:\/\/www.phase-6.de\/magazin\/rubriken\/vokabeln-grammatik\/le-conditionnel-present-auf-franzoesisch-einfach-erklaert\/"]}]},{"@type":"ImageObject","inLanguage":"de","@id":"https:\/\/www.phase-6.de\/magazin\/rubriken\/vokabeln-grammatik\/le-conditionnel-present-auf-franzoesisch-einfach-erklaert\/#primaryimage","url":"https:\/\/www.phase-6.de\/magazin\/wp-content\/uploads\/2021\/02\/Conditionnel-Pr\u00e9sent.jpg","contentUrl":"https:\/\/www.phase-6.de\/magazin\/wp-content\/uploads\/2021\/02\/Conditionnel-Pr\u00e9sent.jpg","width":1080,"height":675,"caption":"Bildung Conditionnel Pr\u00e9sent"},{"@type":"BreadcrumbList","@id":"https:\/\/www.phase-6.de\/magazin\/rubriken\/vokabeln-grammatik\/le-conditionnel-present-auf-franzoesisch-einfach-erklaert\/#breadcrumb","itemListElement":[{"@type":"ListItem","position":1,"name":"Startseite","item":"https:\/\/www.phase-6.de\/magazin\/"},{"@type":"ListItem","position":2,"name":"Le Conditionnel pr\u00e9sent auf Franz\u00f6sisch: Einfach erkl\u00e4rt!"}]},{"@type":"WebSite","@id":"https:\/\/www.phase-6.de\/magazin\/#website","url":"https:\/\/www.phase-6.de\/magazin\/","name":"phase6 Magazin","description":"Das Magazin f\u00fcr Sprache, Lernen &amp; Lehren","publisher":{"@id":"https:\/\/www.phase-6.de\/magazin\/#organization"},"potentialAction":[{"@type":"SearchAction","target":{"@type":"EntryPoint","urlTemplate":"https:\/\/www.phase-6.de\/magazin\/?s={search_term_string}"},"query-input":{"@type":"PropertyValueSpecification","valueRequired":true,"valueName":"search_term_string"}}],"inLanguage":"de"},{"@type":"Organization","@id":"https:\/\/www.phase-6.de\/magazin\/#organization","name":"phase-6 GmbH","url":"https:\/\/www.phase-6.de\/magazin\/","logo":{"@type":"ImageObject","inLanguage":"de","@id":"https:\/\/www.phase-6.de\/magazin\/#\/schema\/logo\/image\/","url":"https:\/\/www.phase-6.de\/magazin\/wp-content\/uploads\/2017\/07\/phase6_logo2017.png","contentUrl":"https:\/\/www.phase-6.de\/magazin\/wp-content\/uploads\/2017\/07\/phase6_logo2017.png","width":709,"height":200,"caption":"phase-6 GmbH"},"image":{"@id":"https:\/\/www.phase-6.de\/magazin\/#\/schema\/logo\/image\/"},"sameAs":["https:\/\/www.facebook.com\/phase6.de\/","https:\/\/de.wikipedia.org\/wiki\/Phase6"]},{"@type":"Person","@id":"https:\/\/www.phase-6.de\/magazin\/#\/schema\/person\/bf169c670c24011dd7cda54d8f8dcc23","name":"Elisa","url":"https:\/\/www.phase-6.de\/magazin\/author\/elisa\/"}]}},"_links":{"self":[{"href":"https:\/\/www.phase-6.de\/magazin\/wp-json\/wp\/v2\/posts\/11236","targetHints":{"allow":["GET"]}}],"collection":[{"href":"https:\/\/www.phase-6.de\/magazin\/wp-json\/wp\/v2\/posts"}],"about":[{"href":"https:\/\/www.phase-6.de\/magazin\/wp-json\/wp\/v2\/types\/post"}],"author":[{"embeddable":true,"href":"https:\/\/www.phase-6.de\/magazin\/wp-json\/wp\/v2\/users\/12"}],"replies":[{"embeddable":true,"href":"https:\/\/www.phase-6.de\/magazin\/wp-json\/wp\/v2\/comments?post=11236"}],"version-history":[{"count":0,"href":"https:\/\/www.phase-6.de\/magazin\/wp-json\/wp\/v2\/posts\/11236\/revisions"}],"wp:featuredmedia":[{"embeddable":true,"href":"https:\/\/www.phase-6.de\/magazin\/wp-json\/wp\/v2\/media\/11254"}],"wp:attachment":[{"href":"https:\/\/www.phase-6.de\/magazin\/wp-json\/wp\/v2\/media?parent=11236"}],"wp:term":[{"taxonomy":"category","embeddable":true,"href":"https:\/\/www.phase-6.de\/magazin\/wp-json\/wp\/v2\/categories?post=11236"},{"taxonomy":"post_tag","embeddable":true,"href":"https:\/\/www.phase-6.de\/magazin\/wp-json\/wp\/v2\/tags?post=11236"}],"curies":[{"name":"wp","href":"https:\/\/api.w.org\/{rel}","templated":true}]}}