{"id":1180,"date":"2015-06-17T12:04:11","date_gmt":"2015-06-17T12:04:11","guid":{"rendered":"https:\/\/www.phase-6.de\/magazin\/?p=1180"},"modified":"2022-05-25T10:31:27","modified_gmt":"2022-05-25T10:31:27","slug":"die-vier-faelle-der-kasus-im-deutschen","status":"publish","type":"post","link":"https:\/\/www.phase-6.de\/magazin\/rubriken\/vokabeln-und-grammatik\/die-vier-faelle-der-kasus-im-deutschen\/","title":{"rendered":"Die vier F\u00e4lle: Der Kasus im Deutschen"},"content":{"rendered":"<h2>Nominativ, Genitiv, Dativ und &#8230;?<\/h2>\n<p><span style=\"font-size: 16px;\">Der Dativ ist dem Genitiv sein Tod. Aber wer t\u00f6tet hier eigentlich wen? Wer schon immer mal wissen wollte, wie das mit den F\u00e4llen eigentlich funktioniert, und was es damit auf sich hat, ist hier richtig. Dieses Mal sehen wir uns die vier F\u00e4lle der deutschen Grammatik an und auch\u00a0die von anderen Sprachen.<\/span><\/p>\n<p>Vorab zur Erkl\u00e4rung: Jede Sprache geh\u00f6rt zu einer von zwei Kategorien, abh\u00e4ngig vom jeweiligen grammatischen System.<\/p>\n<ul>\n<li><strong>In<\/strong> <strong>analytischen Sprachen<\/strong> wie Englisch werden Pr\u00e4positionen oder die Position des Wortes im Satz genutzt, um die Rollen klar abzugrenzen.<\/li>\n<li><strong>In<\/strong> <strong>synthetischen Sprachen<\/strong> wie Deutsch oder Russisch werden Substantive beziehungsweise deren Artikel in ihrer Schreibweise ver\u00e4ndert, um anzuzeigen, welche Rolle sie im Satz \u00fcbernehmen.<\/li>\n<\/ul>\n<p>Mit anderen Worten: Synthetische Sprachen ver\u00e4ndern je nach Funktion die Worte an sich, w\u00e4hrend analytische Sprachen Funktionsw\u00f6rter hinzuf\u00fcgen. Zur Veranschaulichung ein Beispiel:<\/p>\n<div id=\"attachment_1182\" style=\"width: 919px\" class=\"wp-caption aligncenter\"><img aria-describedby=\"caption-attachment-1182\" loading=\"-\" decoding=\"async\" class=\"size-full wp-image-1182\" src=\"https:\/\/www.phase-6.de\/magazin\/wp-content\/uploads\/2017\/09\/zhtTGi2NLiFKTbB_HlCNG5kQTo5Rdbu3khu-nwc7JSvyGavKV5BOk3YBDu1WZVki47L_esKdjkWgTQPbu1-S2S46YWVtMLdvE3ZQ8XYi3h_gT5V8u4JZedgV6BUVKrJabOkKmQRB.png\" alt=\"Analytische und synthetische Sprachen\" width=\"909\" height=\"776\" srcset=\"https:\/\/www.phase-6.de\/magazin\/wp-content\/uploads\/2017\/09\/zhtTGi2NLiFKTbB_HlCNG5kQTo5Rdbu3khu-nwc7JSvyGavKV5BOk3YBDu1WZVki47L_esKdjkWgTQPbu1-S2S46YWVtMLdvE3ZQ8XYi3h_gT5V8u4JZedgV6BUVKrJabOkKmQRB.png 909w, https:\/\/www.phase-6.de\/magazin\/wp-content\/uploads\/2017\/09\/zhtTGi2NLiFKTbB_HlCNG5kQTo5Rdbu3khu-nwc7JSvyGavKV5BOk3YBDu1WZVki47L_esKdjkWgTQPbu1-S2S46YWVtMLdvE3ZQ8XYi3h_gT5V8u4JZedgV6BUVKrJabOkKmQRB-300x256.png 300w, https:\/\/www.phase-6.de\/magazin\/wp-content\/uploads\/2017\/09\/zhtTGi2NLiFKTbB_HlCNG5kQTo5Rdbu3khu-nwc7JSvyGavKV5BOk3YBDu1WZVki47L_esKdjkWgTQPbu1-S2S46YWVtMLdvE3ZQ8XYi3h_gT5V8u4JZedgV6BUVKrJabOkKmQRB-768x656.png 768w\" sizes=\"(max-width: 909px) 100vw, 909px\" \/><p id=\"caption-attachment-1182\" class=\"wp-caption-text\">Analytische und synthetische Sprachen<\/p><\/div>\n<p>Beachte bei dem Beispiel, dass es nur um die M\u00f6glichkeiten geht, die die grammatischen Systeme der Sprachen zulassen. Im nat\u00fcrlichen Sprachgebrauch ver\u00e4ndern wir auch im Deutschen die Position der Satzteile, um die Bedeutung zu \u00e4ndern, also \u201cDer Fuchs jagt den J\u00e4ger\u201d statt \u201cDen J\u00e4ger jagt der Fuchs\u201d.<br \/>\nDas Deutsche kennt in seinem Kasus-System vier grammatische F\u00e4lle: <strong>Nominativ, Genitiv, Dativ und Akkusativ<\/strong>.<\/p>\n<p>Der <strong>Nominativ<\/strong> ist eine Art Grundform. Das Subjekt des Satzes steht immer in diesem Fall und kann mit \u201cWer oder Was?\u201d erfragt werden. Der <strong>Genitiv<\/strong> zeigt Besitz oder Zugeh\u00f6rigkeit an und wird mit \u201cWessen?\u201d erfragt. Der <strong>Dativ<\/strong> taucht oft beim indirekten Objekt auf, kann aber auch andere Funktionen kennzeichnen. Um den Fall zu erkennen, fragt man \u201cWem?\u201d. W\u00f6rter im <strong>Akkusativ<\/strong> stehen h\u00e4ufig als direktes Objekt und sind bei maskulinen Substantiven in der Schreibweise nicht vom Nominativ zu unterscheiden. Man erfragt den Akkusativ mit \u201cWen oder Was?\u201d. Auch hier nochmal eine praktische Veranschaulichung:<\/p>\n<div id=\"attachment_1184\" style=\"width: 880px\" class=\"wp-caption aligncenter\"><img aria-describedby=\"caption-attachment-1184\" loading=\"-\" decoding=\"async\" class=\"size-full wp-image-1184\" src=\"https:\/\/www.phase-6.de\/magazin\/wp-content\/uploads\/2017\/09\/grao2.png\" alt=\"Die vier F\u00e4lle des Deutschen\" width=\"870\" height=\"681\" srcset=\"https:\/\/www.phase-6.de\/magazin\/wp-content\/uploads\/2017\/09\/grao2.png 870w, https:\/\/www.phase-6.de\/magazin\/wp-content\/uploads\/2017\/09\/grao2-300x235.png 300w, https:\/\/www.phase-6.de\/magazin\/wp-content\/uploads\/2017\/09\/grao2-768x601.png 768w\" sizes=\"(max-width: 870px) 100vw, 870px\" \/><p id=\"caption-attachment-1184\" class=\"wp-caption-text\">Die vier F\u00e4lle des Deutschen<\/p><\/div>\n<p>Der Dativ ist dem Genitiv sein Tod. Um auf das Anfangsbeispiel zur\u00fcckzukommen, wer t\u00f6tet denn nun wen? So wie der Satz steht, n\u00e4mlich im Genitiv, ist \u201cder Genitiv\u201d das Opfer und \u201cder Dativ\u201d der M\u00f6rder. Der Satz ist eine ironische Anspielung darauf, dass umgangssprachlich immer seltener der Genitiv und immer \u00f6fter der Dativ genutzt wird. Grammatisch korrekt m\u00fcsste der Satz im Genitiv stehen und lauten: Der Dativ ist der Tod des Genitivs.<\/p>\n<p>Gar nicht so einfach, diese F\u00e4lle! Aber zum Gl\u00fcck haben wir im Deutschen nur diese vier F\u00e4lle. Im Russischen dagegen werden sechs F\u00e4lle verwendet und im Polnischen sogar sieben. Neben den vier F\u00e4llen Nominativ, Genitiv, Dativ und Akkusativ gibt es im Russischen zus\u00e4tzlich den Instrumental und den Pr\u00e4positiv. Der Instrumental-Fall kann mit \u201cWodurch\/Womit?\u201d erfragt werden, der Pr\u00e4positiv mit \u201cWor\u00fcber\/Wovon?\u201d. Im Polnischen gibt es neben den bereits genannten F\u00e4llen zus\u00e4tzlich noch den Vokativ f\u00fcr Anreden und Berufsbezeichnungen.<\/p>\n<p>So, genug Grammatik f\u00fcr heute. Zum Abschluss hier noch ein Merksatz, der dir hilft, die F\u00e4lle richtig zu erkennen:<\/p>\n<p style=\"text-align: center;\"><span style=\"font-size: 14pt;\">\u201cDer G<strong>nom<\/strong> des <strong>Gen<\/strong>ies gibt <strong>Da<\/strong>vid den <strong>Akk<\/strong>u.\u201c<\/span><br \/>\n(gNOM = NOMinativ 1. Fall Wer? | GENie = Genitiv 2. Fall Wessen? | DAvid = Dativ 3. Fall Wem? | AKKU = Akkusativ 4. Fall Wen?)<\/p>\n","protected":false},"excerpt":{"rendered":"<p>Wer oder was? Wessen? Wem? Wen oder was? &#8211; Das sind die Fragen, mit welchen wir den korrekten Fall bzw. Kasus eines Satzgliedes bestimmen k\u00f6nnen. Wie das mit den vier F\u00e4llen im Deutschen funktioniert und welche Merkhilfen es gibt, erf\u00e4hrst du hier! <\/p>\n","protected":false},"author":11,"featured_media":8936,"comment_status":"closed","ping_status":"open","sticky":false,"template":"","format":"standard","meta":{"_acf_changed":false,"_yoast_wpseo_focuskw":"Die vier F\u00e4lle","_yoast_wpseo_title":"","_yoast_wpseo_metadesc":"Der Dativ ist dem Genitiv sein Tod. Aber wer t\u00f6tet hier eigentlich wen? Alles um die vier F\u00e4lle im Deutschen","_yoast_wpseo_canonical":"","_yoast_wpseo_opengraph-title":"","_yoast_wpseo_opengraph-description":"","_et_pb_use_builder":"","_et_pb_old_content":"","_et_gb_content_width":"","inline_featured_image":false,"footnotes":""},"categories":[66,68],"tags":[],"class_list":["post-1180","post","type-post","status-publish","format-standard","has-post-thumbnail","hentry","category-fakten-der-sprache","category-vokabeln-und-grammatik","et-has-post-format-content","et_post_format-et-post-format-standard"],"acf":[],"yoast_head":"<!-- This site is optimized with the Yoast SEO plugin v26.9 - https:\/\/yoast.com\/product\/yoast-seo-wordpress\/ -->\n<title>Die vier F\u00e4lle: Der Kasus im Deutschen - phase6 Magazin<\/title>\n<meta name=\"description\" content=\"Der Dativ ist dem Genitiv sein Tod. Aber wer t\u00f6tet hier eigentlich wen? Alles um die vier F\u00e4lle im Deutschen\" \/>\n<meta name=\"robots\" content=\"index, follow, max-snippet:-1, max-image-preview:large, max-video-preview:-1\" \/>\n<link rel=\"canonical\" href=\"https:\/\/www.phase-6.de\/magazin\/rubriken\/vokabeln-und-grammatik\/die-vier-faelle-der-kasus-im-deutschen\/\" \/>\n<meta property=\"og:locale\" content=\"de_DE\" \/>\n<meta property=\"og:type\" content=\"article\" \/>\n<meta property=\"og:title\" content=\"Die vier F\u00e4lle: Der Kasus im Deutschen - phase6 Magazin\" \/>\n<meta property=\"og:description\" content=\"Der Dativ ist dem Genitiv sein Tod. Aber wer t\u00f6tet hier eigentlich wen? Alles um die vier F\u00e4lle im Deutschen\" \/>\n<meta property=\"og:url\" content=\"https:\/\/www.phase-6.de\/magazin\/rubriken\/vokabeln-und-grammatik\/die-vier-faelle-der-kasus-im-deutschen\/\" \/>\n<meta property=\"og:site_name\" content=\"phase6 Magazin\" \/>\n<meta property=\"article:publisher\" content=\"https:\/\/www.facebook.com\/phase6.de\/\" \/>\n<meta property=\"article:published_time\" content=\"2015-06-17T12:04:11+00:00\" \/>\n<meta property=\"article:modified_time\" content=\"2022-05-25T10:31:27+00:00\" \/>\n<meta property=\"og:image\" content=\"https:\/\/www.phase-6.de\/magazin\/wp-content\/uploads\/2015\/06\/Vier_F\u00e4lle_Kasus_Deutsch.jpg\" \/>\n\t<meta property=\"og:image:width\" content=\"1080\" \/>\n\t<meta property=\"og:image:height\" content=\"675\" \/>\n\t<meta property=\"og:image:type\" content=\"image\/jpeg\" \/>\n<meta name=\"author\" content=\"Rebecca\" \/>\n<meta name=\"twitter:card\" content=\"summary_large_image\" \/>\n<meta name=\"twitter:label1\" content=\"Verfasst von\" \/>\n\t<meta name=\"twitter:data1\" content=\"Rebecca\" \/>\n\t<meta name=\"twitter:label2\" content=\"Gesch\u00e4tzte Lesezeit\" \/>\n\t<meta name=\"twitter:data2\" content=\"3\u00a0Minuten\" \/>\n<script type=\"application\/ld+json\" class=\"yoast-schema-graph\">{\"@context\":\"https:\/\/schema.org\",\"@graph\":[{\"@type\":\"Article\",\"@id\":\"https:\/\/www.phase-6.de\/magazin\/rubriken\/vokabeln-und-grammatik\/die-vier-faelle-der-kasus-im-deutschen\/#article\",\"isPartOf\":{\"@id\":\"https:\/\/www.phase-6.de\/magazin\/rubriken\/vokabeln-und-grammatik\/die-vier-faelle-der-kasus-im-deutschen\/\"},\"author\":{\"name\":\"Rebecca\",\"@id\":\"https:\/\/www.phase-6.de\/magazin\/#\/schema\/person\/c79e16a5e9f43034e7a9f1876f3e96d4\"},\"headline\":\"Die vier F\u00e4lle: Der Kasus im Deutschen\",\"datePublished\":\"2015-06-17T12:04:11+00:00\",\"dateModified\":\"2022-05-25T10:31:27+00:00\",\"mainEntityOfPage\":{\"@id\":\"https:\/\/www.phase-6.de\/magazin\/rubriken\/vokabeln-und-grammatik\/die-vier-faelle-der-kasus-im-deutschen\/\"},\"wordCount\":558,\"publisher\":{\"@id\":\"https:\/\/www.phase-6.de\/magazin\/#organization\"},\"image\":{\"@id\":\"https:\/\/www.phase-6.de\/magazin\/rubriken\/vokabeln-und-grammatik\/die-vier-faelle-der-kasus-im-deutschen\/#primaryimage\"},\"thumbnailUrl\":\"https:\/\/www.phase-6.de\/magazin\/wp-content\/uploads\/2015\/06\/Vier_F\u00e4lle_Kasus_Deutsch.jpg\",\"articleSection\":[\"Fakten der Sprache\",\"Vokabeln &amp; Grammatik\"],\"inLanguage\":\"de\"},{\"@type\":\"WebPage\",\"@id\":\"https:\/\/www.phase-6.de\/magazin\/rubriken\/vokabeln-und-grammatik\/die-vier-faelle-der-kasus-im-deutschen\/\",\"url\":\"https:\/\/www.phase-6.de\/magazin\/rubriken\/vokabeln-und-grammatik\/die-vier-faelle-der-kasus-im-deutschen\/\",\"name\":\"Die vier F\u00e4lle: Der Kasus im Deutschen - phase6 Magazin\",\"isPartOf\":{\"@id\":\"https:\/\/www.phase-6.de\/magazin\/#website\"},\"primaryImageOfPage\":{\"@id\":\"https:\/\/www.phase-6.de\/magazin\/rubriken\/vokabeln-und-grammatik\/die-vier-faelle-der-kasus-im-deutschen\/#primaryimage\"},\"image\":{\"@id\":\"https:\/\/www.phase-6.de\/magazin\/rubriken\/vokabeln-und-grammatik\/die-vier-faelle-der-kasus-im-deutschen\/#primaryimage\"},\"thumbnailUrl\":\"https:\/\/www.phase-6.de\/magazin\/wp-content\/uploads\/2015\/06\/Vier_F\u00e4lle_Kasus_Deutsch.jpg\",\"datePublished\":\"2015-06-17T12:04:11+00:00\",\"dateModified\":\"2022-05-25T10:31:27+00:00\",\"description\":\"Der Dativ ist dem Genitiv sein Tod. Aber wer t\u00f6tet hier eigentlich wen? Alles um die vier F\u00e4lle im Deutschen\",\"breadcrumb\":{\"@id\":\"https:\/\/www.phase-6.de\/magazin\/rubriken\/vokabeln-und-grammatik\/die-vier-faelle-der-kasus-im-deutschen\/#breadcrumb\"},\"inLanguage\":\"de\",\"potentialAction\":[{\"@type\":\"ReadAction\",\"target\":[\"https:\/\/www.phase-6.de\/magazin\/rubriken\/vokabeln-und-grammatik\/die-vier-faelle-der-kasus-im-deutschen\/\"]}]},{\"@type\":\"ImageObject\",\"inLanguage\":\"de\",\"@id\":\"https:\/\/www.phase-6.de\/magazin\/rubriken\/vokabeln-und-grammatik\/die-vier-faelle-der-kasus-im-deutschen\/#primaryimage\",\"url\":\"https:\/\/www.phase-6.de\/magazin\/wp-content\/uploads\/2015\/06\/Vier_F\u00e4lle_Kasus_Deutsch.jpg\",\"contentUrl\":\"https:\/\/www.phase-6.de\/magazin\/wp-content\/uploads\/2015\/06\/Vier_F\u00e4lle_Kasus_Deutsch.jpg\",\"width\":1080,\"height\":675,\"caption\":\"Die vier F\u00e4lle im Deutschen: Der Kasus\"},{\"@type\":\"BreadcrumbList\",\"@id\":\"https:\/\/www.phase-6.de\/magazin\/rubriken\/vokabeln-und-grammatik\/die-vier-faelle-der-kasus-im-deutschen\/#breadcrumb\",\"itemListElement\":[{\"@type\":\"ListItem\",\"position\":1,\"name\":\"Startseite\",\"item\":\"https:\/\/www.phase-6.de\/magazin\/\"},{\"@type\":\"ListItem\",\"position\":2,\"name\":\"Die vier F\u00e4lle: Der Kasus im Deutschen\"}]},{\"@type\":\"WebSite\",\"@id\":\"https:\/\/www.phase-6.de\/magazin\/#website\",\"url\":\"https:\/\/www.phase-6.de\/magazin\/\",\"name\":\"phase6 Magazin\",\"description\":\"Das Magazin f\u00fcr Sprache, Lernen &amp; Lehren\",\"publisher\":{\"@id\":\"https:\/\/www.phase-6.de\/magazin\/#organization\"},\"potentialAction\":[{\"@type\":\"SearchAction\",\"target\":{\"@type\":\"EntryPoint\",\"urlTemplate\":\"https:\/\/www.phase-6.de\/magazin\/?s={search_term_string}\"},\"query-input\":{\"@type\":\"PropertyValueSpecification\",\"valueRequired\":true,\"valueName\":\"search_term_string\"}}],\"inLanguage\":\"de\"},{\"@type\":\"Organization\",\"@id\":\"https:\/\/www.phase-6.de\/magazin\/#organization\",\"name\":\"phase-6 GmbH\",\"url\":\"https:\/\/www.phase-6.de\/magazin\/\",\"logo\":{\"@type\":\"ImageObject\",\"inLanguage\":\"de\",\"@id\":\"https:\/\/www.phase-6.de\/magazin\/#\/schema\/logo\/image\/\",\"url\":\"https:\/\/www.phase-6.de\/magazin\/wp-content\/uploads\/2017\/07\/phase6_logo2017.png\",\"contentUrl\":\"https:\/\/www.phase-6.de\/magazin\/wp-content\/uploads\/2017\/07\/phase6_logo2017.png\",\"width\":709,\"height\":200,\"caption\":\"phase-6 GmbH\"},\"image\":{\"@id\":\"https:\/\/www.phase-6.de\/magazin\/#\/schema\/logo\/image\/\"},\"sameAs\":[\"https:\/\/www.facebook.com\/phase6.de\/\",\"https:\/\/de.wikipedia.org\/wiki\/Phase6\"]},{\"@type\":\"Person\",\"@id\":\"https:\/\/www.phase-6.de\/magazin\/#\/schema\/person\/c79e16a5e9f43034e7a9f1876f3e96d4\",\"name\":\"Rebecca\",\"url\":\"https:\/\/www.phase-6.de\/magazin\/author\/rebecca\/\"}]}<\/script>\n<!-- \/ Yoast SEO plugin. -->","yoast_head_json":{"title":"Die vier F\u00e4lle: Der Kasus im Deutschen - phase6 Magazin","description":"Der Dativ ist dem Genitiv sein Tod. Aber wer t\u00f6tet hier eigentlich wen? Alles um die vier F\u00e4lle im Deutschen","robots":{"index":"index","follow":"follow","max-snippet":"max-snippet:-1","max-image-preview":"max-image-preview:large","max-video-preview":"max-video-preview:-1"},"canonical":"https:\/\/www.phase-6.de\/magazin\/rubriken\/vokabeln-und-grammatik\/die-vier-faelle-der-kasus-im-deutschen\/","og_locale":"de_DE","og_type":"article","og_title":"Die vier F\u00e4lle: Der Kasus im Deutschen - phase6 Magazin","og_description":"Der Dativ ist dem Genitiv sein Tod. Aber wer t\u00f6tet hier eigentlich wen? Alles um die vier F\u00e4lle im Deutschen","og_url":"https:\/\/www.phase-6.de\/magazin\/rubriken\/vokabeln-und-grammatik\/die-vier-faelle-der-kasus-im-deutschen\/","og_site_name":"phase6 Magazin","article_publisher":"https:\/\/www.facebook.com\/phase6.de\/","article_published_time":"2015-06-17T12:04:11+00:00","article_modified_time":"2022-05-25T10:31:27+00:00","og_image":[{"width":1080,"height":675,"url":"https:\/\/www.phase-6.de\/magazin\/wp-content\/uploads\/2015\/06\/Vier_F\u00e4lle_Kasus_Deutsch.jpg","type":"image\/jpeg"}],"author":"Rebecca","twitter_card":"summary_large_image","twitter_misc":{"Verfasst von":"Rebecca","Gesch\u00e4tzte Lesezeit":"3\u00a0Minuten"},"schema":{"@context":"https:\/\/schema.org","@graph":[{"@type":"Article","@id":"https:\/\/www.phase-6.de\/magazin\/rubriken\/vokabeln-und-grammatik\/die-vier-faelle-der-kasus-im-deutschen\/#article","isPartOf":{"@id":"https:\/\/www.phase-6.de\/magazin\/rubriken\/vokabeln-und-grammatik\/die-vier-faelle-der-kasus-im-deutschen\/"},"author":{"name":"Rebecca","@id":"https:\/\/www.phase-6.de\/magazin\/#\/schema\/person\/c79e16a5e9f43034e7a9f1876f3e96d4"},"headline":"Die vier F\u00e4lle: Der Kasus im Deutschen","datePublished":"2015-06-17T12:04:11+00:00","dateModified":"2022-05-25T10:31:27+00:00","mainEntityOfPage":{"@id":"https:\/\/www.phase-6.de\/magazin\/rubriken\/vokabeln-und-grammatik\/die-vier-faelle-der-kasus-im-deutschen\/"},"wordCount":558,"publisher":{"@id":"https:\/\/www.phase-6.de\/magazin\/#organization"},"image":{"@id":"https:\/\/www.phase-6.de\/magazin\/rubriken\/vokabeln-und-grammatik\/die-vier-faelle-der-kasus-im-deutschen\/#primaryimage"},"thumbnailUrl":"https:\/\/www.phase-6.de\/magazin\/wp-content\/uploads\/2015\/06\/Vier_F\u00e4lle_Kasus_Deutsch.jpg","articleSection":["Fakten der Sprache","Vokabeln &amp; Grammatik"],"inLanguage":"de"},{"@type":"WebPage","@id":"https:\/\/www.phase-6.de\/magazin\/rubriken\/vokabeln-und-grammatik\/die-vier-faelle-der-kasus-im-deutschen\/","url":"https:\/\/www.phase-6.de\/magazin\/rubriken\/vokabeln-und-grammatik\/die-vier-faelle-der-kasus-im-deutschen\/","name":"Die vier F\u00e4lle: Der Kasus im Deutschen - phase6 Magazin","isPartOf":{"@id":"https:\/\/www.phase-6.de\/magazin\/#website"},"primaryImageOfPage":{"@id":"https:\/\/www.phase-6.de\/magazin\/rubriken\/vokabeln-und-grammatik\/die-vier-faelle-der-kasus-im-deutschen\/#primaryimage"},"image":{"@id":"https:\/\/www.phase-6.de\/magazin\/rubriken\/vokabeln-und-grammatik\/die-vier-faelle-der-kasus-im-deutschen\/#primaryimage"},"thumbnailUrl":"https:\/\/www.phase-6.de\/magazin\/wp-content\/uploads\/2015\/06\/Vier_F\u00e4lle_Kasus_Deutsch.jpg","datePublished":"2015-06-17T12:04:11+00:00","dateModified":"2022-05-25T10:31:27+00:00","description":"Der Dativ ist dem Genitiv sein Tod. Aber wer t\u00f6tet hier eigentlich wen? Alles um die vier F\u00e4lle im Deutschen","breadcrumb":{"@id":"https:\/\/www.phase-6.de\/magazin\/rubriken\/vokabeln-und-grammatik\/die-vier-faelle-der-kasus-im-deutschen\/#breadcrumb"},"inLanguage":"de","potentialAction":[{"@type":"ReadAction","target":["https:\/\/www.phase-6.de\/magazin\/rubriken\/vokabeln-und-grammatik\/die-vier-faelle-der-kasus-im-deutschen\/"]}]},{"@type":"ImageObject","inLanguage":"de","@id":"https:\/\/www.phase-6.de\/magazin\/rubriken\/vokabeln-und-grammatik\/die-vier-faelle-der-kasus-im-deutschen\/#primaryimage","url":"https:\/\/www.phase-6.de\/magazin\/wp-content\/uploads\/2015\/06\/Vier_F\u00e4lle_Kasus_Deutsch.jpg","contentUrl":"https:\/\/www.phase-6.de\/magazin\/wp-content\/uploads\/2015\/06\/Vier_F\u00e4lle_Kasus_Deutsch.jpg","width":1080,"height":675,"caption":"Die vier F\u00e4lle im Deutschen: Der Kasus"},{"@type":"BreadcrumbList","@id":"https:\/\/www.phase-6.de\/magazin\/rubriken\/vokabeln-und-grammatik\/die-vier-faelle-der-kasus-im-deutschen\/#breadcrumb","itemListElement":[{"@type":"ListItem","position":1,"name":"Startseite","item":"https:\/\/www.phase-6.de\/magazin\/"},{"@type":"ListItem","position":2,"name":"Die vier F\u00e4lle: Der Kasus im Deutschen"}]},{"@type":"WebSite","@id":"https:\/\/www.phase-6.de\/magazin\/#website","url":"https:\/\/www.phase-6.de\/magazin\/","name":"phase6 Magazin","description":"Das Magazin f\u00fcr Sprache, Lernen &amp; Lehren","publisher":{"@id":"https:\/\/www.phase-6.de\/magazin\/#organization"},"potentialAction":[{"@type":"SearchAction","target":{"@type":"EntryPoint","urlTemplate":"https:\/\/www.phase-6.de\/magazin\/?s={search_term_string}"},"query-input":{"@type":"PropertyValueSpecification","valueRequired":true,"valueName":"search_term_string"}}],"inLanguage":"de"},{"@type":"Organization","@id":"https:\/\/www.phase-6.de\/magazin\/#organization","name":"phase-6 GmbH","url":"https:\/\/www.phase-6.de\/magazin\/","logo":{"@type":"ImageObject","inLanguage":"de","@id":"https:\/\/www.phase-6.de\/magazin\/#\/schema\/logo\/image\/","url":"https:\/\/www.phase-6.de\/magazin\/wp-content\/uploads\/2017\/07\/phase6_logo2017.png","contentUrl":"https:\/\/www.phase-6.de\/magazin\/wp-content\/uploads\/2017\/07\/phase6_logo2017.png","width":709,"height":200,"caption":"phase-6 GmbH"},"image":{"@id":"https:\/\/www.phase-6.de\/magazin\/#\/schema\/logo\/image\/"},"sameAs":["https:\/\/www.facebook.com\/phase6.de\/","https:\/\/de.wikipedia.org\/wiki\/Phase6"]},{"@type":"Person","@id":"https:\/\/www.phase-6.de\/magazin\/#\/schema\/person\/c79e16a5e9f43034e7a9f1876f3e96d4","name":"Rebecca","url":"https:\/\/www.phase-6.de\/magazin\/author\/rebecca\/"}]}},"_links":{"self":[{"href":"https:\/\/www.phase-6.de\/magazin\/wp-json\/wp\/v2\/posts\/1180","targetHints":{"allow":["GET"]}}],"collection":[{"href":"https:\/\/www.phase-6.de\/magazin\/wp-json\/wp\/v2\/posts"}],"about":[{"href":"https:\/\/www.phase-6.de\/magazin\/wp-json\/wp\/v2\/types\/post"}],"author":[{"embeddable":true,"href":"https:\/\/www.phase-6.de\/magazin\/wp-json\/wp\/v2\/users\/11"}],"replies":[{"embeddable":true,"href":"https:\/\/www.phase-6.de\/magazin\/wp-json\/wp\/v2\/comments?post=1180"}],"version-history":[{"count":0,"href":"https:\/\/www.phase-6.de\/magazin\/wp-json\/wp\/v2\/posts\/1180\/revisions"}],"wp:featuredmedia":[{"embeddable":true,"href":"https:\/\/www.phase-6.de\/magazin\/wp-json\/wp\/v2\/media\/8936"}],"wp:attachment":[{"href":"https:\/\/www.phase-6.de\/magazin\/wp-json\/wp\/v2\/media?parent=1180"}],"wp:term":[{"taxonomy":"category","embeddable":true,"href":"https:\/\/www.phase-6.de\/magazin\/wp-json\/wp\/v2\/categories?post=1180"},{"taxonomy":"post_tag","embeddable":true,"href":"https:\/\/www.phase-6.de\/magazin\/wp-json\/wp\/v2\/tags?post=1180"}],"curies":[{"name":"wp","href":"https:\/\/api.w.org\/{rel}","templated":true}]}}