{"id":1192,"date":"2015-09-16T12:35:14","date_gmt":"2015-09-16T12:35:14","guid":{"rendered":"https:\/\/www.phase-6.de\/magazin\/?p=1192"},"modified":"2020-09-28T15:30:54","modified_gmt":"2020-09-28T15:30:54","slug":"tag-der-deutschen-sprache-11-fakten-zum-deutschen","status":"publish","type":"post","link":"https:\/\/www.phase-6.de\/magazin\/rubriken\/fakten-der-sprache\/tag-der-deutschen-sprache-11-fakten-zum-deutschen\/","title":{"rendered":"11 Fakten zur deutschen Sprache"},"content":{"rendered":"<p>Der Tag der deutschen Sprache, der j\u00e4hrlich am zweiten September-Samstag stattfindet, wurde 2001 vom Verein Deutsche Sprache e.V. ins Leben gerufen und wird seitdem jedes Jahr aufs Neue zelebriert. Die Idee dahinter war, Sprachbewusstsein zu schaffen und zu festigen. Ganz in diesem Sinne verraten wir euch heute 11 Fakten zur deutschen Sprachen, die ihr vielleicht noch nicht wusstet.<\/p>\n<ol>\n<li><strong>Deutsch ist weiblich<\/strong>. Laut Duden haben 46% aller deutschen Substantive den weiblichen Artikel \u201cdie\u201d. Damit liegen sie vor den m\u00e4nnlichen Substantiven (34%) und den s\u00e4chlichen Nomen (20%).<\/li>\n<li><strong>Das erste deutsche W\u00f6rterbuch<\/strong> stammt von zwei Br\u00fcdern, die f\u00fcr etwas anderes ber\u00fchmt sind: die Gebr\u00fcder Grimm, die viele bekannte Hausm\u00e4rchen gesammelt haben. Im Jahr 1838 begannen sie in Berlin, W\u00f6rter f\u00fcr das erste deutsche W\u00f6rterbuch zu sammeln. Der erste Band \u201cA \u2013 Biermolke\u201d erschien 1854.<\/li>\n<li><strong>Im Deutschen gibt es viele verschiedene Homonyme<\/strong>. Ein Homonym ist ein Wort, das in der gleichen Schreibweise oder gleichen Aussprache f\u00fcr verschiedene Bedeutungen steht. Man unterscheidet hier zwischen homographen und homophonen W\u00f6rtern. Homographe W\u00f6rter werden gleich geschrieben, aber anders ausgesprochen, je nach Bedeutung, zum Beispiel bezeichnet AuGUST den Monat, AUgust ist ein m\u00e4nnlicher Vorname. Homophone W\u00f6rter werden gleich ausgesprochen, haben aber unterschiedliche Schreibweisen und unterschiedliche Bedeutungen. Bekannte Beispiele daf\u00fcr sind Rad \u2013 Rat oder Meer \u2013 mehr.<\/li>\n<li><strong>Das aktuell l\u00e4ngste deutsche Wort<\/strong> im Duden hat 67 Buchstaben: Grundst\u00fccksverkehrsgenehmigungszust\u00e4ndigkeits\u00fcbertragungsverordnung. Es gibt \u00fcbrigens kein deutsches Wort, das mehr als f\u00fcnf aufeinanderfolgende Vokale beinhaltet. Beispiele f\u00fcr solche Konstruktionen sind <em>Bioeier, Niveauausgleich <\/em>oder<em> Treueeid.<\/em><\/li>\n<li><strong>Die durchschnittliche L\u00e4nge eines deutschen Wortes<\/strong> liegt laut Duden aktuell bei 10,6 Buchstaben. Dieser relativ hohe Wert ergibt sich aus den vielen zusammengesetzten W\u00f6rtern, die als Stichworte im Duden verzeichnet sind und als Berechnungsgrundlage dienten.<img loading=\"-\" decoding=\"async\" class=\" wp-image-5381 alignright\" src=\"https:\/\/www.phase-6.de\/magazin\/wp-content\/uploads\/2015\/09\/fakten-deutsch-300x186.jpg\" alt=\"deutsche sprache, schwere sprache\" width=\"345\" height=\"214\" srcset=\"https:\/\/www.phase-6.de\/magazin\/wp-content\/uploads\/2015\/09\/fakten-deutsch-300x186.jpg 300w, https:\/\/www.phase-6.de\/magazin\/wp-content\/uploads\/2015\/09\/fakten-deutsch.jpg 485w\" sizes=\"(max-width: 345px) 100vw, 345px\" \/><\/li>\n<li><strong>In welcher Reihenfolge die Buchstaben in einem Wort stehen<\/strong>, ist mehreren Experimenten zufolge egal: Damit unser Gehirn die Worte richtig wahrnimmt, m\u00fcssen nur der erste und der letzte Buchstabe an der richtigen Stelle stehen. Das tseten wir gieclh mal: Die Bcushtbaen in desiem Staz snid flcash grodenet.<\/li>\n<li><strong>Der Buchstabe, der am h\u00e4ufigsten in deutschen W\u00f6rtern verwendet wird<\/strong> ist das E mit ca. 17,4%, der seltenste das Q mit 0,02%. Wenn du das n\u00e4chste Mal bei dem Spiel W\u00f6rterraten oder \u201cGalgenm\u00e4nnchen\u201d gewinnen willst, beginne mit den folgenden Buchstaben in der gleichen Reihenfolge: E-N-I-S-R-A-T. In dieser Abfolge kommen die Buchstaben am h\u00e4ufigsten in deutschen Worten vor.<\/li>\n<li><strong>Im Durchschnitt verspricht sich ein deutscher Sprecher<\/strong> einmal in 1000 W\u00f6rtern. Bei einer durchschnittlichen Sprechgeschwindigkeit von 120 bis 150 Worten in der Minute versprechen wir uns also etwa alle 10 Minuten.<\/li>\n<li><strong>Es gibt landesweit mindestens 350 bekannte regionale Bezeichnungen<\/strong> f\u00fcr das Anfangs- oder Endst\u00fcck eines Brotlaibes. Unter anderem wird das St\u00fcck Kanten, Knust, B\u00e4\u00e4tsch, Fietze, Gnuscht, Rindl oder R\u00e4nftchen genannt.<\/li>\n<li><strong>Deutsch gilt als beschreibende Sprache<\/strong>. Das bedeutet, dass in den W\u00f6rtern selbst oft schon die Funktionsweise, der Zweck oder die Besonderheiten der Bedeutung zu erkennen sind. Beispielsweise ist ein Breitmaulnashorn ein Nashorn mit einem besonders breiten Maul und eine Spaltaxt ist eine Axt, die zum Spalten verwendet wird.<\/li>\n<li><strong>Die deutsche Sprache wird in verschiedenen Medien h\u00e4ufig verwendet<\/strong>. So werden beispielsweise au\u00dferhalb des deutschen Sprachraums mehr als 3.000 deutschsprachige Zeitungen, Zeitschriften, Fernseh- und Radioprogramme produziert. Zudem z\u00e4hlt die deutschsprachige Wikipedia derzeit 1.854.052 Artikel. Damit liegt sie hinter der englischsprachigen und der schwedischen Wikipedia auf dem weltweit dritten Platz.<\/li>\n<\/ol>\n<p><span style=\"font-size: 14pt;\">Wie ihr seht, ist die deutsche Sprache nicht nur au\u00dferhalb Deutschlands sehr verbreitet, sondern zudem sehr interessant und vielf\u00e4ltig!<\/span><\/p>\n<p>Du m\u00f6chtest noch mehr spannende Sprachfakten kennenlernen? Dann schau dir die sprachlichen <a href=\"https:\/\/www.phase-6.de\/magazin\/rubriken\/fakten-der-sprache\/was-steckt-hinter-meinen-englischvokabeln\/\"><span style=\"color: #fc7c00;\">Besonderheiten der englischen Sprache<\/span><\/a> an oder lies \u00fcber die <a href=\"https:\/\/www.phase-6.de\/magazin\/rubriken\/fakten-der-sprache\/franzoesisch-vokabeln-pauken-lohnt-sich\/\"><span style=\"color: #fc7c00;\">Eigenheiten des Franz\u00f6sischen<\/span><\/a> im phase6 Magazin!<\/p>\n<p style=\"text-align: center;\">Quellen: <a href=\"http:\/\/www.bild.de\/ratgeber\/2012\/sprachwissenschaften\/deutsche-sprache-ist-weiblich-zehn-fakten-26070688.bild.html\" target=\"_blank\" rel=\"noopener noreferrer\">[1]<\/a> <a href=\"http:\/\/www.deutschlehrerboerse.de\/?page=deutschfakten\" target=\"_blank\" rel=\"noopener noreferrer\">[2]<\/a> <a href=\"https:\/\/de.wikipedia.org\/wiki\/Buchstabenh%C3%A4ufigkeit\" target=\"_blank\" rel=\"noopener noreferrer\">[3]<\/a> <a href=\"https:\/\/de.wikipedia.org\/wiki\/Kanten\" target=\"_blank\" rel=\"noopener noreferrer\">[4]<\/a> <a href=\"http:\/\/www.duden.de\/sprachwissen\/sprachratgeber\/durchschnittliche-laenge-eines-deutschen-wortes\" target=\"_blank\" rel=\"noopener noreferrer\">[5] <\/a><a href=\"https:\/\/de.wikipedia.org\/wiki\/Deutschsprachige_Wikipedia\" target=\"_blank\" rel=\"noopener noreferrer\">[6]<\/a><\/p>\n","protected":false},"excerpt":{"rendered":"<p>Seit 2001 gibt es den Tag der deutschen Sprache, um das allgemeine Sprachbewusstsein zu vertiefen und zu festigen. Ganz in diesem Sinne verraten wir euch in diesem Beitrag 11 spannende Fakten zur deutschen Sprache, die ihr vielleicht noch nicht wusstet!<\/p>\n","protected":false},"author":11,"featured_media":6508,"comment_status":"closed","ping_status":"open","sticky":false,"template":"","format":"standard","meta":{"_acf_changed":false,"_yoast_wpseo_focuskw":"11 Fakten zum Deutschen","_yoast_wpseo_title":"","_yoast_wpseo_metadesc":"Die Deutsch? Ja, die deutsche Sprache ist weiblich und richtig doll interessant! Zum Tag der deutschen Sprache erfahrt ihr hier 11 unumst\u00f6\u00dfliche Fakten.","_yoast_wpseo_canonical":"","_yoast_wpseo_opengraph-title":"","_yoast_wpseo_opengraph-description":"","_et_pb_use_builder":"","_et_pb_old_content":"","_et_gb_content_width":"","inline_featured_image":false,"footnotes":""},"categories":[66],"tags":[],"class_list":["post-1192","post","type-post","status-publish","format-standard","has-post-thumbnail","hentry","category-fakten-der-sprache","et-has-post-format-content","et_post_format-et-post-format-standard"],"acf":[],"yoast_head":"<!-- This site is optimized with the Yoast SEO plugin v26.9 - https:\/\/yoast.com\/product\/yoast-seo-wordpress\/ -->\n<title>11 Fakten zur deutschen Sprache - phase6 Magazin<\/title>\n<meta name=\"description\" content=\"Die Deutsch? Ja, die deutsche Sprache ist weiblich und richtig doll interessant! Zum Tag der deutschen Sprache erfahrt ihr hier 11 unumst\u00f6\u00dfliche Fakten.\" \/>\n<meta name=\"robots\" content=\"index, follow, max-snippet:-1, max-image-preview:large, max-video-preview:-1\" \/>\n<link rel=\"canonical\" href=\"https:\/\/www.phase-6.de\/magazin\/rubriken\/fakten-der-sprache\/tag-der-deutschen-sprache-11-fakten-zum-deutschen\/\" \/>\n<meta property=\"og:locale\" content=\"de_DE\" \/>\n<meta property=\"og:type\" content=\"article\" \/>\n<meta property=\"og:title\" content=\"11 Fakten zur deutschen Sprache - phase6 Magazin\" \/>\n<meta property=\"og:description\" content=\"Die Deutsch? Ja, die deutsche Sprache ist weiblich und richtig doll interessant! Zum Tag der deutschen Sprache erfahrt ihr hier 11 unumst\u00f6\u00dfliche Fakten.\" \/>\n<meta property=\"og:url\" content=\"https:\/\/www.phase-6.de\/magazin\/rubriken\/fakten-der-sprache\/tag-der-deutschen-sprache-11-fakten-zum-deutschen\/\" \/>\n<meta property=\"og:site_name\" content=\"phase6 Magazin\" \/>\n<meta property=\"article:publisher\" content=\"https:\/\/www.facebook.com\/phase6.de\/\" \/>\n<meta property=\"article:published_time\" content=\"2015-09-16T12:35:14+00:00\" \/>\n<meta property=\"article:modified_time\" content=\"2020-09-28T15:30:54+00:00\" \/>\n<meta property=\"og:image\" content=\"https:\/\/www.phase-6.de\/magazin\/wp-content\/uploads\/2015\/09\/fakten_deutsche_sprache.jpg\" \/>\n\t<meta property=\"og:image:width\" content=\"1080\" \/>\n\t<meta property=\"og:image:height\" content=\"675\" \/>\n\t<meta property=\"og:image:type\" content=\"image\/jpeg\" \/>\n<meta name=\"author\" content=\"Rebecca\" \/>\n<meta name=\"twitter:card\" content=\"summary_large_image\" \/>\n<meta name=\"twitter:label1\" content=\"Verfasst von\" \/>\n\t<meta name=\"twitter:data1\" content=\"Rebecca\" \/>\n\t<meta name=\"twitter:label2\" content=\"Gesch\u00e4tzte Lesezeit\" \/>\n\t<meta name=\"twitter:data2\" content=\"3\u00a0Minuten\" \/>\n<script type=\"application\/ld+json\" class=\"yoast-schema-graph\">{\"@context\":\"https:\/\/schema.org\",\"@graph\":[{\"@type\":\"Article\",\"@id\":\"https:\/\/www.phase-6.de\/magazin\/rubriken\/fakten-der-sprache\/tag-der-deutschen-sprache-11-fakten-zum-deutschen\/#article\",\"isPartOf\":{\"@id\":\"https:\/\/www.phase-6.de\/magazin\/rubriken\/fakten-der-sprache\/tag-der-deutschen-sprache-11-fakten-zum-deutschen\/\"},\"author\":{\"name\":\"Rebecca\",\"@id\":\"https:\/\/www.phase-6.de\/magazin\/#\/schema\/person\/c79e16a5e9f43034e7a9f1876f3e96d4\"},\"headline\":\"11 Fakten zur deutschen Sprache\",\"datePublished\":\"2015-09-16T12:35:14+00:00\",\"dateModified\":\"2020-09-28T15:30:54+00:00\",\"mainEntityOfPage\":{\"@id\":\"https:\/\/www.phase-6.de\/magazin\/rubriken\/fakten-der-sprache\/tag-der-deutschen-sprache-11-fakten-zum-deutschen\/\"},\"wordCount\":615,\"publisher\":{\"@id\":\"https:\/\/www.phase-6.de\/magazin\/#organization\"},\"image\":{\"@id\":\"https:\/\/www.phase-6.de\/magazin\/rubriken\/fakten-der-sprache\/tag-der-deutschen-sprache-11-fakten-zum-deutschen\/#primaryimage\"},\"thumbnailUrl\":\"https:\/\/www.phase-6.de\/magazin\/wp-content\/uploads\/2015\/09\/fakten_deutsche_sprache.jpg\",\"articleSection\":[\"Fakten der Sprache\"],\"inLanguage\":\"de\"},{\"@type\":\"WebPage\",\"@id\":\"https:\/\/www.phase-6.de\/magazin\/rubriken\/fakten-der-sprache\/tag-der-deutschen-sprache-11-fakten-zum-deutschen\/\",\"url\":\"https:\/\/www.phase-6.de\/magazin\/rubriken\/fakten-der-sprache\/tag-der-deutschen-sprache-11-fakten-zum-deutschen\/\",\"name\":\"11 Fakten zur deutschen Sprache - phase6 Magazin\",\"isPartOf\":{\"@id\":\"https:\/\/www.phase-6.de\/magazin\/#website\"},\"primaryImageOfPage\":{\"@id\":\"https:\/\/www.phase-6.de\/magazin\/rubriken\/fakten-der-sprache\/tag-der-deutschen-sprache-11-fakten-zum-deutschen\/#primaryimage\"},\"image\":{\"@id\":\"https:\/\/www.phase-6.de\/magazin\/rubriken\/fakten-der-sprache\/tag-der-deutschen-sprache-11-fakten-zum-deutschen\/#primaryimage\"},\"thumbnailUrl\":\"https:\/\/www.phase-6.de\/magazin\/wp-content\/uploads\/2015\/09\/fakten_deutsche_sprache.jpg\",\"datePublished\":\"2015-09-16T12:35:14+00:00\",\"dateModified\":\"2020-09-28T15:30:54+00:00\",\"description\":\"Die Deutsch? Ja, die deutsche Sprache ist weiblich und richtig doll interessant! Zum Tag der deutschen Sprache erfahrt ihr hier 11 unumst\u00f6\u00dfliche Fakten.\",\"breadcrumb\":{\"@id\":\"https:\/\/www.phase-6.de\/magazin\/rubriken\/fakten-der-sprache\/tag-der-deutschen-sprache-11-fakten-zum-deutschen\/#breadcrumb\"},\"inLanguage\":\"de\",\"potentialAction\":[{\"@type\":\"ReadAction\",\"target\":[\"https:\/\/www.phase-6.de\/magazin\/rubriken\/fakten-der-sprache\/tag-der-deutschen-sprache-11-fakten-zum-deutschen\/\"]}]},{\"@type\":\"ImageObject\",\"inLanguage\":\"de\",\"@id\":\"https:\/\/www.phase-6.de\/magazin\/rubriken\/fakten-der-sprache\/tag-der-deutschen-sprache-11-fakten-zum-deutschen\/#primaryimage\",\"url\":\"https:\/\/www.phase-6.de\/magazin\/wp-content\/uploads\/2015\/09\/fakten_deutsche_sprache.jpg\",\"contentUrl\":\"https:\/\/www.phase-6.de\/magazin\/wp-content\/uploads\/2015\/09\/fakten_deutsche_sprache.jpg\",\"width\":1080,\"height\":675,\"caption\":\"Fakten deutsche Sprache\"},{\"@type\":\"BreadcrumbList\",\"@id\":\"https:\/\/www.phase-6.de\/magazin\/rubriken\/fakten-der-sprache\/tag-der-deutschen-sprache-11-fakten-zum-deutschen\/#breadcrumb\",\"itemListElement\":[{\"@type\":\"ListItem\",\"position\":1,\"name\":\"Startseite\",\"item\":\"https:\/\/www.phase-6.de\/magazin\/\"},{\"@type\":\"ListItem\",\"position\":2,\"name\":\"11 Fakten zur deutschen Sprache\"}]},{\"@type\":\"WebSite\",\"@id\":\"https:\/\/www.phase-6.de\/magazin\/#website\",\"url\":\"https:\/\/www.phase-6.de\/magazin\/\",\"name\":\"phase6 Magazin\",\"description\":\"Das Magazin f\u00fcr Sprache, Lernen &amp; Lehren\",\"publisher\":{\"@id\":\"https:\/\/www.phase-6.de\/magazin\/#organization\"},\"potentialAction\":[{\"@type\":\"SearchAction\",\"target\":{\"@type\":\"EntryPoint\",\"urlTemplate\":\"https:\/\/www.phase-6.de\/magazin\/?s={search_term_string}\"},\"query-input\":{\"@type\":\"PropertyValueSpecification\",\"valueRequired\":true,\"valueName\":\"search_term_string\"}}],\"inLanguage\":\"de\"},{\"@type\":\"Organization\",\"@id\":\"https:\/\/www.phase-6.de\/magazin\/#organization\",\"name\":\"phase-6 GmbH\",\"url\":\"https:\/\/www.phase-6.de\/magazin\/\",\"logo\":{\"@type\":\"ImageObject\",\"inLanguage\":\"de\",\"@id\":\"https:\/\/www.phase-6.de\/magazin\/#\/schema\/logo\/image\/\",\"url\":\"https:\/\/www.phase-6.de\/magazin\/wp-content\/uploads\/2017\/07\/phase6_logo2017.png\",\"contentUrl\":\"https:\/\/www.phase-6.de\/magazin\/wp-content\/uploads\/2017\/07\/phase6_logo2017.png\",\"width\":709,\"height\":200,\"caption\":\"phase-6 GmbH\"},\"image\":{\"@id\":\"https:\/\/www.phase-6.de\/magazin\/#\/schema\/logo\/image\/\"},\"sameAs\":[\"https:\/\/www.facebook.com\/phase6.de\/\",\"https:\/\/de.wikipedia.org\/wiki\/Phase6\"]},{\"@type\":\"Person\",\"@id\":\"https:\/\/www.phase-6.de\/magazin\/#\/schema\/person\/c79e16a5e9f43034e7a9f1876f3e96d4\",\"name\":\"Rebecca\",\"url\":\"https:\/\/www.phase-6.de\/magazin\/author\/rebecca\/\"}]}<\/script>\n<!-- \/ Yoast SEO plugin. -->","yoast_head_json":{"title":"11 Fakten zur deutschen Sprache - phase6 Magazin","description":"Die Deutsch? Ja, die deutsche Sprache ist weiblich und richtig doll interessant! Zum Tag der deutschen Sprache erfahrt ihr hier 11 unumst\u00f6\u00dfliche Fakten.","robots":{"index":"index","follow":"follow","max-snippet":"max-snippet:-1","max-image-preview":"max-image-preview:large","max-video-preview":"max-video-preview:-1"},"canonical":"https:\/\/www.phase-6.de\/magazin\/rubriken\/fakten-der-sprache\/tag-der-deutschen-sprache-11-fakten-zum-deutschen\/","og_locale":"de_DE","og_type":"article","og_title":"11 Fakten zur deutschen Sprache - phase6 Magazin","og_description":"Die Deutsch? Ja, die deutsche Sprache ist weiblich und richtig doll interessant! Zum Tag der deutschen Sprache erfahrt ihr hier 11 unumst\u00f6\u00dfliche Fakten.","og_url":"https:\/\/www.phase-6.de\/magazin\/rubriken\/fakten-der-sprache\/tag-der-deutschen-sprache-11-fakten-zum-deutschen\/","og_site_name":"phase6 Magazin","article_publisher":"https:\/\/www.facebook.com\/phase6.de\/","article_published_time":"2015-09-16T12:35:14+00:00","article_modified_time":"2020-09-28T15:30:54+00:00","og_image":[{"width":1080,"height":675,"url":"https:\/\/www.phase-6.de\/magazin\/wp-content\/uploads\/2015\/09\/fakten_deutsche_sprache.jpg","type":"image\/jpeg"}],"author":"Rebecca","twitter_card":"summary_large_image","twitter_misc":{"Verfasst von":"Rebecca","Gesch\u00e4tzte Lesezeit":"3\u00a0Minuten"},"schema":{"@context":"https:\/\/schema.org","@graph":[{"@type":"Article","@id":"https:\/\/www.phase-6.de\/magazin\/rubriken\/fakten-der-sprache\/tag-der-deutschen-sprache-11-fakten-zum-deutschen\/#article","isPartOf":{"@id":"https:\/\/www.phase-6.de\/magazin\/rubriken\/fakten-der-sprache\/tag-der-deutschen-sprache-11-fakten-zum-deutschen\/"},"author":{"name":"Rebecca","@id":"https:\/\/www.phase-6.de\/magazin\/#\/schema\/person\/c79e16a5e9f43034e7a9f1876f3e96d4"},"headline":"11 Fakten zur deutschen Sprache","datePublished":"2015-09-16T12:35:14+00:00","dateModified":"2020-09-28T15:30:54+00:00","mainEntityOfPage":{"@id":"https:\/\/www.phase-6.de\/magazin\/rubriken\/fakten-der-sprache\/tag-der-deutschen-sprache-11-fakten-zum-deutschen\/"},"wordCount":615,"publisher":{"@id":"https:\/\/www.phase-6.de\/magazin\/#organization"},"image":{"@id":"https:\/\/www.phase-6.de\/magazin\/rubriken\/fakten-der-sprache\/tag-der-deutschen-sprache-11-fakten-zum-deutschen\/#primaryimage"},"thumbnailUrl":"https:\/\/www.phase-6.de\/magazin\/wp-content\/uploads\/2015\/09\/fakten_deutsche_sprache.jpg","articleSection":["Fakten der Sprache"],"inLanguage":"de"},{"@type":"WebPage","@id":"https:\/\/www.phase-6.de\/magazin\/rubriken\/fakten-der-sprache\/tag-der-deutschen-sprache-11-fakten-zum-deutschen\/","url":"https:\/\/www.phase-6.de\/magazin\/rubriken\/fakten-der-sprache\/tag-der-deutschen-sprache-11-fakten-zum-deutschen\/","name":"11 Fakten zur deutschen Sprache - phase6 Magazin","isPartOf":{"@id":"https:\/\/www.phase-6.de\/magazin\/#website"},"primaryImageOfPage":{"@id":"https:\/\/www.phase-6.de\/magazin\/rubriken\/fakten-der-sprache\/tag-der-deutschen-sprache-11-fakten-zum-deutschen\/#primaryimage"},"image":{"@id":"https:\/\/www.phase-6.de\/magazin\/rubriken\/fakten-der-sprache\/tag-der-deutschen-sprache-11-fakten-zum-deutschen\/#primaryimage"},"thumbnailUrl":"https:\/\/www.phase-6.de\/magazin\/wp-content\/uploads\/2015\/09\/fakten_deutsche_sprache.jpg","datePublished":"2015-09-16T12:35:14+00:00","dateModified":"2020-09-28T15:30:54+00:00","description":"Die Deutsch? Ja, die deutsche Sprache ist weiblich und richtig doll interessant! Zum Tag der deutschen Sprache erfahrt ihr hier 11 unumst\u00f6\u00dfliche Fakten.","breadcrumb":{"@id":"https:\/\/www.phase-6.de\/magazin\/rubriken\/fakten-der-sprache\/tag-der-deutschen-sprache-11-fakten-zum-deutschen\/#breadcrumb"},"inLanguage":"de","potentialAction":[{"@type":"ReadAction","target":["https:\/\/www.phase-6.de\/magazin\/rubriken\/fakten-der-sprache\/tag-der-deutschen-sprache-11-fakten-zum-deutschen\/"]}]},{"@type":"ImageObject","inLanguage":"de","@id":"https:\/\/www.phase-6.de\/magazin\/rubriken\/fakten-der-sprache\/tag-der-deutschen-sprache-11-fakten-zum-deutschen\/#primaryimage","url":"https:\/\/www.phase-6.de\/magazin\/wp-content\/uploads\/2015\/09\/fakten_deutsche_sprache.jpg","contentUrl":"https:\/\/www.phase-6.de\/magazin\/wp-content\/uploads\/2015\/09\/fakten_deutsche_sprache.jpg","width":1080,"height":675,"caption":"Fakten deutsche Sprache"},{"@type":"BreadcrumbList","@id":"https:\/\/www.phase-6.de\/magazin\/rubriken\/fakten-der-sprache\/tag-der-deutschen-sprache-11-fakten-zum-deutschen\/#breadcrumb","itemListElement":[{"@type":"ListItem","position":1,"name":"Startseite","item":"https:\/\/www.phase-6.de\/magazin\/"},{"@type":"ListItem","position":2,"name":"11 Fakten zur deutschen Sprache"}]},{"@type":"WebSite","@id":"https:\/\/www.phase-6.de\/magazin\/#website","url":"https:\/\/www.phase-6.de\/magazin\/","name":"phase6 Magazin","description":"Das Magazin f\u00fcr Sprache, Lernen &amp; Lehren","publisher":{"@id":"https:\/\/www.phase-6.de\/magazin\/#organization"},"potentialAction":[{"@type":"SearchAction","target":{"@type":"EntryPoint","urlTemplate":"https:\/\/www.phase-6.de\/magazin\/?s={search_term_string}"},"query-input":{"@type":"PropertyValueSpecification","valueRequired":true,"valueName":"search_term_string"}}],"inLanguage":"de"},{"@type":"Organization","@id":"https:\/\/www.phase-6.de\/magazin\/#organization","name":"phase-6 GmbH","url":"https:\/\/www.phase-6.de\/magazin\/","logo":{"@type":"ImageObject","inLanguage":"de","@id":"https:\/\/www.phase-6.de\/magazin\/#\/schema\/logo\/image\/","url":"https:\/\/www.phase-6.de\/magazin\/wp-content\/uploads\/2017\/07\/phase6_logo2017.png","contentUrl":"https:\/\/www.phase-6.de\/magazin\/wp-content\/uploads\/2017\/07\/phase6_logo2017.png","width":709,"height":200,"caption":"phase-6 GmbH"},"image":{"@id":"https:\/\/www.phase-6.de\/magazin\/#\/schema\/logo\/image\/"},"sameAs":["https:\/\/www.facebook.com\/phase6.de\/","https:\/\/de.wikipedia.org\/wiki\/Phase6"]},{"@type":"Person","@id":"https:\/\/www.phase-6.de\/magazin\/#\/schema\/person\/c79e16a5e9f43034e7a9f1876f3e96d4","name":"Rebecca","url":"https:\/\/www.phase-6.de\/magazin\/author\/rebecca\/"}]}},"_links":{"self":[{"href":"https:\/\/www.phase-6.de\/magazin\/wp-json\/wp\/v2\/posts\/1192","targetHints":{"allow":["GET"]}}],"collection":[{"href":"https:\/\/www.phase-6.de\/magazin\/wp-json\/wp\/v2\/posts"}],"about":[{"href":"https:\/\/www.phase-6.de\/magazin\/wp-json\/wp\/v2\/types\/post"}],"author":[{"embeddable":true,"href":"https:\/\/www.phase-6.de\/magazin\/wp-json\/wp\/v2\/users\/11"}],"replies":[{"embeddable":true,"href":"https:\/\/www.phase-6.de\/magazin\/wp-json\/wp\/v2\/comments?post=1192"}],"version-history":[{"count":0,"href":"https:\/\/www.phase-6.de\/magazin\/wp-json\/wp\/v2\/posts\/1192\/revisions"}],"wp:featuredmedia":[{"embeddable":true,"href":"https:\/\/www.phase-6.de\/magazin\/wp-json\/wp\/v2\/media\/6508"}],"wp:attachment":[{"href":"https:\/\/www.phase-6.de\/magazin\/wp-json\/wp\/v2\/media?parent=1192"}],"wp:term":[{"taxonomy":"category","embeddable":true,"href":"https:\/\/www.phase-6.de\/magazin\/wp-json\/wp\/v2\/categories?post=1192"},{"taxonomy":"post_tag","embeddable":true,"href":"https:\/\/www.phase-6.de\/magazin\/wp-json\/wp\/v2\/tags?post=1192"}],"curies":[{"name":"wp","href":"https:\/\/api.w.org\/{rel}","templated":true}]}}