{"id":1213,"date":"2016-02-17T14:04:37","date_gmt":"2016-02-17T14:04:37","guid":{"rendered":"https:\/\/www.phase-6.de\/magazin\/?p=1213"},"modified":"2020-09-28T15:32:02","modified_gmt":"2020-09-28T15:32:02","slug":"was-sagt-dein-vorname-ueber-dich-aus","status":"publish","type":"post","link":"https:\/\/www.phase-6.de\/magazin\/rubriken\/fakten-der-sprache\/was-sagt-dein-vorname-ueber-dich-aus\/","title":{"rendered":"Was sagt dein Vorname \u00fcber dich aus?"},"content":{"rendered":"<p>Beim Jahrgang 2015 waren es Mia und Ben, im Jahr davor Emma und Ben \u2013 die beliebtesten Vornamen unter den Deutschen. Ben steht \u00fcbrigens schon seit 2011 an erster Stelle. Wir erkunden heute einige Erkenntnisse aus der Namensforschung und berichten, was Vornamen \u00fcber uns aussagen \u2013 zumindest theoretisch.<\/p>\n<h2>Interessantes aus der Namensforschung<\/h2>\n<div id=\"attachment_1214\" style=\"width: 310px\" class=\"wp-caption alignleft\"><img aria-describedby=\"caption-attachment-1214\" loading=\"-\" decoding=\"async\" class=\"size-medium wp-image-1214\" src=\"https:\/\/www.phase-6.de\/magazin\/wp-content\/uploads\/2017\/09\/vornamen-300x205.jpg\" alt=\"Was sagt dein Vorname \u00fcber dich aus?\" width=\"300\" height=\"205\" srcset=\"https:\/\/www.phase-6.de\/magazin\/wp-content\/uploads\/2017\/09\/vornamen-300x205.jpg 300w, https:\/\/www.phase-6.de\/magazin\/wp-content\/uploads\/2017\/09\/vornamen.jpg 446w\" sizes=\"(max-width: 300px) 100vw, 300px\" \/><p id=\"caption-attachment-1214\" class=\"wp-caption-text\">Was sagt dein Vorname \u00fcber dich aus?<\/p><\/div>\n<p>Die Auswahl von Vornamen erfolgt oft auf der Grundlage von verschiedensten Motiven. Fr\u00fcher war es beispielsweise verbreiteter als heute, seine Kinder nach Heiligen und biblischen Figuren zu benennen \u2013 noch heute ist Maria in katholischen L\u00e4ndern ein h\u00e4ufiger Vorname. Auch die famili\u00e4re Herkunft findet sich h\u00e4ufig in den Vornamen der n\u00e4chsten Generation, zum Beispiel der Vorname des Vaters als zweiter Vorname des Sohnes. Unbewusst l\u00e4sst sich auch oft die geographische Herkunft der Person im Vornamen erkennen, so gelten Heike, Ursula, Dietmar oder Friedrich als typisch deutsche Vornamen, Sven oder Finn haben ihre Herkunft im nordischen Raum und Jennifer oder Taylor kommen aus dem englischsprachigen Raum. Durch die Globalisierung und die Mobilit\u00e4t der Menschen verschwimmen diese Grenzen allerdings immer mehr. Soweit zu namensrelevanten Fakten, die weithin relativ bekannt sind und die man bewusst wahrnimmt.<\/p>\n<p>Es gibt allerdings auch Dinge, die man eher unbewusst durch den Vornamen \u00fcber eine Person erf\u00e4hrt. <strong>Jeder Name tr\u00e4gt also eine versteckte Botschaft<\/strong> \u2013 so zumindest die Theorie von Sprachforscher Joachim Schaffer-Suchomel. Er ist au\u00dferdem der Meinung, dass die Entwicklung eines Menschen unbewusst vom Namen bestimmt wird, beispielsweise weil die Menschen um dich herum deinen Namen mit einer Empfindung assoziieren und dadurch ihr Verhalten dir gegen\u00fcber beeinflusst wird. Ob man diesen Botschaften Glauben schenken mag, bleibt jedem selbst \u00fcberlassen \u2013 interessante Gedanken regen sie jedenfalls an.<\/p>\n<p style=\"text-align: center;\"><em>Das k\u00f6nnte dich auch interessieren: <a href=\"https:\/\/www.phase-6.de\/magazin\/rubriken\/fakten-der-sprache\/die-bedeutung-hinter-8-alltaeglichen-markennamen\/\"><span style=\"color: #fc7c00;\">Die Bedeutung hinter 8 bekannten Markennamen<\/span><\/a><\/em><\/p>\n<h2>Erfahre mehr \u00fcber deinen Vornamen<\/h2>\n<p><strong>Kurze und lange Namen.<\/strong> In den letzten zehn Jahren waren die beliebtesten deutschen Vornamen maximal f\u00fcnf Buchstaben lang \u2013 man k\u00f6nnte vermuten, dass kurze Namen die zunehmende Schnelllebigkeit unserer Gesellschaft wiederspiegeln. Oft gelten kurze Namen allerdings auch als moderner \u2013 Hanna ist zeitgem\u00e4\u00dfer als die lange Form Johanna, Max ist gebr\u00e4uchlicher als Maximilian. Je k\u00fcrzer der Name, so Joachim Schaffer-Suchomel, desto wahrscheinlicher wird die Person als kurz, b\u00fcndig und zielstrebig eingesch\u00e4tzt. Kurze Namen wirken auf manche auch j\u00fcnger als alte Namen \u2013 allerdings werden \u00e4ltere Personen mit langen Namen oft mit Weisheit oder h\u00f6herer Intelligenz assoziiert. Hier \u201cgewinnt\u201c also Maximilian gegen Max.<\/p>\n<p><strong><img loading=\"-\" decoding=\"async\" class=\"size-medium wp-image-5415 alignright\" src=\"https:\/\/www.phase-6.de\/magazin\/wp-content\/uploads\/2016\/02\/Vornamen-schreiben-300x186.jpg\" alt=\"Was sagt dein Name \u00fcber dich aus?\" width=\"300\" height=\"186\" srcset=\"https:\/\/www.phase-6.de\/magazin\/wp-content\/uploads\/2016\/02\/Vornamen-schreiben-300x186.jpg 300w, https:\/\/www.phase-6.de\/magazin\/wp-content\/uploads\/2016\/02\/Vornamen-schreiben.jpg 485w\" sizes=\"(max-width: 300px) 100vw, 300px\" \/>Anzahl und Art der Vokale.<\/strong> Vornamen, die mehrere helle Vokale, also a, e und i beinhalten, sind beliebter \u2013 unter anderem weil Personen mit vielen offenen Vokalen im Vornamen als offener und freundlicher wahrgenommen werden. Gibt es im Namen viele dunkle Vokale, also o oder u, l\u00e4sst das nach Schaffer-Suchomel auf eine tiefgr\u00fcndige und eher zur\u00fcckhaltende Art der Person schlie\u00dfen.<\/p>\n<p>Der Sprachforscher Schaffer-Suchomel fand au\u00dferdem heraus, dass Personen, deren Namen viele unterschiedliche Vokale enthalten, \u00f6fter dazu neigen, temperamentvoll zu sein als Personen mit wenigen oder gleichen Vokalen. Das sei vor allem dann zu beobachten, wenn die Vokale von hell nach dunkel wechseln. Ursula und Leopold w\u00e4ren demnach also tendenziell temperamentvoller oder launischer als Peter oder Anja.<\/p>\n<p><strong>Anfangsbuchstabe.<\/strong> Wenn Kinder schreiben lernen, l\u00e4sst sich manchmal beobachten, dass sie bei manchen Gro\u00dfbuchstaben eher dazu tendieren, sie schr\u00e4g zu schreiben als bei anderen. W\u00e4hrend E und R oft gerade bleiben, kippen F oder P nach rechts. Das kann daran liegen, dass die Buchstaben, wenn man sie auf den Tisch stellen k\u00f6nnte, tats\u00e4chlich nach rechts fallen w\u00fcrden. Laut Wissenschaftler Schaffer-Suchomel k\u00f6nnte sich das auf die Pers\u00f6nlichkeit auswirken: Beginnt der Vorname mit einem P, ist die Person unruhiger als jemand, dessen Name mit E beginnt. W\u00e4hrend Petra also relativ unsicher ist, gilt Hanna als ruhiger und bodenst\u00e4ndiger.<\/p>\n<p style=\"text-align: center;\">Wie gesagt: Das ist eine Theorie. Aber ob sie auch stimmt\u2026?<\/p>\n<p style=\"text-align: center;\">Versuch doch mal, deinen eigenen Namen mit diesen Theorien zu analysieren \u2013 gibt es Dinge, denen du zustimmst?<\/p>\n<p style=\"text-align: center;\">Quellen: <a href=\"http:\/\/www.beliebte-vornamen.de\/\" target=\"_blank\" rel=\"noopener noreferrer\">[1]<\/a> <a href=\"https:\/\/de.wikipedia.org\/wiki\/Vorname\" target=\"_blank\" rel=\"noopener noreferrer\">[2]<\/a> <a href=\"http:\/\/www.amazon.de\/nomen-est-omen-verborgene-Botschaft-ebook\/dp\/B004OL2PG8\/ref=sr_1_4?s=books&amp;ie=UTF8&amp;qid=1455632770&amp;sr=1-4\" target=\"_blank\" rel=\"noopener noreferrer\">[3]<\/a> <a href=\"http:\/\/www.onomastikblog.de\/artikel\/ankuendigungen\/zur-sozialen-wahrnehmung-von-vornamen\/\" target=\"_blank\" rel=\"noopener noreferrer\">[4]<\/a><\/p>\n","protected":false},"excerpt":{"rendered":"<p>Unser Vorname begleitet uns unser ganzes Leben und kann Einfluss auf unseren Werdegang und die Entwicklung unserer Pers\u00f6nlichkeit haben. Was verraten unsere Namen \u00fcber uns? Und kann man vom Vornamen auf Charakterz\u00fcge eines Menschen schlie\u00dfen? <\/p>\n","protected":false},"author":11,"featured_media":6547,"comment_status":"closed","ping_status":"open","sticky":false,"template":"","format":"standard","meta":{"_acf_changed":false,"_yoast_wpseo_focuskw":"Vorname","_yoast_wpseo_title":"","_yoast_wpseo_metadesc":"Fr\u00fcher war es fast \u00fcblich, seine Kinder nach Heiligen und biblischen Figuren zu benennen \u2013 heute ist das Spektrum breiter. Aktuelles zur Namensforschung.","_yoast_wpseo_canonical":"","_yoast_wpseo_opengraph-title":"","_yoast_wpseo_opengraph-description":"","_et_pb_use_builder":"","_et_pb_old_content":"","_et_gb_content_width":"","inline_featured_image":false,"footnotes":""},"categories":[66],"tags":[],"class_list":["post-1213","post","type-post","status-publish","format-standard","has-post-thumbnail","hentry","category-fakten-der-sprache","et-has-post-format-content","et_post_format-et-post-format-standard"],"acf":[],"yoast_head":"<!-- This site is optimized with the Yoast SEO plugin v26.9 - https:\/\/yoast.com\/product\/yoast-seo-wordpress\/ -->\n<title>Was sagt dein Vorname \u00fcber dich aus? - phase6 Magazin<\/title>\n<meta name=\"description\" content=\"Fr\u00fcher war es fast \u00fcblich, seine Kinder nach Heiligen und biblischen Figuren zu benennen \u2013 heute ist das Spektrum breiter. Aktuelles zur Namensforschung.\" \/>\n<meta name=\"robots\" content=\"index, follow, max-snippet:-1, max-image-preview:large, max-video-preview:-1\" \/>\n<link rel=\"canonical\" href=\"https:\/\/www.phase-6.de\/magazin\/rubriken\/fakten-der-sprache\/was-sagt-dein-vorname-ueber-dich-aus\/\" \/>\n<meta property=\"og:locale\" content=\"de_DE\" \/>\n<meta property=\"og:type\" content=\"article\" \/>\n<meta property=\"og:title\" content=\"Was sagt dein Vorname \u00fcber dich aus? - phase6 Magazin\" \/>\n<meta property=\"og:description\" content=\"Fr\u00fcher war es fast \u00fcblich, seine Kinder nach Heiligen und biblischen Figuren zu benennen \u2013 heute ist das Spektrum breiter. Aktuelles zur Namensforschung.\" \/>\n<meta property=\"og:url\" content=\"https:\/\/www.phase-6.de\/magazin\/rubriken\/fakten-der-sprache\/was-sagt-dein-vorname-ueber-dich-aus\/\" \/>\n<meta property=\"og:site_name\" content=\"phase6 Magazin\" \/>\n<meta property=\"article:publisher\" content=\"https:\/\/www.facebook.com\/phase6.de\/\" \/>\n<meta property=\"article:published_time\" content=\"2016-02-17T14:04:37+00:00\" \/>\n<meta property=\"article:modified_time\" content=\"2020-09-28T15:32:02+00:00\" \/>\n<meta property=\"og:image\" content=\"https:\/\/www.phase-6.de\/magazin\/wp-content\/uploads\/2016\/02\/name.jpg\" \/>\n\t<meta property=\"og:image:width\" content=\"1080\" \/>\n\t<meta property=\"og:image:height\" content=\"675\" \/>\n\t<meta property=\"og:image:type\" content=\"image\/jpeg\" \/>\n<meta name=\"author\" content=\"Rebecca\" \/>\n<meta name=\"twitter:card\" content=\"summary_large_image\" \/>\n<meta name=\"twitter:label1\" content=\"Verfasst von\" \/>\n\t<meta name=\"twitter:data1\" content=\"Rebecca\" \/>\n\t<meta name=\"twitter:label2\" content=\"Gesch\u00e4tzte Lesezeit\" \/>\n\t<meta name=\"twitter:data2\" content=\"3\u00a0Minuten\" \/>\n<script type=\"application\/ld+json\" class=\"yoast-schema-graph\">{\"@context\":\"https:\/\/schema.org\",\"@graph\":[{\"@type\":\"Article\",\"@id\":\"https:\/\/www.phase-6.de\/magazin\/rubriken\/fakten-der-sprache\/was-sagt-dein-vorname-ueber-dich-aus\/#article\",\"isPartOf\":{\"@id\":\"https:\/\/www.phase-6.de\/magazin\/rubriken\/fakten-der-sprache\/was-sagt-dein-vorname-ueber-dich-aus\/\"},\"author\":{\"name\":\"Rebecca\",\"@id\":\"https:\/\/www.phase-6.de\/magazin\/#\/schema\/person\/c79e16a5e9f43034e7a9f1876f3e96d4\"},\"headline\":\"Was sagt dein Vorname \u00fcber dich aus?\",\"datePublished\":\"2016-02-17T14:04:37+00:00\",\"dateModified\":\"2020-09-28T15:32:02+00:00\",\"mainEntityOfPage\":{\"@id\":\"https:\/\/www.phase-6.de\/magazin\/rubriken\/fakten-der-sprache\/was-sagt-dein-vorname-ueber-dich-aus\/\"},\"wordCount\":678,\"publisher\":{\"@id\":\"https:\/\/www.phase-6.de\/magazin\/#organization\"},\"image\":{\"@id\":\"https:\/\/www.phase-6.de\/magazin\/rubriken\/fakten-der-sprache\/was-sagt-dein-vorname-ueber-dich-aus\/#primaryimage\"},\"thumbnailUrl\":\"https:\/\/www.phase-6.de\/magazin\/wp-content\/uploads\/2016\/02\/name.jpg\",\"articleSection\":[\"Fakten der Sprache\"],\"inLanguage\":\"de\"},{\"@type\":\"WebPage\",\"@id\":\"https:\/\/www.phase-6.de\/magazin\/rubriken\/fakten-der-sprache\/was-sagt-dein-vorname-ueber-dich-aus\/\",\"url\":\"https:\/\/www.phase-6.de\/magazin\/rubriken\/fakten-der-sprache\/was-sagt-dein-vorname-ueber-dich-aus\/\",\"name\":\"Was sagt dein Vorname \u00fcber dich aus? - phase6 Magazin\",\"isPartOf\":{\"@id\":\"https:\/\/www.phase-6.de\/magazin\/#website\"},\"primaryImageOfPage\":{\"@id\":\"https:\/\/www.phase-6.de\/magazin\/rubriken\/fakten-der-sprache\/was-sagt-dein-vorname-ueber-dich-aus\/#primaryimage\"},\"image\":{\"@id\":\"https:\/\/www.phase-6.de\/magazin\/rubriken\/fakten-der-sprache\/was-sagt-dein-vorname-ueber-dich-aus\/#primaryimage\"},\"thumbnailUrl\":\"https:\/\/www.phase-6.de\/magazin\/wp-content\/uploads\/2016\/02\/name.jpg\",\"datePublished\":\"2016-02-17T14:04:37+00:00\",\"dateModified\":\"2020-09-28T15:32:02+00:00\",\"description\":\"Fr\u00fcher war es fast \u00fcblich, seine Kinder nach Heiligen und biblischen Figuren zu benennen \u2013 heute ist das Spektrum breiter. Aktuelles zur Namensforschung.\",\"breadcrumb\":{\"@id\":\"https:\/\/www.phase-6.de\/magazin\/rubriken\/fakten-der-sprache\/was-sagt-dein-vorname-ueber-dich-aus\/#breadcrumb\"},\"inLanguage\":\"de\",\"potentialAction\":[{\"@type\":\"ReadAction\",\"target\":[\"https:\/\/www.phase-6.de\/magazin\/rubriken\/fakten-der-sprache\/was-sagt-dein-vorname-ueber-dich-aus\/\"]}]},{\"@type\":\"ImageObject\",\"inLanguage\":\"de\",\"@id\":\"https:\/\/www.phase-6.de\/magazin\/rubriken\/fakten-der-sprache\/was-sagt-dein-vorname-ueber-dich-aus\/#primaryimage\",\"url\":\"https:\/\/www.phase-6.de\/magazin\/wp-content\/uploads\/2016\/02\/name.jpg\",\"contentUrl\":\"https:\/\/www.phase-6.de\/magazin\/wp-content\/uploads\/2016\/02\/name.jpg\",\"width\":1080,\"height\":675,\"caption\":\"Vorname Bedeutung\"},{\"@type\":\"BreadcrumbList\",\"@id\":\"https:\/\/www.phase-6.de\/magazin\/rubriken\/fakten-der-sprache\/was-sagt-dein-vorname-ueber-dich-aus\/#breadcrumb\",\"itemListElement\":[{\"@type\":\"ListItem\",\"position\":1,\"name\":\"Startseite\",\"item\":\"https:\/\/www.phase-6.de\/magazin\/\"},{\"@type\":\"ListItem\",\"position\":2,\"name\":\"Was sagt dein Vorname \u00fcber dich aus?\"}]},{\"@type\":\"WebSite\",\"@id\":\"https:\/\/www.phase-6.de\/magazin\/#website\",\"url\":\"https:\/\/www.phase-6.de\/magazin\/\",\"name\":\"phase6 Magazin\",\"description\":\"Das Magazin f\u00fcr Sprache, Lernen &amp; Lehren\",\"publisher\":{\"@id\":\"https:\/\/www.phase-6.de\/magazin\/#organization\"},\"potentialAction\":[{\"@type\":\"SearchAction\",\"target\":{\"@type\":\"EntryPoint\",\"urlTemplate\":\"https:\/\/www.phase-6.de\/magazin\/?s={search_term_string}\"},\"query-input\":{\"@type\":\"PropertyValueSpecification\",\"valueRequired\":true,\"valueName\":\"search_term_string\"}}],\"inLanguage\":\"de\"},{\"@type\":\"Organization\",\"@id\":\"https:\/\/www.phase-6.de\/magazin\/#organization\",\"name\":\"phase-6 GmbH\",\"url\":\"https:\/\/www.phase-6.de\/magazin\/\",\"logo\":{\"@type\":\"ImageObject\",\"inLanguage\":\"de\",\"@id\":\"https:\/\/www.phase-6.de\/magazin\/#\/schema\/logo\/image\/\",\"url\":\"https:\/\/www.phase-6.de\/magazin\/wp-content\/uploads\/2017\/07\/phase6_logo2017.png\",\"contentUrl\":\"https:\/\/www.phase-6.de\/magazin\/wp-content\/uploads\/2017\/07\/phase6_logo2017.png\",\"width\":709,\"height\":200,\"caption\":\"phase-6 GmbH\"},\"image\":{\"@id\":\"https:\/\/www.phase-6.de\/magazin\/#\/schema\/logo\/image\/\"},\"sameAs\":[\"https:\/\/www.facebook.com\/phase6.de\/\",\"https:\/\/de.wikipedia.org\/wiki\/Phase6\"]},{\"@type\":\"Person\",\"@id\":\"https:\/\/www.phase-6.de\/magazin\/#\/schema\/person\/c79e16a5e9f43034e7a9f1876f3e96d4\",\"name\":\"Rebecca\",\"url\":\"https:\/\/www.phase-6.de\/magazin\/author\/rebecca\/\"}]}<\/script>\n<!-- \/ Yoast SEO plugin. -->","yoast_head_json":{"title":"Was sagt dein Vorname \u00fcber dich aus? - phase6 Magazin","description":"Fr\u00fcher war es fast \u00fcblich, seine Kinder nach Heiligen und biblischen Figuren zu benennen \u2013 heute ist das Spektrum breiter. Aktuelles zur Namensforschung.","robots":{"index":"index","follow":"follow","max-snippet":"max-snippet:-1","max-image-preview":"max-image-preview:large","max-video-preview":"max-video-preview:-1"},"canonical":"https:\/\/www.phase-6.de\/magazin\/rubriken\/fakten-der-sprache\/was-sagt-dein-vorname-ueber-dich-aus\/","og_locale":"de_DE","og_type":"article","og_title":"Was sagt dein Vorname \u00fcber dich aus? - phase6 Magazin","og_description":"Fr\u00fcher war es fast \u00fcblich, seine Kinder nach Heiligen und biblischen Figuren zu benennen \u2013 heute ist das Spektrum breiter. Aktuelles zur Namensforschung.","og_url":"https:\/\/www.phase-6.de\/magazin\/rubriken\/fakten-der-sprache\/was-sagt-dein-vorname-ueber-dich-aus\/","og_site_name":"phase6 Magazin","article_publisher":"https:\/\/www.facebook.com\/phase6.de\/","article_published_time":"2016-02-17T14:04:37+00:00","article_modified_time":"2020-09-28T15:32:02+00:00","og_image":[{"width":1080,"height":675,"url":"https:\/\/www.phase-6.de\/magazin\/wp-content\/uploads\/2016\/02\/name.jpg","type":"image\/jpeg"}],"author":"Rebecca","twitter_card":"summary_large_image","twitter_misc":{"Verfasst von":"Rebecca","Gesch\u00e4tzte Lesezeit":"3\u00a0Minuten"},"schema":{"@context":"https:\/\/schema.org","@graph":[{"@type":"Article","@id":"https:\/\/www.phase-6.de\/magazin\/rubriken\/fakten-der-sprache\/was-sagt-dein-vorname-ueber-dich-aus\/#article","isPartOf":{"@id":"https:\/\/www.phase-6.de\/magazin\/rubriken\/fakten-der-sprache\/was-sagt-dein-vorname-ueber-dich-aus\/"},"author":{"name":"Rebecca","@id":"https:\/\/www.phase-6.de\/magazin\/#\/schema\/person\/c79e16a5e9f43034e7a9f1876f3e96d4"},"headline":"Was sagt dein Vorname \u00fcber dich aus?","datePublished":"2016-02-17T14:04:37+00:00","dateModified":"2020-09-28T15:32:02+00:00","mainEntityOfPage":{"@id":"https:\/\/www.phase-6.de\/magazin\/rubriken\/fakten-der-sprache\/was-sagt-dein-vorname-ueber-dich-aus\/"},"wordCount":678,"publisher":{"@id":"https:\/\/www.phase-6.de\/magazin\/#organization"},"image":{"@id":"https:\/\/www.phase-6.de\/magazin\/rubriken\/fakten-der-sprache\/was-sagt-dein-vorname-ueber-dich-aus\/#primaryimage"},"thumbnailUrl":"https:\/\/www.phase-6.de\/magazin\/wp-content\/uploads\/2016\/02\/name.jpg","articleSection":["Fakten der Sprache"],"inLanguage":"de"},{"@type":"WebPage","@id":"https:\/\/www.phase-6.de\/magazin\/rubriken\/fakten-der-sprache\/was-sagt-dein-vorname-ueber-dich-aus\/","url":"https:\/\/www.phase-6.de\/magazin\/rubriken\/fakten-der-sprache\/was-sagt-dein-vorname-ueber-dich-aus\/","name":"Was sagt dein Vorname \u00fcber dich aus? - phase6 Magazin","isPartOf":{"@id":"https:\/\/www.phase-6.de\/magazin\/#website"},"primaryImageOfPage":{"@id":"https:\/\/www.phase-6.de\/magazin\/rubriken\/fakten-der-sprache\/was-sagt-dein-vorname-ueber-dich-aus\/#primaryimage"},"image":{"@id":"https:\/\/www.phase-6.de\/magazin\/rubriken\/fakten-der-sprache\/was-sagt-dein-vorname-ueber-dich-aus\/#primaryimage"},"thumbnailUrl":"https:\/\/www.phase-6.de\/magazin\/wp-content\/uploads\/2016\/02\/name.jpg","datePublished":"2016-02-17T14:04:37+00:00","dateModified":"2020-09-28T15:32:02+00:00","description":"Fr\u00fcher war es fast \u00fcblich, seine Kinder nach Heiligen und biblischen Figuren zu benennen \u2013 heute ist das Spektrum breiter. Aktuelles zur Namensforschung.","breadcrumb":{"@id":"https:\/\/www.phase-6.de\/magazin\/rubriken\/fakten-der-sprache\/was-sagt-dein-vorname-ueber-dich-aus\/#breadcrumb"},"inLanguage":"de","potentialAction":[{"@type":"ReadAction","target":["https:\/\/www.phase-6.de\/magazin\/rubriken\/fakten-der-sprache\/was-sagt-dein-vorname-ueber-dich-aus\/"]}]},{"@type":"ImageObject","inLanguage":"de","@id":"https:\/\/www.phase-6.de\/magazin\/rubriken\/fakten-der-sprache\/was-sagt-dein-vorname-ueber-dich-aus\/#primaryimage","url":"https:\/\/www.phase-6.de\/magazin\/wp-content\/uploads\/2016\/02\/name.jpg","contentUrl":"https:\/\/www.phase-6.de\/magazin\/wp-content\/uploads\/2016\/02\/name.jpg","width":1080,"height":675,"caption":"Vorname Bedeutung"},{"@type":"BreadcrumbList","@id":"https:\/\/www.phase-6.de\/magazin\/rubriken\/fakten-der-sprache\/was-sagt-dein-vorname-ueber-dich-aus\/#breadcrumb","itemListElement":[{"@type":"ListItem","position":1,"name":"Startseite","item":"https:\/\/www.phase-6.de\/magazin\/"},{"@type":"ListItem","position":2,"name":"Was sagt dein Vorname \u00fcber dich aus?"}]},{"@type":"WebSite","@id":"https:\/\/www.phase-6.de\/magazin\/#website","url":"https:\/\/www.phase-6.de\/magazin\/","name":"phase6 Magazin","description":"Das Magazin f\u00fcr Sprache, Lernen &amp; Lehren","publisher":{"@id":"https:\/\/www.phase-6.de\/magazin\/#organization"},"potentialAction":[{"@type":"SearchAction","target":{"@type":"EntryPoint","urlTemplate":"https:\/\/www.phase-6.de\/magazin\/?s={search_term_string}"},"query-input":{"@type":"PropertyValueSpecification","valueRequired":true,"valueName":"search_term_string"}}],"inLanguage":"de"},{"@type":"Organization","@id":"https:\/\/www.phase-6.de\/magazin\/#organization","name":"phase-6 GmbH","url":"https:\/\/www.phase-6.de\/magazin\/","logo":{"@type":"ImageObject","inLanguage":"de","@id":"https:\/\/www.phase-6.de\/magazin\/#\/schema\/logo\/image\/","url":"https:\/\/www.phase-6.de\/magazin\/wp-content\/uploads\/2017\/07\/phase6_logo2017.png","contentUrl":"https:\/\/www.phase-6.de\/magazin\/wp-content\/uploads\/2017\/07\/phase6_logo2017.png","width":709,"height":200,"caption":"phase-6 GmbH"},"image":{"@id":"https:\/\/www.phase-6.de\/magazin\/#\/schema\/logo\/image\/"},"sameAs":["https:\/\/www.facebook.com\/phase6.de\/","https:\/\/de.wikipedia.org\/wiki\/Phase6"]},{"@type":"Person","@id":"https:\/\/www.phase-6.de\/magazin\/#\/schema\/person\/c79e16a5e9f43034e7a9f1876f3e96d4","name":"Rebecca","url":"https:\/\/www.phase-6.de\/magazin\/author\/rebecca\/"}]}},"_links":{"self":[{"href":"https:\/\/www.phase-6.de\/magazin\/wp-json\/wp\/v2\/posts\/1213","targetHints":{"allow":["GET"]}}],"collection":[{"href":"https:\/\/www.phase-6.de\/magazin\/wp-json\/wp\/v2\/posts"}],"about":[{"href":"https:\/\/www.phase-6.de\/magazin\/wp-json\/wp\/v2\/types\/post"}],"author":[{"embeddable":true,"href":"https:\/\/www.phase-6.de\/magazin\/wp-json\/wp\/v2\/users\/11"}],"replies":[{"embeddable":true,"href":"https:\/\/www.phase-6.de\/magazin\/wp-json\/wp\/v2\/comments?post=1213"}],"version-history":[{"count":0,"href":"https:\/\/www.phase-6.de\/magazin\/wp-json\/wp\/v2\/posts\/1213\/revisions"}],"wp:featuredmedia":[{"embeddable":true,"href":"https:\/\/www.phase-6.de\/magazin\/wp-json\/wp\/v2\/media\/6547"}],"wp:attachment":[{"href":"https:\/\/www.phase-6.de\/magazin\/wp-json\/wp\/v2\/media?parent=1213"}],"wp:term":[{"taxonomy":"category","embeddable":true,"href":"https:\/\/www.phase-6.de\/magazin\/wp-json\/wp\/v2\/categories?post=1213"},{"taxonomy":"post_tag","embeddable":true,"href":"https:\/\/www.phase-6.de\/magazin\/wp-json\/wp\/v2\/tags?post=1213"}],"curies":[{"name":"wp","href":"https:\/\/api.w.org\/{rel}","templated":true}]}}