{"id":1225,"date":"2016-04-27T14:41:55","date_gmt":"2016-04-27T14:41:55","guid":{"rendered":"https:\/\/www.phase-6.de\/magazin\/?p=1225"},"modified":"2019-10-27T15:17:48","modified_gmt":"2019-10-27T15:17:48","slug":"ein-mann-ein-wort-eine-frau-ein-woerterbuch","status":"publish","type":"post","link":"https:\/\/www.phase-6.de\/magazin\/rubriken\/fakten-der-sprache\/ein-mann-ein-wort-eine-frau-ein-woerterbuch\/","title":{"rendered":"Ein Mann, ein Wort \u2013 eine Frau, ein W\u00f6rterbuch."},"content":{"rendered":"<p>Frauen reden mehr als M\u00e4nner. Ist das wirklich so? Wir sind dieser immer noch hei\u00df diskutierten Frage einmal nachgegangen und haben recherchiert, wie viel Frauen und M\u00e4nner pro Tag reden \u2013 und ob die t\u00e4gliche Wortanzahl tats\u00e4chlich so unterschiedlich ist.<\/p>\n<h2>Klischee oder Fakt?<\/h2>\n<p>Wir alle kennen die klischeehaften Situationen, die oft beschrieben werden: Frau und Mann am Fr\u00fchst\u00fcckstisch, sie redet ununterbrochen, er gibt nur Ein-Wort-Antworten. Viele Forscher haben dieses scheinbare Ph\u00e4nomen bereits untersucht \u2013 mit verschiedenen Ergebnissen.<\/p>\n<p>Die amerikanische Psychiaterin Dr. Louann Brizandine fand vor mehr als 10 Jahren in einer Studie heraus, dass Frauen ca. 20.000 W\u00f6rter am Tag reden \u2013 M\u00e4nner hingegen nur etwa 7.000. Als Grund gab sie die unterschiedliche Entwicklung von m\u00e4nnlichen und weiblichen Gehirnen an, verursacht und verst\u00e4rkt durch den Einfluss des m\u00e4nnlichen Hormons Testosteron. Diese Studie wurde h\u00e4ufig bestritten: Die Methode sei nach heutigen Gesichtspunkten nicht systematisch genug, die Ergebnisse somit auch nicht repr\u00e4sentativ.<\/p>\n<p>Also gab es weitere Experimente. Bei einigen trugen ca. 400 Studenten ein elektronisches Aufnahmeger\u00e4t um den Hals, das die gesprochenen W\u00f6rter des Tr\u00e4ger aufnahm. Die Probanden konnten das Ger\u00e4t allerdings selbst an- und ausschalten, was im Nachhinein f\u00fcr Kritik sorgte.<\/p>\n<h2>Was sagt die neuste Forschung?<\/h2>\n<p><img loading=\"-\" decoding=\"async\" class=\"alignright wp-image-5526 size-full\" src=\"https:\/\/www.phase-6.de\/magazin\/wp-content\/uploads\/2016\/04\/Wortanzahl-Frau-und-Mann.jpg\" alt=\"Wortanzahl Frau und Mann\" width=\"485\" height=\"300\" srcset=\"https:\/\/www.phase-6.de\/magazin\/wp-content\/uploads\/2016\/04\/Wortanzahl-Frau-und-Mann.jpg 485w, https:\/\/www.phase-6.de\/magazin\/wp-content\/uploads\/2016\/04\/Wortanzahl-Frau-und-Mann-300x186.jpg 300w\" sizes=\"(max-width: 485px) 100vw, 485px\" \/>Die neueste und inzwischen weitgehend anerkannteste Studie r\u00e4umte dieses Fehlerpotential aus dem Weg: Etwa 400 Studenten wurden \u00fcber einen Zeitraum von sechs Jahren tageweise immer wieder \u201cbelauscht\u201d. Zwei bis zehn Tage lang trugen verschiedene Probandengruppen ein Aufnahmeger\u00e4t, das sich in regelm\u00e4\u00dfigen Abst\u00e4nden automatisch einschaltete und 30 Sekunden die Ger\u00e4usche in der Umgebung des Tr\u00e4gers aufnahm. Die Studenten wussten nicht, wann sie aufgenommen wurden und konnten die Zeit auch nicht beeinflussen. Das Ergebnis der Langzeitstudie: Weibliche Probanden redeten im Durchschnitt 16.214 W\u00f6rter pro Tag, m\u00e4nnliche Probanden 15.669. Den kleinen Unterschied sehen die Forscher des Experiments als nicht signifikant, ihr Endergebnis lautete: <strong>Durchschnittlich reden beide Geschlechter am Tag etwa 16.000 W\u00f6rter.<\/strong><\/p>\n<p>Um zu verdeutlichen, welche gro\u00dfen individuellen Unterschiede bei diesen Zahlen zum Tragen kommen, gaben die Forscher auch andere interessante Zahlen an. Der gespr\u00e4chigste m\u00e4nnliche Proband gab durchschnittlich 47.000 W\u00f6rter pro Tag von sich, der schweigsamste Mann gerade mal 500 W\u00f6rter.<\/p>\n<p>Die Studie best\u00e4tigt unsere \u00dcberzeugung: das Klischee von \u201cein Mann, ein Wort &#8211; eine Frau, ein W\u00f6rterbuch\u201d mag als ironisch gemeintes Vorurteil bestehen bleiben, ist aber bezogen auf die Realit\u00e4t zu allgemein und ber\u00fccksichtigt keine individuellen Unterschiede. Viele interessante Zahlen zu diesem Thema hat \u00fcbrigens der Forscher Mark Liberman in Witzen, Anekdoten und Erkl\u00e4rungen\u00a0zusammengefasst.<\/p>\n<p style=\"text-align: center;\"><strong>Quellen<\/strong>: <a href=\"http:\/\/www.spiegel.de\/wissenschaft\/mensch\/mythos-widerlegt-frauen-und-maenner-reden-gleich-viel-a-492546.html\" target=\"_blank\" rel=\"noopener noreferrer\">[1]<\/a> <a href=\"http:\/\/www.focus.de\/wissen\/mensch\/studie_aid_65612.html\" target=\"_blank\" rel=\"noopener noreferrer\">[2] <\/a><a href=\"http:\/\/www.forschung-erleben.uni-mannheim.de\/node\/22\" target=\"_blank\" rel=\"noopener noreferrer\">[3]<\/a> <a href=\"http:\/\/www.zeit.de\/online\/2007\/28\/frauen-maenner-woerter\" target=\"_blank\" rel=\"noopener noreferrer\">[4]<\/a><\/p>\n","protected":false},"excerpt":{"rendered":"<p>Das Klischee von der unerm\u00fcdlich plaudernden Frau und dem Mann, der sich mit einzelnen Lauten zufriedengibt, h\u00e4lt sich wacker und wird immer wieder gerne diskutiert. Doch was ist dran am Klischee? Reden Frauen tats\u00e4chlich mehr als M\u00e4nner? Hier erf\u00e4hrst du es!<\/p>\n","protected":false},"author":11,"featured_media":6543,"comment_status":"closed","ping_status":"open","sticky":false,"template":"","format":"standard","meta":{"_acf_changed":false,"_yoast_wpseo_focuskw":"W\u00f6rterbuch","_yoast_wpseo_title":"","_yoast_wpseo_metadesc":"Ein Mann, ein Wort - eine Frau ein W\u00f6rterbuch. Wir alle kennen das Klischee. Aber ist das wirklich so? Erfahre die \u00fcberraschende Antwort hier!","_yoast_wpseo_canonical":"","_yoast_wpseo_opengraph-title":"","_yoast_wpseo_opengraph-description":"","_et_pb_use_builder":"","_et_pb_old_content":"","_et_gb_content_width":"","inline_featured_image":false,"footnotes":""},"categories":[66],"tags":[],"class_list":["post-1225","post","type-post","status-publish","format-standard","has-post-thumbnail","hentry","category-fakten-der-sprache","et-has-post-format-content","et_post_format-et-post-format-standard"],"acf":[],"yoast_head":"<!-- This site is optimized with the Yoast SEO plugin v26.9 - https:\/\/yoast.com\/product\/yoast-seo-wordpress\/ -->\n<title>Ein Mann, ein Wort \u2013 eine Frau, ein W\u00f6rterbuch. - phase6 Magazin<\/title>\n<meta name=\"description\" content=\"Ein Mann, ein Wort - eine Frau ein W\u00f6rterbuch. Wir alle kennen das Klischee. Aber ist das wirklich so? Erfahre die \u00fcberraschende Antwort hier!\" \/>\n<meta name=\"robots\" content=\"index, follow, max-snippet:-1, max-image-preview:large, max-video-preview:-1\" \/>\n<link rel=\"canonical\" href=\"https:\/\/www.phase-6.de\/magazin\/rubriken\/fakten-der-sprache\/ein-mann-ein-wort-eine-frau-ein-woerterbuch\/\" \/>\n<meta property=\"og:locale\" content=\"de_DE\" \/>\n<meta property=\"og:type\" content=\"article\" \/>\n<meta property=\"og:title\" content=\"Ein Mann, ein Wort \u2013 eine Frau, ein W\u00f6rterbuch. - phase6 Magazin\" \/>\n<meta property=\"og:description\" content=\"Ein Mann, ein Wort - eine Frau ein W\u00f6rterbuch. Wir alle kennen das Klischee. Aber ist das wirklich so? Erfahre die \u00fcberraschende Antwort hier!\" \/>\n<meta property=\"og:url\" content=\"https:\/\/www.phase-6.de\/magazin\/rubriken\/fakten-der-sprache\/ein-mann-ein-wort-eine-frau-ein-woerterbuch\/\" \/>\n<meta property=\"og:site_name\" content=\"phase6 Magazin\" \/>\n<meta property=\"article:publisher\" content=\"https:\/\/www.facebook.com\/phase6.de\/\" \/>\n<meta property=\"article:published_time\" content=\"2016-04-27T14:41:55+00:00\" \/>\n<meta property=\"article:modified_time\" content=\"2019-10-27T15:17:48+00:00\" \/>\n<meta property=\"og:image\" content=\"https:\/\/www.phase-6.de\/magazin\/wp-content\/uploads\/2016\/04\/Mann_frau.jpg\" \/>\n\t<meta property=\"og:image:width\" content=\"1080\" \/>\n\t<meta property=\"og:image:height\" content=\"675\" \/>\n\t<meta property=\"og:image:type\" content=\"image\/jpeg\" \/>\n<meta name=\"author\" content=\"Rebecca\" \/>\n<meta name=\"twitter:card\" content=\"summary_large_image\" \/>\n<meta name=\"twitter:label1\" content=\"Verfasst von\" \/>\n\t<meta name=\"twitter:data1\" content=\"Rebecca\" \/>\n\t<meta name=\"twitter:label2\" content=\"Gesch\u00e4tzte Lesezeit\" \/>\n\t<meta name=\"twitter:data2\" content=\"2\u00a0Minuten\" \/>\n<script type=\"application\/ld+json\" class=\"yoast-schema-graph\">{\"@context\":\"https:\/\/schema.org\",\"@graph\":[{\"@type\":\"Article\",\"@id\":\"https:\/\/www.phase-6.de\/magazin\/rubriken\/fakten-der-sprache\/ein-mann-ein-wort-eine-frau-ein-woerterbuch\/#article\",\"isPartOf\":{\"@id\":\"https:\/\/www.phase-6.de\/magazin\/rubriken\/fakten-der-sprache\/ein-mann-ein-wort-eine-frau-ein-woerterbuch\/\"},\"author\":{\"name\":\"Rebecca\",\"@id\":\"https:\/\/www.phase-6.de\/magazin\/#\/schema\/person\/c79e16a5e9f43034e7a9f1876f3e96d4\"},\"headline\":\"Ein Mann, ein Wort \u2013 eine Frau, ein W\u00f6rterbuch.\",\"datePublished\":\"2016-04-27T14:41:55+00:00\",\"dateModified\":\"2019-10-27T15:17:48+00:00\",\"mainEntityOfPage\":{\"@id\":\"https:\/\/www.phase-6.de\/magazin\/rubriken\/fakten-der-sprache\/ein-mann-ein-wort-eine-frau-ein-woerterbuch\/\"},\"wordCount\":433,\"publisher\":{\"@id\":\"https:\/\/www.phase-6.de\/magazin\/#organization\"},\"image\":{\"@id\":\"https:\/\/www.phase-6.de\/magazin\/rubriken\/fakten-der-sprache\/ein-mann-ein-wort-eine-frau-ein-woerterbuch\/#primaryimage\"},\"thumbnailUrl\":\"https:\/\/www.phase-6.de\/magazin\/wp-content\/uploads\/2016\/04\/Mann_frau.jpg\",\"articleSection\":[\"Fakten der Sprache\"],\"inLanguage\":\"de\"},{\"@type\":\"WebPage\",\"@id\":\"https:\/\/www.phase-6.de\/magazin\/rubriken\/fakten-der-sprache\/ein-mann-ein-wort-eine-frau-ein-woerterbuch\/\",\"url\":\"https:\/\/www.phase-6.de\/magazin\/rubriken\/fakten-der-sprache\/ein-mann-ein-wort-eine-frau-ein-woerterbuch\/\",\"name\":\"Ein Mann, ein Wort \u2013 eine Frau, ein W\u00f6rterbuch. - phase6 Magazin\",\"isPartOf\":{\"@id\":\"https:\/\/www.phase-6.de\/magazin\/#website\"},\"primaryImageOfPage\":{\"@id\":\"https:\/\/www.phase-6.de\/magazin\/rubriken\/fakten-der-sprache\/ein-mann-ein-wort-eine-frau-ein-woerterbuch\/#primaryimage\"},\"image\":{\"@id\":\"https:\/\/www.phase-6.de\/magazin\/rubriken\/fakten-der-sprache\/ein-mann-ein-wort-eine-frau-ein-woerterbuch\/#primaryimage\"},\"thumbnailUrl\":\"https:\/\/www.phase-6.de\/magazin\/wp-content\/uploads\/2016\/04\/Mann_frau.jpg\",\"datePublished\":\"2016-04-27T14:41:55+00:00\",\"dateModified\":\"2019-10-27T15:17:48+00:00\",\"description\":\"Ein Mann, ein Wort - eine Frau ein W\u00f6rterbuch. Wir alle kennen das Klischee. Aber ist das wirklich so? Erfahre die \u00fcberraschende Antwort hier!\",\"breadcrumb\":{\"@id\":\"https:\/\/www.phase-6.de\/magazin\/rubriken\/fakten-der-sprache\/ein-mann-ein-wort-eine-frau-ein-woerterbuch\/#breadcrumb\"},\"inLanguage\":\"de\",\"potentialAction\":[{\"@type\":\"ReadAction\",\"target\":[\"https:\/\/www.phase-6.de\/magazin\/rubriken\/fakten-der-sprache\/ein-mann-ein-wort-eine-frau-ein-woerterbuch\/\"]}]},{\"@type\":\"ImageObject\",\"inLanguage\":\"de\",\"@id\":\"https:\/\/www.phase-6.de\/magazin\/rubriken\/fakten-der-sprache\/ein-mann-ein-wort-eine-frau-ein-woerterbuch\/#primaryimage\",\"url\":\"https:\/\/www.phase-6.de\/magazin\/wp-content\/uploads\/2016\/04\/Mann_frau.jpg\",\"contentUrl\":\"https:\/\/www.phase-6.de\/magazin\/wp-content\/uploads\/2016\/04\/Mann_frau.jpg\",\"width\":1080,\"height\":675,\"caption\":\"Wie viel sprechen Frauen und M\u00e4nner\"},{\"@type\":\"BreadcrumbList\",\"@id\":\"https:\/\/www.phase-6.de\/magazin\/rubriken\/fakten-der-sprache\/ein-mann-ein-wort-eine-frau-ein-woerterbuch\/#breadcrumb\",\"itemListElement\":[{\"@type\":\"ListItem\",\"position\":1,\"name\":\"Startseite\",\"item\":\"https:\/\/www.phase-6.de\/magazin\/\"},{\"@type\":\"ListItem\",\"position\":2,\"name\":\"Ein Mann, ein Wort \u2013 eine Frau, ein W\u00f6rterbuch.\"}]},{\"@type\":\"WebSite\",\"@id\":\"https:\/\/www.phase-6.de\/magazin\/#website\",\"url\":\"https:\/\/www.phase-6.de\/magazin\/\",\"name\":\"phase6 Magazin\",\"description\":\"Das Magazin f\u00fcr Sprache, Lernen &amp; Lehren\",\"publisher\":{\"@id\":\"https:\/\/www.phase-6.de\/magazin\/#organization\"},\"potentialAction\":[{\"@type\":\"SearchAction\",\"target\":{\"@type\":\"EntryPoint\",\"urlTemplate\":\"https:\/\/www.phase-6.de\/magazin\/?s={search_term_string}\"},\"query-input\":{\"@type\":\"PropertyValueSpecification\",\"valueRequired\":true,\"valueName\":\"search_term_string\"}}],\"inLanguage\":\"de\"},{\"@type\":\"Organization\",\"@id\":\"https:\/\/www.phase-6.de\/magazin\/#organization\",\"name\":\"phase-6 GmbH\",\"url\":\"https:\/\/www.phase-6.de\/magazin\/\",\"logo\":{\"@type\":\"ImageObject\",\"inLanguage\":\"de\",\"@id\":\"https:\/\/www.phase-6.de\/magazin\/#\/schema\/logo\/image\/\",\"url\":\"https:\/\/www.phase-6.de\/magazin\/wp-content\/uploads\/2017\/07\/phase6_logo2017.png\",\"contentUrl\":\"https:\/\/www.phase-6.de\/magazin\/wp-content\/uploads\/2017\/07\/phase6_logo2017.png\",\"width\":709,\"height\":200,\"caption\":\"phase-6 GmbH\"},\"image\":{\"@id\":\"https:\/\/www.phase-6.de\/magazin\/#\/schema\/logo\/image\/\"},\"sameAs\":[\"https:\/\/www.facebook.com\/phase6.de\/\",\"https:\/\/de.wikipedia.org\/wiki\/Phase6\"]},{\"@type\":\"Person\",\"@id\":\"https:\/\/www.phase-6.de\/magazin\/#\/schema\/person\/c79e16a5e9f43034e7a9f1876f3e96d4\",\"name\":\"Rebecca\",\"url\":\"https:\/\/www.phase-6.de\/magazin\/author\/rebecca\/\"}]}<\/script>\n<!-- \/ Yoast SEO plugin. -->","yoast_head_json":{"title":"Ein Mann, ein Wort \u2013 eine Frau, ein W\u00f6rterbuch. - phase6 Magazin","description":"Ein Mann, ein Wort - eine Frau ein W\u00f6rterbuch. Wir alle kennen das Klischee. Aber ist das wirklich so? Erfahre die \u00fcberraschende Antwort hier!","robots":{"index":"index","follow":"follow","max-snippet":"max-snippet:-1","max-image-preview":"max-image-preview:large","max-video-preview":"max-video-preview:-1"},"canonical":"https:\/\/www.phase-6.de\/magazin\/rubriken\/fakten-der-sprache\/ein-mann-ein-wort-eine-frau-ein-woerterbuch\/","og_locale":"de_DE","og_type":"article","og_title":"Ein Mann, ein Wort \u2013 eine Frau, ein W\u00f6rterbuch. - phase6 Magazin","og_description":"Ein Mann, ein Wort - eine Frau ein W\u00f6rterbuch. Wir alle kennen das Klischee. Aber ist das wirklich so? Erfahre die \u00fcberraschende Antwort hier!","og_url":"https:\/\/www.phase-6.de\/magazin\/rubriken\/fakten-der-sprache\/ein-mann-ein-wort-eine-frau-ein-woerterbuch\/","og_site_name":"phase6 Magazin","article_publisher":"https:\/\/www.facebook.com\/phase6.de\/","article_published_time":"2016-04-27T14:41:55+00:00","article_modified_time":"2019-10-27T15:17:48+00:00","og_image":[{"width":1080,"height":675,"url":"https:\/\/www.phase-6.de\/magazin\/wp-content\/uploads\/2016\/04\/Mann_frau.jpg","type":"image\/jpeg"}],"author":"Rebecca","twitter_card":"summary_large_image","twitter_misc":{"Verfasst von":"Rebecca","Gesch\u00e4tzte Lesezeit":"2\u00a0Minuten"},"schema":{"@context":"https:\/\/schema.org","@graph":[{"@type":"Article","@id":"https:\/\/www.phase-6.de\/magazin\/rubriken\/fakten-der-sprache\/ein-mann-ein-wort-eine-frau-ein-woerterbuch\/#article","isPartOf":{"@id":"https:\/\/www.phase-6.de\/magazin\/rubriken\/fakten-der-sprache\/ein-mann-ein-wort-eine-frau-ein-woerterbuch\/"},"author":{"name":"Rebecca","@id":"https:\/\/www.phase-6.de\/magazin\/#\/schema\/person\/c79e16a5e9f43034e7a9f1876f3e96d4"},"headline":"Ein Mann, ein Wort \u2013 eine Frau, ein W\u00f6rterbuch.","datePublished":"2016-04-27T14:41:55+00:00","dateModified":"2019-10-27T15:17:48+00:00","mainEntityOfPage":{"@id":"https:\/\/www.phase-6.de\/magazin\/rubriken\/fakten-der-sprache\/ein-mann-ein-wort-eine-frau-ein-woerterbuch\/"},"wordCount":433,"publisher":{"@id":"https:\/\/www.phase-6.de\/magazin\/#organization"},"image":{"@id":"https:\/\/www.phase-6.de\/magazin\/rubriken\/fakten-der-sprache\/ein-mann-ein-wort-eine-frau-ein-woerterbuch\/#primaryimage"},"thumbnailUrl":"https:\/\/www.phase-6.de\/magazin\/wp-content\/uploads\/2016\/04\/Mann_frau.jpg","articleSection":["Fakten der Sprache"],"inLanguage":"de"},{"@type":"WebPage","@id":"https:\/\/www.phase-6.de\/magazin\/rubriken\/fakten-der-sprache\/ein-mann-ein-wort-eine-frau-ein-woerterbuch\/","url":"https:\/\/www.phase-6.de\/magazin\/rubriken\/fakten-der-sprache\/ein-mann-ein-wort-eine-frau-ein-woerterbuch\/","name":"Ein Mann, ein Wort \u2013 eine Frau, ein W\u00f6rterbuch. - phase6 Magazin","isPartOf":{"@id":"https:\/\/www.phase-6.de\/magazin\/#website"},"primaryImageOfPage":{"@id":"https:\/\/www.phase-6.de\/magazin\/rubriken\/fakten-der-sprache\/ein-mann-ein-wort-eine-frau-ein-woerterbuch\/#primaryimage"},"image":{"@id":"https:\/\/www.phase-6.de\/magazin\/rubriken\/fakten-der-sprache\/ein-mann-ein-wort-eine-frau-ein-woerterbuch\/#primaryimage"},"thumbnailUrl":"https:\/\/www.phase-6.de\/magazin\/wp-content\/uploads\/2016\/04\/Mann_frau.jpg","datePublished":"2016-04-27T14:41:55+00:00","dateModified":"2019-10-27T15:17:48+00:00","description":"Ein Mann, ein Wort - eine Frau ein W\u00f6rterbuch. Wir alle kennen das Klischee. Aber ist das wirklich so? Erfahre die \u00fcberraschende Antwort hier!","breadcrumb":{"@id":"https:\/\/www.phase-6.de\/magazin\/rubriken\/fakten-der-sprache\/ein-mann-ein-wort-eine-frau-ein-woerterbuch\/#breadcrumb"},"inLanguage":"de","potentialAction":[{"@type":"ReadAction","target":["https:\/\/www.phase-6.de\/magazin\/rubriken\/fakten-der-sprache\/ein-mann-ein-wort-eine-frau-ein-woerterbuch\/"]}]},{"@type":"ImageObject","inLanguage":"de","@id":"https:\/\/www.phase-6.de\/magazin\/rubriken\/fakten-der-sprache\/ein-mann-ein-wort-eine-frau-ein-woerterbuch\/#primaryimage","url":"https:\/\/www.phase-6.de\/magazin\/wp-content\/uploads\/2016\/04\/Mann_frau.jpg","contentUrl":"https:\/\/www.phase-6.de\/magazin\/wp-content\/uploads\/2016\/04\/Mann_frau.jpg","width":1080,"height":675,"caption":"Wie viel sprechen Frauen und M\u00e4nner"},{"@type":"BreadcrumbList","@id":"https:\/\/www.phase-6.de\/magazin\/rubriken\/fakten-der-sprache\/ein-mann-ein-wort-eine-frau-ein-woerterbuch\/#breadcrumb","itemListElement":[{"@type":"ListItem","position":1,"name":"Startseite","item":"https:\/\/www.phase-6.de\/magazin\/"},{"@type":"ListItem","position":2,"name":"Ein Mann, ein Wort \u2013 eine Frau, ein W\u00f6rterbuch."}]},{"@type":"WebSite","@id":"https:\/\/www.phase-6.de\/magazin\/#website","url":"https:\/\/www.phase-6.de\/magazin\/","name":"phase6 Magazin","description":"Das Magazin f\u00fcr Sprache, Lernen &amp; Lehren","publisher":{"@id":"https:\/\/www.phase-6.de\/magazin\/#organization"},"potentialAction":[{"@type":"SearchAction","target":{"@type":"EntryPoint","urlTemplate":"https:\/\/www.phase-6.de\/magazin\/?s={search_term_string}"},"query-input":{"@type":"PropertyValueSpecification","valueRequired":true,"valueName":"search_term_string"}}],"inLanguage":"de"},{"@type":"Organization","@id":"https:\/\/www.phase-6.de\/magazin\/#organization","name":"phase-6 GmbH","url":"https:\/\/www.phase-6.de\/magazin\/","logo":{"@type":"ImageObject","inLanguage":"de","@id":"https:\/\/www.phase-6.de\/magazin\/#\/schema\/logo\/image\/","url":"https:\/\/www.phase-6.de\/magazin\/wp-content\/uploads\/2017\/07\/phase6_logo2017.png","contentUrl":"https:\/\/www.phase-6.de\/magazin\/wp-content\/uploads\/2017\/07\/phase6_logo2017.png","width":709,"height":200,"caption":"phase-6 GmbH"},"image":{"@id":"https:\/\/www.phase-6.de\/magazin\/#\/schema\/logo\/image\/"},"sameAs":["https:\/\/www.facebook.com\/phase6.de\/","https:\/\/de.wikipedia.org\/wiki\/Phase6"]},{"@type":"Person","@id":"https:\/\/www.phase-6.de\/magazin\/#\/schema\/person\/c79e16a5e9f43034e7a9f1876f3e96d4","name":"Rebecca","url":"https:\/\/www.phase-6.de\/magazin\/author\/rebecca\/"}]}},"_links":{"self":[{"href":"https:\/\/www.phase-6.de\/magazin\/wp-json\/wp\/v2\/posts\/1225","targetHints":{"allow":["GET"]}}],"collection":[{"href":"https:\/\/www.phase-6.de\/magazin\/wp-json\/wp\/v2\/posts"}],"about":[{"href":"https:\/\/www.phase-6.de\/magazin\/wp-json\/wp\/v2\/types\/post"}],"author":[{"embeddable":true,"href":"https:\/\/www.phase-6.de\/magazin\/wp-json\/wp\/v2\/users\/11"}],"replies":[{"embeddable":true,"href":"https:\/\/www.phase-6.de\/magazin\/wp-json\/wp\/v2\/comments?post=1225"}],"version-history":[{"count":0,"href":"https:\/\/www.phase-6.de\/magazin\/wp-json\/wp\/v2\/posts\/1225\/revisions"}],"wp:featuredmedia":[{"embeddable":true,"href":"https:\/\/www.phase-6.de\/magazin\/wp-json\/wp\/v2\/media\/6543"}],"wp:attachment":[{"href":"https:\/\/www.phase-6.de\/magazin\/wp-json\/wp\/v2\/media?parent=1225"}],"wp:term":[{"taxonomy":"category","embeddable":true,"href":"https:\/\/www.phase-6.de\/magazin\/wp-json\/wp\/v2\/categories?post=1225"},{"taxonomy":"post_tag","embeddable":true,"href":"https:\/\/www.phase-6.de\/magazin\/wp-json\/wp\/v2\/tags?post=1225"}],"curies":[{"name":"wp","href":"https:\/\/api.w.org\/{rel}","templated":true}]}}