{"id":12480,"date":"2021-08-15T11:17:49","date_gmt":"2021-08-15T11:17:49","guid":{"rendered":"https:\/\/www.phase-6.de\/magazin\/?p=12480"},"modified":"2022-04-12T08:24:42","modified_gmt":"2022-04-12T08:24:42","slug":"episode-9-zeugnisse-und-sommerferien","status":"publish","type":"post","link":"https:\/\/www.phase-6.de\/magazin\/fuer-lehrkraefte\/themen\/bildungssystem\/episode-9-zeugnisse-und-sommerferien\/","title":{"rendered":"Episode 9 &#8211; Zeugnisse und Sommerferien"},"content":{"rendered":"[et_pb_section fb_built=&#8220;1&#8243; _builder_version=&#8220;4.9.10&#8243; _module_preset=&#8220;default&#8220;][et_pb_row _builder_version=&#8220;4.9.10&#8243; _module_preset=&#8220;default&#8220;][et_pb_column type=&#8220;4_4&#8243; _builder_version=&#8220;4.9.10&#8243; _module_preset=&#8220;default&#8220;][et_pb_text _builder_version=&#8220;4.9.10&#8243; _module_preset=&#8220;default&#8220; hover_enabled=&#8220;0&#8243; sticky_enabled=&#8220;0&#8243;]\n<p>Das Ende des zweiten Ausbildungssemesters n\u00e4hert sich in gro\u00dfen Schritten. Bald beginnt das letzte Drittel, der Endspurt.\u00a0Kurz vor den Sommerferien waren auf einmal wieder 25 Kinder im Klassenraum. Dieser Zustand war f\u00fcr mich mehr als ungewohnt. Es f\u00fchlte sich in den ersten Tagen sogar falsch an, dass sich so viele Kinder gleichzeitig in einem Raum befanden und nur von einer Lehrkraft betreut wurden. Es erschien mir schlagartig eine irrwitzig schlechte Idee zu sein, irgendwie fahrl\u00e4ssig. Und ich glaube, mit dem Gef\u00fchl war ich nicht allein.<\/p>\n<p style=\"text-align: center;\"><i>N\u00e4here Informationen zum Aufbau des Referendariats an Berliner Grundschulen befinden sich in der <\/i><span style=\"color: #fc7c00;\"><a style=\"color: #fc7c00;\" href=\"https:\/\/www.phase-6.de\/magazin\/fuer-lehrkraefte\/referendariat-erfahrungen-erkenntnisse-tipps\/\"><i><span style=\"color: #fc7c00;\">\u00dcbersicht<\/span><\/i><\/a><\/span><i>.<\/i><\/p>\n<h2>Wir sind alle ferienreif<\/h2>\n<p>So anstrengend der Wechselunterricht f\u00fcr uns alle war, er hatte einen entscheidenden Vorteil: kleine Lerngruppen. Nun lernen wieder alle Kinder gemeinsam und die vorgeschriebenen Abstandsregelungen werden zu einer noch gr\u00f6\u00dferen Farce als sie ohnehin schon f\u00fcr Grundschulkinder waren.<\/p>\n<p>Die gestiegene Lautst\u00e4rke und Unruhe im Raum lassen in mir eine lange vergessene Ungeduld wieder aufbrodeln, sodass ich \u00f6fter laut werde und anschlie\u00dfend gefrustet bin, weil ich wei\u00df, dass ich gerade den unelegantesten aller Wege eingeschlagen habe. Liegt es wirklich nur an der gestiegenen Anzahl von Kindern, dass der Unterricht von den meisten Lehrkr\u00e4ften gerade als besonders herausfordernd wahrgenommen wird? Ich denke nicht.<\/p>\n<p><img loading=\"-\" decoding=\"async\" class=\"aligncenter wp-image-12545 size-full\" src=\"https:\/\/www.phase-6.de\/magazin\/wp-content\/uploads\/2021\/12\/Kinder-mit-Masken-in-der-Schule.jpg\" alt=\"Kinder mit Masken in der Schule\" width=\"485\" height=\"300\" srcset=\"https:\/\/www.phase-6.de\/magazin\/wp-content\/uploads\/2021\/12\/Kinder-mit-Masken-in-der-Schule.jpg 485w, https:\/\/www.phase-6.de\/magazin\/wp-content\/uploads\/2021\/12\/Kinder-mit-Masken-in-der-Schule-300x186.jpg 300w\" sizes=\"(max-width: 485px) 100vw, 485px\" \/><\/p>\n<p>Das gesamte Schuljahr war nicht nur f\u00fcr die Lehrkr\u00e4fte, sondern vor allem f\u00fcr die Kinder sehr belastend, weil sie durch die vielen wechselnden Strukturen und Einschr\u00e4nkungen keine Chance hatten, sich im Lernort Schule zurechtzufinden. <strong>Unsere \u201cErstis\u201d wissen eigentlich gar nicht, was Schule bedeutet.<\/strong> Und die \u201cZweitis\u201d haben nun auch ihr zweites Corona-Schuljahr hinter sich, in dem nichts so lief, wie es unter \u201cnormalen\u201d Umst\u00e4nden gelaufen w\u00e4re. All das, was Schule neben dem fachlichen Input ausmacht und was als Kernst\u00fcck p\u00e4dagogischer Arbeit gilt (Rituale, soziales Lernen etc.), haben die Kids nur vereinzelt kennengelernt. Das hinterl\u00e4sst Spuren.<\/p>\n<p>Und hinzu kommt: Wir sind alle ferienreif. Wir alle brauchen eine Pause, Kinder und Erwachsene gleicherma\u00dfen. Viele im Kollegium nutzen die letzten Tage vor den Ferien f\u00fcr kleine gemeinsame Ausfl\u00fcge mit ihren Lerngruppen, um zumindest einen kleinen Teil von dem aufzuholen, was uns allen so lange gefehlt hat.<\/p>\n<h2>Zeugnisse<\/h2>\n<p>Der Zeugnismarathon endet bald und jede Lehrkraft an der Schule arbeitet auf Hochtouren an den Leistungsbeurteilungen. Ich pers\u00f6nlich hatte dankbarerweise nur einen kleinen Teil zu den Zeugnisbewertungen beizutragen und blieb dementsprechend von der Stresswelle verschont.<\/p>\n<p>An meiner Ausbildungsschule erhalten die Kinder der Jahrgangsstufen 1 bis 3 keine Ziffernnoten, sondern verbale Beurteilungen in Textform. Kinder der 5. und 6. Jahrgangsstufe erhalten <strong>Ziffernzeugnisse<\/strong>. Bei Kindern in der 4. Jahrgangsstufe wird am Anfang des Schuljahres gemeinsam mit den Eltern abgestimmt, ob f\u00fcr das laufende Schuljahr an den verbalen Beurteilungen festgehalten wird oder Ziffernzeugnisse erteilt werden, was vor allem f\u00fcr die Kinder relevant ist, die bereits nach der 4. Klasse auf ein Gymnasium wechseln m\u00f6chten. Von den meisten Lehrkr\u00e4ften werden die Verbalzeugnisse empfohlen, weil ausformulierte S\u00e4tze zu den St\u00e4rken und Schw\u00e4chen des Kindes f\u00fcr gew\u00f6hnlich aussagekr\u00e4ftiger sind als stumme Ziffern, deren Zustandekommen sich meist auch nur mit weiteren Ziffern belegen l\u00e4sst.<\/p>\n<p>Eine ausf\u00fchrliche <strong>verbale Beurteilung<\/strong> sollte nicht nur ergebnis-, sondern prozessorientiert gestaltet sein und pauschale Aussagen durch pers\u00f6nliche Details ersetzen. Allerdings kann das angesichts des hohen Schreib- und Zeitaufwands nicht immer realisiert werden. Die Beurteilung sollte besonders gelungene Lernprodukte hervorheben und individuelle Lernprozesse skizzieren. Au\u00dferdem sollte das verbale Zeugnis Lernl\u00fccken oder nicht erreichte Lernziele nicht ohne M\u00f6glichkeiten zur F\u00f6rderung thematisieren, um das diagnostische Potential zu nutzen und dem Kind durch wertsch\u00e4tzende Formulierungen Zuversicht schenken, dass es die gesetzten Lernziele erreichen kann, um das motivationale Potential auszusch\u00f6pfen.<\/p>\n<p><img loading=\"-\" decoding=\"async\" class=\"aligncenter wp-image-12483 size-full\" src=\"https:\/\/www.phase-6.de\/magazin\/wp-content\/uploads\/2021\/12\/Zeugnis-am-Ende-des-Schuljahres.jpg\" alt=\"Zeugnis am Ende des Schuljahres\" width=\"485\" height=\"300\" srcset=\"https:\/\/www.phase-6.de\/magazin\/wp-content\/uploads\/2021\/12\/Zeugnis-am-Ende-des-Schuljahres.jpg 485w, https:\/\/www.phase-6.de\/magazin\/wp-content\/uploads\/2021\/12\/Zeugnis-am-Ende-des-Schuljahres-300x186.jpg 300w\" sizes=\"(max-width: 485px) 100vw, 485px\" \/><\/p>\n<p>Manche Schulen arbeiten mit <strong>Indikatorenzeugnissen<\/strong>, in welchen relevante Teilkompetenzen kriteriengeleitet und tabellarisch aufgeschl\u00fcsselt werden. Ich halte diese Form grunds\u00e4tzlich f\u00fcr sehr sinnvoll und aufschlussreich f\u00fcr alle Beteiligten, da sich die Kompetenzen am Rahmenlehrplan orientieren und die Auspr\u00e4gung der einzelnen Kompetenzen mittels einer vierstufigen Skala eingesch\u00e4tzt werden kann, was einen guten \u00dcberblick \u00fcber das K\u00f6nnen und m\u00f6gliche F\u00f6rderschwerpunkte des Kindes bietet. Musterbeispiele f\u00fcr Indikatorenzeugnisse sind unter anderem im Schulrundschreiben der Berliner Senatsverwaltung enthalten.[1] Diese Form des Zeugnisses kann als Alternative zur verbalen Beurteilung definiert werden und muss Raum f\u00fcr Anschlusskommunikation erm\u00f6glichen. Das Gespr\u00e4ch mit dem Kind und den jeweiligen Erziehungsberechtigten sollte zeitnah zur Zeugnisausgabe erfolgen k\u00f6nnen, um bei Bedarf bestimmte Beurteilungsgrundlagen durch Beispiele zu verdeutlichen, Verst\u00e4ndnisprobleme zu kl\u00e4ren und weiterf\u00fchrende Fragen zu beantworten.<\/p>\n<h2>Das zweite Semester ist geschafft!<\/h2>\n<p>F\u00fcr die Abschlusssitzungen der vier Seminare war es uns m\u00f6glich, uns im Freien &#8211; also \u201clive\u201d &#8211; als Seminargruppe zu treffen, anstatt uns mit schlechter Tonqualit\u00e4t \u00fcber einen Bildschirm anzustarren. In Parks, Caf\u00e9s und Schulg\u00e4rten entstand so eine ganz angenehme Atmosph\u00e4re und ein kleines bisschen Normalit\u00e4t. Die letzten Gutachten wurden besprochen und unterschrieben, Fragen zur Pr\u00fcfung beantwortet und dann war nach langer Zeit mal wieder Raum f\u00fcr Austausch. Letzteres empfinde ich immer als sehr bereichernd, weil man die seltene Chance bekommt, sich umzuh\u00f6ren, wie Dinge, die man nur von seiner Ausbildungsschule kennt, an anderen Schulen laufen und herausfinden kann, wen aus der Gruppe eventuell \u00e4hnliche Gedanken plagen wie einen selbst. So f\u00fchlt man sich weniger allein auf dieser reiz\u00fcberflutenden Reise in den Berufseinstieg.<\/p>\n<p>Bevor es in die Sommerferien ging, wurden die <strong>Termine f\u00fcr die unterrichtspraktische Staatspr\u00fcfung<\/strong> festgelegt, die den kr\u00f6nenden Abschluss des Referendariats darstellt. Ab Mitte November beginnt in Berlin der Pr\u00fcfungszeitraum. Die meisten &#8211; so auch ich &#8211; entschieden sich daf\u00fcr, die Pr\u00fcfung vor den Weihnachtsferien hinter sich zu bringen, um sich \u00fcber die Feiertage etwas entspannen zu k\u00f6nnen. Ich lasse mich in Deutsch (Klasse 1-3) und Mathe (Klasse 4-6) pr\u00fcfen und werde in einem sp\u00e4teren Bericht detaillierter auf den Ablauf und die Rahmenbedingungen der Staatspr\u00fcfung eingehen.<\/p>\n<h2>Sommerferien<\/h2>\n<p>Als angehende Lehrkraft ist die Freude auf die Sommerferien noch gr\u00f6\u00dfer geworden. Dabei wei\u00df ich, dass mir von den omin\u00f6sen sechs Wochen am Ende maximal drei Wochen \u00fcbrig bleiben werden, weil einfach noch zu viel getan werden muss. Weiterhin enden die Sommerferien f\u00fcr Lehrkr\u00e4fte immer eine Woche fr\u00fcher, weil in der Woche vor dem Schulstart die Pr\u00e4senztage in der Schule stattfinden, wo sich alle p\u00e4dagogischen Fachkr\u00e4fte von morgens bis nachmittags treffen, um relevante Themen f\u00fcr das neue Schuljahr zu besprechen. Das sagt einem ja vorher auch niemand\u2026<\/p>\n<p>Meine Hauptaufgabe in den Ferien wird es sein, meine Modulpr\u00fcfung zu schreiben und das neue Schulhalbjahr zumindest in groben Z\u00fcgen zu planen. Aber vielleicht bleibt am Ende ja doch mehr Freizeit als gedacht.<\/p>\n<h2>Medium des Monats<\/h2>\n<p><strong>Der Classroom-Screen<\/strong> ist nicht neu f\u00fcr mich, aber ein Tool, das wegen seiner Praktikabilit\u00e4t allen Lehrkr\u00e4ften bekannt sein sollte.[2] Um die App \u00fcber den Browser nutzen zu k\u00f6nnen, sollte im Klassenraum ein Smartboard (oder Beamer) mit Internetzugang vorhanden sein. Sind diese Rahmenbedingungen gegeben, ist die App eine sehr n\u00fctzliche Begleitung im Schulalltag.<\/p>\n<p>Auf dem zun\u00e4chst leeren Board befindet sich eine Toolbar, die viele verschiedene Funktionen beherbergt, unter anderem unterschiedliche Uhren (inklusive Stoppuhr und Timer f\u00fcr Arbeitsphasen), einen Kalender, ein Text- und Malfeld (u.a. f\u00fcr Arbeitsanweisungen nutzbar), Zufallsfunktionen (W\u00fcrfel und Personen) und einen Dezibelmesser, der die Lautst\u00e4rke im Raum misst und ab einer festgelegten Grenze ein Signal von sich gibt. Solche Tools verleiten Kinder grunds\u00e4tzlich erst mal dazu, die Funktionen ausgiebig zu testen, indem sie verschiedenste Ger\u00e4usche machen und es zunehmend lauter wird. Daf\u00fcr empfiehlt es sich, den Kids eine einmin\u00fctige Ausprobierphase anzubieten (der Timer daf\u00fcr kann direkt auf dem Screen eingestellt werden), in der sie ihrem spielerischen Drang nachkommen d\u00fcrfen. Danach sollten die Lernenden die Dezibel-Funktion nicht mehr als Spiel begreifen und bei Bedarf eine gemeinsame Regel bzw. Konsequenz vereinbaren, falls sich manche Kinder nicht daran halten.<\/p>\n[\/et_pb_text][et_pb_image src=&#8220;https:\/\/www.phase-6.de\/magazin\/wp-content\/uploads\/2021\/12\/Classroom-Screen-Module-Schaubild.png&#8220; alt=&#8220;Classroom Screen Module &#8220; title_text=&#8220;Classroom Screen Module &#8220; show_in_lightbox=&#8220;on&#8220; _builder_version=&#8220;4.9.10&#8243; _module_preset=&#8220;default&#8220;][\/et_pb_image][et_pb_text _builder_version=&#8220;4.9.10&#8243; _module_preset=&#8220;default&#8220; hover_enabled=&#8220;0&#8243; sticky_enabled=&#8220;0&#8243;]\n<p>Besonders in den kalten Wintermonaten wurde der Classroom-Screen in meinem Unterricht f\u00fcr den<strong> Countdown zum L\u00fcften<\/strong> genutzt: Ein Timer wird auf 20 Minuten eingestellt und wenn das Signal ert\u00f6nt, wissen die Kids, dass es mal wieder Zeit f\u00fcrs Durchl\u00fcften ist. W\u00e4hrend des L\u00fcftens l\u00e4uft der zweite Timer, der auf 5 Minuten eingestellt ist. Nach Ablauf der Zeit werden die Fenster wieder geschlossen und das Spiel beginnt von vorne. Dabei empfiehlt es sich, t\u00e4glich wechselnde \u201cL\u00fcftungsbeauftragte\u201d in der Klasse festzulegen, um zu verhindern, dass sich alle Lernenden vom Signal angesprochen f\u00fchlen und ihren Lernprozess unterbrechen.<\/p>\n<h2>Ratschl\u00e4ge und Leits\u00e4tze f\u00fcr alle Lehrkraft-Neulinge<\/h2>\n<p>In den Episoden 7 bis 10 geht es um Dinge, die man als Lehrkraft vermeiden sollte. Die Ratschl\u00e4ge stammen von meinen Seminarleitungen und wurden demnach ausschlie\u00dflich von Personen mit langj\u00e4hriger Praxiserfahrung ge\u00e4u\u00dfert. Mir pers\u00f6nlich haben sie schon oft geholfen, weswegen ich sie gerne teile.<\/p>\n<p><img loading=\"-\" decoding=\"async\" class=\"aligncenter wp-image-11860 size-full\" src=\"https:\/\/www.phase-6.de\/magazin\/wp-content\/uploads\/2021\/07\/No-Gos-als-Lehrkraft.jpg\" alt=\"No Gos als Lehrkraft\" width=\"485\" height=\"300\" srcset=\"https:\/\/www.phase-6.de\/magazin\/wp-content\/uploads\/2021\/07\/No-Gos-als-Lehrkraft.jpg 485w, https:\/\/www.phase-6.de\/magazin\/wp-content\/uploads\/2021\/07\/No-Gos-als-Lehrkraft-300x186.jpg 300w\" sizes=\"(max-width: 485px) 100vw, 485px\" \/><\/p>\n<ul>\n<li aria-level=\"1\"><strong>Einfach nur beobachten:<\/strong> Das ist nie eine gute Idee, da am Ende dieser Beobachtung oft keine wertvollen R\u00fcckschl\u00fcsse f\u00fcr bestimmte Kernbereiche abgeleitet werden k\u00f6nnen und die Beobachtung somit ins Leere ging. Stattdessen sollte man sich gezielte Schwerpunkte ausw\u00e4hlen, die beobachtet werden (z.B. Kooperationsf\u00e4higkeit in Gruppenarbeiten, Einhaltung der Gespr\u00e4chsregeln oder F\u00e4higkeit zum eigenst\u00e4ndigen Arbeiten) und dazu ein paar kompetenzorientierte Kriterien formulieren. So werden Beobachtungen konkreter, objektiver und sind beispielsweise f\u00fcr ein Lernentwicklungsgespr\u00e4ch als Bewertungsgrundlage verwendbar.<\/li>\n<\/ul>\n<ul>\n<li aria-level=\"1\"><strong>Arbeitsauftrag laut vorlesen lassen:<\/strong> Damit auch wirklich kein Kind sagen kann, es wisse nicht, was es machen solle, liest h\u00e4ufig ein freiwilliges Kind den Arbeitsauftrag laut f\u00fcr alle vor und anschlie\u00dfend k\u00f6nnen Fragen gekl\u00e4rt werden. Das laute Vorlesen ist jedoch nicht zielf\u00fchrend, weil dadurch nicht das sinnerfassende Lesen gef\u00f6rdert wird (Inhalt), sondern das laute Vorlesen an sich (Performanz). Das Kind, das vorliest, wei\u00df danach oft nicht, was es gelesen hat, weil es sich auf das fehlerfreie Vorlesen konzentrieren musste. Das kennen wahrscheinlich alle aus ihrer eigenen Schulzeit. Und diejenigen, die nicht lesen, aber zuh\u00f6ren m\u00fcssen, h\u00f6ren meist nicht auf den Inhalt des Gelesenen, sondern auf die Art und Weise, wie es gelesen wurde und k\u00f6nnen den Inhalt demnach ebenfalls oft nicht wiedergeben. Also was tun? Die L\u00f6sung ist einfacher als gedacht: Jedes Kind liest den Arbeitsauftrag leise f\u00fcr sich und danach k\u00f6nnen Fragen gekl\u00e4rt werden. Dazu ist es in h\u00f6heren Jahrg\u00e4ngen nicht notwendig, dass der Auftrag nochmal laut in eigenen Worten wiederholt wird, allerdings ist das f\u00fcr j\u00fcngere Jahrg\u00e4nge ein guter Einstieg in das eigenst\u00e4ndige Verstehen und Erarbeiten von Arbeitsauftr\u00e4gen. Ziel ist unter anderem die F\u00f6rderung des Bewusstseins, dass jedes Kind f\u00fcr seinen eigenen Lernprozess verantwortlich ist. Zur Sicherstellung des Verst\u00e4ndnisses sollte die Lehrkraft nicht fragen: \u201cGibt es noch Fragen zur Aufgabe?\u201d, sondern stattdessen konkrete, auf die Aufgabe zugeschnittene Fragen stellen (z.B.: \u201cWas musst du machen, wenn du Aufgabe 1a) bearbeitet hast?\u201d), um Verst\u00e4ndnisprobleme sichtbar zu machen.<\/li>\n<\/ul>\n<h2>Was zu sagen bleibt\u2026<\/h2>\n<p>Und jetzt: Ab in die Sommerferien und Kopf ausschalten. Mal sehen, wie mir das gelingt&#8230; Im n\u00e4chsten Bericht erz\u00e4hle ich vom Schulbetrieb in den ersten Wochen nach den Ferien und berichte von meiner ersten Klassenfahrt als Erwachsene. Bis dahin schlie\u00dfe ich mit den Worten des gro\u00dfen Tagebuchschreibers Bert:<\/p>\n<p style=\"text-align: center;\">\u201cAlles ok, Kartoffelp\u00fcree!\u201d [3]\n<p>&nbsp;<\/p>\n<hr \/>\n[<span style=\"color: #fc7c00;\"><a style=\"color: #fc7c00;\" href=\"http:\/\/www.dagmarwilde.de\/vofu\/pdfs\/schulr_rs_17_2007_inkl_anlage.pdf\" target=\"_blank\" rel=\"noopener\"><span style=\"color: #fc7c00;\">1<\/span><\/a><\/span>] <span class=\"markedContent\"><span dir=\"ltr\" role=\"presentation\">Senatsverwaltung f\u00fcr Bildung, Wissenschaft und Forschung<\/span><\/span> (2007): <span id=\"page2375R_mcid30\" class=\"markedContent\"><span dir=\"ltr\" role=\"presentation\">Schul-Rundschreiben Nr. 17 \/ 2007<\/span><\/span>. Dagmar Wilde. Berlin<\/p>\n[<span style=\"color: #fc7c00;\"><a style=\"color: #fc7c00;\" href=\"https:\/\/classroomscreen.com\/\" target=\"_blank\" rel=\"noopener\"><span style=\"color: #fc7c00;\">2<\/span><\/a><\/span>] Classroom Screen (App)<\/p>\n[3] Jacobsson u. Olsson (1996): Berts gesammelte Katastrophen. Oetinger Verlag.<\/p>\n[\/et_pb_text][et_pb_testimonial portrait_url=&#8220;https:\/\/www.phase-6.de\/magazin\/wp-content\/uploads\/2019\/08\/Carla-Edited.jpg&#8220; portrait_width=&#8220;110px&#8220; portrait_height=&#8220;110px&#8220; use_icon_font_size=&#8220;on&#8220; icon_font_size=&#8220;39px&#8220; admin_label=&#8220;Autorin Carla&#8220; _builder_version=&#8220;4.9.10&#8243; body_text_align=&#8220;left&#8220; custom_margin=&#8220;40px||40px||false|false&#8220; custom_padding=&#8220;55px|55px|55px|55px|false|false&#8220; border_radii_portrait=&#8220;on|86px|86px|86px|86px&#8220; portrait_border_radius=&#8220;86px&#8220; global_module=&#8220;8039&#8243;]\n<p><strong><span style=\"color: #fc7c00;\">Autorin: Carla<\/span><\/strong><\/p>\n<p>F\u00fcr etwa drei Jahre schrieb ich Artikel f\u00fcr das <a href=\"https:\/\/www.phase-6.de\/magazin\/\"><span style=\"color: #fc7c00;\">phase6 Magazin<\/span><\/a> und das <a href=\"https:\/\/www.phase-6.de\/magazin\/fuer-lehrkraefte\/themen\/\"><span style=\"color: #fc7c00;\">Lehrkr\u00e4fte Magazin<\/span><\/a>. Mit besonderer Vorliebe widmete ich mich dabei spannenden Themen der p\u00e4dagogischen Psychologie in Theorie und Praxis. W\u00e4hrend meines Referendariats an einer Berliner Grundschule schrieb ich <a href=\"https:\/\/www.phase-6.de\/magazin\/fuer-lehrkraefte\/themen\/bildungssystem\/referendariat-erfahrungen-erkenntnisse-tipps\/\"><span style=\"color: #fc7c00;\">Erfahrungsberichte<\/span><\/a> und gab einen Einblick in meinen Schul- und Ausbildungsalltag. Mittlerweile befinde ich mich in der turbulenten Berufseinstiegsphase und darf eine jahrgangsgemischte Lerngruppe an einer montessori-orientierten Grundschule in Berlin unterrichten.<\/p>\n[\/et_pb_testimonial][\/et_pb_column][\/et_pb_row][\/et_pb_section]\n","protected":false},"excerpt":{"rendered":"<p> Ein ganzes Jahr als Referendarin an einer Berliner Grundschule ist geschafft. Wie sich die letzten Wochen vor den Sommerferien anf\u00fchlten und warum alle die anstehenden Ferien dringend n\u00f6tig haben, erz\u00e4hle ich im neunten Monatsbericht.<\/p>\n","protected":false},"author":11,"featured_media":12492,"comment_status":"closed","ping_status":"open","sticky":false,"template":"","format":"standard","meta":{"_acf_changed":false,"_yoast_wpseo_focuskw":"Zeugnis","_yoast_wpseo_title":"","_yoast_wpseo_metadesc":"Schulchaos aus der Sicht einer Grundschul-Referendarin. \u2713Referendariat Lehramt \u2713Erfahrungsberichte \u2713Tipps und Erkenntnisse","_yoast_wpseo_canonical":"","_yoast_wpseo_opengraph-title":"","_yoast_wpseo_opengraph-description":"","_et_pb_use_builder":"on","_et_pb_old_content":"","_et_gb_content_width":"","inline_featured_image":false,"footnotes":""},"categories":[71,69,70],"tags":[],"class_list":["post-12480","post","type-post","status-publish","format-standard","has-post-thumbnail","hentry","category-bildungssystem","category-methodik-und-didaktik","category-work-life-balance","et-has-post-format-content","et_post_format-et-post-format-standard"],"acf":[],"yoast_head":"<!-- This site is optimized with the Yoast SEO plugin v26.9 - https:\/\/yoast.com\/product\/yoast-seo-wordpress\/ -->\n<title>Episode 9 - Zeugnisse und Sommerferien - phase6 Magazin<\/title>\n<meta name=\"description\" content=\"Schulchaos aus der Sicht einer Grundschul-Referendarin. \u2713Referendariat Lehramt \u2713Erfahrungsberichte \u2713Tipps und Erkenntnisse\" \/>\n<meta name=\"robots\" content=\"index, follow, max-snippet:-1, max-image-preview:large, max-video-preview:-1\" \/>\n<link rel=\"canonical\" href=\"https:\/\/www.phase-6.de\/magazin\/fuer-lehrkraefte\/themen\/bildungssystem\/episode-9-zeugnisse-und-sommerferien\/\" \/>\n<meta property=\"og:locale\" content=\"de_DE\" \/>\n<meta property=\"og:type\" content=\"article\" \/>\n<meta property=\"og:title\" content=\"Episode 9 - Zeugnisse und Sommerferien - phase6 Magazin\" \/>\n<meta property=\"og:description\" content=\"Schulchaos aus der Sicht einer Grundschul-Referendarin. \u2713Referendariat Lehramt \u2713Erfahrungsberichte \u2713Tipps und Erkenntnisse\" \/>\n<meta property=\"og:url\" content=\"https:\/\/www.phase-6.de\/magazin\/fuer-lehrkraefte\/themen\/bildungssystem\/episode-9-zeugnisse-und-sommerferien\/\" \/>\n<meta property=\"og:site_name\" content=\"phase6 Magazin\" \/>\n<meta property=\"article:publisher\" content=\"https:\/\/www.facebook.com\/phase6.de\/\" \/>\n<meta property=\"article:published_time\" content=\"2021-08-15T11:17:49+00:00\" \/>\n<meta property=\"article:modified_time\" content=\"2022-04-12T08:24:42+00:00\" \/>\n<meta property=\"og:image\" content=\"https:\/\/www.phase-6.de\/magazin\/wp-content\/uploads\/2021\/12\/Referendariat-Erfahrungsberichte-9.jpg\" \/>\n\t<meta property=\"og:image:width\" content=\"1080\" \/>\n\t<meta property=\"og:image:height\" content=\"675\" \/>\n\t<meta property=\"og:image:type\" content=\"image\/jpeg\" \/>\n<meta name=\"author\" content=\"Rebecca\" \/>\n<meta name=\"twitter:card\" content=\"summary_large_image\" \/>\n<meta name=\"twitter:label1\" content=\"Verfasst von\" \/>\n\t<meta name=\"twitter:data1\" content=\"Rebecca\" \/>\n\t<meta name=\"twitter:label2\" content=\"Gesch\u00e4tzte Lesezeit\" \/>\n\t<meta name=\"twitter:data2\" content=\"11\u00a0Minuten\" \/>\n<script type=\"application\/ld+json\" class=\"yoast-schema-graph\">{\"@context\":\"https:\/\/schema.org\",\"@graph\":[{\"@type\":\"Article\",\"@id\":\"https:\/\/www.phase-6.de\/magazin\/fuer-lehrkraefte\/themen\/bildungssystem\/episode-9-zeugnisse-und-sommerferien\/#article\",\"isPartOf\":{\"@id\":\"https:\/\/www.phase-6.de\/magazin\/fuer-lehrkraefte\/themen\/bildungssystem\/episode-9-zeugnisse-und-sommerferien\/\"},\"author\":{\"name\":\"Rebecca\",\"@id\":\"https:\/\/www.phase-6.de\/magazin\/#\/schema\/person\/c79e16a5e9f43034e7a9f1876f3e96d4\"},\"headline\":\"Episode 9 &#8211; Zeugnisse und Sommerferien\",\"datePublished\":\"2021-08-15T11:17:49+00:00\",\"dateModified\":\"2022-04-12T08:24:42+00:00\",\"mainEntityOfPage\":{\"@id\":\"https:\/\/www.phase-6.de\/magazin\/fuer-lehrkraefte\/themen\/bildungssystem\/episode-9-zeugnisse-und-sommerferien\/\"},\"wordCount\":2178,\"publisher\":{\"@id\":\"https:\/\/www.phase-6.de\/magazin\/#organization\"},\"image\":{\"@id\":\"https:\/\/www.phase-6.de\/magazin\/fuer-lehrkraefte\/themen\/bildungssystem\/episode-9-zeugnisse-und-sommerferien\/#primaryimage\"},\"thumbnailUrl\":\"https:\/\/www.phase-6.de\/magazin\/wp-content\/uploads\/2021\/12\/Referendariat-Erfahrungsberichte-9.jpg\",\"articleSection\":[\"Bildungssystem\",\"Methodik &amp; Didaktik\",\"Work-Life-Balance\"],\"inLanguage\":\"de\"},{\"@type\":\"WebPage\",\"@id\":\"https:\/\/www.phase-6.de\/magazin\/fuer-lehrkraefte\/themen\/bildungssystem\/episode-9-zeugnisse-und-sommerferien\/\",\"url\":\"https:\/\/www.phase-6.de\/magazin\/fuer-lehrkraefte\/themen\/bildungssystem\/episode-9-zeugnisse-und-sommerferien\/\",\"name\":\"Episode 9 - Zeugnisse und Sommerferien - phase6 Magazin\",\"isPartOf\":{\"@id\":\"https:\/\/www.phase-6.de\/magazin\/#website\"},\"primaryImageOfPage\":{\"@id\":\"https:\/\/www.phase-6.de\/magazin\/fuer-lehrkraefte\/themen\/bildungssystem\/episode-9-zeugnisse-und-sommerferien\/#primaryimage\"},\"image\":{\"@id\":\"https:\/\/www.phase-6.de\/magazin\/fuer-lehrkraefte\/themen\/bildungssystem\/episode-9-zeugnisse-und-sommerferien\/#primaryimage\"},\"thumbnailUrl\":\"https:\/\/www.phase-6.de\/magazin\/wp-content\/uploads\/2021\/12\/Referendariat-Erfahrungsberichte-9.jpg\",\"datePublished\":\"2021-08-15T11:17:49+00:00\",\"dateModified\":\"2022-04-12T08:24:42+00:00\",\"description\":\"Schulchaos aus der Sicht einer Grundschul-Referendarin. \u2713Referendariat Lehramt \u2713Erfahrungsberichte \u2713Tipps und Erkenntnisse\",\"breadcrumb\":{\"@id\":\"https:\/\/www.phase-6.de\/magazin\/fuer-lehrkraefte\/themen\/bildungssystem\/episode-9-zeugnisse-und-sommerferien\/#breadcrumb\"},\"inLanguage\":\"de\",\"potentialAction\":[{\"@type\":\"ReadAction\",\"target\":[\"https:\/\/www.phase-6.de\/magazin\/fuer-lehrkraefte\/themen\/bildungssystem\/episode-9-zeugnisse-und-sommerferien\/\"]}]},{\"@type\":\"ImageObject\",\"inLanguage\":\"de\",\"@id\":\"https:\/\/www.phase-6.de\/magazin\/fuer-lehrkraefte\/themen\/bildungssystem\/episode-9-zeugnisse-und-sommerferien\/#primaryimage\",\"url\":\"https:\/\/www.phase-6.de\/magazin\/wp-content\/uploads\/2021\/12\/Referendariat-Erfahrungsberichte-9.jpg\",\"contentUrl\":\"https:\/\/www.phase-6.de\/magazin\/wp-content\/uploads\/2021\/12\/Referendariat-Erfahrungsberichte-9.jpg\",\"width\":1080,\"height\":675,\"caption\":\"Referendariat Erfahrungsberichte 9\"},{\"@type\":\"BreadcrumbList\",\"@id\":\"https:\/\/www.phase-6.de\/magazin\/fuer-lehrkraefte\/themen\/bildungssystem\/episode-9-zeugnisse-und-sommerferien\/#breadcrumb\",\"itemListElement\":[{\"@type\":\"ListItem\",\"position\":1,\"name\":\"Startseite\",\"item\":\"https:\/\/www.phase-6.de\/magazin\/\"},{\"@type\":\"ListItem\",\"position\":2,\"name\":\"Episode 9 &#8211; Zeugnisse und Sommerferien\"}]},{\"@type\":\"WebSite\",\"@id\":\"https:\/\/www.phase-6.de\/magazin\/#website\",\"url\":\"https:\/\/www.phase-6.de\/magazin\/\",\"name\":\"phase6 Magazin\",\"description\":\"Das Magazin f\u00fcr Sprache, Lernen &amp; Lehren\",\"publisher\":{\"@id\":\"https:\/\/www.phase-6.de\/magazin\/#organization\"},\"potentialAction\":[{\"@type\":\"SearchAction\",\"target\":{\"@type\":\"EntryPoint\",\"urlTemplate\":\"https:\/\/www.phase-6.de\/magazin\/?s={search_term_string}\"},\"query-input\":{\"@type\":\"PropertyValueSpecification\",\"valueRequired\":true,\"valueName\":\"search_term_string\"}}],\"inLanguage\":\"de\"},{\"@type\":\"Organization\",\"@id\":\"https:\/\/www.phase-6.de\/magazin\/#organization\",\"name\":\"phase-6 GmbH\",\"url\":\"https:\/\/www.phase-6.de\/magazin\/\",\"logo\":{\"@type\":\"ImageObject\",\"inLanguage\":\"de\",\"@id\":\"https:\/\/www.phase-6.de\/magazin\/#\/schema\/logo\/image\/\",\"url\":\"https:\/\/www.phase-6.de\/magazin\/wp-content\/uploads\/2017\/07\/phase6_logo2017.png\",\"contentUrl\":\"https:\/\/www.phase-6.de\/magazin\/wp-content\/uploads\/2017\/07\/phase6_logo2017.png\",\"width\":709,\"height\":200,\"caption\":\"phase-6 GmbH\"},\"image\":{\"@id\":\"https:\/\/www.phase-6.de\/magazin\/#\/schema\/logo\/image\/\"},\"sameAs\":[\"https:\/\/www.facebook.com\/phase6.de\/\",\"https:\/\/de.wikipedia.org\/wiki\/Phase6\"]},{\"@type\":\"Person\",\"@id\":\"https:\/\/www.phase-6.de\/magazin\/#\/schema\/person\/c79e16a5e9f43034e7a9f1876f3e96d4\",\"name\":\"Rebecca\",\"url\":\"https:\/\/www.phase-6.de\/magazin\/author\/rebecca\/\"}]}<\/script>\n<!-- \/ Yoast SEO plugin. -->","yoast_head_json":{"title":"Episode 9 - Zeugnisse und Sommerferien - phase6 Magazin","description":"Schulchaos aus der Sicht einer Grundschul-Referendarin. \u2713Referendariat Lehramt \u2713Erfahrungsberichte \u2713Tipps und Erkenntnisse","robots":{"index":"index","follow":"follow","max-snippet":"max-snippet:-1","max-image-preview":"max-image-preview:large","max-video-preview":"max-video-preview:-1"},"canonical":"https:\/\/www.phase-6.de\/magazin\/fuer-lehrkraefte\/themen\/bildungssystem\/episode-9-zeugnisse-und-sommerferien\/","og_locale":"de_DE","og_type":"article","og_title":"Episode 9 - Zeugnisse und Sommerferien - phase6 Magazin","og_description":"Schulchaos aus der Sicht einer Grundschul-Referendarin. \u2713Referendariat Lehramt \u2713Erfahrungsberichte \u2713Tipps und Erkenntnisse","og_url":"https:\/\/www.phase-6.de\/magazin\/fuer-lehrkraefte\/themen\/bildungssystem\/episode-9-zeugnisse-und-sommerferien\/","og_site_name":"phase6 Magazin","article_publisher":"https:\/\/www.facebook.com\/phase6.de\/","article_published_time":"2021-08-15T11:17:49+00:00","article_modified_time":"2022-04-12T08:24:42+00:00","og_image":[{"width":1080,"height":675,"url":"https:\/\/www.phase-6.de\/magazin\/wp-content\/uploads\/2021\/12\/Referendariat-Erfahrungsberichte-9.jpg","type":"image\/jpeg"}],"author":"Rebecca","twitter_card":"summary_large_image","twitter_misc":{"Verfasst von":"Rebecca","Gesch\u00e4tzte Lesezeit":"11\u00a0Minuten"},"schema":{"@context":"https:\/\/schema.org","@graph":[{"@type":"Article","@id":"https:\/\/www.phase-6.de\/magazin\/fuer-lehrkraefte\/themen\/bildungssystem\/episode-9-zeugnisse-und-sommerferien\/#article","isPartOf":{"@id":"https:\/\/www.phase-6.de\/magazin\/fuer-lehrkraefte\/themen\/bildungssystem\/episode-9-zeugnisse-und-sommerferien\/"},"author":{"name":"Rebecca","@id":"https:\/\/www.phase-6.de\/magazin\/#\/schema\/person\/c79e16a5e9f43034e7a9f1876f3e96d4"},"headline":"Episode 9 &#8211; Zeugnisse und Sommerferien","datePublished":"2021-08-15T11:17:49+00:00","dateModified":"2022-04-12T08:24:42+00:00","mainEntityOfPage":{"@id":"https:\/\/www.phase-6.de\/magazin\/fuer-lehrkraefte\/themen\/bildungssystem\/episode-9-zeugnisse-und-sommerferien\/"},"wordCount":2178,"publisher":{"@id":"https:\/\/www.phase-6.de\/magazin\/#organization"},"image":{"@id":"https:\/\/www.phase-6.de\/magazin\/fuer-lehrkraefte\/themen\/bildungssystem\/episode-9-zeugnisse-und-sommerferien\/#primaryimage"},"thumbnailUrl":"https:\/\/www.phase-6.de\/magazin\/wp-content\/uploads\/2021\/12\/Referendariat-Erfahrungsberichte-9.jpg","articleSection":["Bildungssystem","Methodik &amp; Didaktik","Work-Life-Balance"],"inLanguage":"de"},{"@type":"WebPage","@id":"https:\/\/www.phase-6.de\/magazin\/fuer-lehrkraefte\/themen\/bildungssystem\/episode-9-zeugnisse-und-sommerferien\/","url":"https:\/\/www.phase-6.de\/magazin\/fuer-lehrkraefte\/themen\/bildungssystem\/episode-9-zeugnisse-und-sommerferien\/","name":"Episode 9 - Zeugnisse und Sommerferien - phase6 Magazin","isPartOf":{"@id":"https:\/\/www.phase-6.de\/magazin\/#website"},"primaryImageOfPage":{"@id":"https:\/\/www.phase-6.de\/magazin\/fuer-lehrkraefte\/themen\/bildungssystem\/episode-9-zeugnisse-und-sommerferien\/#primaryimage"},"image":{"@id":"https:\/\/www.phase-6.de\/magazin\/fuer-lehrkraefte\/themen\/bildungssystem\/episode-9-zeugnisse-und-sommerferien\/#primaryimage"},"thumbnailUrl":"https:\/\/www.phase-6.de\/magazin\/wp-content\/uploads\/2021\/12\/Referendariat-Erfahrungsberichte-9.jpg","datePublished":"2021-08-15T11:17:49+00:00","dateModified":"2022-04-12T08:24:42+00:00","description":"Schulchaos aus der Sicht einer Grundschul-Referendarin. \u2713Referendariat Lehramt \u2713Erfahrungsberichte \u2713Tipps und Erkenntnisse","breadcrumb":{"@id":"https:\/\/www.phase-6.de\/magazin\/fuer-lehrkraefte\/themen\/bildungssystem\/episode-9-zeugnisse-und-sommerferien\/#breadcrumb"},"inLanguage":"de","potentialAction":[{"@type":"ReadAction","target":["https:\/\/www.phase-6.de\/magazin\/fuer-lehrkraefte\/themen\/bildungssystem\/episode-9-zeugnisse-und-sommerferien\/"]}]},{"@type":"ImageObject","inLanguage":"de","@id":"https:\/\/www.phase-6.de\/magazin\/fuer-lehrkraefte\/themen\/bildungssystem\/episode-9-zeugnisse-und-sommerferien\/#primaryimage","url":"https:\/\/www.phase-6.de\/magazin\/wp-content\/uploads\/2021\/12\/Referendariat-Erfahrungsberichte-9.jpg","contentUrl":"https:\/\/www.phase-6.de\/magazin\/wp-content\/uploads\/2021\/12\/Referendariat-Erfahrungsberichte-9.jpg","width":1080,"height":675,"caption":"Referendariat Erfahrungsberichte 9"},{"@type":"BreadcrumbList","@id":"https:\/\/www.phase-6.de\/magazin\/fuer-lehrkraefte\/themen\/bildungssystem\/episode-9-zeugnisse-und-sommerferien\/#breadcrumb","itemListElement":[{"@type":"ListItem","position":1,"name":"Startseite","item":"https:\/\/www.phase-6.de\/magazin\/"},{"@type":"ListItem","position":2,"name":"Episode 9 &#8211; Zeugnisse und Sommerferien"}]},{"@type":"WebSite","@id":"https:\/\/www.phase-6.de\/magazin\/#website","url":"https:\/\/www.phase-6.de\/magazin\/","name":"phase6 Magazin","description":"Das Magazin f\u00fcr Sprache, Lernen &amp; Lehren","publisher":{"@id":"https:\/\/www.phase-6.de\/magazin\/#organization"},"potentialAction":[{"@type":"SearchAction","target":{"@type":"EntryPoint","urlTemplate":"https:\/\/www.phase-6.de\/magazin\/?s={search_term_string}"},"query-input":{"@type":"PropertyValueSpecification","valueRequired":true,"valueName":"search_term_string"}}],"inLanguage":"de"},{"@type":"Organization","@id":"https:\/\/www.phase-6.de\/magazin\/#organization","name":"phase-6 GmbH","url":"https:\/\/www.phase-6.de\/magazin\/","logo":{"@type":"ImageObject","inLanguage":"de","@id":"https:\/\/www.phase-6.de\/magazin\/#\/schema\/logo\/image\/","url":"https:\/\/www.phase-6.de\/magazin\/wp-content\/uploads\/2017\/07\/phase6_logo2017.png","contentUrl":"https:\/\/www.phase-6.de\/magazin\/wp-content\/uploads\/2017\/07\/phase6_logo2017.png","width":709,"height":200,"caption":"phase-6 GmbH"},"image":{"@id":"https:\/\/www.phase-6.de\/magazin\/#\/schema\/logo\/image\/"},"sameAs":["https:\/\/www.facebook.com\/phase6.de\/","https:\/\/de.wikipedia.org\/wiki\/Phase6"]},{"@type":"Person","@id":"https:\/\/www.phase-6.de\/magazin\/#\/schema\/person\/c79e16a5e9f43034e7a9f1876f3e96d4","name":"Rebecca","url":"https:\/\/www.phase-6.de\/magazin\/author\/rebecca\/"}]}},"_links":{"self":[{"href":"https:\/\/www.phase-6.de\/magazin\/wp-json\/wp\/v2\/posts\/12480","targetHints":{"allow":["GET"]}}],"collection":[{"href":"https:\/\/www.phase-6.de\/magazin\/wp-json\/wp\/v2\/posts"}],"about":[{"href":"https:\/\/www.phase-6.de\/magazin\/wp-json\/wp\/v2\/types\/post"}],"author":[{"embeddable":true,"href":"https:\/\/www.phase-6.de\/magazin\/wp-json\/wp\/v2\/users\/11"}],"replies":[{"embeddable":true,"href":"https:\/\/www.phase-6.de\/magazin\/wp-json\/wp\/v2\/comments?post=12480"}],"version-history":[{"count":0,"href":"https:\/\/www.phase-6.de\/magazin\/wp-json\/wp\/v2\/posts\/12480\/revisions"}],"wp:featuredmedia":[{"embeddable":true,"href":"https:\/\/www.phase-6.de\/magazin\/wp-json\/wp\/v2\/media\/12492"}],"wp:attachment":[{"href":"https:\/\/www.phase-6.de\/magazin\/wp-json\/wp\/v2\/media?parent=12480"}],"wp:term":[{"taxonomy":"category","embeddable":true,"href":"https:\/\/www.phase-6.de\/magazin\/wp-json\/wp\/v2\/categories?post=12480"},{"taxonomy":"post_tag","embeddable":true,"href":"https:\/\/www.phase-6.de\/magazin\/wp-json\/wp\/v2\/tags?post=12480"}],"curies":[{"name":"wp","href":"https:\/\/api.w.org\/{rel}","templated":true}]}}