{"id":2430,"date":"2018-06-01T10:23:51","date_gmt":"2018-06-01T10:23:51","guid":{"rendered":"https:\/\/www.phase-6.de\/magazin\/?p=2430"},"modified":"2020-09-28T16:21:32","modified_gmt":"2020-09-28T16:21:32","slug":"dsgvo-inhalt-und-neuerungen-bei-phase6","status":"publish","type":"post","link":"https:\/\/www.phase-6.de\/magazin\/rubriken\/medien-und-digitalisierung\/dsgvo-inhalt-und-neuerungen-bei-phase6\/","title":{"rendered":"DSGVO &#8211; Inhalt und Neuerungen bei phase6"},"content":{"rendered":"<p>Am 25. Mai 2018 ist die <strong>Datenschutzgrundverordnung<\/strong> (DSGVO) f\u00fcr alle EU-Mitgliedsstaaten verbindlich in Kraft getreten und sieht vor, den Datenverkehr im Internet zu reformieren. So abstrakt das klingen mag, auch <strong>du bist pers\u00f6nlich davon betroffen<\/strong>. Wir machen das Beamtendeutsch f\u00fcr dich verst\u00e4ndlich:<\/p>\n<h2>Was ist die DSGVO?<\/h2>\n<p>Die<strong> Datenschutzgrundverordnung<\/strong> hat zum Ziel, das Datenschutzrecht in der gesamten Europ\u00e4ischen Union zu vereinheitlichen, sodass Unternehmen und Internetuser darauf vertrauen k\u00f6nnen, dass in der ganzen EU einheitliche Standards herrschen. Weiterhin setzt die DSGVO das in Deutschland herrschende BDSG (Bundesdatenschutzgesetz) au\u00dfer Kraft, beziehungsweise wird dies seinerseits angepasst zum <strong>BDSG-Neu<\/strong>. Die neue DSGVO gilt f\u00fcr alle Unternehmen, welche eine nicht-private Webseite pflegen. Des Weiteren ist die DSGVO zu beachten, wenn Cookies gesetzt oder Newsletter versendet werden. Au\u00dferdem regelt sie die Nutzung von Google Analytics, ein Trackingtool, welches die Verweildauer auf einzelnen Internetseiten, die Suchmaschinennutzung sowie die Herkunft der User untersucht. Kurzum: <strong>Die DSGVO gilt f\u00fcr alle Personen und Unternehmen, welche personenbezogenen Nutzerdaten verarbeiten.<\/strong><\/p>\n<h2>Was sind personenbezogene Nutzerdaten?<\/h2>\n<p>Personenbezogene Daten umfassen unter anderem Name, Anschrift und Geburtsdatum der User sowie Ausbildung, Berufsstand, Einkommen und Kontodaten. Zudem geh\u00f6ren E-Mail &#8211; \u00a0oder auch IP-Adresse dazu (dies wurde j\u00fcngst von den obersten Gerichten angeordnet). Au\u00dferdem das KFZ-Kennzeichen oder auch der Standort. Weiterhin z\u00e4hlt die Analyse von Kauf-, Surf- und Klickverhalten der User dazu, also der Umgang mit Tracking und Cookies. Personenbezogen sind Daten also genau dann, wenn: \u00a0<strong>Daten nicht vollst\u00e4ndig anonym erhoben wurden und demzufolge einer bestimmten Person zugeordnet werden k\u00f6nnen.<\/strong><\/p>\n<h2>Was haben die User davon?<\/h2>\n<p>Die DSGVO soll den Datenschutz von Usern auf unter anderem Internetplattformen regulieren. Die Nutzerinnen und Nutzer sollen die Souver\u00e4nit\u00e4t \u00fcber ihre Daten zur\u00fcckgewinnen. Besonders das Tracking und Verwenden von Cookies soll zuk\u00fcnftig wesentlich anonymisierter vonstatten gehen. Einhergehend mit erheblich h\u00f6heren Bu\u00dfgeldern (von bis zu 20 Millionen Euro bei Verst\u00f6\u00dfen) soll so gesichert werden, dass sich auch Cloud Dienste und soziale Netzwerke, vor allem mit Sitz in den USA, an die Datenschutzgrundverordnung halten. Denn: <strong>Auch Unternehmen aus den USA, welche personenbezogene Daten von EU-B\u00fcrgerinnen und -B\u00fcrgern verarbeiten, m\u00fcssen sich an die DSGVO halten.<\/strong><\/p>\n<h2><strong><img loading=\"-\" decoding=\"async\" class=\" wp-image-2448 alignright\" src=\"https:\/\/www.phase-6.de\/magazin\/wp-content\/uploads\/2018\/06\/data-protection-regulation-3413077_1920-300x200.jpg\" alt=\"Alle europ\u00e4ischen Mitgliedsstaaten m\u00fcssen sich an die neue DSGVO halten.\" width=\"287\" height=\"191\" srcset=\"https:\/\/www.phase-6.de\/magazin\/wp-content\/uploads\/2018\/06\/data-protection-regulation-3413077_1920-300x200.jpg 300w, https:\/\/www.phase-6.de\/magazin\/wp-content\/uploads\/2018\/06\/data-protection-regulation-3413077_1920-768x512.jpg 768w, https:\/\/www.phase-6.de\/magazin\/wp-content\/uploads\/2018\/06\/data-protection-regulation-3413077_1920-1024x683.jpg 1024w, https:\/\/www.phase-6.de\/magazin\/wp-content\/uploads\/2018\/06\/data-protection-regulation-3413077_1920-1080x720.jpg 1080w, https:\/\/www.phase-6.de\/magazin\/wp-content\/uploads\/2018\/06\/data-protection-regulation-3413077_1920.jpg 1920w\" sizes=\"(max-width: 287px) 100vw, 287px\" \/><\/strong><\/h2>\n<h2>Was \u00e4ndert sich mit der neuen DSGVO?<\/h2>\n<p>In Deutschland galt bereits vor der Verabschiedung der Datenschutzgrundverordnung ein hohes Ma\u00df an Datensicherheit, daher sind einige Punkte des alten BDSG unver\u00e4ndert. Im Folgenden wird kurz erl\u00e4utert, welche Richtlinien beibehalten und welche erneuert wurden.<\/p>\n<h3>Was bleibt unver\u00e4ndert?<\/h3>\n<p><strong>Verbot mit Erlaubnisvorbehalt<\/strong><\/p>\n<p>Die Verarbeitung von personenbezogenen Daten darf nur dann erfolgen, wenn die betroffene Person ihr Einverst\u00e4ndnis dazu gegeben hat.<\/p>\n<p><strong>Datensparsamkeit<\/strong><\/p>\n<p>Bei der Datenverarbeitung d\u00fcrfen nur so viele personenbezogene Daten erhoben werden, wie f\u00fcr die entsprechende Anwendung unbedingt notwendig sind.<\/p>\n<p><strong>Zweckbindung<\/strong><\/p>\n<p>Die Daten d\u00fcrfen nur f\u00fcr denjenigen Zweck verwendet werden, f\u00fcr welchen sie auch erhoben wurden. Eine Weitergabe ohne die Zustimmung der betroffenen Person, wird dementsprechend ausgeschlossen.<\/p>\n<p><strong>Datenrichtigkeit<\/strong><\/p>\n<p>Die erhobenen Daten m\u00fcssen faktisch der Wahrheit entsprechen und aktuell sein.<\/p>\n<h3>Die wesentlichen Neuerungen<\/h3>\n<p><strong>Ausbau der Nutzerrechte <\/strong><\/p>\n<p>In Zukunft sollen die User einen vereinfachten Zugang zu ihren Daten haben. Das Schl\u00fcsselwort lautet hier <strong>Transparenz<\/strong>. Jede Person hat mit der neuen DSGVO das Recht darauf, zu erfahren, welche Daten \u00fcber sie gesammelt und zu welchem Zweck diese verarbeitet werden. Die User haben die Hoheit \u00fcber ihre personenbezogenen Daten und nicht die Online Dienste. Folglich soll es den Nutzerinnen und Nutzern vereinfacht werden, ihre Daten von einem Internetanbieter zu einem anderen zu \u00fcbertragen.<\/p>\n<p><strong>Recht der Nutzerin und Nutzer auf Vergessen<\/strong><\/p>\n<p>Dieser Punkt ist eng verbunden mit dem allgemeinen Ausbau der Nutzerrechte. Er hat zum Inhalt, dass es den Usern nunmehr vereinfacht wird, einmal im Web ver\u00f6ffentlichte und vor allem private Informationen, wieder l\u00f6schen zu lassen.<\/p>\n<p><strong>Versch\u00e4rfung der Jugendschutzrichtlinien<\/strong><\/p>\n<p>Im BDSG gab es \u00a0bisher keine Regelungen, welche sich speziell auf Kinder und Jugendliche bezogen haben. G\u00e4ngig war, dass man bereits mit der Vollendung des 13. Lebensjahres die M\u00fcndigkeit besa\u00df, seine Einwilligung in die Verarbeitung personenbezogener Daten zu geben. Diese <strong>Altersgrenze<\/strong> wurde mit der neuen DSGVO in Deutschland nun auf <strong>16 Jahre<\/strong> angehoben. Dies hat die Intention, die Sicherheit f\u00fcr Kinder und Jugendliche im Netz zu erh\u00f6hen. So zumindest in der Theorie. In der Praxis jedoch, l\u00e4sst sich das Alter der Nutzerinnen und Nutzer nur schwer verifizieren. Besonders, wenn es sich um minderj\u00e4hrige Personen handelt, welche nicht einmal im Besitz eines Personalausweises sind. Auch ein Identit\u00e4tscheck via VideoIdent, also der Verifizierung der eigenen Identit\u00e4t per Videoanruf mit einer Mitarbeiterin oder einem Mitarbeiter des entsprechenden Unternehmens, ist f\u00fcr Social Media Dienste wie Facebook oder Twitter eher praxisfern &#8211; allein angesichts der Unmengen an Usern, welche diese Dienste nutzen.<\/p>\n<p>Auf Grundlage dessen, vertrauen die meisten g\u00e4ngigen Internetportale auf die Ehrlichkeit der Nutzerinnen und Nutzer und begn\u00fcgen sich mit einem H\u00e4kchen unter der Aussage: \u201cJa, ich bin \u00e4lter als 16 Jahre.\u201d Dieses Vorgehen verfehlt nicht nur den Sinn der versch\u00e4rften Jugendschutzrichtlinien, auch werden Kinder und Jugendliche, welche das 16 Lebensjahr noch nicht vollendet haben, dazu angeleitet, bei der Anmeldung eines Onlinedienstes, rechtswidrig zu handeln. Bei phase6 hat der sichere Umgang mit den personenbezogenen Daten Ihrer Kinder oberste Priorit\u00e4t. Genau aus diesem Grund wurde sich diesem Problem angenommen und ein Verfahren entwickelt, um Ihnen und Ihren Kindern den gr\u00f6\u00dftm\u00f6glichen Schutz bei der Nutzung der entsprechenden Dienste zu gew\u00e4hrleisten. Im Folgenden erfahren Sie, wie phase6\u00a0 diese Dienste an die DSGVO angepasst hat.<\/p>\n<h2>Wie geht phase6 mit den neuen Jugendschutzrichtlinien um?<\/h2>\n<p>Das Angebot von phase6 richtet sich gezielt an Eltern und Kinder. <strong>Kinder unter 16 Jahren sind hinsichtlich der Verarbeitung personenbezogener Da<\/strong><strong>ten besonders gesch\u00fctzt und es besteht eine zus\u00e4tzliche Zustimmungserfordernis durch die Erziehungsberechtigten.<\/strong> Ein Account, der \u00fcber die Registrierung eines unter 16-j\u00e4hrigen Kindes erstellt wurde, ist daher schwebend unwirksam. Als Elternteil oder Erziehungsberechtigte haben Sie daher jederzeit das Recht, der Verarbeitung personenbezogener Daten des Kindes zu widersprechen. Damit dieser Schritt sowohl f\u00fcr Kinder als auch f\u00fcr Eltern m\u00f6glichst transparent ist, werden die Kinder bei uns gebeten, w\u00e4hrend des Produkttests auf einfache Art und Weise ihre Alterseinstufung zu best\u00e4tigen und ihre Eltern elektronisch dar\u00fcber zu informieren, dass personenbezogene Daten verarbeitet werden. <img loading=\"-\" decoding=\"async\" class=\" wp-image-2452 alignright\" src=\"https:\/\/www.phase-6.de\/magazin\/wp-content\/uploads\/2018\/06\/family-2398291-300x134.png\" alt=\"DSGVO - Jugendschutz bei phase6\" width=\"378\" height=\"169\" srcset=\"https:\/\/www.phase-6.de\/magazin\/wp-content\/uploads\/2018\/06\/family-2398291-300x134.png 300w, https:\/\/www.phase-6.de\/magazin\/wp-content\/uploads\/2018\/06\/family-2398291-768x344.png 768w, https:\/\/www.phase-6.de\/magazin\/wp-content\/uploads\/2018\/06\/family-2398291-1024x459.png 1024w, https:\/\/www.phase-6.de\/magazin\/wp-content\/uploads\/2018\/06\/family-2398291-1080x484.png 1080w\" sizes=\"(max-width: 378px) 100vw, 378px\" \/><\/p>\n<p>Ihr Kind hat die M\u00f6glichkeit, Sie entweder per E-Mail oder einem anderen Kanal seiner Wahl mit einer Kurzinformation zu versorgen. Der Vorschlag f\u00fcr die Nachricht ist bereits so verfasst worden, dass Sie von Ihrem Kind kurz und direkt informiert werden k\u00f6nnen. Der Versand dieser Nachricht erfolgt auf direktem Wege, sodass in diesem Schritt keine personenbezogenen Daten der Eltern verarbeitet werden. Die Kurznachricht Ihrer Kinder enth\u00e4lt einen Link, \u00fcber den Sie sich \u00fcber alle Belange der Datenverarbeitung bei phase6 informieren k\u00f6nnen. Anschlie\u00dfend haben Sie die M\u00f6glichkeit, der Datenverarbeitung zuzustimmen. Dieser Schritt ist erforderlich, damit Ihre Kinder unsere Lernplattform dauerhaft nutzen k\u00f6nnen. Davon unber\u00fchrt haben Sie nat\u00fcrlich das Recht der Verarbeitung der Daten jederzeit zu widersprechen. Weitere Informationen dazu finden Sie im Verlauf der Datenschutzerkl\u00e4rung hinsichtlich der Rechte der betroffenen Person.<\/p>\n<p>Sobald Sie der Verarbeitung personenbezogener Daten zugestimmt haben, zeigt die App Kindern an, dass Sie alle Schritte erfolgreich abgeschlossen haben und die Verarbeitung ihrer Daten durch phase6 rechtswirksam erfolgt. Mit diesem innovativen Prozess kommt phase6 nicht nur den Vorgaben der Datenschutzgrundverordnung seitens der EU nach, sondern positioniert sich auch klar f\u00fcr einen aufgeschlossenen und transparenten Umgang mit dem Thema Datenschutz. Im Laufe der Best\u00e4tigung haben Sie zudem die M\u00f6glichkeit, einen sogenannten Elternaccount anzulegen. Damit haben Sie jederzeit Einsicht in die Einstellungen zum Datenschutz Ihrer Kinder und zum Nutzungsverhalten. Kinder unter 16 Jahren sind \u00fcbrigens auch von dem Erhalt unseres Newsletters ausgeschlossen, auch wenn Sie diesen vor der neuen Verordnung abonniert haben. Erst mit der Best\u00e4tigung durch die Eltern wird diese Einschr\u00e4nkung aufgehoben. F\u00fcr mehr Informationen lesen Sie sich gerne die \u00fcberareitete <a href=\"https:\/\/www.phase-6.de\/shop\/datenschutz.html\" target=\"_blank\" rel=\"noopener noreferrer\"><span style=\"color: #fc7c00;\">vollst\u00e4ndige Datenschutzverordnung von phase6<\/span><\/a> durch.<\/p>\n<h2>Kritik an der DSGVO<\/h2>\n<p>Trotz des langwierigen Entstehungsprozesses der DSGVO sind immer noch einige Punkte unklar. Dies kritisieren vor allem Juristen. Sie bef\u00fcrchten, dass es in Zukunft zu vielen gerichtlichen Streitf\u00e4llen kommt. An einigen Stellen kollidiert die Datenschutzgrundverordnung mit bestehenden Gesetzen einzelner EU-Mitgliedsstaaten. Auch ist man sich \u00fcber die Vergabe von Bu\u00dfgeldern noch uneinig. Da die DSGVO in der gesamten Europ\u00e4ischen Union gilt, wird bei regional nicht l\u00f6sbaren Streitigkeiten der Europ\u00e4ische Gerichtshof die letzte entscheidende Instanz sein. Bis es hier zu den ersten Pr\u00e4zedenzf\u00e4llen kommt, werden wohl noch einige Jahre verstreichen. Die h\u00f6here Sicherheit und Privatsph\u00e4re der User k\u00f6nnte auf Kosten der Unternehmen gehen. Ob und wie die Datenschutzgrundverordnung europaweit durchgesetzt werden kann, wird die Zukunft zeigen.[1]\n<p>&nbsp;<\/p>\n<p style=\"text-align: center;\"><a class=\"maxbutton-3 maxbutton maxbutton-zur-phase6-website\" target=\"_blank\" rel=\"noopener\" href=\"https:\/\/www.phase-6.de\/\"><span class='mb-text'>Zur phase6-Website<\/span><\/a>\n<p>&nbsp;<\/p>\n<p style=\"text-align: center;\">Quellen: [<a href=\"https:\/\/dsgvo-gesetz.de\/\" target=\"_blank\" rel=\"noopener noreferrer\">1<\/a>]\n","protected":false},"excerpt":{"rendered":"<p>Seit Mai 2018 ist die Datenschutzgrundverordnung f\u00fcr alle EU-Mitgliedsstaaten verbindlich in Kraft getreten. Dieser Artikel informiert dich \u00fcber Inhalt sowie Konsequenzen der Verordnung und wie phase6 mit den Neuerungen umgeht.<\/p>\n","protected":false},"author":12,"featured_media":6419,"comment_status":"closed","ping_status":"open","sticky":false,"template":"","format":"standard","meta":{"_acf_changed":false,"_yoast_wpseo_focuskw":"DSGVO","_yoast_wpseo_title":"","_yoast_wpseo_metadesc":"Die DSGVO ist nun f\u00fcr alle EU-Mitgliedsstaaten verbindlich zu befolgen. Das phase6-Magazin zeigt dir, welche Neuerungen zu beachten sind.","_yoast_wpseo_canonical":"","_yoast_wpseo_opengraph-title":"","_yoast_wpseo_opengraph-description":"","_et_pb_use_builder":"off","_et_pb_old_content":"Am 25. Mai 2018 ist die <strong>Datenschutzgrundverordnung<\/strong> (DSGVO) f\u00fcr alle EU-Mitgliedsstaaten verbindlich in Kraft getreten und sieht vor, den Datenverkehr im Internet zu reformieren. Der vorliegende Artikel informiert Sie \u00fcber die Inhalte der Verordnung, welche Konsequenzen diese f\u00fcr Sie und Ihre Kinder haben und wie phase6 mit den Neuerungen umgeht.\r\n<h2>Was ist die DSGVO?<\/h2>\r\nDie Datenschutzgrundverordnung hat zum Ziel, das Datenschutzrecht in der gesamten Europ\u00e4ischen Union zu vereinheitlichen, sodass Unternehmen, Nutzerinnen und Nutzer darauf vertrauen k\u00f6nnen, dass in der ganzen EU einheitliche Standards herrschen.\r\n\r\nWeiterhin setzt die DSGVO das in Deutschland herrschende BDSG (Bundesdatenschutzgesetz) au\u00dfer Kraft, beziehungsweise wird dies seinerseits angepasst zum BDSG-Neu.\r\n\r\nDie neue DSGVO gilt f\u00fcr alle Unternehmen, welche eine nicht-private Webseite pflegen. Des Weiteren ist die DSGVO zu beachten, wenn Cookies gesetzt oder Newsletter versendet werden. Au\u00dferdem regelt sie die Nutzung von Google Analytics, ein Trackingtool, welches die Verweildauer auf einzelnen Internetseiten, die Suchmaschinennutzung sowie die Herkunft der User untersucht.\r\n\r\nKurzum: <strong>Die DSGVO gilt f\u00fcr alle Personen und Unternehmen, welche personenbezogenen Nutzerdaten verarbeiten.<\/strong>\r\n<h2>Was sind personenbezogene Nutzerdaten?<\/h2>\r\nPersonenbezogene Daten umfassen unter anderem Name, Anschrift und Geburtsdatum der User sowie Ausbildung, Berufsstand, Einkommen und Kontodaten. Zudem geh\u00f6ren E-Mail - \u00a0oder auch IP-Adresse dazu (dies wurde j\u00fcngst von den obersten Gerichten angeordnet). Au\u00dferdem das KFZ-Kennzeichen oder auch der Standort. Weiterhin z\u00e4hlt die Analyse von Kauf-, Surf- und Klickverhalten der User dazu, also der Umgang mit Tracking und Cookies.\r\n\r\nPersonenbezogen sind Daten also genau dann, wenn: \u00a0<strong>Daten nicht vollst\u00e4ndig anonym erhoben wurden und demzufolge einer bestimmten Person zugeordnet werden k\u00f6nnen.<\/strong>\r\n<h2>Was haben die User davon?<\/h2>\r\nDie DSGVO soll den Datenschutz von Usern auf u.a. Internetplattformen regulieren.\r\n\r\nDie Nutzerinnen und Nutzer sollen die Souver\u00e4nit\u00e4t \u00fcber ihre Daten zur\u00fcckgewinnen. Besonders das Tracking und Verwenden von Cookies soll zuk\u00fcnftig wesentlich anonymisierter vonstatten gehen.\r\n\r\nEinhergehend mit erheblich h\u00f6heren Bu\u00dfgeldern (von bis zu 20 Millionen Euro bei Verst\u00f6\u00dfen) soll so gesichert werden, dass sich auch Cloud Dienste und soziale Netzwerke, vor allem mit Sitz in den USA, an die Datenschutzgrundverordnung halten.\r\n\r\nDenn: <strong>Auch Unternehmen aus den USA, welche personenbezogene Daten von EU-B\u00fcrgerinnen und -B\u00fcrgern verarbeiten, m\u00fcssen sich an die DSGVO halten.<\/strong>\r\n<h2><strong><img class=\" wp-image-2448 alignright\" src=\"https:\/\/www.phase-6.de\/magazin\/wp-content\/uploads\/2018\/06\/data-protection-regulation-3413077_1920-300x200.jpg\" alt=\"Alle europ\u00e4ischen Mitgliedsstaaten m\u00fcssen sich an die neue DSGVO halten.\" width=\"287\" height=\"191\" \/><\/strong><\/h2>\r\n<h2>Was \u00e4ndert sich mit der neuen DSGVO?<\/h2>\r\n<h2><\/h2>\r\nIn Deutschland galt bereits vor der Verabschiedung der Datenschutzgrundverordnung ein hohes Ma\u00df an Datensicherheit, daher sind einige Punkte des alten BDSG unver\u00e4ndert.\r\n\r\nIm Folgenden wird kurz erl\u00e4utert, welche Richtlinien beibehalten und welche erneuert wurden.\r\n<h3>Was bleibt unver\u00e4ndert?<\/h3>\r\n<strong>Verbot mit Erlaubnisvorbehalt<\/strong>\r\n\r\nDie Verarbeitung von personenbezogenen Daten darf nur dann erfolgen, wenn die betroffene Person ihr Einverst\u00e4ndnis dazu gegeben hat.\r\n\r\n<strong>Datensparsamkeit<\/strong>\r\n\r\nBei der Datenverarbeitung d\u00fcrfen nur so viele personenbezogene Daten erhoben werden, wie f\u00fcr die entsprechende Anwendung unbedingt notwendig sind.\r\n\r\n<strong>Zweckbindung<\/strong>\r\n\r\nDie Daten d\u00fcrfen nur f\u00fcr denjenigen Zweck verwendet werden, f\u00fcr welchen sie auch erhoben wurden. Eine Weitergabe ohne die Zustimmung der betroffenen Person, wird dementsprechend ausgeschlossen.\r\n\r\n<strong>Datenrichtigkeit<\/strong>\r\n\r\nDie erhobenen Daten m\u00fcssen faktisch der Wahrheit entsprechen und aktuell sein.\r\n<h3>Die wesentlichen Neuerungen<\/h3>\r\n<strong>Ausbau der Nutzerrechte <\/strong>\r\n\r\nIn Zukunft sollen die User einen vereinfachten Zugang zu ihren Daten haben. Das Schl\u00fcsselwort lautet hier\u00a0 <strong>Transparenz<\/strong>. Jede Person hat mit der neuen DSGVO das Recht darauf, zu erfahren, welche Daten \u00fcber sie gesammelt und zu welchem Zweck diese verarbeitet werden. Die User haben die Hoheit \u00fcber ihre personenbezogenen Daten und nicht die Online Dienste. Folglich soll es den Nutzerinnen und Nutzern vereinfacht werden, ihre Daten von einem Internetanbieter zu einem anderen zu \u00fcbertragen.\r\n\r\n<strong>Recht des Nutzerin und Nutzer auf Vergessen<\/strong>\r\n\r\nDieser Punkt ist eng verbunden mit dem allgemeinen Ausbau der Nutzerrechte. Er hat zum Inhalt, dass es den Usern nunmehr vereinfacht wird, einmal im Web ver\u00f6ffentlichte und vor allem private Informationen, wieder l\u00f6schen zu lassen.\r\n\r\n<strong>Versch\u00e4rfung der Jugendschutzrichtlinien<\/strong>\r\n\r\nIm BDSG gab es \u00a0bisher keine Regelungen, welche sich speziell auf Kinder und Jugendliche bezogen haben. G\u00e4ngig war, dass man bereits mit der Vollendung des 13. Lebensjahres die M\u00fcndigkeit besa\u00df, seine Einwilligung in die Verarbeitung personenbezogener Daten zu geben. Diese <strong>Altersgrenze<\/strong> wurde mit der neuen DSGVO in Deutschland nun auf <strong>16 Jahre<\/strong> angehoben.\r\n\r\nDies hat die Intention, die Sicherheit f\u00fcr Kinder und Jugendliche im Netz zu erh\u00f6hen. So zumindest in der Theorie. In der Praxis jedoch, l\u00e4sst sich das Alter der Nutzerinnen und Nutzer nur schwer verifizieren. Besonders, wenn es sich um minderj\u00e4hrige Personen handelt, welche nicht einmal im Besitz eines Personalausweises sind. Auch ein Identit\u00e4tscheck via VideoIdent, also der Verifizierung der eigenen Identit\u00e4t per Videoanruf mit einer Mitarbeiterin oder Mitarbeiter des entsprechenden Unternehmens, ist f\u00fcr Social Media Dienste wie Facebook oder Twitter eher praxisfern - allein angesichts der Unmengen an Usern, welche diese Dienste nutzen. Daher vertrauen die meisten g\u00e4ngigen Internetportale auf die Ehrlichkeit der \u00a0Nutzer und Nutzerinnen und begn\u00fcgen sich mit einem H\u00e4kchen unter der Aussage: \u201cJa, ich bin \u00e4lter als 16 Jahre.\u201d Dieses Vorgehen verfehlt nicht nur den Sinn der versch\u00e4rften Jugendschutzrichtlinien, auch werden Kinder und Jugendliche, welche das 16 Lebensjahr noch nicht vollendet haben, dazu angeleitet, bei der Anmeldung eines Onlinedienstes, rechtswidrig zu handeln.\r\n\r\nBei phase6 hat der sichere Umgang mit den personenbezogenen Daten Ihrer Kinder oberste Priorit\u00e4t. Genau aus diesem Grund wurde sich diesem Problem angenommen und ein Verfahren entwickelt, um Ihnen und Ihren Kindern den gr\u00f6\u00dftm\u00f6glichen Schutz bei der Nutzung der entsprechenden Dienste zu gew\u00e4hrleisten. Im Folgenden erfahren Sie, wie phase6\u00a0 diese Dienste an die DSGVO angepasst hat.\r\n<h2>Wie geht phase6 mit den neuen Jugendschutzrichtlinien um?<\/h2>\r\nDas Angebot von phase6 richtet sich gezielt an Eltern und Kinder. <strong>Kinder unter 16 Jahren sind hinsichtlich der Verarbeitung personenbezogener Da<\/strong><strong>ten besonders gesch\u00fctzt und es besteht eine zus\u00e4tzliche Zustimmungserfordernis durch die Erziehungsberechtigten.<\/strong> Ein Account, der \u00fcber die Registrierung eines unter 16-j\u00e4hrigen Kindes erstellt wurde, ist daher schwebend unwirksam. Als Elternteil oder Erziehungsberechtigte haben Sie daher jederzeit das Recht, der Verarbeitung personenbezogener Daten des Kindes zu widersprechen.\r\n\r\nDamit dieser Schritt sowohl f\u00fcr Kinder als auch f\u00fcr Eltern m\u00f6glichst transparent ist, werden die Kinder bei uns gebeten, w\u00e4hrend des Produkttests auf einfache Art und Weise ihre Alterseinstufung zu best\u00e4tigen und ihre Eltern elektronisch dar\u00fcber zu informieren, dass personenbezogene Daten verarbeitet werden.\r\n\r\n<img class=\" wp-image-2452 alignright\" src=\"https:\/\/www.phase-6.de\/magazin\/wp-content\/uploads\/2018\/06\/family-2398291-300x134.png\" alt=\"DSGVO - Jugendschutz bei phase6\" width=\"378\" height=\"169\" \/>\r\n\r\nIhr Kind hat die M\u00f6glichkeit, Sie entweder per E-Mail oder einem anderen Kanal seiner Wahl mit einer Kurzinformation zu versorgen. Der Vorschlag f\u00fcr die Nachricht ist bereits so verfasst worden, dass Sie von Ihrem Kind kurz und direkt informiert werden k\u00f6nnen. Der Versand dieser Nachricht erfolgt auf direktem Wege, sodass in diesem Schritt keine personenbezogenen Daten der Eltern verarbeitet werden. Die Kurznachricht Ihrer Kinder enth\u00e4lt einen Link, \u00fcber den Sie sich \u00fcber alle Belange der Datenverarbeitung bei phase6 informieren k\u00f6nnen. Anschlie\u00dfend haben Sie die M\u00f6glichkeit, der Datenverarbeitung zuzustimmen. Dieser Schritt ist erforderlich, damit Ihre Kinder unsere Lernplattform dauerhaft nutzen k\u00f6nnen. Davon unber\u00fchrt haben Sie nat\u00fcrlich das Recht der Verarbeitung der Daten jederzeit zu widersprechen. Weitere Informationen dazu finden Sie im Verlauf der Datenschutzerkl\u00e4rung hinsichtlich der Rechte der betroffenen Person. Sobald Sie der Verarbeitung personenbezogener Daten zugestimmt haben, zeigt die App Kindern an, dass Sie alle Schritte erfolgreich abgeschlossen haben und die Verarbeitung ihrer Daten durch phase6 rechtswirksam erfolgt. Mit diesem innovativen Prozess kommt phase6 nicht nur den Vorgaben der Datenschutzgrundverordnung seitens der EU nach, sondern positioniert sich auch klar f\u00fcr einen aufgeschlossenen und transparenten Umgang mit dem Thema Datenschutz. Im Laufe der Best\u00e4tigung haben Sie zudem die M\u00f6glichkeit, einen sogenannten Elternaccount anzulegen. Damit haben Sie jederzeit Einsicht in die Einstellungen zum Datenschutz Ihrer Kinder und zum Nutzungsverhalten.\r\n\r\nKinder unter 16 Jahren sind \u00fcbrigens auch von dem Erhalt unseres Newsletters ausgeschlossen, auch wenn Sie diesen vor der neuen Verordnung abonniert haben. Erst mit der Best\u00e4tigung durch die Eltern wird diese Einschr\u00e4nkung aufgehoben.\r\n\r\nF\u00fcr mehr Informationen lesen Sie sich gerne die \u00fcberareitete <a href=\"https:\/\/www.phase-6.de\/shop\/datenschutz.html\">vollst\u00e4ndige Datenschutzverordnung von phase6<\/a> durch.\r\n<h2>Kritik an der DSGVO<\/h2>\r\nTrotz des langwierigen Entstehungsprozesses der DSGVO sind immer noch einige Punkte unklar. Dies kritisieren vor allem Juristen. Sie bef\u00fcrchten, dass es in Zukunft zu vielen gerichtlichen Streitf\u00e4llen kommt. An einigen Stellen kollidiert die Datenschutzgrundverordnung mit bestehenden Gesetzen einzelner EU-Mitgliedsstaaten. Auch ist man sich \u00fcber die Vergabe von Bu\u00dfgeldern noch uneinig. Da die DSGVO in der gesamten Europ\u00e4ischen Union gilt, wird bei regional nicht l\u00f6sbaren Streitigkeiten der Europ\u00e4ische Gerichtshof die letzte entscheidende Instanz sein. Bis es hier zu den ersten Pr\u00e4zedenzf\u00e4llen kommt, werden wohl noch einige Jahre verstreichen.\r\n\r\nDie h\u00f6here Sicherheit und Privatsph\u00e4re der User k\u00f6nnte auf Kosten der Unternehmen gehen. Ob und wie die <a href=\"https:\/\/dsgvo-gesetz.de\/\">Datenschutzgrundverordnung<\/a> europaweit durchgesetzt werden kann, wird die Zukunft zeigen.\r\n\r\n\u00a0\r\n\r\n[maxbutton id=\"3\" ]\r\n\r\n\u00a0","_et_gb_content_width":"","inline_featured_image":false,"footnotes":""},"categories":[67],"tags":[],"class_list":["post-2430","post","type-post","status-publish","format-standard","has-post-thumbnail","hentry","category-medien-und-digitalisierung","et-has-post-format-content","et_post_format-et-post-format-standard"],"acf":[],"yoast_head":"<!-- This site is optimized with the Yoast SEO plugin v26.9 - https:\/\/yoast.com\/product\/yoast-seo-wordpress\/ -->\n<title>DSGVO - Inhalt und Neuerungen bei phase6 - phase6 Magazin<\/title>\n<meta name=\"description\" content=\"Die DSGVO ist nun f\u00fcr alle EU-Mitgliedsstaaten verbindlich zu befolgen. Das phase6-Magazin zeigt dir, welche Neuerungen zu beachten sind.\" \/>\n<meta name=\"robots\" content=\"index, follow, max-snippet:-1, max-image-preview:large, max-video-preview:-1\" \/>\n<link rel=\"canonical\" href=\"https:\/\/www.phase-6.de\/magazin\/rubriken\/medien-und-digitalisierung\/dsgvo-inhalt-und-neuerungen-bei-phase6\/\" \/>\n<meta property=\"og:locale\" content=\"de_DE\" \/>\n<meta property=\"og:type\" content=\"article\" \/>\n<meta property=\"og:title\" content=\"DSGVO - Inhalt und Neuerungen bei phase6 - phase6 Magazin\" \/>\n<meta property=\"og:description\" content=\"Die DSGVO ist nun f\u00fcr alle EU-Mitgliedsstaaten verbindlich zu befolgen. Das phase6-Magazin zeigt dir, welche Neuerungen zu beachten sind.\" \/>\n<meta property=\"og:url\" content=\"https:\/\/www.phase-6.de\/magazin\/rubriken\/medien-und-digitalisierung\/dsgvo-inhalt-und-neuerungen-bei-phase6\/\" \/>\n<meta property=\"og:site_name\" content=\"phase6 Magazin\" \/>\n<meta property=\"article:publisher\" content=\"https:\/\/www.facebook.com\/phase6.de\/\" \/>\n<meta property=\"article:published_time\" content=\"2018-06-01T10:23:51+00:00\" \/>\n<meta property=\"article:modified_time\" content=\"2020-09-28T16:21:32+00:00\" \/>\n<meta property=\"og:image\" content=\"https:\/\/www.phase-6.de\/magazin\/wp-content\/uploads\/2018\/06\/dsgvo.jpg\" \/>\n\t<meta property=\"og:image:width\" content=\"1080\" \/>\n\t<meta property=\"og:image:height\" content=\"675\" \/>\n\t<meta property=\"og:image:type\" content=\"image\/jpeg\" \/>\n<meta name=\"author\" content=\"Elisa\" \/>\n<meta name=\"twitter:card\" content=\"summary_large_image\" \/>\n<meta name=\"twitter:label1\" content=\"Verfasst von\" \/>\n\t<meta name=\"twitter:data1\" content=\"Elisa\" \/>\n\t<meta name=\"twitter:label2\" content=\"Gesch\u00e4tzte Lesezeit\" \/>\n\t<meta name=\"twitter:data2\" content=\"7\u00a0Minuten\" \/>\n<script type=\"application\/ld+json\" class=\"yoast-schema-graph\">{\"@context\":\"https:\/\/schema.org\",\"@graph\":[{\"@type\":\"Article\",\"@id\":\"https:\/\/www.phase-6.de\/magazin\/rubriken\/medien-und-digitalisierung\/dsgvo-inhalt-und-neuerungen-bei-phase6\/#article\",\"isPartOf\":{\"@id\":\"https:\/\/www.phase-6.de\/magazin\/rubriken\/medien-und-digitalisierung\/dsgvo-inhalt-und-neuerungen-bei-phase6\/\"},\"author\":{\"name\":\"Elisa\",\"@id\":\"https:\/\/www.phase-6.de\/magazin\/#\/schema\/person\/bf169c670c24011dd7cda54d8f8dcc23\"},\"headline\":\"DSGVO &#8211; Inhalt und Neuerungen bei phase6\",\"datePublished\":\"2018-06-01T10:23:51+00:00\",\"dateModified\":\"2020-09-28T16:21:32+00:00\",\"mainEntityOfPage\":{\"@id\":\"https:\/\/www.phase-6.de\/magazin\/rubriken\/medien-und-digitalisierung\/dsgvo-inhalt-und-neuerungen-bei-phase6\/\"},\"wordCount\":1452,\"publisher\":{\"@id\":\"https:\/\/www.phase-6.de\/magazin\/#organization\"},\"image\":{\"@id\":\"https:\/\/www.phase-6.de\/magazin\/rubriken\/medien-und-digitalisierung\/dsgvo-inhalt-und-neuerungen-bei-phase6\/#primaryimage\"},\"thumbnailUrl\":\"https:\/\/www.phase-6.de\/magazin\/wp-content\/uploads\/2018\/06\/dsgvo.jpg\",\"articleSection\":[\"Medien &amp; Digitalisierung\"],\"inLanguage\":\"de\"},{\"@type\":\"WebPage\",\"@id\":\"https:\/\/www.phase-6.de\/magazin\/rubriken\/medien-und-digitalisierung\/dsgvo-inhalt-und-neuerungen-bei-phase6\/\",\"url\":\"https:\/\/www.phase-6.de\/magazin\/rubriken\/medien-und-digitalisierung\/dsgvo-inhalt-und-neuerungen-bei-phase6\/\",\"name\":\"DSGVO - Inhalt und Neuerungen bei phase6 - phase6 Magazin\",\"isPartOf\":{\"@id\":\"https:\/\/www.phase-6.de\/magazin\/#website\"},\"primaryImageOfPage\":{\"@id\":\"https:\/\/www.phase-6.de\/magazin\/rubriken\/medien-und-digitalisierung\/dsgvo-inhalt-und-neuerungen-bei-phase6\/#primaryimage\"},\"image\":{\"@id\":\"https:\/\/www.phase-6.de\/magazin\/rubriken\/medien-und-digitalisierung\/dsgvo-inhalt-und-neuerungen-bei-phase6\/#primaryimage\"},\"thumbnailUrl\":\"https:\/\/www.phase-6.de\/magazin\/wp-content\/uploads\/2018\/06\/dsgvo.jpg\",\"datePublished\":\"2018-06-01T10:23:51+00:00\",\"dateModified\":\"2020-09-28T16:21:32+00:00\",\"description\":\"Die DSGVO ist nun f\u00fcr alle EU-Mitgliedsstaaten verbindlich zu befolgen. Das phase6-Magazin zeigt dir, welche Neuerungen zu beachten sind.\",\"breadcrumb\":{\"@id\":\"https:\/\/www.phase-6.de\/magazin\/rubriken\/medien-und-digitalisierung\/dsgvo-inhalt-und-neuerungen-bei-phase6\/#breadcrumb\"},\"inLanguage\":\"de\",\"potentialAction\":[{\"@type\":\"ReadAction\",\"target\":[\"https:\/\/www.phase-6.de\/magazin\/rubriken\/medien-und-digitalisierung\/dsgvo-inhalt-und-neuerungen-bei-phase6\/\"]}]},{\"@type\":\"ImageObject\",\"inLanguage\":\"de\",\"@id\":\"https:\/\/www.phase-6.de\/magazin\/rubriken\/medien-und-digitalisierung\/dsgvo-inhalt-und-neuerungen-bei-phase6\/#primaryimage\",\"url\":\"https:\/\/www.phase-6.de\/magazin\/wp-content\/uploads\/2018\/06\/dsgvo.jpg\",\"contentUrl\":\"https:\/\/www.phase-6.de\/magazin\/wp-content\/uploads\/2018\/06\/dsgvo.jpg\",\"width\":1080,\"height\":675,\"caption\":\"Was ist die DSGVO?\"},{\"@type\":\"BreadcrumbList\",\"@id\":\"https:\/\/www.phase-6.de\/magazin\/rubriken\/medien-und-digitalisierung\/dsgvo-inhalt-und-neuerungen-bei-phase6\/#breadcrumb\",\"itemListElement\":[{\"@type\":\"ListItem\",\"position\":1,\"name\":\"Startseite\",\"item\":\"https:\/\/www.phase-6.de\/magazin\/\"},{\"@type\":\"ListItem\",\"position\":2,\"name\":\"DSGVO &#8211; Inhalt und Neuerungen bei phase6\"}]},{\"@type\":\"WebSite\",\"@id\":\"https:\/\/www.phase-6.de\/magazin\/#website\",\"url\":\"https:\/\/www.phase-6.de\/magazin\/\",\"name\":\"phase6 Magazin\",\"description\":\"Das Magazin f\u00fcr Sprache, Lernen &amp; Lehren\",\"publisher\":{\"@id\":\"https:\/\/www.phase-6.de\/magazin\/#organization\"},\"potentialAction\":[{\"@type\":\"SearchAction\",\"target\":{\"@type\":\"EntryPoint\",\"urlTemplate\":\"https:\/\/www.phase-6.de\/magazin\/?s={search_term_string}\"},\"query-input\":{\"@type\":\"PropertyValueSpecification\",\"valueRequired\":true,\"valueName\":\"search_term_string\"}}],\"inLanguage\":\"de\"},{\"@type\":\"Organization\",\"@id\":\"https:\/\/www.phase-6.de\/magazin\/#organization\",\"name\":\"phase-6 GmbH\",\"url\":\"https:\/\/www.phase-6.de\/magazin\/\",\"logo\":{\"@type\":\"ImageObject\",\"inLanguage\":\"de\",\"@id\":\"https:\/\/www.phase-6.de\/magazin\/#\/schema\/logo\/image\/\",\"url\":\"https:\/\/www.phase-6.de\/magazin\/wp-content\/uploads\/2017\/07\/phase6_logo2017.png\",\"contentUrl\":\"https:\/\/www.phase-6.de\/magazin\/wp-content\/uploads\/2017\/07\/phase6_logo2017.png\",\"width\":709,\"height\":200,\"caption\":\"phase-6 GmbH\"},\"image\":{\"@id\":\"https:\/\/www.phase-6.de\/magazin\/#\/schema\/logo\/image\/\"},\"sameAs\":[\"https:\/\/www.facebook.com\/phase6.de\/\",\"https:\/\/de.wikipedia.org\/wiki\/Phase6\"]},{\"@type\":\"Person\",\"@id\":\"https:\/\/www.phase-6.de\/magazin\/#\/schema\/person\/bf169c670c24011dd7cda54d8f8dcc23\",\"name\":\"Elisa\",\"url\":\"https:\/\/www.phase-6.de\/magazin\/author\/elisa\/\"}]}<\/script>\n<!-- \/ Yoast SEO plugin. -->","yoast_head_json":{"title":"DSGVO - Inhalt und Neuerungen bei phase6 - phase6 Magazin","description":"Die DSGVO ist nun f\u00fcr alle EU-Mitgliedsstaaten verbindlich zu befolgen. Das phase6-Magazin zeigt dir, welche Neuerungen zu beachten sind.","robots":{"index":"index","follow":"follow","max-snippet":"max-snippet:-1","max-image-preview":"max-image-preview:large","max-video-preview":"max-video-preview:-1"},"canonical":"https:\/\/www.phase-6.de\/magazin\/rubriken\/medien-und-digitalisierung\/dsgvo-inhalt-und-neuerungen-bei-phase6\/","og_locale":"de_DE","og_type":"article","og_title":"DSGVO - Inhalt und Neuerungen bei phase6 - phase6 Magazin","og_description":"Die DSGVO ist nun f\u00fcr alle EU-Mitgliedsstaaten verbindlich zu befolgen. Das phase6-Magazin zeigt dir, welche Neuerungen zu beachten sind.","og_url":"https:\/\/www.phase-6.de\/magazin\/rubriken\/medien-und-digitalisierung\/dsgvo-inhalt-und-neuerungen-bei-phase6\/","og_site_name":"phase6 Magazin","article_publisher":"https:\/\/www.facebook.com\/phase6.de\/","article_published_time":"2018-06-01T10:23:51+00:00","article_modified_time":"2020-09-28T16:21:32+00:00","og_image":[{"width":1080,"height":675,"url":"https:\/\/www.phase-6.de\/magazin\/wp-content\/uploads\/2018\/06\/dsgvo.jpg","type":"image\/jpeg"}],"author":"Elisa","twitter_card":"summary_large_image","twitter_misc":{"Verfasst von":"Elisa","Gesch\u00e4tzte Lesezeit":"7\u00a0Minuten"},"schema":{"@context":"https:\/\/schema.org","@graph":[{"@type":"Article","@id":"https:\/\/www.phase-6.de\/magazin\/rubriken\/medien-und-digitalisierung\/dsgvo-inhalt-und-neuerungen-bei-phase6\/#article","isPartOf":{"@id":"https:\/\/www.phase-6.de\/magazin\/rubriken\/medien-und-digitalisierung\/dsgvo-inhalt-und-neuerungen-bei-phase6\/"},"author":{"name":"Elisa","@id":"https:\/\/www.phase-6.de\/magazin\/#\/schema\/person\/bf169c670c24011dd7cda54d8f8dcc23"},"headline":"DSGVO &#8211; Inhalt und Neuerungen bei phase6","datePublished":"2018-06-01T10:23:51+00:00","dateModified":"2020-09-28T16:21:32+00:00","mainEntityOfPage":{"@id":"https:\/\/www.phase-6.de\/magazin\/rubriken\/medien-und-digitalisierung\/dsgvo-inhalt-und-neuerungen-bei-phase6\/"},"wordCount":1452,"publisher":{"@id":"https:\/\/www.phase-6.de\/magazin\/#organization"},"image":{"@id":"https:\/\/www.phase-6.de\/magazin\/rubriken\/medien-und-digitalisierung\/dsgvo-inhalt-und-neuerungen-bei-phase6\/#primaryimage"},"thumbnailUrl":"https:\/\/www.phase-6.de\/magazin\/wp-content\/uploads\/2018\/06\/dsgvo.jpg","articleSection":["Medien &amp; Digitalisierung"],"inLanguage":"de"},{"@type":"WebPage","@id":"https:\/\/www.phase-6.de\/magazin\/rubriken\/medien-und-digitalisierung\/dsgvo-inhalt-und-neuerungen-bei-phase6\/","url":"https:\/\/www.phase-6.de\/magazin\/rubriken\/medien-und-digitalisierung\/dsgvo-inhalt-und-neuerungen-bei-phase6\/","name":"DSGVO - Inhalt und Neuerungen bei phase6 - phase6 Magazin","isPartOf":{"@id":"https:\/\/www.phase-6.de\/magazin\/#website"},"primaryImageOfPage":{"@id":"https:\/\/www.phase-6.de\/magazin\/rubriken\/medien-und-digitalisierung\/dsgvo-inhalt-und-neuerungen-bei-phase6\/#primaryimage"},"image":{"@id":"https:\/\/www.phase-6.de\/magazin\/rubriken\/medien-und-digitalisierung\/dsgvo-inhalt-und-neuerungen-bei-phase6\/#primaryimage"},"thumbnailUrl":"https:\/\/www.phase-6.de\/magazin\/wp-content\/uploads\/2018\/06\/dsgvo.jpg","datePublished":"2018-06-01T10:23:51+00:00","dateModified":"2020-09-28T16:21:32+00:00","description":"Die DSGVO ist nun f\u00fcr alle EU-Mitgliedsstaaten verbindlich zu befolgen. Das phase6-Magazin zeigt dir, welche Neuerungen zu beachten sind.","breadcrumb":{"@id":"https:\/\/www.phase-6.de\/magazin\/rubriken\/medien-und-digitalisierung\/dsgvo-inhalt-und-neuerungen-bei-phase6\/#breadcrumb"},"inLanguage":"de","potentialAction":[{"@type":"ReadAction","target":["https:\/\/www.phase-6.de\/magazin\/rubriken\/medien-und-digitalisierung\/dsgvo-inhalt-und-neuerungen-bei-phase6\/"]}]},{"@type":"ImageObject","inLanguage":"de","@id":"https:\/\/www.phase-6.de\/magazin\/rubriken\/medien-und-digitalisierung\/dsgvo-inhalt-und-neuerungen-bei-phase6\/#primaryimage","url":"https:\/\/www.phase-6.de\/magazin\/wp-content\/uploads\/2018\/06\/dsgvo.jpg","contentUrl":"https:\/\/www.phase-6.de\/magazin\/wp-content\/uploads\/2018\/06\/dsgvo.jpg","width":1080,"height":675,"caption":"Was ist die DSGVO?"},{"@type":"BreadcrumbList","@id":"https:\/\/www.phase-6.de\/magazin\/rubriken\/medien-und-digitalisierung\/dsgvo-inhalt-und-neuerungen-bei-phase6\/#breadcrumb","itemListElement":[{"@type":"ListItem","position":1,"name":"Startseite","item":"https:\/\/www.phase-6.de\/magazin\/"},{"@type":"ListItem","position":2,"name":"DSGVO &#8211; Inhalt und Neuerungen bei phase6"}]},{"@type":"WebSite","@id":"https:\/\/www.phase-6.de\/magazin\/#website","url":"https:\/\/www.phase-6.de\/magazin\/","name":"phase6 Magazin","description":"Das Magazin f\u00fcr Sprache, Lernen &amp; Lehren","publisher":{"@id":"https:\/\/www.phase-6.de\/magazin\/#organization"},"potentialAction":[{"@type":"SearchAction","target":{"@type":"EntryPoint","urlTemplate":"https:\/\/www.phase-6.de\/magazin\/?s={search_term_string}"},"query-input":{"@type":"PropertyValueSpecification","valueRequired":true,"valueName":"search_term_string"}}],"inLanguage":"de"},{"@type":"Organization","@id":"https:\/\/www.phase-6.de\/magazin\/#organization","name":"phase-6 GmbH","url":"https:\/\/www.phase-6.de\/magazin\/","logo":{"@type":"ImageObject","inLanguage":"de","@id":"https:\/\/www.phase-6.de\/magazin\/#\/schema\/logo\/image\/","url":"https:\/\/www.phase-6.de\/magazin\/wp-content\/uploads\/2017\/07\/phase6_logo2017.png","contentUrl":"https:\/\/www.phase-6.de\/magazin\/wp-content\/uploads\/2017\/07\/phase6_logo2017.png","width":709,"height":200,"caption":"phase-6 GmbH"},"image":{"@id":"https:\/\/www.phase-6.de\/magazin\/#\/schema\/logo\/image\/"},"sameAs":["https:\/\/www.facebook.com\/phase6.de\/","https:\/\/de.wikipedia.org\/wiki\/Phase6"]},{"@type":"Person","@id":"https:\/\/www.phase-6.de\/magazin\/#\/schema\/person\/bf169c670c24011dd7cda54d8f8dcc23","name":"Elisa","url":"https:\/\/www.phase-6.de\/magazin\/author\/elisa\/"}]}},"_links":{"self":[{"href":"https:\/\/www.phase-6.de\/magazin\/wp-json\/wp\/v2\/posts\/2430","targetHints":{"allow":["GET"]}}],"collection":[{"href":"https:\/\/www.phase-6.de\/magazin\/wp-json\/wp\/v2\/posts"}],"about":[{"href":"https:\/\/www.phase-6.de\/magazin\/wp-json\/wp\/v2\/types\/post"}],"author":[{"embeddable":true,"href":"https:\/\/www.phase-6.de\/magazin\/wp-json\/wp\/v2\/users\/12"}],"replies":[{"embeddable":true,"href":"https:\/\/www.phase-6.de\/magazin\/wp-json\/wp\/v2\/comments?post=2430"}],"version-history":[{"count":0,"href":"https:\/\/www.phase-6.de\/magazin\/wp-json\/wp\/v2\/posts\/2430\/revisions"}],"wp:featuredmedia":[{"embeddable":true,"href":"https:\/\/www.phase-6.de\/magazin\/wp-json\/wp\/v2\/media\/6419"}],"wp:attachment":[{"href":"https:\/\/www.phase-6.de\/magazin\/wp-json\/wp\/v2\/media?parent=2430"}],"wp:term":[{"taxonomy":"category","embeddable":true,"href":"https:\/\/www.phase-6.de\/magazin\/wp-json\/wp\/v2\/categories?post=2430"},{"taxonomy":"post_tag","embeddable":true,"href":"https:\/\/www.phase-6.de\/magazin\/wp-json\/wp\/v2\/tags?post=2430"}],"curies":[{"name":"wp","href":"https:\/\/api.w.org\/{rel}","templated":true}]}}