{"id":2506,"date":"2018-06-25T10:22:45","date_gmt":"2018-06-25T10:22:45","guid":{"rendered":"https:\/\/www.phase-6.de\/magazin\/?p=2506"},"modified":"2021-04-13T10:33:55","modified_gmt":"2021-04-13T10:33:55","slug":"datenschutz-im-schulalltag","status":"publish","type":"post","link":"https:\/\/www.phase-6.de\/magazin\/fuer-lehrkraefte\/themen\/methodik-amp-didaktik\/datenschutz-im-schulalltag\/","title":{"rendered":"Datenschutz im Schulalltag"},"content":{"rendered":"[et_pb_section fb_built=&#8220;1&#8243; admin_label=&#8220;section&#8220; _builder_version=&#8220;3.22&#8243;][et_pb_row admin_label=&#8220;row&#8220; _builder_version=&#8220;3.25&#8243; background_size=&#8220;initial&#8220; background_position=&#8220;top_left&#8220; background_repeat=&#8220;repeat&#8220;][et_pb_column type=&#8220;4_4&#8243; _builder_version=&#8220;3.25&#8243; custom_padding=&#8220;|||&#8220; custom_padding__hover=&#8220;|||&#8220;][et_pb_text admin_label=&#8220;Text&#8220; _builder_version=&#8220;4.6.0&#8243; background_size=&#8220;initial&#8220; background_position=&#8220;top_left&#8220; background_repeat=&#8220;repeat&#8220; hover_enabled=&#8220;0&#8243; sticky_enabled=&#8220;0&#8243;]\n<p>Im schulischen Alltag gewinnen digitale Lernm\u00f6glichkeiten zunehmend an Bedeutung. F\u00fcr Lernende bieten sie ein vielf\u00e4ltiges und interaktives Lernangebot, um Kompetenzen individuell zu f\u00f6rdern. Auch Schulen und Lehrkr\u00e4fte k\u00f6nnen von den vielf\u00e4ltigen Funktionen digitaler Lernplattformen profitieren. Speziell f\u00fcr den Fremdsprachenunterricht bieten sich lernbegleitende Sprachlernapps f\u00fcr Sch\u00fclerinnen und Sch\u00fcler an, wie der Vokabeltrainer von phase6. Da r\u00fcckt der Datenschutz in den Fokus.<\/p>\n<h2>100% Datenschutz &#8211; egal, wie phase6 zum Einsatz kommt<\/h2>\n<div id=\"attachment_2521\" style=\"width: 289px\" class=\"wp-caption alignleft\"><img aria-describedby=\"caption-attachment-2521\" loading=\"-\" decoding=\"async\" class=\"wp-image-2521\" src=\"https:\/\/www.phase-6.de\/magazin\/wp-content\/uploads\/2018\/06\/reports.jpg\" alt=\"Gruppenreport\" width=\"279\" height=\"192\" srcset=\"https:\/\/www.phase-6.de\/magazin\/wp-content\/uploads\/2018\/06\/reports.jpg 792w, https:\/\/www.phase-6.de\/magazin\/wp-content\/uploads\/2018\/06\/reports-300x207.jpg 300w, https:\/\/www.phase-6.de\/magazin\/wp-content\/uploads\/2018\/06\/reports-768x529.jpg 768w\" sizes=\"(max-width: 279px) 100vw, 279px\" \/><p id=\"caption-attachment-2521\" class=\"wp-caption-text\">Gruppenreports informieren Lehrkr\u00e4fte \u00fcber die Lernaktivit\u00e4t der Gruppe<\/p><\/div>\n<p>M\u00f6chten Sie phase6 als Lehrkraft nutzen, haben Sie beispielsweise die M\u00f6glichkeit, digitale Lerngruppen einzurichten, um Ihren Sch\u00fclerinnen und Sch\u00fclern die Vokabeln zum Unterrichtsstoff manuell\u00a0oder als fertige Vokabelsammlung zur Verf\u00fcgung zu stellen. Innerhalb einer digitalen Lerngruppe k\u00f6nnen Sie <strong>Gruppenreports<\/strong> einsehen, welche Aufschluss \u00fcber die jeweiligen Lernst\u00e4nde, -entwicklungen und -schwierigkeiten innerhalb Ihrer Lerngruppe geben. Die Informationen aus den Reports k\u00f6nnen wiederum in Ihre didaktische Vorbereitung einflie\u00dfen, indem Sie sich beispielsweise Vokabeln anzeigen lassen, die der Gruppe schwerfallen. Im Unterricht k\u00f6nnen Sie die betreffenden Vokabeln dann gezielt thematisieren, d.h. Ihre Sch\u00fclerinnen und Sch\u00fcler genau dort unterst\u00fctzen, wo sie am meisten Hilfe ben\u00f6tigen.<\/p>\n<p>Damit Sie als Lehrperson die Vorteile zum Beispiel der Gruppenreports f\u00fcr Ihren Unterricht nutzen k\u00f6nnen, werden bei der Anmeldung und w\u00e4hrend der aktiven Nutzung der App personenbezogene Daten erhoben. Dazu z\u00e4hlen unter anderem die Namen der einzelnen Gruppenmitglieder sowie die Dokumentation der jeweiligen Lernaktivit\u00e4ten innerhalb der App.<\/p>\n<p><strong><img loading=\"-\" decoding=\"async\" class=\" wp-image-2525 alignright\" src=\"https:\/\/www.phase-6.de\/magazin\/wp-content\/uploads\/2018\/06\/shield.png\" alt=\"Datenschutz-Schild\" width=\"111\" height=\"126\" \/>Hier r\u00fcckt das Thema Datenschutz in den Vordergrund<\/strong>. Schulen, Lehrkr\u00e4fte, Eltern, Sch\u00fclerinnen und Sch\u00fcler &#8211; sie alle stehen vor der Herausforderung, die rechtlichen Gegebenheiten und \u00c4nderungen der Datenschutzverordnung im Blick zu behalten, um sicher und autonom mit Online-Plattformen umgehen zu k\u00f6nnen. Seitdem die neue Datenschutzgrundverordnung (DSGVO) im Mai diesen Jahres in Kraft getreten ist, gelten auch f\u00fcr Bildungseinrichtungen, die mit digitalen Lernangeboten arbeiten, neue Sicherheitsbestimmungen hinsichtlich der Verarbeitung und Weitergabe von personenbezogenen Daten. Neue Fragen tauchen auf:<\/p>\n<p><em>Wann ist eine Einwilligung erforderlich? Wie hole ich diese ein? <\/em><\/p>\n<p><em>Welche M\u00f6glichkeiten habe ich schulintern? <\/em><\/p>\n<p><em>Kann ich meinen Zugang l\u00f6schen? <\/em><\/p>\n<p><em>Welche Daten werden \u00fcber mich gespeichert und was muss ich tun, um Einsicht in diese Daten zu bekommen?<\/em><\/p>\n<p>Im Nachfolgenden werden diese Fragen am Beispiel der Nutzung von phase6 sowohl f\u00fcr die individuelle Nutzung als auch f\u00fcr die Nutzung im Kontext Schule beantwortet.<\/p>\n<h3>Individuelles Lernen mit phase6<\/h3>\n<p>Sch\u00fclerinnen und Sch\u00fcler k\u00f6nnen den Vokabeltrainer von phase6 eigenst\u00e4ndig und flexibel f\u00fcr ihre Lernzwecke nutzen. Dabei k\u00f6nnen sie aus \u00fcber 1.000 fertigen Vokabelsammlungen f\u00fchrender Schulbuchverlage gezielt den aktuell im Unterricht behandelten Lerninhalt ausw\u00e4hlen und auf Smartphone, Tablet und Co. <strong>parallel zum Fremdsprachenunterricht trainieren<\/strong>. Die Lernmethode von phase6 erm\u00f6glicht es den Lernenden, ihr Wissen zu testen, zu vertiefen und \u00fcber die Reports die eigene Lernentwicklung bewusst wahrzunehmen. Mit den PLUS-Funktionen besteht zudem f\u00fcr Eltern die M\u00f6glichkeit, die Reports zum Lernfortschritt ihrer Kinder vom eigenen Benutzerkonto aus einzusehen.<\/p>\n<p>phase6 kann den lernenden Sch\u00fclerinnen und Sch\u00fclern <strong>einen Lernerfolg garantieren<\/strong> &#8211; auf der Grundlage einer Datenspeicherung und -auswertung, die die individuellen Lernst\u00e4nde ber\u00fccksichtigt und daf\u00fcr Sorge tr\u00e4gt, dass das richtige Vokabular zum richtigen Zeitpunkt wiederholt zur Abfrage kommt. Personenbezogene Daten, die f\u00fcr diese und andere Lernvorteile gespeichert werden, sind nat\u00fcrlich datenschutzkonform zu behandeln.<\/p>\n<div id=\"attachment_2527\" style=\"width: 158px\" class=\"wp-caption alignleft\"><img aria-describedby=\"caption-attachment-2527\" loading=\"-\" decoding=\"async\" class=\" wp-image-2527\" src=\"https:\/\/www.phase-6.de\/magazin\/wp-content\/uploads\/2018\/06\/eltern_informieren.png\" alt=\"Eltern informieren\" width=\"148\" height=\"227\" srcset=\"https:\/\/www.phase-6.de\/magazin\/wp-content\/uploads\/2018\/06\/eltern_informieren.png 278w, https:\/\/www.phase-6.de\/magazin\/wp-content\/uploads\/2018\/06\/eltern_informieren-195x300.png 195w\" sizes=\"(max-width: 148px) 100vw, 148px\" \/><p id=\"caption-attachment-2527\" class=\"wp-caption-text\">Nur mit Zustimmung der Eltern &#8230;<\/p><\/div>\n<p>F\u00fcr Kinder und Jugendliche unter 16 Jahren besteht hinsichtlich der Verarbeitung personenbezogener Daten eine zus\u00e4tzliche Zustimmungserfordernis durch die Erziehungsberechtigten. M\u00f6chten Sch\u00fclerinnen und Sch\u00fcler phase6 nutzen, m\u00fcssen Eltern in die Datenverarbeitung ihrer Kinder einwilligen, damit die Lernplattform dauerhaft genutzt werden kann. Damit das m\u00f6glich ist, m\u00fcssen Eltern zun\u00e4chst dar\u00fcber informiert werden und anschlie\u00dfend der Verarbeitung der Nutzerdaten ihrer Kinder zustimmen. Aus diesem Grund informiert der Vokabeltrainer von phase6 Sch\u00fclerinnen und Sch\u00fclern dar\u00fcber, wie und aus welchem Grund phase6 ihre Daten verarbeitet und verweist anschlie\u00dfend auf <strong>verschiedene Optionen, die Eltern zu informieren<\/strong>, um ihre Best\u00e4tigung einzuholen. Damit ein Account dauerhaft genutzt werden kann, m\u00fcssen die Eltern der Verarbeitung zustimmen.<\/p>\n<p>Mit dieser L\u00f6sung erf\u00fcllen wir nicht nur die Auflagen der DSGVO, sondern bieten ausnahmslos allen Interessierten &#8211; also auch Kindern und Jugendlichen unter 16 Jahren &#8211; einen praktikablen und gesetzeskonformen Weg, den Vokabeltrainer phase6 zu nutzen. Und das bedeutet f\u00fcr Sie als Lehrkraft: Sie k\u00f6nnen phase6 auch weiterhin Ihren Sch\u00fclerinnen und Sch\u00fclern sowie deren Eltern empfehlen.<\/p>\n<h3>Lernen in digitalen Lerngruppen<\/h3>\n<div id=\"attachment_2532\" style=\"width: 286px\" class=\"wp-caption alignleft\"><img aria-describedby=\"caption-attachment-2532\" loading=\"-\" decoding=\"async\" class=\" wp-image-2532\" src=\"https:\/\/www.phase-6.de\/magazin\/wp-content\/uploads\/2018\/06\/lerngruppe_anlegen.png\" alt=\"Digitale Lerngruppe erstellen\" width=\"276\" height=\"204\" srcset=\"https:\/\/www.phase-6.de\/magazin\/wp-content\/uploads\/2018\/06\/lerngruppe_anlegen.png 520w, https:\/\/www.phase-6.de\/magazin\/wp-content\/uploads\/2018\/06\/lerngruppe_anlegen-300x222.png 300w\" sizes=\"(max-width: 276px) 100vw, 276px\" \/><p id=\"caption-attachment-2532\" class=\"wp-caption-text\">Eine Lerngruppe ist einfach erstellt.<\/p><\/div>\n<p>Digitale Lerngruppen bieten Ihnen als Lehrkraft die M\u00f6glichkeit, \u00fcber phase6 mit Ihrer Lerngruppe zu interagieren und deren Lernfortschritte zu begleiten. Sie k\u00f6nnen beispielsweise Vokabeln zentral f\u00fcr alle Gruppenmitglieder zur Verf\u00fcgung stellen, entscheiden, wann welche Vokabeln gelernt werden sollen, von Sch\u00fclerinnen und Sch\u00fclern erstellte Vokabelk\u00e4rtchen f\u00fcr die Gruppe freischalten und auch Gruppenreports einsehen, die sowohl \u00fcber die jeweilige Lernaktivit\u00e4t Auskunft geben als auch \u00fcber Vokabeln, deren Aneignung der Gruppe schwerf\u00e4llt. <strong>Digitale Lerngruppen<\/strong> sind f\u00fcr alle Beteiligten kostenlos, k\u00f6nnen aber auch mit kostenpflichtigen phase6-Produkten kombiniert werden.<\/p>\n<p>Eine Lerngruppe kann einfach und schnell entweder direkt von einer bei phase6 registrierten Lehrkraft oder \u00fcber einen Verwaltungszugang eingerichtet werden, den phase6 der Schule zur Verf\u00fcgung stellt. Im ersten Fall geht der Impuls von der Lehrkraft aus, im zweiten Fall geht der Erstellung einer Lerngruppe eine Vertragsl\u00f6sung voraus, auf deren Basis die Schule eine Schullizenz erwirbt.<\/p>\n<h4>Lerngruppen durch Initiative der Lehrkraft<\/h4>\n<p>M\u00f6chten Sie als Lehrperson eine digitale Lerngruppe erstellen, f\u00fcr die ganze Klasse oder auch nur f\u00fcr einige Ihrer Sch\u00fclerinnen und Sch\u00fcler, m\u00fcssen im Hinblick auf den Datenschutz die Eltern der Kinder ins Boot geholt werden. Im Schulalltag befinden Sie sich in einer kooperativen Beziehung mit den Eltern und sind es gewohnt, die Einwilligung der Eltern einzuholen, da die Lernenden in den meisten F\u00e4llen noch minderj\u00e4hrig und zu gro\u00dfen Teilen unter 16 Jahre alt sind. Organisatorische Anliegen, wichtige Entscheidungen und andere schulinterne Ank\u00fcndigungen werden meist von den Heranwachsenden an ihre Eltern weitergegeben und finden von dort aus &#8211; mit einer Unterschrift best\u00e4tigt &#8211; den Weg zur\u00fcck in Ihr Klassenzimmer. Einen \u00e4hnlichen Prozess macht sich auch phase6 zunutze, sodass Sie auch in diesem Fall, bei der Initiierung, Einrichtung und Nutzung von Lerngruppen, ein Handlungsger\u00fcst vorfinden, das eine datenschutzkonforme Vorgehensweise sicherstellt.<\/p>\n<p>Der Prozess, wie phase6 eine wirksame Einwilligung der Sch\u00fclerinnen und Sch\u00fcler einholt, soll f\u00fcr Sie dahingehend <strong>transparent<\/strong> sein. Sowohl die Sch\u00fclerinnen und Sch\u00fcler als auch die Eltern m\u00fcssen zum einen dar\u00fcber informiert werden, in welcher Weise Sie als Lehrkraft Zugriff auf die personenbezogenen Daten der Kinder haben und anschlie\u00dfend der Verarbeitung zustimmen. Beim Beitritt einer digitalen Lerngruppe bei phase6 muss jedes Kind folgendem Passus zustimmen:<\/p>\n<div class=\"su-quote su-quote-style-default\"><div class=\"su-quote-inner su-u-clearfix su-u-trim\">\n<p>Durch einen Beitritt wird es dem Gruppenadministrator (i.d.R. der Klassenlehrerin \/ dem Klassenlehrer) m\u00f6glich, vereinfachte und zusammengefasste Auswertungen zu meinem Lernfortschritt einzusehen. Ich stimme dem zu und werde meine Eltern dar\u00fcber informieren.<\/p>\n<\/div><\/div>\n<p>Beim Anlegen einer Lerngruppe werden Lehrkr\u00e4ften zudem Druckvorlagen angeboten, um die Kommunikation mit Kindern und Eltern zu vereinfachen. Auf dem Informationsblatt f\u00fcr Sch\u00fclerinnen und Sch\u00fcler hei\u00dft es abschlie\u00dfend:<\/p>\n<div class=\"su-quote su-quote-style-default\"><div class=\"su-quote-inner su-u-clearfix su-u-trim\">\n<p>Als Lehrkraft ist es mir m\u00f6glich, vereinfachte und zusammengefasste Auswertungen zu eurem Lernfortschritt einzusehen. Bitte sprecht dar\u00fcber mit euren Eltern.<\/p>\n<\/div><\/div>\n<p>Weiterhin gibt phase6 den Lehrkr\u00e4ften Textbausteine an die Hand, die f\u00fcr die Kommunikation mit den Eltern und auch zur Einholung der elterlichen Zustimmung f\u00fcr den Beitritt zu einer Lerngruppe genutzt werden k\u00f6nnen. Zusammen mit der elterlichen Zustimmung, die &#8211; wie oben dargestellt &#8211; bei Kindern und Jugendlichen unter 16 Jahren im Zuge einer Registrierung eingefordert wird, schaffen diese Dokumente und Hinweise sowohl Transparenz zu der Verwendung personenbezogener Daten als auch eine gute Sensibilit\u00e4t zum Thema Datenschutz.<\/p>\n<h4>Lerngruppen im Rahmen einer Schullizenz<\/h4>\n<p>phase6 bietet Schulen die M\u00f6glichkeit, die gesamte Bildungseinrichtung mit den Vorteilen eines nachhaltigen Wortschatztrainings zu versorgen. F\u00fcr Schulen, die phase6 als Kollektiv nutzen m\u00f6chten, besteht die M\u00f6glichkeit, eine Schullizenz zu erwerben. Diese umfasst ein Kontingent an Zug\u00e4ngen, f\u00fcr deren Verwaltung phase6 der Schule einen Administratorzugang erm\u00f6glicht. Eine Schullizenz ist besonders dann sinnvoll, wenn phase6 zum Beispiel <strong>klassen- und jahrgangs\u00fcbergreifend zum Einsatz kommen<\/strong> soll. Hinsichtlich der Lizenz ist es dabei unerheblich, ob die Sch\u00fclerinnen und Sch\u00fcler au\u00dferhalb der Schulumgebung mit phase6 lernen oder auf schuleigenen Ger\u00e4ten. Die Schule tritt aber als Akteur auf, der personenbezogene Daten verarbeitet &#8211; als Administrator zur Verwaltung von Lizenzen, die den Sch\u00fclerinnen und Sch\u00fclern zugeordnet werden, sowie gegebenenfalls erg\u00e4nzend als Betreiber der Ger\u00e4te und der technischen Infrastruktur zur Nutzung von phase6.<\/p>\n<p>Der Schule kommt deshalb die Aufgabe zu, eine datenschutzkonforme Nutzung seitens der Lehrkr\u00e4fte sicherzustellen und eine Zustimmung der Sch\u00fclerinnen und Sch\u00fcler bzw. der jeweiligen Eltern einzuholen. Diese wiederum wollen sich auf einen datenschutzkonformen Betrieb der Plattform verlassen k\u00f6nnen. Deshalb \u00fcbernimmt die Schule hier die Rolle eines Vermittlers: Sie schlie\u00dft mit phase6 einen Vertrag zur Auftragsdatenverarbeitung, in dem phase6 einen datenschutzkonformen Betrieb garantiert. Auf dieser Basis kann die Schule den Sch\u00fclerinnen und Sch\u00fclern bzw. den Eltern gegen\u00fcber eine ordnungsgem\u00e4\u00dfe Datennutzung zusagen und im Gegenzug die notwendigen Zustimmungen der Lernenden selbst oder der jeweiligen Eltern sowie die der Lehrkr\u00e4fte einholen.<\/p>\n<p>phase6 bietet f\u00fcr diesen Prozess einen Mustervertrag f\u00fcr die Auftragsdatenverarbeitung und bietet Schulen an, sie in Fragen zur Einholung der Zustimmungserkl\u00e4rungen individuell zu beraten. Bei Interesse sprechen Sie uns bitte \u00fcber unseren <a style=\"color: #fc7c00;\" href=\"http:\/\/www.phase6.de\/lehrer\" target=\"_blank\" rel=\"noopener noreferrer\">Lehrerservice<\/a> an.<\/p>\n<h3>Ob individuell oder \u00fcber Schullizenzen:<br \/>Lerngruppen bieten Datenschutz zu 100%<\/h3>\n<p>Entscheiden Sie sich als Lehrkraft daf\u00fcr, phase6 zusammen mit Ihren Sch\u00fclerinnen und Sch\u00fclern im Rahmen einer Lerngruppe zu nutzen, k\u00f6nnen Sie sich auf den ordnungsgem\u00e4\u00dfen Umgang mit den personenbezogenen Daten aller Nutzerinnen und Nutzer verlassen. Da phase6 alle aktuellen Richtlinien des Datenschutzgesetzes f\u00fcr jedes m\u00f6gliche Nutzungsszenario zu 100% erf\u00fcllt, k\u00f6nnen Sie die Lernplattform bedenkenlos einsetzen und weiterempfehlen. Die datenschutzkonforme Anwendung gilt nat\u00fcrlich f\u00fcr alle Optionen &#8211; f\u00fcr die kostenlose Nutzung einer Lerngruppe wie auch f\u00fcr die Nutzung in Kombination mit kostenpflichtigen Produkten von phase6.<\/p>\n<p>Falls Sie einen tieferen Einblick in die Umsetzung der neuen Datenschutzrichtlinien und den damit verbundenen Bedingungen und Schwierigkeiten erhalten m\u00f6chten: Zur Rechtslage in Bayern haben wir hier einige der relevanten Informationen und Gesetzestexte zusammengestellt:<\/p>\n<div class=\"su-spoiler su-spoiler-style-default su-spoiler-icon-arrow su-spoiler-closed\" data-scroll-offset=\"0\" data-anchor-in-url=\"no\"><div class=\"su-spoiler-title\" tabindex=\"0\" role=\"button\"><span class=\"su-spoiler-icon\"><\/span>Rechtslage in Bayern<\/div><div class=\"su-spoiler-content su-u-clearfix su-u-trim\">\n<div class=\"su-box su-box-style-default\" id=\"\" style=\"border-color:#bbbbbb;border-radius:3px;\"><div class=\"su-box-title\" style=\"background-color:#eeeeee;color:#000000;border-top-left-radius:1px;border-top-right-radius:1px\">Rechtslage in Bayern<\/div><div class=\"su-box-content su-u-clearfix su-u-trim\" style=\"border-bottom-left-radius:1px;border-bottom-right-radius:1px\">\n<p>F\u00fcr Schulen besteht oftmals die gr\u00f6\u00dfte Herausforderung darin, alle Richtlinien des Datenschutzes unter einen Hut zu bringen. Neben der DSGVO der europ\u00e4ischen Union gibt es weitere nationale Verordnungen oder Verordnungen auf Landesebene, die es zu beachten gilt. phase6 hat zahlreiche Ma\u00dfnahmen umgesetzt, die einen datenschutzkonformen Einsatz im Schulbereich erm\u00f6glichen. Zur Erl\u00e4uterung betrachten wir exemplarisch die Erfordernisse in Bayern.<\/p>\n<p><strong>Herausforderung<\/strong>: Zum Inkrafttreten der DSGVO wurde auch das Bayerische Datenschutzgesetz (BayDSG)\u00a0aktualisiert, wodurch das bisherige, seit 1993 geltende BayDSG au\u00dfer Kraft gesetzt wurde.[1] F\u00fcr \u00f6ffentliche Schulen in Bayern gilt jedoch weiterhin die bisherige Verordnung, speziell im Bezug auf die Nutzung von Lernplattformen\u00a0wie phase6.[2]\n<p><strong>Herangehensweise<\/strong>: Es gilt, sowohl die DSGVO, das BayDSG als auch andere rechtliche Hinweise zu beachten &#8211; vor allem die Verordnung zum Umgang mit Lernplattformen als auch die rechtlichen Hinweise zur Nutzung von EDV-Einrichtungen an Schulen.<\/p>\n<p>Aus 2.7 BayVwV270218-41:<\/p>\n<div class=\"su-quote su-quote-style-default\"><div class=\"su-quote-inner su-u-clearfix su-u-trim\">Beim Einsatz dieses Mediums im Unterricht liegt die Verantwortlichkeit f\u00fcr die Einhaltung der datenschutzrechtlichen Vorgaben bei der Schule als speichernde Stelle im datenschutzrechtlichen Sinn.<\/div><\/div>\n<p>Aus Art. 28 Abs. 2 Bayerisches Datenschutzgesetz, vor allem Ablage 10:<\/p>\n<div class=\"su-quote su-quote-style-default\"><div class=\"su-quote-inner su-u-clearfix su-u-trim\">Sch\u00fclerdaten werden grunds\u00e4tzlich nur gespeichert, soweit die Betroffenen bzw. bei Minderj\u00e4hrigen bis zur Vollendung des 14. Lebensjahres die Erziehungsberechtigten sowie bei Minderj\u00e4hrigen ab Vollendung des 14. Lebensjahres diese selbst und die Erziehungsberechtigten, wirksam eingewilligt haben. Einer Einwilligung bedarf es nicht, soweit die Lernplattform auf Grund von Regelungen des Staatsministeriums (z.B. Lehrpl\u00e4ne) verpflichtender Bestandteil des Unterrichts ist. In diesem Fall sind die Betroffenen vor dem Einsatz der Lernplattform \u00fcber Art und Umfang der Datenverarbeitung umfassend durch die Schule zu informieren.<\/div><\/div>\n<p><strong>L\u00f6sung bei phase6<\/strong>: Laut DSGVO sind Kinder unter 16 Jahren besonders sch\u00fctzenswert und es bedarf bei der Verarbeitung der personenbezogenen Daten einer Zustimmung der Eltern. Grunds\u00e4tzlich erlaubt die Norm eine \u00d6ffnungsklausel (Art. 8 Abs. 1 Satz 3 DSGVO), die es den Mitgliedstaaten erm\u00f6glicht, eine niedrigere Altersgrenze festzulegen. In Deutschland wurde von dieser M\u00f6glichkeit bislang kein Gebrauch gemacht, in \u00d6sterreich hingegen wurde sie auf ein Mindestalter von 13 Jahren gesenkt. Hinsichtlich der Regelung in Bayern ist es unserer Einsch\u00e4tzung nach so, dass die zitierte Bestimmung aus Art. 28 Abs. 2 des Bayerischen Datenschutzgesetzes in diesem Fall durch die Datenschutzgrundverordnung derogiert, also au\u00dfer Kraft gesetzt wird.<\/p>\n<\/div><\/div>\n<\/div><\/div>\n<h3>Betroffenenrechte<\/h3>\n<div id=\"attachment_2535\" style=\"width: 256px\" class=\"wp-caption alignleft\"><img aria-describedby=\"caption-attachment-2535\" loading=\"-\" decoding=\"async\" class=\" wp-image-2535\" src=\"https:\/\/www.phase-6.de\/magazin\/wp-content\/uploads\/2018\/06\/datenschutz2.png\" alt=\"Betroffenenrechte\" width=\"246\" height=\"285\" srcset=\"https:\/\/www.phase-6.de\/magazin\/wp-content\/uploads\/2018\/06\/datenschutz2.png 640w, https:\/\/www.phase-6.de\/magazin\/wp-content\/uploads\/2018\/06\/datenschutz2-259x300.png 259w\" sizes=\"(max-width: 246px) 100vw, 246px\" \/><p id=\"caption-attachment-2535\" class=\"wp-caption-text\">Formulare zur Wahrnehmung der Betroffenenrechte<\/p><\/div>\n<p>Nutzerinnen und Nutzer, deren personenbezogene Daten gespeichert und verarbeitet werden, haben ein Recht auf einen transparenten Umgang mit dem Thema Datenschutz. Jede Person hat das Recht dazu, die \u00fcber sie gespeicherten Daten einzusehen und dar\u00fcber Auskunft zu verlangen. Es gibt zahlreiche rechtliche Grundlagen, \u00fcber die die Nutzerinnen und Nutzer informiert werden m\u00fcssen, um ihre Rechte bei Bedarf auch durchsetzen zu k\u00f6nnen.<\/p>\n<p>F\u00fcr Betreiber von Online-Plattformen wie phase6 besteht eine gesetzliche Verpflichtung, binnen 30 Tagen auf Anfragen zur Offenlegung gespeicherter Daten zu reagieren.<\/p>\n<p>Verlangen Sie als Nutzer oder Nutzerin die Offenlegung der \u00fcber Sie gespeicherten Daten, bietet phase6 ein automatisiertes Verfahren an, um der Pflicht zur Auskunft nachzukommen. Auch hier bieten wir also eine L\u00f6sung, die \u00fcber das gesetzlich festgeschriebene Ma\u00df deutlich hinausgeht.<\/p>\n<h3>Fazit<\/h3>\n<p>Sie sehen: phase6 vereint die neuen Bestimmungen der DSGVO mit Ihren Rechten als Nutzerin und Nutzer und gew\u00e4hrleistet Ihnen wie jeder Nutzerin und jedem Nutzer jederzeit die transparente Einsicht in Ihre gespeicherten personenbezogenen Daten.<\/p>\n<p>Wir von phase6 sehen es als unsere Aufgabe, f\u00fcr das Thema Datenschutz zu sensibilisieren und alle Betroffenen gleicherma\u00dfen mit einzubeziehen. So sollen Minderj\u00e4hrige und speziell Sch\u00fclerinnen und Sch\u00fcler unter 16 Jahren nicht &#8211; wie man es leider oft sieht &#8211; vor die Wahl gestellt werden, entweder von einer Produktnutzung abzusehen oder aber eine Falschaussage zu t\u00e4tigen &#8211; <em>\u201cJa, ich bin schon 16 Jahre alt\u201d<\/em>. Vielmehr will phase6 auf Augenh\u00f6he agieren und alle Beteiligten, seien es Eltern, Lehrkr\u00e4fte oder Schulleitung, umfassend informieren, sodass die Zustimmung zur Datenverarbeitung im Sinne der Datenschutzgrundverordnung erfolgen kann.<\/p>\n<p>F\u00fcr phase6 ist der transparente und konforme Umgang mit dem Datenschutz zu einem Unternehmensziel geworden. Sollten Sie Fragen oder Hinweise zum Artikel haben, freuen wir uns \u00fcber entsprechendes Feedback an unseren<strong> Datenschutzbeauftragten<\/strong>. Gerne nehmen wir auch konkrete Fragen und Themenvorschl\u00e4ge f\u00fcr zuk\u00fcnftige Artikel bei uns auf.<\/p>\n<div class=\"su-spoiler su-spoiler-style-default su-spoiler-icon-arrow su-spoiler-closed\" data-scroll-offset=\"0\" data-anchor-in-url=\"no\"><div class=\"su-spoiler-title\" tabindex=\"0\" role=\"button\"><span class=\"su-spoiler-icon\"><\/span>Mitteilung an den Datenschutzbeauftragten<\/div><div class=\"su-spoiler-content su-u-clearfix su-u-trim\">\n<noscript class=\"ninja-forms-noscript-message\">\n\tHinweis: F\u00fcr diesen Inhalt ist JavaScript erforderlich.<\/noscript>\n<div id=\"nf-form-5-cont\" class=\"nf-form-cont\" aria-live=\"polite\" aria-labelledby=\"nf-form-title-5\" aria-describedby=\"nf-form-errors-5\" role=\"form\">\n\n    <div class=\"nf-loading-spinner\"><\/div>\n\n<\/div>\n        <!-- That data is being printed as a workaround to page builders reordering the order of the scripts loaded-->\n        <script>var formDisplay=1;var nfForms=nfForms||[];var form=[];form.id='5';form.settings={\"objectType\":\"Form Setting\",\"editActive\":true,\"title\":\"Feedback Datenschutz\",\"key\":\"\",\"created_at\":\"2018-06-25 09:40:35\",\"default_label_pos\":\"above\",\"conditions\":[],\"show_title\":0,\"clear_complete\":\"1\",\"hide_complete\":\"1\",\"wrapper_class\":\"\",\"element_class\":\"\",\"add_submit\":\"1\",\"logged_in\":\"\",\"not_logged_in_msg\":\"\",\"sub_limit_number\":\"\",\"sub_limit_msg\":\"\",\"calculations\":[],\"formContentData\":[\"ihr_name_1529919698679\",\"ihre_e-mail-adresse_1529919692953\",\"ihre_mitteilung_1529919684358\",\"recaptcha_1529919656802\",\"senden_1529919678337\"],\"container_styles_background-color\":\"\",\"container_styles_border\":\"\",\"container_styles_border-style\":\"\",\"container_styles_border-color\":\"\",\"container_styles_color\":\"\",\"container_styles_height\":\"\",\"container_styles_width\":\"\",\"container_styles_font-size\":\"\",\"container_styles_margin\":\"\",\"container_styles_padding\":\"\",\"container_styles_display\":\"\",\"container_styles_float\":\"\",\"container_styles_show_advanced_css\":\"0\",\"container_styles_advanced\":\"\",\"title_styles_background-color\":\"\",\"title_styles_border\":\"\",\"title_styles_border-style\":\"\",\"title_styles_border-color\":\"\",\"title_styles_color\":\"\",\"title_styles_height\":\"\",\"title_styles_width\":\"\",\"title_styles_font-size\":\"\",\"title_styles_margin\":\"\",\"title_styles_padding\":\"\",\"title_styles_display\":\"\",\"title_styles_float\":\"\",\"title_styles_show_advanced_css\":\"0\",\"title_styles_advanced\":\"\",\"row_styles_background-color\":\"\",\"row_styles_border\":\"\",\"row_styles_border-style\":\"\",\"row_styles_border-color\":\"\",\"row_styles_color\":\"\",\"row_styles_height\":\"\",\"row_styles_width\":\"\",\"row_styles_font-size\":\"\",\"row_styles_margin\":\"\",\"row_styles_padding\":\"\",\"row_styles_display\":\"\",\"row_styles_show_advanced_css\":\"0\",\"row_styles_advanced\":\"\",\"row-odd_styles_background-color\":\"\",\"row-odd_styles_border\":\"\",\"row-odd_styles_border-style\":\"\",\"row-odd_styles_border-color\":\"\",\"row-odd_styles_color\":\"\",\"row-odd_styles_height\":\"\",\"row-odd_styles_width\":\"\",\"row-odd_styles_font-size\":\"\",\"row-odd_styles_margin\":\"\",\"row-odd_styles_padding\":\"\",\"row-odd_styles_display\":\"\",\"row-odd_styles_show_advanced_css\":\"0\",\"row-odd_styles_advanced\":\"\",\"success-msg_styles_background-color\":\"\",\"success-msg_styles_border\":\"\",\"success-msg_styles_border-style\":\"\",\"success-msg_styles_border-color\":\"\",\"success-msg_styles_color\":\"\",\"success-msg_styles_height\":\"\",\"success-msg_styles_width\":\"\",\"success-msg_styles_font-size\":\"\",\"success-msg_styles_margin\":\"\",\"success-msg_styles_padding\":\"\",\"success-msg_styles_display\":\"\",\"success-msg_styles_show_advanced_css\":\"0\",\"success-msg_styles_advanced\":\"\",\"error_msg_styles_background-color\":\"\",\"error_msg_styles_border\":\"\",\"error_msg_styles_border-style\":\"\",\"error_msg_styles_border-color\":\"\",\"error_msg_styles_color\":\"\",\"error_msg_styles_height\":\"\",\"error_msg_styles_width\":\"\",\"error_msg_styles_font-size\":\"\",\"error_msg_styles_margin\":\"\",\"error_msg_styles_padding\":\"\",\"error_msg_styles_display\":\"\",\"error_msg_styles_show_advanced_css\":\"0\",\"error_msg_styles_advanced\":\"\",\"currency\":\"\",\"unique_field_error\":\"A form with this value has already been submitted.\",\"drawerDisabled\":false,\"ninjaForms\":\"Ninja Forms\",\"changeEmailErrorMsg\":\"Bitte gib eine g\\u00fcltige E-Mail-Adresse ein.\",\"changeDateErrorMsg\":\"Bitte gib ein g\\u00fcltiges Datum ein!\",\"confirmFieldErrorMsg\":\"Diese Felder m\\u00fcssen \\u00fcbereinstimmen!\",\"fieldNumberNumMinError\":\"Die eingegebene Zahl ist zu klein.\",\"fieldNumberNumMaxError\":\"Die eingegebene Zahl ist zu gross.\",\"fieldNumberIncrementBy\":\"Bitte erh\\u00f6hen in Schritten von\",\"fieldTextareaRTEInsertLink\":\"Link einf\\u00fcgen\",\"fieldTextareaRTEInsertMedia\":\"Medien einf\\u00fcgen\",\"fieldTextareaRTESelectAFile\":\"Eine Datei ausw\\u00e4hlen\",\"formErrorsCorrectErrors\":\"Bitte korrigiere die Fehler, bevor du das Formular sendest.\",\"formHoneypot\":\"Falls du ein Mensch bist und dieses Feld siehst, dann lasse es bitte leer.\",\"validateRequiredField\":\"Dies ist ein Pflichtfeld.\",\"honeypotHoneypotError\":\"Honeypot-Fehler\",\"fileUploadOldCodeFileUploadInProgress\":\"Datei-Upload l\\u00e4uft.\",\"fileUploadOldCodeFileUpload\":\"DATEI-UPLOAD\",\"currencySymbol\":\"&#36;\",\"fieldsMarkedRequired\":\"Felder mit einem <span class=\\\"ninja-forms-req-symbol\\\">*<\\\/span> sind Pflichtfelder\",\"thousands_sep\":\".\",\"decimal_point\":\",\",\"siteLocale\":\"de_DE\",\"dateFormat\":\"m\\\/d\\\/Y\",\"startOfWeek\":\"1\",\"of\":\"von\",\"previousMonth\":\"Vorheriger Monat\",\"nextMonth\":\"N\\u00e4chster Monat\",\"months\":[\"Januar\",\"Februar\",\"M\\u00e4rz\",\"April\",\"Mai\",\"Juni\",\"Juli\",\"August\",\"September\",\"Oktober\",\"November\",\"Dezember\"],\"monthsShort\":[\"Jan\",\"Feb\",\"Mrz\",\"Apr\",\"Mai\",\"Jun\",\"Jul\",\"Aug\",\"Sep\",\"Okt\",\"Nov\",\"Dez\"],\"weekdays\":[\"Sonntag\",\"Montag\",\"Dienstag\",\"Mittwoch\",\"Donnerstag\",\"Freitag\",\"Samstag\"],\"weekdaysShort\":[\"So\",\"Mo\",\"Die\",\"Mi\",\"Do\",\"Fr\",\"Sa\"],\"weekdaysMin\":[\"So\",\"Mo\",\"Di\",\"Mi\",\"Do\",\"Fr\",\"Sa\"],\"recaptchaConsentMissing\":\"reCaptcha validation couldn&#039;t load.\",\"recaptchaMissingCookie\":\"reCaptcha v3 validation couldn&#039;t load the cookie needed to submit the form.\",\"recaptchaConsentEvent\":\"Accept reCaptcha cookies before sending the form.\",\"embed_form\":\"\",\"currency_symbol\":\"\",\"beforeForm\":\"\",\"beforeFields\":\"\",\"afterFields\":\"\",\"afterForm\":\"\"};form.fields=[{\"objectType\":\"Field\",\"objectDomain\":\"fields\",\"editActive\":false,\"order\":1,\"label\":\"Ihr Name\",\"key\":\"ihr_name_1529919698679\",\"type\":\"textbox\",\"created_at\":\"2018-06-25 09:40:35\",\"label_pos\":\"above\",\"required\":1,\"placeholder\":\"\",\"default\":\"\",\"wrapper_class\":\"\",\"element_class\":\"\",\"container_class\":\"\",\"input_limit\":\"\",\"input_limit_type\":\"characters\",\"input_limit_msg\":\"Character(s) left\",\"manual_key\":\"\",\"disable_input\":\"\",\"admin_label\":\"\",\"help_text\":\"\",\"desc_text\":\"\",\"disable_browser_autocomplete\":\"\",\"mask\":\"\",\"custom_mask\":\"\",\"wrap_styles_background-color\":\"\",\"wrap_styles_border\":\"\",\"wrap_styles_border-style\":\"\",\"wrap_styles_border-color\":\"\",\"wrap_styles_color\":\"\",\"wrap_styles_height\":\"\",\"wrap_styles_width\":\"\",\"wrap_styles_font-size\":\"\",\"wrap_styles_margin\":\"\",\"wrap_styles_padding\":\"\",\"wrap_styles_display\":\"\",\"wrap_styles_float\":\"\",\"wrap_styles_show_advanced_css\":0,\"wrap_styles_advanced\":\"\",\"label_styles_background-color\":\"\",\"label_styles_border\":\"\",\"label_styles_border-style\":\"\",\"label_styles_border-color\":\"\",\"label_styles_color\":\"\",\"label_styles_height\":\"\",\"label_styles_width\":\"\",\"label_styles_font-size\":\"\",\"label_styles_margin\":\"\",\"label_styles_padding\":\"\",\"label_styles_display\":\"\",\"label_styles_float\":\"\",\"label_styles_show_advanced_css\":0,\"label_styles_advanced\":\"\",\"element_styles_background-color\":\"\",\"element_styles_border\":\"\",\"element_styles_border-style\":\"\",\"element_styles_border-color\":\"\",\"element_styles_color\":\"\",\"element_styles_height\":\"\",\"element_styles_width\":\"\",\"element_styles_font-size\":\"\",\"element_styles_margin\":\"\",\"element_styles_padding\":\"\",\"element_styles_display\":\"\",\"element_styles_float\":\"\",\"element_styles_show_advanced_css\":0,\"element_styles_advanced\":\"\",\"cellcid\":\"c3277\",\"drawerDisabled\":false,\"id\":33,\"beforeField\":\"\",\"afterField\":\"\",\"value\":\"\",\"parentType\":\"textbox\",\"element_templates\":[\"textbox\",\"input\"],\"old_classname\":\"\",\"wrap_template\":\"wrap\"},{\"objectType\":\"Field\",\"objectDomain\":\"fields\",\"editActive\":false,\"order\":2,\"label\":\"Ihre E-Mail-Adresse\",\"key\":\"ihre_e-mail-adresse_1529919692953\",\"type\":\"email\",\"created_at\":\"2018-06-25 09:40:35\",\"label_pos\":\"above\",\"required\":1,\"placeholder\":\"\",\"default\":\"\",\"wrapper_class\":\"\",\"element_class\":\"\",\"container_class\":\"\",\"admin_label\":\"\",\"help_text\":\"\",\"desc_text\":\"\",\"wrap_styles_background-color\":\"\",\"wrap_styles_border\":\"\",\"wrap_styles_border-style\":\"\",\"wrap_styles_border-color\":\"\",\"wrap_styles_color\":\"\",\"wrap_styles_height\":\"\",\"wrap_styles_width\":\"\",\"wrap_styles_font-size\":\"\",\"wrap_styles_margin\":\"\",\"wrap_styles_padding\":\"\",\"wrap_styles_display\":\"\",\"wrap_styles_float\":\"\",\"wrap_styles_show_advanced_css\":0,\"wrap_styles_advanced\":\"\",\"label_styles_background-color\":\"\",\"label_styles_border\":\"\",\"label_styles_border-style\":\"\",\"label_styles_border-color\":\"\",\"label_styles_color\":\"\",\"label_styles_height\":\"\",\"label_styles_width\":\"\",\"label_styles_font-size\":\"\",\"label_styles_margin\":\"\",\"label_styles_padding\":\"\",\"label_styles_display\":\"\",\"label_styles_float\":\"\",\"label_styles_show_advanced_css\":0,\"label_styles_advanced\":\"\",\"element_styles_background-color\":\"\",\"element_styles_border\":\"\",\"element_styles_border-style\":\"\",\"element_styles_border-color\":\"\",\"element_styles_color\":\"\",\"element_styles_height\":\"\",\"element_styles_width\":\"\",\"element_styles_font-size\":\"\",\"element_styles_margin\":\"\",\"element_styles_padding\":\"\",\"element_styles_display\":\"\",\"element_styles_float\":\"\",\"element_styles_show_advanced_css\":0,\"element_styles_advanced\":\"\",\"cellcid\":\"c3281\",\"id\":34,\"beforeField\":\"\",\"afterField\":\"\",\"value\":\"\",\"parentType\":\"email\",\"element_templates\":[\"email\",\"input\"],\"old_classname\":\"\",\"wrap_template\":\"wrap\"},{\"objectType\":\"Field\",\"objectDomain\":\"fields\",\"editActive\":false,\"order\":3,\"label\":\"Ihre Mitteilung\",\"key\":\"ihre_mitteilung_1529919684358\",\"type\":\"textarea\",\"created_at\":\"2018-06-25 09:40:35\",\"label_pos\":\"above\",\"required\":1,\"placeholder\":\"\",\"default\":\"\",\"wrapper_class\":\"\",\"element_class\":\"\",\"container_class\":\"\",\"input_limit\":\"\",\"input_limit_type\":\"characters\",\"input_limit_msg\":\"Character(s) left\",\"manual_key\":\"\",\"disable_input\":\"\",\"admin_label\":\"\",\"help_text\":\"\",\"desc_text\":\"\",\"disable_browser_autocomplete\":\"\",\"textarea_rte\":\"\",\"disable_rte_mobile\":\"\",\"textarea_media\":\"\",\"wrap_styles_background-color\":\"\",\"wrap_styles_border\":\"\",\"wrap_styles_border-style\":\"\",\"wrap_styles_border-color\":\"\",\"wrap_styles_color\":\"\",\"wrap_styles_height\":\"\",\"wrap_styles_width\":\"\",\"wrap_styles_font-size\":\"\",\"wrap_styles_margin\":\"\",\"wrap_styles_padding\":\"\",\"wrap_styles_display\":\"\",\"wrap_styles_float\":\"\",\"wrap_styles_show_advanced_css\":0,\"wrap_styles_advanced\":\"\",\"label_styles_background-color\":\"\",\"label_styles_border\":\"\",\"label_styles_border-style\":\"\",\"label_styles_border-color\":\"\",\"label_styles_color\":\"\",\"label_styles_height\":\"\",\"label_styles_width\":\"\",\"label_styles_font-size\":\"\",\"label_styles_margin\":\"\",\"label_styles_padding\":\"\",\"label_styles_display\":\"\",\"label_styles_float\":\"\",\"label_styles_show_advanced_css\":0,\"label_styles_advanced\":\"\",\"element_styles_background-color\":\"\",\"element_styles_border\":\"\",\"element_styles_border-style\":\"\",\"element_styles_border-color\":\"\",\"element_styles_color\":\"\",\"element_styles_height\":\"\",\"element_styles_width\":\"\",\"element_styles_font-size\":\"\",\"element_styles_margin\":\"\",\"element_styles_padding\":\"\",\"element_styles_display\":\"\",\"element_styles_float\":\"\",\"element_styles_show_advanced_css\":0,\"element_styles_advanced\":\"\",\"cellcid\":\"c3284\",\"id\":35,\"beforeField\":\"\",\"afterField\":\"\",\"value\":\"\",\"parentType\":\"textarea\",\"element_templates\":[\"textarea\",\"input\"],\"old_classname\":\"\",\"wrap_template\":\"wrap\"},{\"objectType\":\"Field\",\"objectDomain\":\"fields\",\"editActive\":false,\"order\":4,\"label\":\"\",\"type\":\"recaptcha\",\"container_class\":\"\",\"element_class\":\"\",\"size\":\"visible\",\"key\":\"recaptcha_1529919656802\",\"id\":37,\"beforeField\":\"\",\"afterField\":\"\",\"value\":\"\",\"label_pos\":\"above\",\"parentType\":\"textbox\",\"element_templates\":[\"recaptcha\",\"input\"],\"old_classname\":\"\",\"wrap_template\":\"wrap\",\"site_key\":\"6Le4eCsUAAAAADuC7v0-plIRfmFCKnRSpFAGrAPB\",\"theme\":\"light\",\"lang\":false},{\"objectType\":\"Field\",\"objectDomain\":\"fields\",\"editActive\":false,\"order\":5,\"label\":\"Senden\",\"key\":\"senden_1529919678337\",\"type\":\"submit\",\"created_at\":\"2018-06-25 09:40:35\",\"processing_label\":\"Processing\",\"container_class\":\"\",\"element_class\":\"\",\"wrap_styles_background-color\":\"\",\"wrap_styles_border\":\"\",\"wrap_styles_border-style\":\"\",\"wrap_styles_border-color\":\"\",\"wrap_styles_color\":\"\",\"wrap_styles_height\":\"\",\"wrap_styles_width\":\"\",\"wrap_styles_font-size\":\"\",\"wrap_styles_margin\":\"\",\"wrap_styles_padding\":\"\",\"wrap_styles_display\":\"\",\"wrap_styles_float\":\"\",\"wrap_styles_show_advanced_css\":0,\"wrap_styles_advanced\":\"\",\"label_styles_background-color\":\"\",\"label_styles_border\":\"\",\"label_styles_border-style\":\"\",\"label_styles_border-color\":\"\",\"label_styles_color\":\"\",\"label_styles_height\":\"\",\"label_styles_width\":\"\",\"label_styles_font-size\":\"\",\"label_styles_margin\":\"\",\"label_styles_padding\":\"\",\"label_styles_display\":\"\",\"label_styles_float\":\"\",\"label_styles_show_advanced_css\":0,\"label_styles_advanced\":\"\",\"element_styles_background-color\":\"\",\"element_styles_border\":\"\",\"element_styles_border-style\":\"\",\"element_styles_border-color\":\"\",\"element_styles_color\":\"\",\"element_styles_height\":\"\",\"element_styles_width\":\"\",\"element_styles_font-size\":\"\",\"element_styles_margin\":\"\",\"element_styles_padding\":\"\",\"element_styles_display\":\"\",\"element_styles_float\":\"\",\"element_styles_show_advanced_css\":0,\"element_styles_advanced\":\"\",\"submit_element_hover_styles_background-color\":\"\",\"submit_element_hover_styles_border\":\"\",\"submit_element_hover_styles_border-style\":\"\",\"submit_element_hover_styles_border-color\":\"\",\"submit_element_hover_styles_color\":\"\",\"submit_element_hover_styles_height\":\"\",\"submit_element_hover_styles_width\":\"\",\"submit_element_hover_styles_font-size\":\"\",\"submit_element_hover_styles_margin\":\"\",\"submit_element_hover_styles_padding\":\"\",\"submit_element_hover_styles_display\":\"\",\"submit_element_hover_styles_float\":\"\",\"submit_element_hover_styles_show_advanced_css\":0,\"submit_element_hover_styles_advanced\":\"\",\"cellcid\":\"c3287\",\"id\":36,\"beforeField\":\"\",\"afterField\":\"\",\"value\":\"\",\"label_pos\":\"above\",\"parentType\":\"textbox\",\"element_templates\":[\"submit\",\"button\",\"input\"],\"old_classname\":\"\",\"wrap_template\":\"wrap-no-label\"}];nfForms.push(form);<\/script>\n        \n<\/div><\/div>\n<p>Sollten Sie phase6 an Ihrer Schule nutzen wollen, sprechen Sie uns gerne an. Weitere Informationen zu phase6 sowie zu den Kontaktm\u00f6glichkeiten finden Sie im Lehrerservice unter <a style=\"color: #fc7c00;\" href=\"http:\/\/www.phase6.de\/lehrer\" target=\"_blank\" rel=\"noopener noreferrer\">www.phase6.de\/lehrer<\/a>.<\/p>\n<p>&nbsp;<\/p>\n<p style=\"text-align: center;\">Quellen: [<a href=\"https:\/\/www.gesetze-bayern.de\/Content\/Document\/BayDSG?AspxAutoDetectCookieSupport=1\" target=\"_blank\" rel=\"noopener noreferrer\">1<\/a>] [<a href=\"https:\/\/www.gesetze-bayern.de\/Content\/Document\/BayDSGDV-ANL_10?hl=true\" target=\"_blank\" rel=\"noopener noreferrer\">2<\/a>]\n[\/et_pb_text][\/et_pb_column][\/et_pb_row][\/et_pb_section]\n","protected":false},"excerpt":{"rendered":"<p>Auch f\u00fcr Schulen spielt das Thema Datenschutz eine wichtige Rolle. Hier erhalten Sie Informationen rund um Datenschutz und -verarbeitung im Schulalltag! 100% Datenschutz &#8211; in Lerngruppen ebenso wie bei individueller Nutzung<\/p>\n","protected":false},"author":11,"featured_media":6537,"comment_status":"open","ping_status":"open","sticky":false,"template":"","format":"standard","meta":{"_acf_changed":false,"_yoast_wpseo_focuskw":"Datenschutz","_yoast_wpseo_title":"","_yoast_wpseo_metadesc":"Auch f\u00fcr Schulen spielt das Thema Datenschutz eine wichtige Rolle. Hier erhalten Sie Informationen rund um den Datenschutz im Schulalltag!","_yoast_wpseo_canonical":"","_yoast_wpseo_opengraph-title":"","_yoast_wpseo_opengraph-description":"","_et_pb_use_builder":"on","_et_pb_old_content":"Im schulischen Alltag gewinnen digitale Lernm\u00f6glichkeiten zunehmend an Bedeutung. F\u00fcr Lernende bieten sie ein vielf\u00e4ltiges und interaktives Lernangebot, um Kompetenzen individuell zu f\u00f6rdern. Auch Schulen und Lehrkr\u00e4fte k\u00f6nnen von den vielf\u00e4ltigen Funktionen digitaler Lernplattformen profitieren. Speziell f\u00fcr den Fremdsprachenunterricht bieten sich lernbegleitende Sprachlernapps f\u00fcr Sch\u00fclerinnen und Sch\u00fcler an, wie der Vokabeltrainer von phase6. Da r\u00fcckt der Datenschutz in den Fokus.\r\n<h2>100% Datenschutz - egal, wie phase6 zum Einsatz kommt<\/h2>\r\n[caption id=\"attachment_2521\" align=\"alignleft\" width=\"279\"]<img class=\"wp-image-2521\" src=\"https:\/\/www.phase-6.de\/magazin\/wp-content\/uploads\/2018\/06\/reports.jpg\" alt=\"Gruppenreport\" width=\"279\" height=\"192\" \/> Gruppenreports informieren Lehrkr\u00e4fte \u00fcber die Lernaktivit\u00e4t der Gruppe[\/caption]\r\n\r\nM\u00f6chten Sie phase6 classic als Lehrkraft nutzen, haben Sie beispielsweise die M\u00f6glichkeit, digitale Lerngruppen einzurichten, um Ihren Sch\u00fclerinnen und Sch\u00fclern die Vokabeln zum Unterrichtsstoff manuell\u00a0oder als fertige Vokabelsammlung zur Verf\u00fcgung zu stellen. Innerhalb einer digitalen Lerngruppe k\u00f6nnen Sie <strong>Gruppenreports<\/strong> einsehen, welche Aufschluss \u00fcber die jeweiligen Lernst\u00e4nde, -entwicklungen und -schwierigkeiten innerhalb Ihrer Lerngruppe geben. Die Informationen aus den Reports k\u00f6nnen wiederum in Ihre didaktische Vorbereitung einflie\u00dfen, indem Sie sich beispielsweise Vokabeln anzeigen lassen, die der Gruppe schwerfallen. Im Unterricht k\u00f6nnen Sie die betreffenden Vokabeln dann gezielt thematisieren, d.h. Ihre Sch\u00fclerinnen und Sch\u00fcler genau dort unterst\u00fctzen, wo sie am meisten Hilfe ben\u00f6tigen.\r\n\r\nDamit Sie als Lehrperson die Vorteile zum Beispiel der Gruppenreports f\u00fcr Ihren Unterricht nutzen k\u00f6nnen, werden bei der Anmeldung und w\u00e4hrend der aktiven Nutzung der App personenbezogene Daten erhoben. Dazu z\u00e4hlen unter anderem die Namen der einzelnen Gruppenmitglieder sowie die Dokumentation der jeweiligen Lernaktivit\u00e4ten innerhalb der App.\r\n\r\n<strong><img class=\" wp-image-2525 alignright\" src=\"https:\/\/www.phase-6.de\/magazin\/wp-content\/uploads\/2018\/06\/shield.png\" alt=\"Datenschutz-Schild\" width=\"111\" height=\"126\" \/>Hier r\u00fcckt das Thema Datenschutz in den Vordergrund<\/strong>. Schulen, Lehrkr\u00e4fte, Eltern, Sch\u00fclerinnen und Sch\u00fcler - sie alle stehen vor der Herausforderung, die rechtlichen Gegebenheiten und \u00c4nderungen der Datenschutzverordnung im Blick zu behalten, um sicher und autonom mit Online-Plattformen umgehen zu k\u00f6nnen. Seitdem die neue Datenschutzgrundverordnung (DSGVO) im Mai diesen Jahres in Kraft getreten ist, gelten auch f\u00fcr Bildungseinrichtungen, die mit digitalen Lernangeboten arbeiten, neue Sicherheitsbestimmungen hinsichtlich der Verarbeitung und Weitergabe von personenbezogenen Daten. Neue Fragen tauchen auf:\r\n\r\n<em>Wann ist eine Einwilligung erforderlich? Wie hole ich diese ein? <\/em>\r\n\r\n<em>Welche M\u00f6glichkeiten habe ich schulintern? <\/em>\r\n\r\n<em>Kann ich meinen Zugang l\u00f6schen? <\/em>\r\n\r\n<em>Welche Daten werden \u00fcber mich gespeichert und was muss ich tun, um Einsicht in diese Daten zu bekommen?<\/em>\r\n\r\nIm Nachfolgenden werden diese Fragen am Beispiel der Nutzung von phase6 sowohl f\u00fcr die individuelle Nutzung als auch f\u00fcr die Nutzung im Kontext Schule beantwortet.\r\n<h3>Individuelles Lernen mit phase6<\/h3>\r\nSch\u00fclerinnen und Sch\u00fcler k\u00f6nnen den Vokabeltrainer von phase6 eigenst\u00e4ndig und flexibel f\u00fcr ihre Lernzwecke nutzen. Dabei k\u00f6nnen sie aus \u00fcber 800 fertigen Vokabelsammlungen f\u00fchrender Schulbuchverlage gezielt den aktuell im Unterricht behandelten Lerninhalt ausw\u00e4hlen und auf Smartphone, Tablet und Co. <strong>parallel zum Fremdsprachenunterricht trainieren<\/strong>. Die Lernmethode von phase6 erm\u00f6glicht es den Lernenden, ihr Wissen zu testen, zu vertiefen und \u00fcber die Reports die eigene Lernentwicklung bewusst wahrzunehmen. Mit den Premiumfunktionen besteht zudem f\u00fcr Eltern die M\u00f6glichkeit, die Reports zum Lernfortschritt ihrer Kinder vom eigenen Benutzerkonto aus einzusehen.\r\n\r\nphase6 kann den lernenden Sch\u00fclerinnen und Sch\u00fclern <strong>einen Lernerfolg garantieren<\/strong> - auf der Grundlage einer Datenspeicherung und -auswertung, die die individuellen Lernst\u00e4nde ber\u00fccksichtigt und daf\u00fcr Sorge tr\u00e4gt, dass das richtige Vokabular zum richtigen Zeitpunkt wiederholt zur Abfrage kommt. Personenbezogene Daten, die f\u00fcr diese und andere Lernvorteile gespeichert werden, sind nat\u00fcrlich datenschutzkonform zu behandeln.\r\n\r\n[caption id=\"attachment_2527\" align=\"alignleft\" width=\"148\"]<img class=\" wp-image-2527\" src=\"https:\/\/www.phase-6.de\/magazin\/wp-content\/uploads\/2018\/06\/eltern_informieren.png\" alt=\"Eltern informieren\" width=\"148\" height=\"227\" \/> Nur mit Zustimmung der Eltern ...[\/caption]\r\n\r\nF\u00fcr Kinder und Jugendliche unter 16 Jahren besteht hinsichtlich der Verarbeitung personenbezogener Daten eine zus\u00e4tzliche Zustimmungserfordernis durch die Erziehungsberechtigten. M\u00f6chten Sch\u00fclerinnen und Sch\u00fcler phase6 nutzen, m\u00fcssen Eltern in die Datenverarbeitung ihrer Kinder einwilligen, damit die Lernplattform dauerhaft genutzt werden kann. Damit das m\u00f6glich ist, m\u00fcssen Eltern zun\u00e4chst dar\u00fcber informiert werden und anschlie\u00dfend der Verarbeitung der Nutzerdaten ihrer Kinder zustimmen. Aus diesem Grund informiert der Vokabeltrainer von phase6 Sch\u00fclerinnen und Sch\u00fclern dar\u00fcber, wie und aus welchem Grund phase6 ihre Daten verarbeitet und verweist anschlie\u00dfend auf <strong>verschiedene Optionen, die Eltern zu informieren<\/strong>, um ihre Best\u00e4tigung einzuholen. Damit ein Account dauerhaft genutzt werden kann, m\u00fcssen die Eltern der Verarbeitung zustimmen.\r\n\r\nMit dieser L\u00f6sung erf\u00fcllen wir nicht nur die Auflagen der DSGVO, sondern bieten ausnahmslos allen Interessierten - also auch Kindern und Jugendlichen unter 16 Jahren - einen praktikablen und gesetzeskonformen Weg, den Vokabeltrainer phase6 classic zu nutzen. Und das bedeutet f\u00fcr Sie als Lehrkraft: Sie k\u00f6nnen phase6 auch weiterhin Ihren Sch\u00fclerinnen und Sch\u00fclern sowie deren Eltern empfehlen.\r\n<h3>Lernen in digitalen Lerngruppen<\/h3>\r\n[caption id=\"attachment_2532\" align=\"alignleft\" width=\"276\"]<img class=\" wp-image-2532\" src=\"https:\/\/www.phase-6.de\/magazin\/wp-content\/uploads\/2018\/06\/lerngruppe_anlegen.png\" alt=\"Digitale Lerngruppe erstellen\" width=\"276\" height=\"204\" \/> Eine Lerngruppe ist einfach erstellt.[\/caption]\r\n\r\nDigitale Lerngruppen bieten Ihnen als Lehrkraft die M\u00f6glichkeit, \u00fcber phase6 mit Ihrer Lerngruppe zu interagieren und deren Lernfortschritte zu begleiten. Sie k\u00f6nnen beispielsweise Vokabeln zentral f\u00fcr alle Gruppenmitglieder zur Verf\u00fcgung stellen, entscheiden, wann welche Vokabeln gelernt werden sollen, von Sch\u00fclerinnen und Sch\u00fclern erstellte Vokabelk\u00e4rtchen f\u00fcr die Gruppe freischalten und auch Gruppenreports einsehen, die sowohl \u00fcber die jeweilige Lernaktivit\u00e4t Auskunft geben als auch \u00fcber Vokabeln, deren Aneignung der Gruppe schwerf\u00e4llt. <strong>Digitale Lerngruppen<\/strong> sind f\u00fcr alle Beteiligten kostenlos, k\u00f6nnen aber auch mit kostenpflichtigen phase6-Produkten kombiniert werden.\r\n\r\nEine Lerngruppe kann einfach und schnell entweder direkt von einer bei phase6 registrierten Lehrkraft oder \u00fcber einen Verwaltungszugang eingerichtet werden, den phase6 der Schule zur Verf\u00fcgung stellt. Im ersten Fall geht der Impuls von der Lehrkraft aus, im zweiten Fall geht der Erstellung einer Lerngruppe eine Vertragsl\u00f6sung voraus, auf deren Basis die Schule eine Schullizenz erwirbt.\r\n<h4>Lerngruppen durch Initiative der Lehrkraft<\/h4>\r\nM\u00f6chten Sie als Lehrperson eine digitale Lerngruppe erstellen, f\u00fcr die ganze Klasse oder auch nur f\u00fcr einige Ihrer Sch\u00fclerinnen und Sch\u00fcler, m\u00fcssen im Hinblick auf den Datenschutz die Eltern der Kinder ins Boot geholt werden. Im Schulalltag befinden Sie sich in einer kooperativen Beziehung mit den Eltern und sind es gewohnt, die Einwilligung der Eltern einzuholen, da die Lernenden in den meisten F\u00e4llen noch minderj\u00e4hrig und zu gro\u00dfen Teilen unter 16 Jahre alt sind. Organisatorische Anliegen, wichtige Entscheidungen und andere schulinterne Ank\u00fcndigungen werden meist von den Heranwachsenden an ihre Eltern weitergegeben und finden von dort aus - mit einer Unterschrift best\u00e4tigt - den Weg zur\u00fcck in Ihr Klassenzimmer. Einen \u00e4hnlichen Prozess macht sich auch phase6 zunutze, sodass Sie auch in diesem Fall, bei der Initiierung, Einrichtung und Nutzung von Lerngruppen, ein Handlungsger\u00fcst vorfinden, das eine datenschutzkonforme Vorgehensweise sicherstellt.\r\n\r\nDer Prozess, wie phase6 eine wirksame Einwilligung der Sch\u00fclerinnen und Sch\u00fcler einholt, soll f\u00fcr Sie dahingehend <strong>transparent<\/strong> sein. Sowohl die Sch\u00fclerinnen und Sch\u00fcler als auch die Eltern m\u00fcssen zum einen dar\u00fcber informiert werden, in welcher Weise Sie als Lehrkraft Zugriff auf die personenbezogenen Daten der Kinder haben und anschlie\u00dfend der Verarbeitung zustimmen. Beim Beitritt einer digitalen Lerngruppe bei phase6 muss jedes Kind folgendem Passus zustimmen:\r\n\r\n[su_quote]\r\n\r\nDurch einen Beitritt wird es dem Gruppenadministrator (i.d.R. der Klassenlehrerin \/ dem Klassenlehrer) m\u00f6glich, vereinfachte und zusammengefasste Auswertungen zu meinem Lernfortschritt einzusehen. Ich stimme dem zu und werde meine Eltern dar\u00fcber informieren.\r\n\r\n[\/su_quote]\r\n\r\nBeim Anlegen einer Lerngruppe werden Lehrkr\u00e4ften zudem Druckvorlagen angeboten, um die Kommunikation mit Kindern und Eltern zu vereinfachen. Auf dem Informationsblatt f\u00fcr Sch\u00fclerinnen und Sch\u00fcler hei\u00dft es abschlie\u00dfend:\r\n\r\n[su_quote]\r\n\r\nAls Lehrkraft ist es mir m\u00f6glich, vereinfachte und zusammengefasste Auswertungen zu eurem Lernfortschritt einzusehen. Bitte sprecht dar\u00fcber mit euren Eltern.\r\n\r\n[\/su_quote]\r\n\r\nWeiterhin gibt phase6 den Lehrkr\u00e4ften Textbausteine an die Hand, die f\u00fcr die Kommunikation mit den Eltern und auch zur Einholung der elterlichen Zustimmung f\u00fcr den Beitritt zu einer Lerngruppe genutzt werden k\u00f6nnen. Zusammen mit der elterlichen Zustimmung, die - wie oben dargestellt - bei Kindern und Jugendlichen unter 16 Jahren im Zuge einer Registrierung eingefordert wird, schaffen diese Dokumente und Hinweise sowohl Transparenz zu der Verwendung personenbezogener Daten als auch eine gute Sensibilit\u00e4t zum Thema Datenschutz.\r\n<h4>Lerngruppen im Rahmen einer Schullizenz<\/h4>\r\nphase6 bietet Schulen die M\u00f6glichkeit, die gesamte Bildungseinrichtung mit den Vorteilen eines nachhaltigen Wortschatztrainings zu versorgen. F\u00fcr Schulen, die phase6 als Kollektiv nutzen m\u00f6chten, besteht die M\u00f6glichkeit, eine Schullizenz zu erwerben. Diese umfasst ein Kontingent an Zug\u00e4ngen, f\u00fcr deren Verwaltung phase6 der Schule einen Administratorzugang erm\u00f6glicht. Eine Schullizenz ist besonders dann sinnvoll, wenn phase6 zum Beispiel <strong>klassen- und jahrgangs\u00fcbergreifend zum Einsatz kommen<\/strong> soll. Hinsichtlich der Lizenz ist es dabei unerheblich, ob die Sch\u00fclerinnen und Sch\u00fcler au\u00dferhalb der Schulumgebung mit phase6 lernen oder auf schuleigenen Ger\u00e4ten. Die Schule tritt aber als Akteur auf, der personenbezogene Daten verarbeitet - als Administrator zur Verwaltung von Lizenzen, die den Sch\u00fclerinnen und Sch\u00fclern zugeordnet werden, sowie gegebenenfalls erg\u00e4nzend als Betreiber der Ger\u00e4te und der technischen Infrastruktur zur Nutzung von phase6.\r\n\r\nDer Schule kommt deshalb die Aufgabe zu, eine datenschutzkonforme Nutzung seitens der Lehrkr\u00e4fte sicherzustellen und eine Zustimmung der Sch\u00fclerinnen und Sch\u00fcler bzw. der jeweiligen Eltern einzuholen. Diese wiederum wollen sich auf einen datenschutzkonformen Betrieb der Plattform verlassen k\u00f6nnen. Deshalb \u00fcbernimmt die Schule hier die Rolle eines Vermittlers: Sie schlie\u00dft mit phase6 einen Vertrag zur Auftragsdatenverarbeitung, in dem phase6 einen datenschutzkonformen Betrieb garantiert. Auf dieser Basis kann die Schule den Sch\u00fclerinnen und Sch\u00fclern bzw. den Eltern gegen\u00fcber eine ordnungsgem\u00e4\u00dfe Datennutzung zusagen und im Gegenzug die notwendigen Zustimmungen der Lernenden selbst oder der jeweiligen Eltern sowie die der Lehrkr\u00e4fte einholen.\r\n\r\nphase6 bietet f\u00fcr diesen Prozess einen Mustervertrag f\u00fcr die Auftragsdatenverarbeitung und bietet Schulen an, sie in Fragen zur Einholung der Zustimmungserkl\u00e4rungen individuell zu beraten. Bei Interesse sprechen Sie uns bitte \u00fcber unseren <a style=\"color: #fc7c00;\" href=\"http:\/\/www.phase6.de\/lehrer\" target=\"_blank\" rel=\"noopener\">Lehrerservice<\/a> an.\r\n<h3>Ob individuell oder \u00fcber Schullizenzen:\r\nLerngruppen bieten Datenschutz zu 100%<\/h3>\r\nEntscheiden Sie sich als Lehrkraft daf\u00fcr, phase6 zusammen mit Ihren Sch\u00fclerinnen und Sch\u00fclern im Rahmen einer Lerngruppe zu nutzen, k\u00f6nnen Sie sich auf den ordnungsgem\u00e4\u00dfen Umgang mit den personenbezogenen Daten aller Nutzerinnen und Nutzer verlassen. Da phase6 alle aktuellen Richtlinien des Datenschutzgesetzes f\u00fcr jedes m\u00f6gliche Nutzungsszenario zu 100% erf\u00fcllt, k\u00f6nnen Sie die Lernplattform bedenkenlos einsetzen und weiterempfehlen. Die datenschutzkonforme Anwendung gilt nat\u00fcrlich f\u00fcr alle Optionen - f\u00fcr die kostenlose Nutzung einer Lerngruppe wie auch f\u00fcr die Nutzung in Kombination mit kostenpflichtigen Produkten von phase6.\r\n\r\nFalls Sie einen tieferen Einblick in die Umsetzung der neuen Datenschutzrichtlinien und den damit verbundenen Bedingungen und Schwierigkeiten erhalten m\u00f6chten: Zur Rechtslage in Bayern haben wir hier einige der relevanten Informationen und Gesetzestexte zusammengestellt:\r\n\r\n[su_spoiler title=\"Rechtslage in Bayern\" icon=\"arrow\"]\r\n\r\n[su_box title=\"Rechtslage in Bayern\" box_color=\"#eeeeee\" title_color=\"#000000\"]\r\n\r\nF\u00fcr Schulen besteht oftmals die gr\u00f6\u00dfte Herausforderung darin, alle Richtlinien des Datenschutzes unter einen Hut zu bringen. Neben der DSGVO der europ\u00e4ischen Union gibt es weitere nationale Verordnungen oder Verordnungen auf Landesebene, die es zu beachten gilt. phase6 hat zahlreiche Ma\u00dfnahmen umgesetzt, die einen datenschutzkonformen Einsatz im Schulbereich erm\u00f6glichen. Zur Erl\u00e4uterung betrachten wir exemplarisch die Erfordernisse in Bayern.\r\n\r\n<strong>Herausforderung<\/strong>: Zum Inkrafttreten der DSGVO wurde auch das Bayerische Datenschutzgesetz (BayDSG)\u00a0aktualisiert, wodurch das bisherige, seit 1993 geltende BayDSG au\u00dfer Kraft gesetzt wurde.[1] F\u00fcr \u00f6ffentliche Schulen in Bayern gilt jedoch weiterhin die bisherige Verordnung, speziell im Bezug auf die Nutzung von Lernplattformen\u00a0wie phase6.[2]\r\n\r\n<strong>Herangehensweise<\/strong>: Es gilt, sowohl die DSGVO, das BayDSG als auch andere rechtliche Hinweise zu beachten - vor allem die Verordnung zum Umgang mit Lernplattformen als auch die rechtlichen Hinweise zur Nutzung von EDV-Einrichtungen an Schulen.\r\n\r\nAus 2.7 BayVwV270218-41:\r\n\r\n[su_quote]Beim Einsatz dieses Mediums im Unterricht liegt die Verantwortlichkeit f\u00fcr die Einhaltung der datenschutzrechtlichen Vorgaben bei der Schule als speichernde Stelle im datenschutzrechtlichen Sinn.[\/su_quote]\r\n\r\nAus Art. 28 Abs. 2 Bayerisches Datenschutzgesetz, vor allem Ablage 10:\r\n\r\n[su_quote]Sch\u00fclerdaten werden grunds\u00e4tzlich nur gespeichert, soweit die Betroffenen bzw. bei Minderj\u00e4hrigen bis zur Vollendung des 14. Lebensjahres die Erziehungsberechtigten sowie bei Minderj\u00e4hrigen ab Vollendung des 14. Lebensjahres diese selbst und die Erziehungsberechtigten, wirksam eingewilligt haben. Einer Einwilligung bedarf es nicht, soweit die Lernplattform auf Grund von Regelungen des Staatsministeriums (z.B. Lehrpl\u00e4ne) verpflichtender Bestandteil des Unterrichts ist. In diesem Fall sind die Betroffenen vor dem Einsatz der Lernplattform \u00fcber Art und Umfang der Datenverarbeitung umfassend durch die Schule zu informieren.[\/su_quote]\r\n\r\n<strong>L\u00f6sung bei phase6<\/strong>: Laut DSGVO sind Kinder unter 16 Jahren besonders sch\u00fctzenswert und es bedarf bei der Verarbeitung der personenbezogenen Daten einer Zustimmung der Eltern. Grunds\u00e4tzlich erlaubt die Norm eine \u00d6ffnungsklausel (Art. 8 Abs. 1 Satz 3 DSGVO), die es den Mitgliedstaaten erm\u00f6glicht, eine niedrigere Altersgrenze festzulegen. In Deutschland wurde von dieser M\u00f6glichkeit bislang kein Gebrauch gemacht, in \u00d6sterreich hingegen wurde sie auf ein Mindestalter von 13 Jahren gesenkt. Hinsichtlich der Regelung in Bayern ist es unserer Einsch\u00e4tzung nach so, dass die zitierte Bestimmung aus Art. 28 Abs. 2 des Bayerischen Datenschutzgesetzes in diesem Fall durch die Datenschutzgrundverordnung derogiert, also au\u00dfer Kraft gesetzt wird.\r\n\r\n[\/su_box]\r\n\r\n[\/su_spoiler]\r\n<h3>Betroffenenrechte<\/h3>\r\n[caption id=\"attachment_2535\" align=\"alignleft\" width=\"246\"]<img class=\" wp-image-2535\" src=\"https:\/\/www.phase-6.de\/magazin\/wp-content\/uploads\/2018\/06\/datenschutz2.png\" alt=\"Betroffenenrechte\" width=\"246\" height=\"285\" \/> Formulare zur Wahrnehmung der Betroffenenrechte[\/caption]\r\n\r\nNutzerinnen und Nutzer, deren personenbezogene Daten gespeichert und verarbeitet werden, haben ein Recht auf einen transparenten Umgang mit dem Thema Datenschutz. Jede Person hat das Recht dazu, die \u00fcber sie gespeicherten Daten einzusehen und dar\u00fcber Auskunft zu verlangen. Es gibt zahlreiche rechtliche Grundlagen, \u00fcber die die Nutzerinnen und Nutzer informiert werden m\u00fcssen, um ihre Rechte bei Bedarf auch durchsetzen zu k\u00f6nnen.\r\n\r\nF\u00fcr Betreiber von Online-Plattformen wie phase6 besteht eine gesetzliche Verpflichtung, binnen 30 Tagen auf Anfragen zur Offenlegung gespeicherter Daten zu reagieren.\r\n\r\nVerlangen Sie als Nutzer oder Nutzerin die Offenlegung der \u00fcber Sie gespeicherten Daten, bietet phase6 ein automatisiertes Verfahren an, um der Pflicht zur Auskunft nachzukommen. Auch hier bieten wir also eine L\u00f6sung, die \u00fcber das gesetzlich festgeschriebene Ma\u00df deutlich hinausgeht.\r\n<h3>Fazit<\/h3>\r\nSie sehen: phase6 vereint die neuen Bestimmungen der DSGVO mit Ihren Rechten als Nutzerin und Nutzer und gew\u00e4hrleistet Ihnen wie jeder Nutzerin und jedem Nutzer jederzeit die transparente Einsicht in Ihre gespeicherten personenbezogenen Daten.\r\n\r\nWir von phase6 sehen es als unsere Aufgabe, f\u00fcr das Thema Datenschutz zu sensibilisieren und alle Betroffenen gleicherma\u00dfen mit einzubeziehen. So sollen Minderj\u00e4hrige und speziell Sch\u00fclerinnen und Sch\u00fcler unter 16 Jahren nicht - wie man es leider oft sieht - vor die Wahl gestellt werden, entweder von einer Produktnutzung abzusehen oder aber eine Falschaussage zu t\u00e4tigen - <em>\u201cJa, ich bin schon 16 Jahre alt\u201d<\/em>. Vielmehr will phase6 auf Augenh\u00f6he agieren und alle Beteiligten, seien es Eltern, Lehrkr\u00e4fte oder Schulleitung, umfassend informieren, sodass die Zustimmung zur Datenverarbeitung im Sinne der Datenschutzgrundverordnung erfolgen kann.\r\n\r\nF\u00fcr phase6 ist der transparente und konforme Umgang mit dem Datenschutz zu einem Unternehmensziel geworden. Sollten Sie Fragen oder Hinweise zum Artikel haben, freuen wir uns \u00fcber entsprechendes Feedback an unseren<strong> Datenschutzbeauftragten<\/strong>. Gerne nehmen wir auch konkrete Fragen und Themenvorschl\u00e4ge f\u00fcr zuk\u00fcnftige Artikel bei uns auf.\r\n\r\n[su_spoiler title=\"Mitteilung an den Datenschutzbeauftragten\" icon=\"arrow\"]\r\n\r\n[ninja_form id=5]\r\n\r\n[\/su_spoiler]\r\n\r\nSollten Sie phase6 an Ihrer Schule nutzen wollen, sprechen Sie uns gerne an. Weitere Informationen zu phase6 sowie zu den Kontaktm\u00f6glichkeiten finden Sie im Lehrerservice unter <a style=\"color: #fc7c00;\" href=\"http:\/\/www.phase6.de\/lehrer\" target=\"_blank\" rel=\"noopener\">www.phase6.de\/lehrer<\/a>.\r\n\r\n\u00a0\r\n<p style=\"text-align: center;\">Quellen: [<a href=\"https:\/\/www.gesetze-bayern.de\/Content\/Document\/BayDSG?AspxAutoDetectCookieSupport=1\" target=\"_blank\" rel=\"noopener\">1<\/a>] [<a href=\"https:\/\/www.gesetze-bayern.de\/Content\/Document\/BayDSGDV-ANL_10?hl=true\" target=\"_blank\" rel=\"noopener\">2<\/a>]<\/p>","_et_gb_content_width":"","inline_featured_image":false,"footnotes":""},"categories":[69],"tags":[],"class_list":["post-2506","post","type-post","status-publish","format-standard","has-post-thumbnail","hentry","category-methodik-und-didaktik","et-has-post-format-content","et_post_format-et-post-format-standard"],"acf":[],"yoast_head":"<!-- This site is optimized with the Yoast SEO plugin v26.9 - https:\/\/yoast.com\/product\/yoast-seo-wordpress\/ -->\n<title>Datenschutz im Schulalltag - phase6 Magazin<\/title>\n<meta name=\"description\" content=\"Auch f\u00fcr Schulen spielt das Thema Datenschutz eine wichtige Rolle. Hier erhalten Sie Informationen rund um den Datenschutz im Schulalltag!\" \/>\n<meta name=\"robots\" content=\"index, follow, max-snippet:-1, max-image-preview:large, max-video-preview:-1\" \/>\n<link rel=\"canonical\" href=\"https:\/\/www.phase-6.de\/magazin\/fuer-lehrkraefte\/themen\/methodik-amp-didaktik\/datenschutz-im-schulalltag\/\" \/>\n<meta property=\"og:locale\" content=\"de_DE\" \/>\n<meta property=\"og:type\" content=\"article\" \/>\n<meta property=\"og:title\" content=\"Datenschutz im Schulalltag - phase6 Magazin\" \/>\n<meta property=\"og:description\" content=\"Auch f\u00fcr Schulen spielt das Thema Datenschutz eine wichtige Rolle. Hier erhalten Sie Informationen rund um den Datenschutz im Schulalltag!\" \/>\n<meta property=\"og:url\" content=\"https:\/\/www.phase-6.de\/magazin\/fuer-lehrkraefte\/themen\/methodik-amp-didaktik\/datenschutz-im-schulalltag\/\" \/>\n<meta property=\"og:site_name\" content=\"phase6 Magazin\" \/>\n<meta property=\"article:publisher\" content=\"https:\/\/www.facebook.com\/phase6.de\/\" \/>\n<meta property=\"article:published_time\" content=\"2018-06-25T10:22:45+00:00\" \/>\n<meta property=\"article:modified_time\" content=\"2021-04-13T10:33:55+00:00\" \/>\n<meta property=\"og:image\" content=\"https:\/\/www.phase-6.de\/magazin\/wp-content\/uploads\/2018\/06\/Datenschutz.jpg\" \/>\n\t<meta property=\"og:image:width\" content=\"1080\" \/>\n\t<meta property=\"og:image:height\" content=\"675\" \/>\n\t<meta property=\"og:image:type\" content=\"image\/jpeg\" \/>\n<meta name=\"author\" content=\"Rebecca\" \/>\n<meta name=\"twitter:card\" content=\"summary_large_image\" \/>\n<meta name=\"twitter:label1\" content=\"Verfasst von\" \/>\n\t<meta name=\"twitter:data1\" content=\"Rebecca\" \/>\n\t<meta name=\"twitter:label2\" content=\"Gesch\u00e4tzte Lesezeit\" \/>\n\t<meta name=\"twitter:data2\" content=\"13\u00a0Minuten\" \/>\n<script type=\"application\/ld+json\" class=\"yoast-schema-graph\">{\"@context\":\"https:\/\/schema.org\",\"@graph\":[{\"@type\":\"Article\",\"@id\":\"https:\/\/www.phase-6.de\/magazin\/fuer-lehrkraefte\/themen\/methodik-amp-didaktik\/datenschutz-im-schulalltag\/#article\",\"isPartOf\":{\"@id\":\"https:\/\/www.phase-6.de\/magazin\/fuer-lehrkraefte\/themen\/methodik-amp-didaktik\/datenschutz-im-schulalltag\/\"},\"author\":{\"name\":\"Rebecca\",\"@id\":\"https:\/\/www.phase-6.de\/magazin\/#\/schema\/person\/c79e16a5e9f43034e7a9f1876f3e96d4\"},\"headline\":\"Datenschutz im Schulalltag\",\"datePublished\":\"2018-06-25T10:22:45+00:00\",\"dateModified\":\"2021-04-13T10:33:55+00:00\",\"mainEntityOfPage\":{\"@id\":\"https:\/\/www.phase-6.de\/magazin\/fuer-lehrkraefte\/themen\/methodik-amp-didaktik\/datenschutz-im-schulalltag\/\"},\"wordCount\":2624,\"commentCount\":0,\"publisher\":{\"@id\":\"https:\/\/www.phase-6.de\/magazin\/#organization\"},\"image\":{\"@id\":\"https:\/\/www.phase-6.de\/magazin\/fuer-lehrkraefte\/themen\/methodik-amp-didaktik\/datenschutz-im-schulalltag\/#primaryimage\"},\"thumbnailUrl\":\"https:\/\/www.phase-6.de\/magazin\/wp-content\/uploads\/2018\/06\/Datenschutz.jpg\",\"articleSection\":[\"Methodik &amp; Didaktik\"],\"inLanguage\":\"de\",\"potentialAction\":[{\"@type\":\"CommentAction\",\"name\":\"Comment\",\"target\":[\"https:\/\/www.phase-6.de\/magazin\/fuer-lehrkraefte\/themen\/methodik-amp-didaktik\/datenschutz-im-schulalltag\/#respond\"]}]},{\"@type\":\"WebPage\",\"@id\":\"https:\/\/www.phase-6.de\/magazin\/fuer-lehrkraefte\/themen\/methodik-amp-didaktik\/datenschutz-im-schulalltag\/\",\"url\":\"https:\/\/www.phase-6.de\/magazin\/fuer-lehrkraefte\/themen\/methodik-amp-didaktik\/datenschutz-im-schulalltag\/\",\"name\":\"Datenschutz im Schulalltag - phase6 Magazin\",\"isPartOf\":{\"@id\":\"https:\/\/www.phase-6.de\/magazin\/#website\"},\"primaryImageOfPage\":{\"@id\":\"https:\/\/www.phase-6.de\/magazin\/fuer-lehrkraefte\/themen\/methodik-amp-didaktik\/datenschutz-im-schulalltag\/#primaryimage\"},\"image\":{\"@id\":\"https:\/\/www.phase-6.de\/magazin\/fuer-lehrkraefte\/themen\/methodik-amp-didaktik\/datenschutz-im-schulalltag\/#primaryimage\"},\"thumbnailUrl\":\"https:\/\/www.phase-6.de\/magazin\/wp-content\/uploads\/2018\/06\/Datenschutz.jpg\",\"datePublished\":\"2018-06-25T10:22:45+00:00\",\"dateModified\":\"2021-04-13T10:33:55+00:00\",\"description\":\"Auch f\u00fcr Schulen spielt das Thema Datenschutz eine wichtige Rolle. Hier erhalten Sie Informationen rund um den Datenschutz im Schulalltag!\",\"breadcrumb\":{\"@id\":\"https:\/\/www.phase-6.de\/magazin\/fuer-lehrkraefte\/themen\/methodik-amp-didaktik\/datenschutz-im-schulalltag\/#breadcrumb\"},\"inLanguage\":\"de\",\"potentialAction\":[{\"@type\":\"ReadAction\",\"target\":[\"https:\/\/www.phase-6.de\/magazin\/fuer-lehrkraefte\/themen\/methodik-amp-didaktik\/datenschutz-im-schulalltag\/\"]}]},{\"@type\":\"ImageObject\",\"inLanguage\":\"de\",\"@id\":\"https:\/\/www.phase-6.de\/magazin\/fuer-lehrkraefte\/themen\/methodik-amp-didaktik\/datenschutz-im-schulalltag\/#primaryimage\",\"url\":\"https:\/\/www.phase-6.de\/magazin\/wp-content\/uploads\/2018\/06\/Datenschutz.jpg\",\"contentUrl\":\"https:\/\/www.phase-6.de\/magazin\/wp-content\/uploads\/2018\/06\/Datenschutz.jpg\",\"width\":1080,\"height\":675,\"caption\":\"Datenschutz in der Schule\"},{\"@type\":\"BreadcrumbList\",\"@id\":\"https:\/\/www.phase-6.de\/magazin\/fuer-lehrkraefte\/themen\/methodik-amp-didaktik\/datenschutz-im-schulalltag\/#breadcrumb\",\"itemListElement\":[{\"@type\":\"ListItem\",\"position\":1,\"name\":\"Startseite\",\"item\":\"https:\/\/www.phase-6.de\/magazin\/\"},{\"@type\":\"ListItem\",\"position\":2,\"name\":\"Datenschutz im Schulalltag\"}]},{\"@type\":\"WebSite\",\"@id\":\"https:\/\/www.phase-6.de\/magazin\/#website\",\"url\":\"https:\/\/www.phase-6.de\/magazin\/\",\"name\":\"phase6 Magazin\",\"description\":\"Das Magazin f\u00fcr Sprache, Lernen &amp; Lehren\",\"publisher\":{\"@id\":\"https:\/\/www.phase-6.de\/magazin\/#organization\"},\"potentialAction\":[{\"@type\":\"SearchAction\",\"target\":{\"@type\":\"EntryPoint\",\"urlTemplate\":\"https:\/\/www.phase-6.de\/magazin\/?s={search_term_string}\"},\"query-input\":{\"@type\":\"PropertyValueSpecification\",\"valueRequired\":true,\"valueName\":\"search_term_string\"}}],\"inLanguage\":\"de\"},{\"@type\":\"Organization\",\"@id\":\"https:\/\/www.phase-6.de\/magazin\/#organization\",\"name\":\"phase-6 GmbH\",\"url\":\"https:\/\/www.phase-6.de\/magazin\/\",\"logo\":{\"@type\":\"ImageObject\",\"inLanguage\":\"de\",\"@id\":\"https:\/\/www.phase-6.de\/magazin\/#\/schema\/logo\/image\/\",\"url\":\"https:\/\/www.phase-6.de\/magazin\/wp-content\/uploads\/2017\/07\/phase6_logo2017.png\",\"contentUrl\":\"https:\/\/www.phase-6.de\/magazin\/wp-content\/uploads\/2017\/07\/phase6_logo2017.png\",\"width\":709,\"height\":200,\"caption\":\"phase-6 GmbH\"},\"image\":{\"@id\":\"https:\/\/www.phase-6.de\/magazin\/#\/schema\/logo\/image\/\"},\"sameAs\":[\"https:\/\/www.facebook.com\/phase6.de\/\",\"https:\/\/de.wikipedia.org\/wiki\/Phase6\"]},{\"@type\":\"Person\",\"@id\":\"https:\/\/www.phase-6.de\/magazin\/#\/schema\/person\/c79e16a5e9f43034e7a9f1876f3e96d4\",\"name\":\"Rebecca\",\"url\":\"https:\/\/www.phase-6.de\/magazin\/author\/rebecca\/\"}]}<\/script>\n<!-- \/ Yoast SEO plugin. -->","yoast_head_json":{"title":"Datenschutz im Schulalltag - phase6 Magazin","description":"Auch f\u00fcr Schulen spielt das Thema Datenschutz eine wichtige Rolle. Hier erhalten Sie Informationen rund um den Datenschutz im Schulalltag!","robots":{"index":"index","follow":"follow","max-snippet":"max-snippet:-1","max-image-preview":"max-image-preview:large","max-video-preview":"max-video-preview:-1"},"canonical":"https:\/\/www.phase-6.de\/magazin\/fuer-lehrkraefte\/themen\/methodik-amp-didaktik\/datenschutz-im-schulalltag\/","og_locale":"de_DE","og_type":"article","og_title":"Datenschutz im Schulalltag - phase6 Magazin","og_description":"Auch f\u00fcr Schulen spielt das Thema Datenschutz eine wichtige Rolle. Hier erhalten Sie Informationen rund um den Datenschutz im Schulalltag!","og_url":"https:\/\/www.phase-6.de\/magazin\/fuer-lehrkraefte\/themen\/methodik-amp-didaktik\/datenschutz-im-schulalltag\/","og_site_name":"phase6 Magazin","article_publisher":"https:\/\/www.facebook.com\/phase6.de\/","article_published_time":"2018-06-25T10:22:45+00:00","article_modified_time":"2021-04-13T10:33:55+00:00","og_image":[{"width":1080,"height":675,"url":"https:\/\/www.phase-6.de\/magazin\/wp-content\/uploads\/2018\/06\/Datenschutz.jpg","type":"image\/jpeg"}],"author":"Rebecca","twitter_card":"summary_large_image","twitter_misc":{"Verfasst von":"Rebecca","Gesch\u00e4tzte Lesezeit":"13\u00a0Minuten"},"schema":{"@context":"https:\/\/schema.org","@graph":[{"@type":"Article","@id":"https:\/\/www.phase-6.de\/magazin\/fuer-lehrkraefte\/themen\/methodik-amp-didaktik\/datenschutz-im-schulalltag\/#article","isPartOf":{"@id":"https:\/\/www.phase-6.de\/magazin\/fuer-lehrkraefte\/themen\/methodik-amp-didaktik\/datenschutz-im-schulalltag\/"},"author":{"name":"Rebecca","@id":"https:\/\/www.phase-6.de\/magazin\/#\/schema\/person\/c79e16a5e9f43034e7a9f1876f3e96d4"},"headline":"Datenschutz im Schulalltag","datePublished":"2018-06-25T10:22:45+00:00","dateModified":"2021-04-13T10:33:55+00:00","mainEntityOfPage":{"@id":"https:\/\/www.phase-6.de\/magazin\/fuer-lehrkraefte\/themen\/methodik-amp-didaktik\/datenschutz-im-schulalltag\/"},"wordCount":2624,"commentCount":0,"publisher":{"@id":"https:\/\/www.phase-6.de\/magazin\/#organization"},"image":{"@id":"https:\/\/www.phase-6.de\/magazin\/fuer-lehrkraefte\/themen\/methodik-amp-didaktik\/datenschutz-im-schulalltag\/#primaryimage"},"thumbnailUrl":"https:\/\/www.phase-6.de\/magazin\/wp-content\/uploads\/2018\/06\/Datenschutz.jpg","articleSection":["Methodik &amp; Didaktik"],"inLanguage":"de","potentialAction":[{"@type":"CommentAction","name":"Comment","target":["https:\/\/www.phase-6.de\/magazin\/fuer-lehrkraefte\/themen\/methodik-amp-didaktik\/datenschutz-im-schulalltag\/#respond"]}]},{"@type":"WebPage","@id":"https:\/\/www.phase-6.de\/magazin\/fuer-lehrkraefte\/themen\/methodik-amp-didaktik\/datenschutz-im-schulalltag\/","url":"https:\/\/www.phase-6.de\/magazin\/fuer-lehrkraefte\/themen\/methodik-amp-didaktik\/datenschutz-im-schulalltag\/","name":"Datenschutz im Schulalltag - phase6 Magazin","isPartOf":{"@id":"https:\/\/www.phase-6.de\/magazin\/#website"},"primaryImageOfPage":{"@id":"https:\/\/www.phase-6.de\/magazin\/fuer-lehrkraefte\/themen\/methodik-amp-didaktik\/datenschutz-im-schulalltag\/#primaryimage"},"image":{"@id":"https:\/\/www.phase-6.de\/magazin\/fuer-lehrkraefte\/themen\/methodik-amp-didaktik\/datenschutz-im-schulalltag\/#primaryimage"},"thumbnailUrl":"https:\/\/www.phase-6.de\/magazin\/wp-content\/uploads\/2018\/06\/Datenschutz.jpg","datePublished":"2018-06-25T10:22:45+00:00","dateModified":"2021-04-13T10:33:55+00:00","description":"Auch f\u00fcr Schulen spielt das Thema Datenschutz eine wichtige Rolle. Hier erhalten Sie Informationen rund um den Datenschutz im Schulalltag!","breadcrumb":{"@id":"https:\/\/www.phase-6.de\/magazin\/fuer-lehrkraefte\/themen\/methodik-amp-didaktik\/datenschutz-im-schulalltag\/#breadcrumb"},"inLanguage":"de","potentialAction":[{"@type":"ReadAction","target":["https:\/\/www.phase-6.de\/magazin\/fuer-lehrkraefte\/themen\/methodik-amp-didaktik\/datenschutz-im-schulalltag\/"]}]},{"@type":"ImageObject","inLanguage":"de","@id":"https:\/\/www.phase-6.de\/magazin\/fuer-lehrkraefte\/themen\/methodik-amp-didaktik\/datenschutz-im-schulalltag\/#primaryimage","url":"https:\/\/www.phase-6.de\/magazin\/wp-content\/uploads\/2018\/06\/Datenschutz.jpg","contentUrl":"https:\/\/www.phase-6.de\/magazin\/wp-content\/uploads\/2018\/06\/Datenschutz.jpg","width":1080,"height":675,"caption":"Datenschutz in der Schule"},{"@type":"BreadcrumbList","@id":"https:\/\/www.phase-6.de\/magazin\/fuer-lehrkraefte\/themen\/methodik-amp-didaktik\/datenschutz-im-schulalltag\/#breadcrumb","itemListElement":[{"@type":"ListItem","position":1,"name":"Startseite","item":"https:\/\/www.phase-6.de\/magazin\/"},{"@type":"ListItem","position":2,"name":"Datenschutz im Schulalltag"}]},{"@type":"WebSite","@id":"https:\/\/www.phase-6.de\/magazin\/#website","url":"https:\/\/www.phase-6.de\/magazin\/","name":"phase6 Magazin","description":"Das Magazin f\u00fcr Sprache, Lernen &amp; Lehren","publisher":{"@id":"https:\/\/www.phase-6.de\/magazin\/#organization"},"potentialAction":[{"@type":"SearchAction","target":{"@type":"EntryPoint","urlTemplate":"https:\/\/www.phase-6.de\/magazin\/?s={search_term_string}"},"query-input":{"@type":"PropertyValueSpecification","valueRequired":true,"valueName":"search_term_string"}}],"inLanguage":"de"},{"@type":"Organization","@id":"https:\/\/www.phase-6.de\/magazin\/#organization","name":"phase-6 GmbH","url":"https:\/\/www.phase-6.de\/magazin\/","logo":{"@type":"ImageObject","inLanguage":"de","@id":"https:\/\/www.phase-6.de\/magazin\/#\/schema\/logo\/image\/","url":"https:\/\/www.phase-6.de\/magazin\/wp-content\/uploads\/2017\/07\/phase6_logo2017.png","contentUrl":"https:\/\/www.phase-6.de\/magazin\/wp-content\/uploads\/2017\/07\/phase6_logo2017.png","width":709,"height":200,"caption":"phase-6 GmbH"},"image":{"@id":"https:\/\/www.phase-6.de\/magazin\/#\/schema\/logo\/image\/"},"sameAs":["https:\/\/www.facebook.com\/phase6.de\/","https:\/\/de.wikipedia.org\/wiki\/Phase6"]},{"@type":"Person","@id":"https:\/\/www.phase-6.de\/magazin\/#\/schema\/person\/c79e16a5e9f43034e7a9f1876f3e96d4","name":"Rebecca","url":"https:\/\/www.phase-6.de\/magazin\/author\/rebecca\/"}]}},"_links":{"self":[{"href":"https:\/\/www.phase-6.de\/magazin\/wp-json\/wp\/v2\/posts\/2506","targetHints":{"allow":["GET"]}}],"collection":[{"href":"https:\/\/www.phase-6.de\/magazin\/wp-json\/wp\/v2\/posts"}],"about":[{"href":"https:\/\/www.phase-6.de\/magazin\/wp-json\/wp\/v2\/types\/post"}],"author":[{"embeddable":true,"href":"https:\/\/www.phase-6.de\/magazin\/wp-json\/wp\/v2\/users\/11"}],"replies":[{"embeddable":true,"href":"https:\/\/www.phase-6.de\/magazin\/wp-json\/wp\/v2\/comments?post=2506"}],"version-history":[{"count":0,"href":"https:\/\/www.phase-6.de\/magazin\/wp-json\/wp\/v2\/posts\/2506\/revisions"}],"wp:featuredmedia":[{"embeddable":true,"href":"https:\/\/www.phase-6.de\/magazin\/wp-json\/wp\/v2\/media\/6537"}],"wp:attachment":[{"href":"https:\/\/www.phase-6.de\/magazin\/wp-json\/wp\/v2\/media?parent=2506"}],"wp:term":[{"taxonomy":"category","embeddable":true,"href":"https:\/\/www.phase-6.de\/magazin\/wp-json\/wp\/v2\/categories?post=2506"},{"taxonomy":"post_tag","embeddable":true,"href":"https:\/\/www.phase-6.de\/magazin\/wp-json\/wp\/v2\/tags?post=2506"}],"curies":[{"name":"wp","href":"https:\/\/api.w.org\/{rel}","templated":true}]}}