{"id":3292,"date":"2019-06-04T19:00:19","date_gmt":"2019-06-04T19:00:19","guid":{"rendered":"https:\/\/www.phase-6.de\/magazin\/?p=3292"},"modified":"2020-08-30T11:57:43","modified_gmt":"2020-08-30T11:57:43","slug":"warum-sagen-wir-eigentlich-sprichwoerter-ueber-die-bohne","status":"publish","type":"post","link":"https:\/\/www.phase-6.de\/magazin\/rubriken\/sprichwoerter\/warum-sagen-wir-eigentlich-sprichwoerter-ueber-die-bohne\/","title":{"rendered":"Sprichw\u00f6rter \u00fcber die Bohne &#8211; Warum sagen wir eigentlich&#8230;?"},"content":{"rendered":"[et_pb_section fb_built=&#8220;1&#8243; _builder_version=&#8220;3.22&#8243;][et_pb_row _builder_version=&#8220;3.25&#8243; background_size=&#8220;initial&#8220; background_position=&#8220;top_left&#8220; background_repeat=&#8220;repeat&#8220;][et_pb_column type=&#8220;4_4&#8243; _builder_version=&#8220;3.25&#8243; custom_padding=&#8220;|||&#8220; custom_padding__hover=&#8220;|||&#8220;][et_pb_text _builder_version=&#8220;3.27.4&#8243; border_style=&#8220;solid&#8220;]\n<h2>\u00a0<span style=\"font-weight: 400;\">\u201cDas interessiert mich nicht die Bohne!\u201d<\/span><\/h2>\n<p><span style=\"font-weight: 400;\"><img loading=\"-\" decoding=\"async\" class=\"size-medium wp-image-3660 alignright\" src=\"https:\/\/www.phase-6.de\/magazin\/wp-content\/uploads\/2019\/03\/sw-bohnen-2-300x200.jpg\" alt=\"Ist eine Bohne besser als keine Bohne?\" width=\"300\" height=\"200\" srcset=\"https:\/\/www.phase-6.de\/magazin\/wp-content\/uploads\/2019\/03\/sw-bohnen-2-300x200.jpg 300w, https:\/\/www.phase-6.de\/magazin\/wp-content\/uploads\/2019\/03\/sw-bohnen-2.jpg 500w\" sizes=\"(max-width: 300px) 100vw, 300px\" \/>Bohnen sind wahrscheinlich f\u00fcr viele Menschen kein besonders interessantes oder spannendes Lebensmittel. Dabei sind sie nicht nur gesund, sondern lassen sich auch zu vielseitigen Gerichten verarbeiten. Aus der texanischen K\u00fcche sind Bohnen beispielsweise gar nicht wegzudenken. Dort werden sie beispielsweise als leckere Pasten oder in bunten Eint\u00f6pfen serviert. Die kulinarischen Eigenschaften der Bohne sind es also eher nicht, die diese Redewendung hervorgebracht haben.<\/span><span style=\"font-weight: 400;\"><br \/>\n<\/span><\/p>\n<p><span style=\"font-weight: 400;\">Ein weit verbreiteter Irrglaube ist \u00fcbrigens, dass Bohnen (neben Fleisch, Mais, Paprika und anderem Gem\u00fcse) Hauptbestandteil des beliebten Gerichts Chili con Carne sind. Das traditionell texanische Chili besteht allerdings im Wesentlichen aus zwei Zutaten, wie der Name schon verr\u00e4t: Chilis und Rindfleisch.<\/span><\/p>\n<p><span style=\"font-weight: 400;\">Das Sprichwort hat vor allem etwas mit der Gr\u00f6\u00dfe der H\u00fclsenfr\u00fcchte zu tun. Ist dir mal aufgefallen, dass Bohnen selten im Singular verwendet werden? Das liegt daran, dass Bohnen nicht alleine, sondern erst gemeinsam mit vielen anderen Bohnen zu einem nahrhaften Mahl werden, von dem ein Mensch auch satt werden kann. Mit einer einzelnen, kleinen Bohne kann man f\u00fcr gew\u00f6hnlich nicht so viel anfangen, geschweige denn davon satt werden. Wenn uns also etwas \u201cnicht die Bohne\u201d interessiert, ist es unsere Aufmerksamkeit nicht wert.[1]<\/span><\/p>\n<p style=\"text-align: center;\">\n[\/et_pb_text][et_pb_text _builder_version=&#8220;3.27.4&#8243; border_style=&#8220;solid&#8220;]\n<h2><span style=\"font-weight: 400;\">Bohnen in den Ohren haben<\/span><\/h2>\n<div id=\"attachment_3657\" style=\"width: 310px\" class=\"wp-caption alignleft\"><img aria-describedby=\"caption-attachment-3657\" loading=\"-\" decoding=\"async\" class=\"size-medium wp-image-3657\" src=\"https:\/\/www.phase-6.de\/magazin\/wp-content\/uploads\/2019\/02\/sw-bohnen-300x200.jpg\" alt=\"Hast du Bohnen in den Ohren?\" width=\"300\" height=\"200\" srcset=\"https:\/\/www.phase-6.de\/magazin\/wp-content\/uploads\/2019\/02\/sw-bohnen-300x200.jpg 300w, https:\/\/www.phase-6.de\/magazin\/wp-content\/uploads\/2019\/02\/sw-bohnen.jpg 500w\" sizes=\"(max-width: 300px) 100vw, 300px\" \/><p id=\"caption-attachment-3657\" class=\"wp-caption-text\">Hast du Bohnen in den Ohren?<\/p><\/div>\n<p><span style=\"font-weight: 400;\">Wenn wir <\/span><i><span style=\"font-weight: 400;\">\u201cDu hast wohl Bohnen in den Ohren!\u201d<\/span><\/i><span style=\"font-weight: 400;\"> sagen, sind wir f\u00fcr gew\u00f6hnlich dar\u00fcber ver\u00e4rgert, dass uns unser Gegen\u00fcber scheinbar absichtlich nicht zuh\u00f6ren m\u00f6chte. Der Bohnenvergleich ist h\u00f6chstwahrscheinlich zustande gekommen, weil die Form einer Bohne so aussieht, als k\u00f6nne sie unseren Geh\u00f6rgang &#8211; \u00e4hnlich wie Kopfh\u00f6rer &#8211; passgenau verschlie\u00dfen.\u00a0<\/span><\/p>\n<p><span style=\"font-weight: 400;\">Als der in New York aufgewachsene Schlagers\u00e4nger Gus Backus in den 1960er Jahren nach Deutschland kam und von da an deutsche Liedtexte mit amerikanischem Akzent sang, machte er die Redensart mit dem Song <\/span><i><span style=\"font-weight: 400;\">\u201cBohnen in die Ohren\u201d <\/span><\/i><span style=\"font-weight: 400;\">zu einem gefl\u00fcgelten Wort.[2]<\/span><\/p>\n<p>&nbsp;<\/p>\n<p style=\"text-align: center;\">[\/et_pb_text][et_pb_testimonial author=&#8220;Gus Backus &#8211; Bohnen in die Ohren %913%93&#8243; _builder_version=&#8220;3.2&#8243; border_style=&#8220;solid&#8220;]\n<p style=\"text-align: center;\"><em>\u201cUnd schreit auch alle Leute:<\/em><\/p>\n<p style=\"text-align: center;\"><em>\u201cDer hat Bohnen in die Ohr&#8217;n <\/em><\/p>\n<p style=\"text-align: center;\"><em>Bohnen in die Ohr&#8217;n!\u201d<\/em><\/p>\n<p style=\"text-align: center;\"><em>Ja das kann ich gar nicht h\u00f6ren &#8230;<\/em><\/p>\n<p style=\"text-align: center;\"><em>Ich hab Bohnen in die Ohr&#8217;n&#8220;<\/em><\/p>\n<p style=\"text-align: center;\">[\/et_pb_testimonial][et_pb_cta title=&#8220;Na, auf den Geschmack gekommen?&#8220; url_new_window=&#8220;on&#8220; _builder_version=&#8220;3.16&#8243; background_color=&#8220;#5e5e5d&#8220; border_style=&#8220;solid&#8220; button_letter_spacing_hover=&#8220;0&#8243; saved_tabs=&#8220;all&#8220; button_text_size__hover_enabled=&#8220;off&#8220; button_one_text_size__hover_enabled=&#8220;off&#8220; button_two_text_size__hover_enabled=&#8220;off&#8220; button_text_color__hover_enabled=&#8220;off&#8220; button_one_text_color__hover_enabled=&#8220;off&#8220; button_two_text_color__hover_enabled=&#8220;off&#8220; button_border_width__hover_enabled=&#8220;off&#8220; button_one_border_width__hover_enabled=&#8220;off&#8220; button_two_border_width__hover_enabled=&#8220;off&#8220; button_border_color__hover_enabled=&#8220;off&#8220; button_one_border_color__hover_enabled=&#8220;off&#8220; button_two_border_color__hover_enabled=&#8220;off&#8220; button_border_radius__hover_enabled=&#8220;off&#8220; button_one_border_radius__hover_enabled=&#8220;off&#8220; button_two_border_radius__hover_enabled=&#8220;off&#8220; button_letter_spacing__hover_enabled=&#8220;on&#8220; button_letter_spacing__hover=&#8220;0&#8243; button_one_letter_spacing__hover_enabled=&#8220;off&#8220; button_two_letter_spacing__hover_enabled=&#8220;off&#8220; button_bg_color__hover_enabled=&#8220;off&#8220; button_one_bg_color__hover_enabled=&#8220;off&#8220; button_two_bg_color__hover_enabled=&#8220;off&#8220;]<span style=\"font-weight: 400;\">Sieh dir auch die spannenden Geschichten hinter weiteren <a href=\"https:\/\/www.phase-6.de\/magazin\/redewendungen\/warum-sagen-wir-eigentlich-redewendungen-rund-ums-essen\/\" rel=\"noopener\"><span style=\"color: #fc7c00;\">Sprichw\u00f6rtern rund ums Essen<\/span><\/a> an!<\/span><\/p>\n<p style=\"text-align: center;\">[\/et_pb_cta][et_pb_text _builder_version=&#8220;3.27.4&#8243; border_style=&#8220;solid&#8220;]\n<p style=\"text-align: center;\"><strong>Quellen:\u00a0<\/strong>[<a href=\"https:\/\/beanbeat.de\/interessiert_mich_nicht_die_bohne\/\" target=\"_blank\" rel=\"noopener noreferrer\">1<\/a>] [<a href=\"https:\/\/www.was-war-wann.de\/personen\/gus_backus.html\" target=\"_blank\" rel=\"noopener noreferrer\">2<\/a>] [<a href=\"https:\/\/www.youtube.com\/watch?v=QvpBBLn1Hn4\" target=\"_blank\" rel=\"noopener noreferrer\">3<\/a>]\n<p>&nbsp;<\/p>\n<p style=\"text-align: center;\">[\/et_pb_text][\/et_pb_column][\/et_pb_row][\/et_pb_section]\n","protected":false},"excerpt":{"rendered":"<p>Warum hat unser Gegen\u00fcber manchmal \u201cBohnen in den Ohren\u201d und wieso interessieren uns manche Dinge einfach \u201cnicht die Bohne\u201d? Erfahre mehr \u00fcber die etymologischen Hintergr\u00fcnde und Bedeutungen hinter diesen deutschen Redewendungen zur Bohne! <\/p>\n","protected":false},"author":11,"featured_media":6409,"comment_status":"open","ping_status":"open","sticky":false,"template":"","format":"standard","meta":{"_acf_changed":false,"_yoast_wpseo_focuskw":"Bohne","_yoast_wpseo_title":"","_yoast_wpseo_metadesc":"Woher stammt das Sprichwort \u201cdas interessiert mich nicht die Bohne\u201d oder der Ausspruch \u201cBohnen in den Ohren haben\u201d? \u2713 Hintergr\u00fcnde \u2713 Bedeutung \u2713 Herkunft","_yoast_wpseo_canonical":"","_yoast_wpseo_opengraph-title":"","_yoast_wpseo_opengraph-description":"","_et_pb_use_builder":"on","_et_pb_old_content":"","_et_gb_content_width":"","inline_featured_image":false,"footnotes":""},"categories":[64],"tags":[],"class_list":["post-3292","post","type-post","status-publish","format-standard","has-post-thumbnail","hentry","category-sprichwoerter","et-has-post-format-content","et_post_format-et-post-format-standard"],"acf":[],"yoast_head":"<!-- This site is optimized with the Yoast SEO plugin v26.9 - https:\/\/yoast.com\/product\/yoast-seo-wordpress\/ -->\n<title>Sprichw\u00f6rter \u00fcber die Bohne - Warum sagen wir eigentlich...? - phase6 Magazin<\/title>\n<meta name=\"description\" content=\"Woher stammt das Sprichwort \u201cdas interessiert mich nicht die Bohne\u201d oder der Ausspruch \u201cBohnen in den Ohren haben\u201d? \u2713 Hintergr\u00fcnde \u2713 Bedeutung \u2713 Herkunft\" \/>\n<meta name=\"robots\" content=\"index, follow, max-snippet:-1, max-image-preview:large, max-video-preview:-1\" \/>\n<link rel=\"canonical\" href=\"https:\/\/www.phase-6.de\/magazin\/rubriken\/sprichwoerter\/warum-sagen-wir-eigentlich-sprichwoerter-ueber-die-bohne\/\" \/>\n<meta property=\"og:locale\" content=\"de_DE\" \/>\n<meta property=\"og:type\" content=\"article\" \/>\n<meta property=\"og:title\" content=\"Sprichw\u00f6rter \u00fcber die Bohne - Warum sagen wir eigentlich...? - phase6 Magazin\" \/>\n<meta property=\"og:description\" content=\"Woher stammt das Sprichwort \u201cdas interessiert mich nicht die Bohne\u201d oder der Ausspruch \u201cBohnen in den Ohren haben\u201d? \u2713 Hintergr\u00fcnde \u2713 Bedeutung \u2713 Herkunft\" \/>\n<meta property=\"og:url\" content=\"https:\/\/www.phase-6.de\/magazin\/rubriken\/sprichwoerter\/warum-sagen-wir-eigentlich-sprichwoerter-ueber-die-bohne\/\" \/>\n<meta property=\"og:site_name\" content=\"phase6 Magazin\" \/>\n<meta property=\"article:publisher\" content=\"https:\/\/www.facebook.com\/phase6.de\/\" \/>\n<meta property=\"article:published_time\" content=\"2019-06-04T19:00:19+00:00\" \/>\n<meta property=\"article:modified_time\" content=\"2020-08-30T11:57:43+00:00\" \/>\n<meta property=\"og:image\" content=\"https:\/\/www.phase-6.de\/magazin\/wp-content\/uploads\/2019\/06\/sprichwoerter_bohne.jpg\" \/>\n\t<meta property=\"og:image:width\" content=\"1080\" \/>\n\t<meta property=\"og:image:height\" content=\"675\" \/>\n\t<meta property=\"og:image:type\" content=\"image\/jpeg\" \/>\n<meta name=\"author\" content=\"Rebecca\" \/>\n<meta name=\"twitter:card\" content=\"summary_large_image\" \/>\n<meta name=\"twitter:label1\" content=\"Verfasst von\" \/>\n\t<meta name=\"twitter:data1\" content=\"Rebecca\" \/>\n\t<meta name=\"twitter:label2\" content=\"Gesch\u00e4tzte Lesezeit\" \/>\n\t<meta name=\"twitter:data2\" content=\"3\u00a0Minuten\" \/>\n<script type=\"application\/ld+json\" class=\"yoast-schema-graph\">{\"@context\":\"https:\/\/schema.org\",\"@graph\":[{\"@type\":\"Article\",\"@id\":\"https:\/\/www.phase-6.de\/magazin\/rubriken\/sprichwoerter\/warum-sagen-wir-eigentlich-sprichwoerter-ueber-die-bohne\/#article\",\"isPartOf\":{\"@id\":\"https:\/\/www.phase-6.de\/magazin\/rubriken\/sprichwoerter\/warum-sagen-wir-eigentlich-sprichwoerter-ueber-die-bohne\/\"},\"author\":{\"name\":\"Rebecca\",\"@id\":\"https:\/\/www.phase-6.de\/magazin\/#\/schema\/person\/c79e16a5e9f43034e7a9f1876f3e96d4\"},\"headline\":\"Sprichw\u00f6rter \u00fcber die Bohne &#8211; Warum sagen wir eigentlich&#8230;?\",\"datePublished\":\"2019-06-04T19:00:19+00:00\",\"dateModified\":\"2020-08-30T11:57:43+00:00\",\"mainEntityOfPage\":{\"@id\":\"https:\/\/www.phase-6.de\/magazin\/rubriken\/sprichwoerter\/warum-sagen-wir-eigentlich-sprichwoerter-ueber-die-bohne\/\"},\"wordCount\":654,\"commentCount\":0,\"publisher\":{\"@id\":\"https:\/\/www.phase-6.de\/magazin\/#organization\"},\"image\":{\"@id\":\"https:\/\/www.phase-6.de\/magazin\/rubriken\/sprichwoerter\/warum-sagen-wir-eigentlich-sprichwoerter-ueber-die-bohne\/#primaryimage\"},\"thumbnailUrl\":\"https:\/\/www.phase-6.de\/magazin\/wp-content\/uploads\/2019\/06\/sprichwoerter_bohne.jpg\",\"articleSection\":[\"Sprichw\u00f6rter\"],\"inLanguage\":\"de\",\"potentialAction\":[{\"@type\":\"CommentAction\",\"name\":\"Comment\",\"target\":[\"https:\/\/www.phase-6.de\/magazin\/rubriken\/sprichwoerter\/warum-sagen-wir-eigentlich-sprichwoerter-ueber-die-bohne\/#respond\"]}]},{\"@type\":\"WebPage\",\"@id\":\"https:\/\/www.phase-6.de\/magazin\/rubriken\/sprichwoerter\/warum-sagen-wir-eigentlich-sprichwoerter-ueber-die-bohne\/\",\"url\":\"https:\/\/www.phase-6.de\/magazin\/rubriken\/sprichwoerter\/warum-sagen-wir-eigentlich-sprichwoerter-ueber-die-bohne\/\",\"name\":\"Sprichw\u00f6rter \u00fcber die Bohne - Warum sagen wir eigentlich...? - phase6 Magazin\",\"isPartOf\":{\"@id\":\"https:\/\/www.phase-6.de\/magazin\/#website\"},\"primaryImageOfPage\":{\"@id\":\"https:\/\/www.phase-6.de\/magazin\/rubriken\/sprichwoerter\/warum-sagen-wir-eigentlich-sprichwoerter-ueber-die-bohne\/#primaryimage\"},\"image\":{\"@id\":\"https:\/\/www.phase-6.de\/magazin\/rubriken\/sprichwoerter\/warum-sagen-wir-eigentlich-sprichwoerter-ueber-die-bohne\/#primaryimage\"},\"thumbnailUrl\":\"https:\/\/www.phase-6.de\/magazin\/wp-content\/uploads\/2019\/06\/sprichwoerter_bohne.jpg\",\"datePublished\":\"2019-06-04T19:00:19+00:00\",\"dateModified\":\"2020-08-30T11:57:43+00:00\",\"description\":\"Woher stammt das Sprichwort \u201cdas interessiert mich nicht die Bohne\u201d oder der Ausspruch \u201cBohnen in den Ohren haben\u201d? \u2713 Hintergr\u00fcnde \u2713 Bedeutung \u2713 Herkunft\",\"breadcrumb\":{\"@id\":\"https:\/\/www.phase-6.de\/magazin\/rubriken\/sprichwoerter\/warum-sagen-wir-eigentlich-sprichwoerter-ueber-die-bohne\/#breadcrumb\"},\"inLanguage\":\"de\",\"potentialAction\":[{\"@type\":\"ReadAction\",\"target\":[\"https:\/\/www.phase-6.de\/magazin\/rubriken\/sprichwoerter\/warum-sagen-wir-eigentlich-sprichwoerter-ueber-die-bohne\/\"]}]},{\"@type\":\"ImageObject\",\"inLanguage\":\"de\",\"@id\":\"https:\/\/www.phase-6.de\/magazin\/rubriken\/sprichwoerter\/warum-sagen-wir-eigentlich-sprichwoerter-ueber-die-bohne\/#primaryimage\",\"url\":\"https:\/\/www.phase-6.de\/magazin\/wp-content\/uploads\/2019\/06\/sprichwoerter_bohne.jpg\",\"contentUrl\":\"https:\/\/www.phase-6.de\/magazin\/wp-content\/uploads\/2019\/06\/sprichwoerter_bohne.jpg\",\"width\":1080,\"height\":675,\"caption\":\"Bohnen Sprichw\u00f6rter\"},{\"@type\":\"BreadcrumbList\",\"@id\":\"https:\/\/www.phase-6.de\/magazin\/rubriken\/sprichwoerter\/warum-sagen-wir-eigentlich-sprichwoerter-ueber-die-bohne\/#breadcrumb\",\"itemListElement\":[{\"@type\":\"ListItem\",\"position\":1,\"name\":\"Startseite\",\"item\":\"https:\/\/www.phase-6.de\/magazin\/\"},{\"@type\":\"ListItem\",\"position\":2,\"name\":\"Sprichw\u00f6rter \u00fcber die Bohne &#8211; Warum sagen wir eigentlich&#8230;?\"}]},{\"@type\":\"WebSite\",\"@id\":\"https:\/\/www.phase-6.de\/magazin\/#website\",\"url\":\"https:\/\/www.phase-6.de\/magazin\/\",\"name\":\"phase6 Magazin\",\"description\":\"Das Magazin f\u00fcr Sprache, Lernen &amp; Lehren\",\"publisher\":{\"@id\":\"https:\/\/www.phase-6.de\/magazin\/#organization\"},\"potentialAction\":[{\"@type\":\"SearchAction\",\"target\":{\"@type\":\"EntryPoint\",\"urlTemplate\":\"https:\/\/www.phase-6.de\/magazin\/?s={search_term_string}\"},\"query-input\":{\"@type\":\"PropertyValueSpecification\",\"valueRequired\":true,\"valueName\":\"search_term_string\"}}],\"inLanguage\":\"de\"},{\"@type\":\"Organization\",\"@id\":\"https:\/\/www.phase-6.de\/magazin\/#organization\",\"name\":\"phase-6 GmbH\",\"url\":\"https:\/\/www.phase-6.de\/magazin\/\",\"logo\":{\"@type\":\"ImageObject\",\"inLanguage\":\"de\",\"@id\":\"https:\/\/www.phase-6.de\/magazin\/#\/schema\/logo\/image\/\",\"url\":\"https:\/\/www.phase-6.de\/magazin\/wp-content\/uploads\/2017\/07\/phase6_logo2017.png\",\"contentUrl\":\"https:\/\/www.phase-6.de\/magazin\/wp-content\/uploads\/2017\/07\/phase6_logo2017.png\",\"width\":709,\"height\":200,\"caption\":\"phase-6 GmbH\"},\"image\":{\"@id\":\"https:\/\/www.phase-6.de\/magazin\/#\/schema\/logo\/image\/\"},\"sameAs\":[\"https:\/\/www.facebook.com\/phase6.de\/\",\"https:\/\/de.wikipedia.org\/wiki\/Phase6\"]},{\"@type\":\"Person\",\"@id\":\"https:\/\/www.phase-6.de\/magazin\/#\/schema\/person\/c79e16a5e9f43034e7a9f1876f3e96d4\",\"name\":\"Rebecca\",\"url\":\"https:\/\/www.phase-6.de\/magazin\/author\/rebecca\/\"}]}<\/script>\n<!-- \/ Yoast SEO plugin. -->","yoast_head_json":{"title":"Sprichw\u00f6rter \u00fcber die Bohne - Warum sagen wir eigentlich...? - phase6 Magazin","description":"Woher stammt das Sprichwort \u201cdas interessiert mich nicht die Bohne\u201d oder der Ausspruch \u201cBohnen in den Ohren haben\u201d? \u2713 Hintergr\u00fcnde \u2713 Bedeutung \u2713 Herkunft","robots":{"index":"index","follow":"follow","max-snippet":"max-snippet:-1","max-image-preview":"max-image-preview:large","max-video-preview":"max-video-preview:-1"},"canonical":"https:\/\/www.phase-6.de\/magazin\/rubriken\/sprichwoerter\/warum-sagen-wir-eigentlich-sprichwoerter-ueber-die-bohne\/","og_locale":"de_DE","og_type":"article","og_title":"Sprichw\u00f6rter \u00fcber die Bohne - Warum sagen wir eigentlich...? - phase6 Magazin","og_description":"Woher stammt das Sprichwort \u201cdas interessiert mich nicht die Bohne\u201d oder der Ausspruch \u201cBohnen in den Ohren haben\u201d? \u2713 Hintergr\u00fcnde \u2713 Bedeutung \u2713 Herkunft","og_url":"https:\/\/www.phase-6.de\/magazin\/rubriken\/sprichwoerter\/warum-sagen-wir-eigentlich-sprichwoerter-ueber-die-bohne\/","og_site_name":"phase6 Magazin","article_publisher":"https:\/\/www.facebook.com\/phase6.de\/","article_published_time":"2019-06-04T19:00:19+00:00","article_modified_time":"2020-08-30T11:57:43+00:00","og_image":[{"width":1080,"height":675,"url":"https:\/\/www.phase-6.de\/magazin\/wp-content\/uploads\/2019\/06\/sprichwoerter_bohne.jpg","type":"image\/jpeg"}],"author":"Rebecca","twitter_card":"summary_large_image","twitter_misc":{"Verfasst von":"Rebecca","Gesch\u00e4tzte Lesezeit":"3\u00a0Minuten"},"schema":{"@context":"https:\/\/schema.org","@graph":[{"@type":"Article","@id":"https:\/\/www.phase-6.de\/magazin\/rubriken\/sprichwoerter\/warum-sagen-wir-eigentlich-sprichwoerter-ueber-die-bohne\/#article","isPartOf":{"@id":"https:\/\/www.phase-6.de\/magazin\/rubriken\/sprichwoerter\/warum-sagen-wir-eigentlich-sprichwoerter-ueber-die-bohne\/"},"author":{"name":"Rebecca","@id":"https:\/\/www.phase-6.de\/magazin\/#\/schema\/person\/c79e16a5e9f43034e7a9f1876f3e96d4"},"headline":"Sprichw\u00f6rter \u00fcber die Bohne &#8211; Warum sagen wir eigentlich&#8230;?","datePublished":"2019-06-04T19:00:19+00:00","dateModified":"2020-08-30T11:57:43+00:00","mainEntityOfPage":{"@id":"https:\/\/www.phase-6.de\/magazin\/rubriken\/sprichwoerter\/warum-sagen-wir-eigentlich-sprichwoerter-ueber-die-bohne\/"},"wordCount":654,"commentCount":0,"publisher":{"@id":"https:\/\/www.phase-6.de\/magazin\/#organization"},"image":{"@id":"https:\/\/www.phase-6.de\/magazin\/rubriken\/sprichwoerter\/warum-sagen-wir-eigentlich-sprichwoerter-ueber-die-bohne\/#primaryimage"},"thumbnailUrl":"https:\/\/www.phase-6.de\/magazin\/wp-content\/uploads\/2019\/06\/sprichwoerter_bohne.jpg","articleSection":["Sprichw\u00f6rter"],"inLanguage":"de","potentialAction":[{"@type":"CommentAction","name":"Comment","target":["https:\/\/www.phase-6.de\/magazin\/rubriken\/sprichwoerter\/warum-sagen-wir-eigentlich-sprichwoerter-ueber-die-bohne\/#respond"]}]},{"@type":"WebPage","@id":"https:\/\/www.phase-6.de\/magazin\/rubriken\/sprichwoerter\/warum-sagen-wir-eigentlich-sprichwoerter-ueber-die-bohne\/","url":"https:\/\/www.phase-6.de\/magazin\/rubriken\/sprichwoerter\/warum-sagen-wir-eigentlich-sprichwoerter-ueber-die-bohne\/","name":"Sprichw\u00f6rter \u00fcber die Bohne - Warum sagen wir eigentlich...? - phase6 Magazin","isPartOf":{"@id":"https:\/\/www.phase-6.de\/magazin\/#website"},"primaryImageOfPage":{"@id":"https:\/\/www.phase-6.de\/magazin\/rubriken\/sprichwoerter\/warum-sagen-wir-eigentlich-sprichwoerter-ueber-die-bohne\/#primaryimage"},"image":{"@id":"https:\/\/www.phase-6.de\/magazin\/rubriken\/sprichwoerter\/warum-sagen-wir-eigentlich-sprichwoerter-ueber-die-bohne\/#primaryimage"},"thumbnailUrl":"https:\/\/www.phase-6.de\/magazin\/wp-content\/uploads\/2019\/06\/sprichwoerter_bohne.jpg","datePublished":"2019-06-04T19:00:19+00:00","dateModified":"2020-08-30T11:57:43+00:00","description":"Woher stammt das Sprichwort \u201cdas interessiert mich nicht die Bohne\u201d oder der Ausspruch \u201cBohnen in den Ohren haben\u201d? \u2713 Hintergr\u00fcnde \u2713 Bedeutung \u2713 Herkunft","breadcrumb":{"@id":"https:\/\/www.phase-6.de\/magazin\/rubriken\/sprichwoerter\/warum-sagen-wir-eigentlich-sprichwoerter-ueber-die-bohne\/#breadcrumb"},"inLanguage":"de","potentialAction":[{"@type":"ReadAction","target":["https:\/\/www.phase-6.de\/magazin\/rubriken\/sprichwoerter\/warum-sagen-wir-eigentlich-sprichwoerter-ueber-die-bohne\/"]}]},{"@type":"ImageObject","inLanguage":"de","@id":"https:\/\/www.phase-6.de\/magazin\/rubriken\/sprichwoerter\/warum-sagen-wir-eigentlich-sprichwoerter-ueber-die-bohne\/#primaryimage","url":"https:\/\/www.phase-6.de\/magazin\/wp-content\/uploads\/2019\/06\/sprichwoerter_bohne.jpg","contentUrl":"https:\/\/www.phase-6.de\/magazin\/wp-content\/uploads\/2019\/06\/sprichwoerter_bohne.jpg","width":1080,"height":675,"caption":"Bohnen Sprichw\u00f6rter"},{"@type":"BreadcrumbList","@id":"https:\/\/www.phase-6.de\/magazin\/rubriken\/sprichwoerter\/warum-sagen-wir-eigentlich-sprichwoerter-ueber-die-bohne\/#breadcrumb","itemListElement":[{"@type":"ListItem","position":1,"name":"Startseite","item":"https:\/\/www.phase-6.de\/magazin\/"},{"@type":"ListItem","position":2,"name":"Sprichw\u00f6rter \u00fcber die Bohne &#8211; Warum sagen wir eigentlich&#8230;?"}]},{"@type":"WebSite","@id":"https:\/\/www.phase-6.de\/magazin\/#website","url":"https:\/\/www.phase-6.de\/magazin\/","name":"phase6 Magazin","description":"Das Magazin f\u00fcr Sprache, Lernen &amp; Lehren","publisher":{"@id":"https:\/\/www.phase-6.de\/magazin\/#organization"},"potentialAction":[{"@type":"SearchAction","target":{"@type":"EntryPoint","urlTemplate":"https:\/\/www.phase-6.de\/magazin\/?s={search_term_string}"},"query-input":{"@type":"PropertyValueSpecification","valueRequired":true,"valueName":"search_term_string"}}],"inLanguage":"de"},{"@type":"Organization","@id":"https:\/\/www.phase-6.de\/magazin\/#organization","name":"phase-6 GmbH","url":"https:\/\/www.phase-6.de\/magazin\/","logo":{"@type":"ImageObject","inLanguage":"de","@id":"https:\/\/www.phase-6.de\/magazin\/#\/schema\/logo\/image\/","url":"https:\/\/www.phase-6.de\/magazin\/wp-content\/uploads\/2017\/07\/phase6_logo2017.png","contentUrl":"https:\/\/www.phase-6.de\/magazin\/wp-content\/uploads\/2017\/07\/phase6_logo2017.png","width":709,"height":200,"caption":"phase-6 GmbH"},"image":{"@id":"https:\/\/www.phase-6.de\/magazin\/#\/schema\/logo\/image\/"},"sameAs":["https:\/\/www.facebook.com\/phase6.de\/","https:\/\/de.wikipedia.org\/wiki\/Phase6"]},{"@type":"Person","@id":"https:\/\/www.phase-6.de\/magazin\/#\/schema\/person\/c79e16a5e9f43034e7a9f1876f3e96d4","name":"Rebecca","url":"https:\/\/www.phase-6.de\/magazin\/author\/rebecca\/"}]}},"_links":{"self":[{"href":"https:\/\/www.phase-6.de\/magazin\/wp-json\/wp\/v2\/posts\/3292","targetHints":{"allow":["GET"]}}],"collection":[{"href":"https:\/\/www.phase-6.de\/magazin\/wp-json\/wp\/v2\/posts"}],"about":[{"href":"https:\/\/www.phase-6.de\/magazin\/wp-json\/wp\/v2\/types\/post"}],"author":[{"embeddable":true,"href":"https:\/\/www.phase-6.de\/magazin\/wp-json\/wp\/v2\/users\/11"}],"replies":[{"embeddable":true,"href":"https:\/\/www.phase-6.de\/magazin\/wp-json\/wp\/v2\/comments?post=3292"}],"version-history":[{"count":0,"href":"https:\/\/www.phase-6.de\/magazin\/wp-json\/wp\/v2\/posts\/3292\/revisions"}],"wp:featuredmedia":[{"embeddable":true,"href":"https:\/\/www.phase-6.de\/magazin\/wp-json\/wp\/v2\/media\/6409"}],"wp:attachment":[{"href":"https:\/\/www.phase-6.de\/magazin\/wp-json\/wp\/v2\/media?parent=3292"}],"wp:term":[{"taxonomy":"category","embeddable":true,"href":"https:\/\/www.phase-6.de\/magazin\/wp-json\/wp\/v2\/categories?post=3292"},{"taxonomy":"post_tag","embeddable":true,"href":"https:\/\/www.phase-6.de\/magazin\/wp-json\/wp\/v2\/tags?post=3292"}],"curies":[{"name":"wp","href":"https:\/\/api.w.org\/{rel}","templated":true}]}}