{"id":3334,"date":"2019-01-15T09:00:21","date_gmt":"2019-01-15T09:00:21","guid":{"rendered":"https:\/\/www.phase-6.de\/magazin\/?p=3334"},"modified":"2022-12-12T13:44:13","modified_gmt":"2022-12-12T13:44:13","slug":"warum-sagen-wir-eigentlich-sprichwoerter-rund-um-katzen","status":"publish","type":"post","link":"https:\/\/www.phase-6.de\/magazin\/rubriken\/sprichwoerter\/sprichwoerter-ueber-katzen-warum-sagen-wir-eigentlich\/","title":{"rendered":"Sprichw\u00f6rter \u00fcber Katzen &#8211; Warum sagen wir eigentlich&#8230;?"},"content":{"rendered":"[et_pb_section fb_built=&#8220;1&#8243; _builder_version=&#8220;4.16&#8243; global_colors_info=&#8220;{}&#8220;][et_pb_row _builder_version=&#8220;4.16&#8243; background_size=&#8220;initial&#8220; background_position=&#8220;top_left&#8220; background_repeat=&#8220;repeat&#8220; global_colors_info=&#8220;{}&#8220;][et_pb_column type=&#8220;4_4&#8243; _builder_version=&#8220;4.16&#8243; custom_padding=&#8220;|||&#8220; global_colors_info=&#8220;{}&#8220; custom_padding__hover=&#8220;|||&#8220;][et_pb_text _builder_version=&#8220;4.16&#8243; border_style=&#8220;solid&#8220; global_colors_info=&#8220;{}&#8220;]\n<h2>Die Katze im Sack kaufen \/ Die Katze aus dem Sack lassen<\/h2>\n<p><img loading=\"-\" decoding=\"async\" class=\"size-medium wp-image-3336 alignright\" src=\"https:\/\/www.phase-6.de\/magazin\/wp-content\/uploads\/2018\/12\/shutterstock_13447390-1-300x216.jpg\" alt=\"Kleines K\u00e4tzchen klettert aus einem braunen Sack.\" width=\"300\" height=\"216\" \/>Beide Redewendungen haben eine sehr \u00e4hnliche Bedeutung und lassen sich auf betr\u00fcgerische Markth\u00e4ndler im Mittelalter zur\u00fcckf\u00fchren. Diese haben n\u00e4mlich gerne einmal unaufmerksamer Kundschaft anstelle eines kostbaren Huhns oder fetten Ferkels eine \u201cwertlose\u201d Katze im Sack verkauft. Wer die Ware vorher nicht pr\u00fcfte, erlebte zu Hause eine eher unsch\u00f6ne \u00dcberraschung, wenn die Katze aus dem Sack gelassen wurde.<\/p>\n<p>Heutzutage benutzt man \u201cdie Katze im Sack kaufen\u201d, wenn man eine Sache kaufen m\u00f6chte, ohne sie vorher auf beispielsweise ihre Funktionst\u00fcchtigkeit zu pr\u00fcfen, oder man sich blind auf eine ungewisse Situation einl\u00e4sst. Und wenn du deinem besten Freund oder deiner besten Freundin ein Geheimnis anvertraust, das dir wom\u00f6glich schon lange auf der Seele liegt, dann hast du endlich die Katze aus dem Sack gelassen.[1]\n<h2>Einen Kater haben<\/h2>\n<p><img loading=\"-\" decoding=\"async\" class=\"size-medium wp-image-3338 alignleft\" src=\"https:\/\/www.phase-6.de\/magazin\/wp-content\/uploads\/2018\/12\/shutterstock_338891957-300x216.jpg\" alt=\"Eine Katze fletzt mit einer kleinen Alkohol-Flasche auf der Couch.\" width=\"300\" height=\"216\" \/>Wer am Vorabend zu sehr dem Alkohol zum Opfer fiel, dem ist eines am n\u00e4chsten Morgen gewiss: <i>der Kater<\/i>. Aber warum eigentlich Kater? Als wir meinem Kater damals im kindlichen Leichtsinn den Rest von Papas Bier anboten, hat er diesen nur kurz naser\u00fcmpfend be\u00e4ugt und sich danach wieder auf seinen Lieblingsplatz zur\u00fcckgezogen. Alkohol und m\u00e4nnliche Katzen &#8211; der Zusammenhang leuchtet erst einmal nicht ein. Das mag daran liegen, dass auch gar kein direkter Zusammenhang zwischen den beiden Begriffen besteht. Vielmehr geht man davon aus, dass sich der Begriff <i>\u201cKater\u201d<\/i> vom Wort<i> \u201cKatarrh\u201d <\/i>ableitet, welches wiederum eine Entlehnung vom griechischen Ausdruck<i> \u201ckat\u00e1rrhous\u201d<\/i> ist. Der Ausdruck <i>\u201cKatarrh\u201d <\/i>wurde<i> <\/i>noch bis in die Mitte des 19. Jahrhunderts umgangssprachlich verwendet und bedeutet soviel wie \u201cUnwohlsein\u201d.[2]\n<p>Auch wenn die Hauskatze und der Alkoholkater nicht viel gemeinsam zu haben scheinen, Wasser m\u00f6gen sie beide nicht, daher: Ein 1:1-Verh\u00e4ltnis zwischen der Aufnahme alkoholischer Getr\u00e4nke und Wasser sicherzustellen, mindert das \u00dcbelkeitsgef\u00fchl am Folgetag immens.<br \/>\n[\/et_pb_text][et_pb_blurb title=&#8220;Fun Fact:&#8220; image_icon_width=&#8220;none&#8220; _builder_version=&#8220;4.16&#8243; border_color=&#8220;#000000&#8243; border_style=&#8220;solid&#8220; image_max_width=&#8220;none&#8220; global_colors_info=&#8220;{}&#8220;] <div class='et-box et-shadow'>\n\t\t\t\t\t<div class='et-box-content'>Man munkelt, dass sich<i> \u201cKatarrh\u201d <\/i>aufgrund des s\u00e4chsischen Dialekts zu <i>\u201cKater\u201d<\/i> entwickelt hat. Da machste Glubbschoochn, nu?<\/div><\/div> [\/et_pb_blurb][et_pb_text _builder_version=&#8220;4.16&#8243; border_style=&#8220;solid&#8220; global_colors_info=&#8220;{}&#8220;]\n<h2>Gut gebr\u00fcllt, L\u00f6we!<\/h2>\n<p>Zuallererst: Ja, auch L\u00f6wen geh\u00f6ren zu der Familie der Katzen. V\u00f6llig legitim also, dieses gefl\u00fcgelte Wort an dieser Stelle anzuf\u00fchren. Verwendet wird es (teilweise ironisch), wenn jemand eine schlagfertige Antwort gegeben hat oder allgemein verbal stark aufgetreten ist.<\/p>\n<div id=\"attachment_3342\" style=\"width: 258px\" class=\"wp-caption aligncenter\"><img aria-describedby=\"caption-attachment-3342\" loading=\"-\" decoding=\"async\" class=\"wp-image-3342 size-medium\" src=\"https:\/\/www.phase-6.de\/magazin\/wp-content\/uploads\/2018\/12\/shutterstock_252134389-248x300.jpg\" alt=\"Portrait von William Shakespeare\" width=\"248\" height=\"300\" srcset=\"https:\/\/www.phase-6.de\/magazin\/wp-content\/uploads\/2018\/12\/shutterstock_252134389-248x300.jpg 248w, https:\/\/www.phase-6.de\/magazin\/wp-content\/uploads\/2018\/12\/shutterstock_252134389.jpg 414w\" sizes=\"(max-width: 248px) 100vw, 248px\" \/><p id=\"caption-attachment-3342\" class=\"wp-caption-text\">William Shakespeare (getauft 1564; gestorben 1616), war einer der bedeutendsten englischen Schriftsteller und Schauspieler. Zu seinen bekanntesten Werken z\u00e4hlen: &#8222;Romeo und Julia&#8220;, &#8222;Hamlet&#8220;, &#8222;Othello&#8220; und &#8222;Ein Sommernachtstraum&#8220;.<\/p><\/div>\n<p>Die Redewendung stammt aus dem letzten Akt von William Shakespeares St\u00fcck <em>Ein Sommernachtstraum:<br \/>\n<\/em>Theseus, Herzog von Athen, sieht sich gemeinsam mit seinen Untertanen ein Theaterst\u00fcck an. Darin mimt ein Handwerker in einem Laienspiel einen L\u00f6wen. Als dieser aus vollem Leibe br\u00fcllt, um sein schauspielerisches Talent unter Beweis zu stellen, ruft der Athener Demetrius: <em>&#8222;Gut gebr\u00fcllt, L\u00f6we!&#8220; <\/em>[3]<em><br \/>\n<\/em><\/p>\n<h2>Den Tiger im Tank haben<\/h2>\n<div id=\"attachment_3340\" style=\"width: 250px\" class=\"wp-caption alignright\"><img aria-describedby=\"caption-attachment-3340\" loading=\"-\" decoding=\"async\" class=\"wp-image-3340 size-medium\" src=\"https:\/\/www.phase-6.de\/magazin\/wp-content\/uploads\/2018\/12\/shutterstock_212555770-240x300.jpg\" alt=\"Ein Tigerkopf, das Maskottchen der Esso-Tankstellen. Dar\u00fcber der Slogan: Put a Tiger in your Tank.\" width=\"240\" height=\"300\" \/><p id=\"caption-attachment-3340\" class=\"wp-caption-text\">Der Tiger, das Maskottchen der Esso-Tankstellen. Mit dem Slogan: &#8222;Put a Tiger in your Tank&#8220;. Auf Deutsch: &#8222;Pack den Tiger in deinen Tank!&#8220;<\/p><\/div>\n<p>Wenn wir schon einmal bei Raubkatzen sind, darf der Tiger nat\u00fcrlich auch nicht fehlen. Schon alleine, weil dieser Tiger einen breiten Bekanntheitsgrad haben d\u00fcrfte, zumindest bei dem Teil der Bev\u00f6lkerung, der stolz einen F\u00fchrerschein sein Eigen nennen kann (und das vielleicht auch schon ein paar J\u00e4hrchen). Dieses Sprichwort ist eines der wenigen, das seine Geburtsstunde erst im 20. Jahrhundert hatte. Genauer gesagt um 1920, und bezieht sich &#8211; kein Scherz &#8211; auf das gestreifte Maskottchen der Esso-Tankstelle. Denn diese lockten einst ihre potentielle Kundschaft mit dem legend\u00e4ren Slogan: <i>\u201cPack den Tiger in den Tank!\u201d<\/i>.[4] Obwohl die Kette mittlerweile kaum noch mit dem Tiger-Logo wirbt, wird er von vielen noch mit der Tankstellenkette assoziiert. So stark schlie\u00dflich, dass eine ganze Redewendung um den schnurrenden Vierbeiner entstanden ist. Wenn du dein Auto schnell von A nach B bringen kannst, hast du wohl den Tiger im Tank. F\u00fcr alle Raser an dieser Stelle aber noch ein eigens kreiertes Sprichwort: Ein langsamer Tiger ist immer noch besser als ein toter Tiger!<\/p>\n<p>&nbsp;<br \/>\n[\/et_pb_text][et_pb_cta title=&#8220;Wissen, wie der Hase l\u00e4uft&#8230;&#8220; _builder_version=&#8220;4.16&#8243; background_color=&#8220;#5e5e5d&#8220; border_style=&#8220;solid&#8220; button_letter_spacing_hover=&#8220;0&#8243; global_colors_info=&#8220;{}&#8220; button_text_size__hover_enabled=&#8220;off&#8220; button_one_text_size__hover_enabled=&#8220;off&#8220; button_two_text_size__hover_enabled=&#8220;off&#8220; button_text_color__hover_enabled=&#8220;off&#8220; button_one_text_color__hover_enabled=&#8220;off&#8220; button_two_text_color__hover_enabled=&#8220;off&#8220; button_border_width__hover_enabled=&#8220;off&#8220; button_one_border_width__hover_enabled=&#8220;off&#8220; button_two_border_width__hover_enabled=&#8220;off&#8220; button_border_color__hover_enabled=&#8220;off&#8220; button_one_border_color__hover_enabled=&#8220;off&#8220; button_two_border_color__hover_enabled=&#8220;off&#8220; button_border_radius__hover_enabled=&#8220;off&#8220; button_one_border_radius__hover_enabled=&#8220;off&#8220; button_two_border_radius__hover_enabled=&#8220;off&#8220; button_letter_spacing__hover_enabled=&#8220;on&#8220; button_letter_spacing__hover=&#8220;0&#8243; button_one_letter_spacing__hover_enabled=&#8220;off&#8220; button_two_letter_spacing__hover_enabled=&#8220;off&#8220; button_bg_color__hover_enabled=&#8220;off&#8220; button_one_bg_color__hover_enabled=&#8220;off&#8220; button_two_bg_color__hover_enabled=&#8220;off&#8220;]\n<p>&#8230; mit weiteren spannenden Beitr\u00e4gen rund um <a href=\"https:\/\/www.phase-6.de\/magazin\/rubriken\/sprichwoerter\/warum-sagen-wir-eigentlich-redewendungen-rund-um-tiere\/\"><span style=\"color: #fc7c00;\">Sprichw\u00f6rter \u00fcber Tiere<\/span><\/a>.<\/p>\n[\/et_pb_cta][et_pb_text _builder_version=&#8220;4.19.2&#8243; hover_enabled=&#8220;0&#8243; border_style=&#8220;solid&#8220; global_colors_info=&#8220;{}&#8220; sticky_enabled=&#8220;0&#8243;]\n<p style=\"text-align: center;\"><a href=\"https:\/\/www.wissen.de\/die-katze-im-sack-kaufen\" target=\"_blank\" rel=\"noopener noreferrer\">[1]<\/a><a href=\"https:\/\/gfds.de\/einen-kater-haben\/\" target=\"_blank\" rel=\"noopener noreferrer\">[2]<\/a><a href=\"https:\/\/www.mundmische.de\/bedeutung\/24133-Gut_gebruellt_Loewe\" target=\"_blank\" rel=\"noopener noreferrer\">[3]<\/a><a href=\"https:\/\/www.phraseo.de\/phrase\/den-tiger-im-tank-haben\/\" target=\"_blank\" rel=\"noopener noreferrer\">[4]<\/a><\/p>\n<p>&nbsp;<\/p>\n[\/et_pb_text][\/et_pb_column][\/et_pb_row][\/et_pb_section]\n","protected":false},"excerpt":{"rendered":"<p>Hast du dich auch schonmal gefragt, warum man nach einer durchzechten Nacht eigentlich einen Kater hat? Wir lassen die Katze aus dem Sack und kl\u00e4ren dich \u00fcber die Bedeutung hinter Redewendungen rund um Katzen auf. Los geht\u2019s!<\/p>\n","protected":false},"author":12,"featured_media":6396,"comment_status":"closed","ping_status":"open","sticky":false,"template":"","format":"standard","meta":{"_acf_changed":false,"_yoast_wpseo_focuskw":"Katzen","_yoast_wpseo_title":"","_yoast_wpseo_metadesc":"Woher stammen Sprichw\u00f6rter wie \u201cDie Katze im Sack kaufen\u201d oder \u201ceinen Kater haben\u201d? \u2713spannende Anekdoten \u2713Herkunft \u2713Bedeutung","_yoast_wpseo_canonical":"","_yoast_wpseo_opengraph-title":"","_yoast_wpseo_opengraph-description":"","_et_pb_use_builder":"on","_et_pb_old_content":"","_et_gb_content_width":"","inline_featured_image":false,"footnotes":""},"categories":[64],"tags":[],"class_list":["post-3334","post","type-post","status-publish","format-standard","has-post-thumbnail","hentry","category-sprichwoerter","et-has-post-format-content","et_post_format-et-post-format-standard"],"acf":[],"yoast_head":"<!-- This site is optimized with the Yoast SEO plugin v26.9 - https:\/\/yoast.com\/product\/yoast-seo-wordpress\/ -->\n<title>Sprichw\u00f6rter \u00fcber Katzen - Warum sagen wir eigentlich...? - phase6 Magazin<\/title>\n<meta name=\"description\" content=\"Woher stammen Sprichw\u00f6rter wie \u201cDie Katze im Sack kaufen\u201d oder \u201ceinen Kater haben\u201d? \u2713spannende Anekdoten \u2713Herkunft \u2713Bedeutung\" \/>\n<meta name=\"robots\" content=\"index, follow, max-snippet:-1, max-image-preview:large, max-video-preview:-1\" \/>\n<link rel=\"canonical\" href=\"https:\/\/www.phase-6.de\/magazin\/rubriken\/sprichwoerter\/sprichwoerter-ueber-katzen-warum-sagen-wir-eigentlich\/\" \/>\n<meta property=\"og:locale\" content=\"de_DE\" \/>\n<meta property=\"og:type\" content=\"article\" \/>\n<meta property=\"og:title\" content=\"Sprichw\u00f6rter \u00fcber Katzen - Warum sagen wir eigentlich...? - phase6 Magazin\" \/>\n<meta property=\"og:description\" content=\"Woher stammen Sprichw\u00f6rter wie \u201cDie Katze im Sack kaufen\u201d oder \u201ceinen Kater haben\u201d? \u2713spannende Anekdoten \u2713Herkunft \u2713Bedeutung\" \/>\n<meta property=\"og:url\" content=\"https:\/\/www.phase-6.de\/magazin\/rubriken\/sprichwoerter\/sprichwoerter-ueber-katzen-warum-sagen-wir-eigentlich\/\" \/>\n<meta property=\"og:site_name\" content=\"phase6 Magazin\" \/>\n<meta property=\"article:publisher\" content=\"https:\/\/www.facebook.com\/phase6.de\/\" \/>\n<meta property=\"article:published_time\" content=\"2019-01-15T09:00:21+00:00\" \/>\n<meta property=\"article:modified_time\" content=\"2022-12-12T13:44:13+00:00\" \/>\n<meta property=\"og:image\" content=\"https:\/\/www.phase-6.de\/magazin\/wp-content\/uploads\/2019\/01\/sprichwoerter_katze.jpg\" \/>\n\t<meta property=\"og:image:width\" content=\"1080\" \/>\n\t<meta property=\"og:image:height\" content=\"675\" \/>\n\t<meta property=\"og:image:type\" content=\"image\/jpeg\" \/>\n<meta name=\"author\" content=\"Elisa\" \/>\n<meta name=\"twitter:card\" content=\"summary_large_image\" \/>\n<meta name=\"twitter:label1\" content=\"Verfasst von\" \/>\n\t<meta name=\"twitter:data1\" content=\"Elisa\" \/>\n\t<meta name=\"twitter:label2\" content=\"Gesch\u00e4tzte Lesezeit\" \/>\n\t<meta name=\"twitter:data2\" content=\"5\u00a0Minuten\" \/>\n<script type=\"application\/ld+json\" class=\"yoast-schema-graph\">{\"@context\":\"https:\/\/schema.org\",\"@graph\":[{\"@type\":\"Article\",\"@id\":\"https:\/\/www.phase-6.de\/magazin\/rubriken\/sprichwoerter\/sprichwoerter-ueber-katzen-warum-sagen-wir-eigentlich\/#article\",\"isPartOf\":{\"@id\":\"https:\/\/www.phase-6.de\/magazin\/rubriken\/sprichwoerter\/sprichwoerter-ueber-katzen-warum-sagen-wir-eigentlich\/\"},\"author\":{\"name\":\"Elisa\",\"@id\":\"https:\/\/www.phase-6.de\/magazin\/#\/schema\/person\/bf169c670c24011dd7cda54d8f8dcc23\"},\"headline\":\"Sprichw\u00f6rter \u00fcber Katzen &#8211; Warum sagen wir eigentlich&#8230;?\",\"datePublished\":\"2019-01-15T09:00:21+00:00\",\"dateModified\":\"2022-12-12T13:44:13+00:00\",\"mainEntityOfPage\":{\"@id\":\"https:\/\/www.phase-6.de\/magazin\/rubriken\/sprichwoerter\/sprichwoerter-ueber-katzen-warum-sagen-wir-eigentlich\/\"},\"wordCount\":1003,\"publisher\":{\"@id\":\"https:\/\/www.phase-6.de\/magazin\/#organization\"},\"image\":{\"@id\":\"https:\/\/www.phase-6.de\/magazin\/rubriken\/sprichwoerter\/sprichwoerter-ueber-katzen-warum-sagen-wir-eigentlich\/#primaryimage\"},\"thumbnailUrl\":\"https:\/\/www.phase-6.de\/magazin\/wp-content\/uploads\/2019\/01\/sprichwoerter_katze.jpg\",\"articleSection\":[\"Sprichw\u00f6rter\"],\"inLanguage\":\"de\"},{\"@type\":\"WebPage\",\"@id\":\"https:\/\/www.phase-6.de\/magazin\/rubriken\/sprichwoerter\/sprichwoerter-ueber-katzen-warum-sagen-wir-eigentlich\/\",\"url\":\"https:\/\/www.phase-6.de\/magazin\/rubriken\/sprichwoerter\/sprichwoerter-ueber-katzen-warum-sagen-wir-eigentlich\/\",\"name\":\"Sprichw\u00f6rter \u00fcber Katzen - Warum sagen wir eigentlich...? - phase6 Magazin\",\"isPartOf\":{\"@id\":\"https:\/\/www.phase-6.de\/magazin\/#website\"},\"primaryImageOfPage\":{\"@id\":\"https:\/\/www.phase-6.de\/magazin\/rubriken\/sprichwoerter\/sprichwoerter-ueber-katzen-warum-sagen-wir-eigentlich\/#primaryimage\"},\"image\":{\"@id\":\"https:\/\/www.phase-6.de\/magazin\/rubriken\/sprichwoerter\/sprichwoerter-ueber-katzen-warum-sagen-wir-eigentlich\/#primaryimage\"},\"thumbnailUrl\":\"https:\/\/www.phase-6.de\/magazin\/wp-content\/uploads\/2019\/01\/sprichwoerter_katze.jpg\",\"datePublished\":\"2019-01-15T09:00:21+00:00\",\"dateModified\":\"2022-12-12T13:44:13+00:00\",\"description\":\"Woher stammen Sprichw\u00f6rter wie \u201cDie Katze im Sack kaufen\u201d oder \u201ceinen Kater haben\u201d? \u2713spannende Anekdoten \u2713Herkunft \u2713Bedeutung\",\"breadcrumb\":{\"@id\":\"https:\/\/www.phase-6.de\/magazin\/rubriken\/sprichwoerter\/sprichwoerter-ueber-katzen-warum-sagen-wir-eigentlich\/#breadcrumb\"},\"inLanguage\":\"de\",\"potentialAction\":[{\"@type\":\"ReadAction\",\"target\":[\"https:\/\/www.phase-6.de\/magazin\/rubriken\/sprichwoerter\/sprichwoerter-ueber-katzen-warum-sagen-wir-eigentlich\/\"]}]},{\"@type\":\"ImageObject\",\"inLanguage\":\"de\",\"@id\":\"https:\/\/www.phase-6.de\/magazin\/rubriken\/sprichwoerter\/sprichwoerter-ueber-katzen-warum-sagen-wir-eigentlich\/#primaryimage\",\"url\":\"https:\/\/www.phase-6.de\/magazin\/wp-content\/uploads\/2019\/01\/sprichwoerter_katze.jpg\",\"contentUrl\":\"https:\/\/www.phase-6.de\/magazin\/wp-content\/uploads\/2019\/01\/sprichwoerter_katze.jpg\",\"width\":1080,\"height\":675,\"caption\":\"Katzen Sprichw\u00f6rter\"},{\"@type\":\"BreadcrumbList\",\"@id\":\"https:\/\/www.phase-6.de\/magazin\/rubriken\/sprichwoerter\/sprichwoerter-ueber-katzen-warum-sagen-wir-eigentlich\/#breadcrumb\",\"itemListElement\":[{\"@type\":\"ListItem\",\"position\":1,\"name\":\"Startseite\",\"item\":\"https:\/\/www.phase-6.de\/magazin\/\"},{\"@type\":\"ListItem\",\"position\":2,\"name\":\"Sprichw\u00f6rter \u00fcber Katzen &#8211; Warum sagen wir eigentlich&#8230;?\"}]},{\"@type\":\"WebSite\",\"@id\":\"https:\/\/www.phase-6.de\/magazin\/#website\",\"url\":\"https:\/\/www.phase-6.de\/magazin\/\",\"name\":\"phase6 Magazin\",\"description\":\"Das Magazin f\u00fcr Sprache, Lernen &amp; Lehren\",\"publisher\":{\"@id\":\"https:\/\/www.phase-6.de\/magazin\/#organization\"},\"potentialAction\":[{\"@type\":\"SearchAction\",\"target\":{\"@type\":\"EntryPoint\",\"urlTemplate\":\"https:\/\/www.phase-6.de\/magazin\/?s={search_term_string}\"},\"query-input\":{\"@type\":\"PropertyValueSpecification\",\"valueRequired\":true,\"valueName\":\"search_term_string\"}}],\"inLanguage\":\"de\"},{\"@type\":\"Organization\",\"@id\":\"https:\/\/www.phase-6.de\/magazin\/#organization\",\"name\":\"phase-6 GmbH\",\"url\":\"https:\/\/www.phase-6.de\/magazin\/\",\"logo\":{\"@type\":\"ImageObject\",\"inLanguage\":\"de\",\"@id\":\"https:\/\/www.phase-6.de\/magazin\/#\/schema\/logo\/image\/\",\"url\":\"https:\/\/www.phase-6.de\/magazin\/wp-content\/uploads\/2017\/07\/phase6_logo2017.png\",\"contentUrl\":\"https:\/\/www.phase-6.de\/magazin\/wp-content\/uploads\/2017\/07\/phase6_logo2017.png\",\"width\":709,\"height\":200,\"caption\":\"phase-6 GmbH\"},\"image\":{\"@id\":\"https:\/\/www.phase-6.de\/magazin\/#\/schema\/logo\/image\/\"},\"sameAs\":[\"https:\/\/www.facebook.com\/phase6.de\/\",\"https:\/\/de.wikipedia.org\/wiki\/Phase6\"]},{\"@type\":\"Person\",\"@id\":\"https:\/\/www.phase-6.de\/magazin\/#\/schema\/person\/bf169c670c24011dd7cda54d8f8dcc23\",\"name\":\"Elisa\",\"url\":\"https:\/\/www.phase-6.de\/magazin\/author\/elisa\/\"}]}<\/script>\n<!-- \/ Yoast SEO plugin. -->","yoast_head_json":{"title":"Sprichw\u00f6rter \u00fcber Katzen - Warum sagen wir eigentlich...? - phase6 Magazin","description":"Woher stammen Sprichw\u00f6rter wie \u201cDie Katze im Sack kaufen\u201d oder \u201ceinen Kater haben\u201d? \u2713spannende Anekdoten \u2713Herkunft \u2713Bedeutung","robots":{"index":"index","follow":"follow","max-snippet":"max-snippet:-1","max-image-preview":"max-image-preview:large","max-video-preview":"max-video-preview:-1"},"canonical":"https:\/\/www.phase-6.de\/magazin\/rubriken\/sprichwoerter\/sprichwoerter-ueber-katzen-warum-sagen-wir-eigentlich\/","og_locale":"de_DE","og_type":"article","og_title":"Sprichw\u00f6rter \u00fcber Katzen - Warum sagen wir eigentlich...? - phase6 Magazin","og_description":"Woher stammen Sprichw\u00f6rter wie \u201cDie Katze im Sack kaufen\u201d oder \u201ceinen Kater haben\u201d? \u2713spannende Anekdoten \u2713Herkunft \u2713Bedeutung","og_url":"https:\/\/www.phase-6.de\/magazin\/rubriken\/sprichwoerter\/sprichwoerter-ueber-katzen-warum-sagen-wir-eigentlich\/","og_site_name":"phase6 Magazin","article_publisher":"https:\/\/www.facebook.com\/phase6.de\/","article_published_time":"2019-01-15T09:00:21+00:00","article_modified_time":"2022-12-12T13:44:13+00:00","og_image":[{"width":1080,"height":675,"url":"https:\/\/www.phase-6.de\/magazin\/wp-content\/uploads\/2019\/01\/sprichwoerter_katze.jpg","type":"image\/jpeg"}],"author":"Elisa","twitter_card":"summary_large_image","twitter_misc":{"Verfasst von":"Elisa","Gesch\u00e4tzte Lesezeit":"5\u00a0Minuten"},"schema":{"@context":"https:\/\/schema.org","@graph":[{"@type":"Article","@id":"https:\/\/www.phase-6.de\/magazin\/rubriken\/sprichwoerter\/sprichwoerter-ueber-katzen-warum-sagen-wir-eigentlich\/#article","isPartOf":{"@id":"https:\/\/www.phase-6.de\/magazin\/rubriken\/sprichwoerter\/sprichwoerter-ueber-katzen-warum-sagen-wir-eigentlich\/"},"author":{"name":"Elisa","@id":"https:\/\/www.phase-6.de\/magazin\/#\/schema\/person\/bf169c670c24011dd7cda54d8f8dcc23"},"headline":"Sprichw\u00f6rter \u00fcber Katzen &#8211; Warum sagen wir eigentlich&#8230;?","datePublished":"2019-01-15T09:00:21+00:00","dateModified":"2022-12-12T13:44:13+00:00","mainEntityOfPage":{"@id":"https:\/\/www.phase-6.de\/magazin\/rubriken\/sprichwoerter\/sprichwoerter-ueber-katzen-warum-sagen-wir-eigentlich\/"},"wordCount":1003,"publisher":{"@id":"https:\/\/www.phase-6.de\/magazin\/#organization"},"image":{"@id":"https:\/\/www.phase-6.de\/magazin\/rubriken\/sprichwoerter\/sprichwoerter-ueber-katzen-warum-sagen-wir-eigentlich\/#primaryimage"},"thumbnailUrl":"https:\/\/www.phase-6.de\/magazin\/wp-content\/uploads\/2019\/01\/sprichwoerter_katze.jpg","articleSection":["Sprichw\u00f6rter"],"inLanguage":"de"},{"@type":"WebPage","@id":"https:\/\/www.phase-6.de\/magazin\/rubriken\/sprichwoerter\/sprichwoerter-ueber-katzen-warum-sagen-wir-eigentlich\/","url":"https:\/\/www.phase-6.de\/magazin\/rubriken\/sprichwoerter\/sprichwoerter-ueber-katzen-warum-sagen-wir-eigentlich\/","name":"Sprichw\u00f6rter \u00fcber Katzen - Warum sagen wir eigentlich...? - phase6 Magazin","isPartOf":{"@id":"https:\/\/www.phase-6.de\/magazin\/#website"},"primaryImageOfPage":{"@id":"https:\/\/www.phase-6.de\/magazin\/rubriken\/sprichwoerter\/sprichwoerter-ueber-katzen-warum-sagen-wir-eigentlich\/#primaryimage"},"image":{"@id":"https:\/\/www.phase-6.de\/magazin\/rubriken\/sprichwoerter\/sprichwoerter-ueber-katzen-warum-sagen-wir-eigentlich\/#primaryimage"},"thumbnailUrl":"https:\/\/www.phase-6.de\/magazin\/wp-content\/uploads\/2019\/01\/sprichwoerter_katze.jpg","datePublished":"2019-01-15T09:00:21+00:00","dateModified":"2022-12-12T13:44:13+00:00","description":"Woher stammen Sprichw\u00f6rter wie \u201cDie Katze im Sack kaufen\u201d oder \u201ceinen Kater haben\u201d? \u2713spannende Anekdoten \u2713Herkunft \u2713Bedeutung","breadcrumb":{"@id":"https:\/\/www.phase-6.de\/magazin\/rubriken\/sprichwoerter\/sprichwoerter-ueber-katzen-warum-sagen-wir-eigentlich\/#breadcrumb"},"inLanguage":"de","potentialAction":[{"@type":"ReadAction","target":["https:\/\/www.phase-6.de\/magazin\/rubriken\/sprichwoerter\/sprichwoerter-ueber-katzen-warum-sagen-wir-eigentlich\/"]}]},{"@type":"ImageObject","inLanguage":"de","@id":"https:\/\/www.phase-6.de\/magazin\/rubriken\/sprichwoerter\/sprichwoerter-ueber-katzen-warum-sagen-wir-eigentlich\/#primaryimage","url":"https:\/\/www.phase-6.de\/magazin\/wp-content\/uploads\/2019\/01\/sprichwoerter_katze.jpg","contentUrl":"https:\/\/www.phase-6.de\/magazin\/wp-content\/uploads\/2019\/01\/sprichwoerter_katze.jpg","width":1080,"height":675,"caption":"Katzen Sprichw\u00f6rter"},{"@type":"BreadcrumbList","@id":"https:\/\/www.phase-6.de\/magazin\/rubriken\/sprichwoerter\/sprichwoerter-ueber-katzen-warum-sagen-wir-eigentlich\/#breadcrumb","itemListElement":[{"@type":"ListItem","position":1,"name":"Startseite","item":"https:\/\/www.phase-6.de\/magazin\/"},{"@type":"ListItem","position":2,"name":"Sprichw\u00f6rter \u00fcber Katzen &#8211; Warum sagen wir eigentlich&#8230;?"}]},{"@type":"WebSite","@id":"https:\/\/www.phase-6.de\/magazin\/#website","url":"https:\/\/www.phase-6.de\/magazin\/","name":"phase6 Magazin","description":"Das Magazin f\u00fcr Sprache, Lernen &amp; Lehren","publisher":{"@id":"https:\/\/www.phase-6.de\/magazin\/#organization"},"potentialAction":[{"@type":"SearchAction","target":{"@type":"EntryPoint","urlTemplate":"https:\/\/www.phase-6.de\/magazin\/?s={search_term_string}"},"query-input":{"@type":"PropertyValueSpecification","valueRequired":true,"valueName":"search_term_string"}}],"inLanguage":"de"},{"@type":"Organization","@id":"https:\/\/www.phase-6.de\/magazin\/#organization","name":"phase-6 GmbH","url":"https:\/\/www.phase-6.de\/magazin\/","logo":{"@type":"ImageObject","inLanguage":"de","@id":"https:\/\/www.phase-6.de\/magazin\/#\/schema\/logo\/image\/","url":"https:\/\/www.phase-6.de\/magazin\/wp-content\/uploads\/2017\/07\/phase6_logo2017.png","contentUrl":"https:\/\/www.phase-6.de\/magazin\/wp-content\/uploads\/2017\/07\/phase6_logo2017.png","width":709,"height":200,"caption":"phase-6 GmbH"},"image":{"@id":"https:\/\/www.phase-6.de\/magazin\/#\/schema\/logo\/image\/"},"sameAs":["https:\/\/www.facebook.com\/phase6.de\/","https:\/\/de.wikipedia.org\/wiki\/Phase6"]},{"@type":"Person","@id":"https:\/\/www.phase-6.de\/magazin\/#\/schema\/person\/bf169c670c24011dd7cda54d8f8dcc23","name":"Elisa","url":"https:\/\/www.phase-6.de\/magazin\/author\/elisa\/"}]}},"_links":{"self":[{"href":"https:\/\/www.phase-6.de\/magazin\/wp-json\/wp\/v2\/posts\/3334","targetHints":{"allow":["GET"]}}],"collection":[{"href":"https:\/\/www.phase-6.de\/magazin\/wp-json\/wp\/v2\/posts"}],"about":[{"href":"https:\/\/www.phase-6.de\/magazin\/wp-json\/wp\/v2\/types\/post"}],"author":[{"embeddable":true,"href":"https:\/\/www.phase-6.de\/magazin\/wp-json\/wp\/v2\/users\/12"}],"replies":[{"embeddable":true,"href":"https:\/\/www.phase-6.de\/magazin\/wp-json\/wp\/v2\/comments?post=3334"}],"version-history":[{"count":0,"href":"https:\/\/www.phase-6.de\/magazin\/wp-json\/wp\/v2\/posts\/3334\/revisions"}],"wp:featuredmedia":[{"embeddable":true,"href":"https:\/\/www.phase-6.de\/magazin\/wp-json\/wp\/v2\/media\/6396"}],"wp:attachment":[{"href":"https:\/\/www.phase-6.de\/magazin\/wp-json\/wp\/v2\/media?parent=3334"}],"wp:term":[{"taxonomy":"category","embeddable":true,"href":"https:\/\/www.phase-6.de\/magazin\/wp-json\/wp\/v2\/categories?post=3334"},{"taxonomy":"post_tag","embeddable":true,"href":"https:\/\/www.phase-6.de\/magazin\/wp-json\/wp\/v2\/tags?post=3334"}],"curies":[{"name":"wp","href":"https:\/\/api.w.org\/{rel}","templated":true}]}}