{"id":3582,"date":"2019-03-19T10:10:12","date_gmt":"2019-03-19T10:10:12","guid":{"rendered":"https:\/\/www.phase-6.de\/magazin\/?p=3582"},"modified":"2020-09-28T14:34:54","modified_gmt":"2020-09-28T14:34:54","slug":"warum-sagen-wir-eigentlich-sprichwoerter-ueber-fische","status":"publish","type":"post","link":"https:\/\/www.phase-6.de\/magazin\/rubriken\/sprichwoerter\/warum-sagen-wir-eigentlich-sprichwoerter-ueber-fische\/","title":{"rendered":"Sprichw\u00f6rter \u00fcber Fische &#8211; Warum sagen wir eigentlich&#8230;?"},"content":{"rendered":"[et_pb_section fb_built=&#8220;1&#8243; _builder_version=&#8220;3.22&#8243;][et_pb_row _builder_version=&#8220;3.25&#8243; background_size=&#8220;initial&#8220; background_position=&#8220;top_left&#8220; background_repeat=&#8220;repeat&#8220;][et_pb_column type=&#8220;4_4&#8243; _builder_version=&#8220;3.25&#8243; custom_padding=&#8220;|||&#8220; custom_padding__hover=&#8220;|||&#8220;][et_pb_text _builder_version=&#8220;3.27.4&#8243; border_style=&#8220;solid&#8220;]\n<h2>Butter bei die Fische!<\/h2>\n<div id=\"attachment_3595\" style=\"width: 310px\" class=\"wp-caption alignright\"><img aria-describedby=\"caption-attachment-3595\" loading=\"-\" decoding=\"async\" class=\"wp-image-3595 size-medium\" src=\"https:\/\/www.phase-6.de\/magazin\/wp-content\/uploads\/2019\/01\/shutterstock_1005969019-300x120.jpg\" alt=\"Eine Skizze von einer Forelle, einem der liebsten Speisefische der Deutschen.\" width=\"300\" height=\"120\" srcset=\"https:\/\/www.phase-6.de\/magazin\/wp-content\/uploads\/2019\/01\/shutterstock_1005969019-300x120.jpg 300w, https:\/\/www.phase-6.de\/magazin\/wp-content\/uploads\/2019\/01\/shutterstock_1005969019.jpg 500w\" sizes=\"(max-width: 300px) 100vw, 300px\" \/><p id=\"caption-attachment-3595\" class=\"wp-caption-text\">Die Forelle z\u00e4hlt zu den beliebtesten Speisefischen der Deutschen und wird auch traditionell mit Zitrone und Kr\u00e4uterbutter serviert.<\/p><\/div>\n<p>Das Sprichwort <em>\u201cButter bei die Fische!\u201d<\/em> stammt aus der Gastronomie. Zu gekochtem oder gebratenem Fisch wird gerne ein St\u00fcckchen Butter dazu serviert. Dieses wird jedoch erst unmittelbar vor dem Verzehr auf dem hei\u00dfen Fisch drapiert, damit es nicht verl\u00e4uft. Wenn also die Butter zum Fisch getan wird, sollte dieser sofort gegessen werden. So leitet sich auch die Bedeutung der Redewendung ab: endlich zur Sache zu kommen oder Klartext zu sprechen.[1]\n<h2>Im Tr\u00fcben fischen<\/h2>\n<p>Wenn du im Tr\u00fcben fischst, nutzt du unsichere oder unklare Verh\u00e4ltnisse zu deinem eigenen Vorteil aus. Die Redewendung beruht auf der Erfahrung, dass es beim Aalfang sinnvoll ist, das Wasser zu tr\u00fcben, indem man zum Beispiel den schlammigen Boden aufw\u00fchlt. Denn die Augen der Aale k\u00f6nnen im tr\u00fcben Wasser so gut wie gar nichts sehen &#8211; das wusste man schon im 16. Jahrhundert.[2] Heute wei\u00df man zus\u00e4tzlich, dass die windigen Fische besonders auf Lockstoffe wie Knoblaucharomen anspringen. Wenn du also auf Aalfang in tr\u00fcben Gew\u00e4ssern gehst, ist es ratsam, deine K\u00f6der mit entsprechenden Duftstoffen zu betr\u00e4ufeln.[3] [\/et_pb_text][et_pb_blurb title=&#8220;Schon gewusst&#8230;?&#8220; image_max_width=&#8220;none&#8220; _builder_version=&#8220;3.0.87&#8243; border_style=&#8220;solid&#8220;] <div class='et-box et-shadow'>\n\t\t\t\t\t<div class='et-box-content'><img loading=\"-\" decoding=\"async\" class=\"size-medium wp-image-3583 alignleft\" src=\"https:\/\/www.phase-6.de\/magazin\/wp-content\/uploads\/2019\/01\/shutterstock_1095093338-300x186.jpg\" alt=\"Skizze von einem Zitteraal\" width=\"300\" height=\"186\" srcset=\"https:\/\/www.phase-6.de\/magazin\/wp-content\/uploads\/2019\/01\/shutterstock_1095093338-300x186.jpg 300w, https:\/\/www.phase-6.de\/magazin\/wp-content\/uploads\/2019\/01\/shutterstock_1095093338.jpg 485w\" sizes=\"(max-width: 300px) 100vw, 300px\" \/>Der in den S\u00fc\u00dfgew\u00e4ssern S\u00fcdamerikas beheimatete Zitteraal ist eigentlich gar kein Aal. Er geh\u00f6rt zur Ordnung der Neuwelt-Messerfische und wenn man es ganz genau nimmt, ist der aalartige Flussbewohner eine riesengro\u00dfe Batterie. Denn der Lauerj\u00e4ger st\u00f6\u00dft zur Verteidigung und Jagd Strom aus. Der K\u00f6rper des Zitteraals besteht zu einem Gro\u00dfteil aus sogenannten Elektrozyten, das ist Muskelgewebe, welches Strom erzeugen kann. Die einzelnen Elemente verursachen f\u00fcr sich genommen keine hohe Spannung, allerdings sind sie, \u00e4hnlich wie die Platten in einer Batterie, in Reihe geschaltet. Bei einer maximalen L\u00e4nge von 2,5 Metern kann sich die Spannung auf bis zu 800 Volt summieren. Zum Vergleich: Deine heimische Steckdose schafft es gerade einmal auf rund 250 Volt. Das macht ihn zum K\u00f6nig der Elektrofische, zu denen auch der Zitterwels und der Zitterrochen z\u00e4hlen.<\/div><\/div> [\/et_pb_blurb][et_pb_text _builder_version=&#8220;3.27.4&#8243; border_style=&#8220;solid&#8220;]\n<h2>Ein toller Hecht (sein)<\/h2>\n<div id=\"attachment_3593\" style=\"width: 310px\" class=\"wp-caption alignleft\"><img aria-describedby=\"caption-attachment-3593\" loading=\"-\" decoding=\"async\" class=\"wp-image-3593 size-medium\" src=\"https:\/\/www.phase-6.de\/magazin\/wp-content\/uploads\/2019\/01\/shutterstock_790135507-300x120.jpg\" alt=\"Skizze von einem Hecht. \" width=\"300\" height=\"120\" srcset=\"https:\/\/www.phase-6.de\/magazin\/wp-content\/uploads\/2019\/01\/shutterstock_790135507-300x120.jpg 300w, https:\/\/www.phase-6.de\/magazin\/wp-content\/uploads\/2019\/01\/shutterstock_790135507.jpg 500w\" sizes=\"(max-width: 300px) 100vw, 300px\" \/><p id=\"caption-attachment-3593\" class=\"wp-caption-text\">Der Hecht z\u00e4hlt zu den Raubfischen. Er kann bis zu 7 Jahre alt werden und dabei ein Gewicht von 15 Kilo zulegen.<\/p><\/div>\n<p><em>\u201cAlso dieser Ryan Gosling\u2026 der hat einfach alles! Gutes Aussehen, Charme, Charisma und Talent!\u201d &#8211; \u201cJa du hast Recht, der ist wirklich ein toller Hecht!\u201d <\/em><\/p>\n<p>So oder so \u00e4hnlich k\u00f6nnte sich wohl eine Unterhaltung zwischen zwei Fans abspielen, die f\u00fcr ihren m\u00e4nnlichen Lieblingsstar schw\u00e4rmen. Denn \u201cein toller Hecht\u201d zu sein bedeutet, man(n) ist erfolgreich, clever und wird bewundert.<\/p>\n<p>Urspr\u00fcnglich wurde als \u201cHecht\u201d eine m\u00e4nnliche, r\u00e4uberische Person bezeichnet, denn der \u201cechte\u201d Hecht ist ein ziemlich aggressiver Raubfisch, was es auch so schwer macht, ihn zu z\u00fcchten. \u00dcber die Zeit wurde \u201cHecht\u201d dann allgemeiner f\u00fcr \u201cMann\u201d oder \u201cKerl\u201d verwendet.[4]\n<h2>Ein Haifischbecken \/ Sich ins Haifischbecken begeben<\/h2>\n<p>Berechnend, blutr\u00fcnstig und brutal &#8211; das sind wohl die Attribute, die die meisten Menschen (wohlgemerkt zu Unrecht) mit Haien assoziieren. Nicht verwunderlich also, dass der Hai gemeinhin als Symbol f\u00fcr Gier und R\u00fccksichtslosigkeit gilt. Sich ins Haifischbecken zu begeben, bedeutet folglich, einen gef\u00e4hrlichen Ort zu betreten oder in einen Markt mit viel Konkurrenz einzutreten. Zwar steht der Hai schon seit Anfang des 20. Jahrhunderts f\u00fcr Ausbeuter und Verbrecher, den Begriff \u201cHaifischbecken\u201d hat allerdings <em>Der Spiegel<\/em> in einem 1979 erschienenen Beitrag gepr\u00e4gt.[5][6] [\/et_pb_text][et_pb_blurb title=&#8220;Schon gewusst&#8230;?&#8220; image_max_width=&#8220;none&#8220; _builder_version=&#8220;3.0.87&#8243; border_style=&#8220;solid&#8220;] <div class='et-box et-shadow'>\n\t\t\t\t\t<div class='et-box-content'><img loading=\"-\" decoding=\"async\" class=\"wp-image-3591 alignright\" src=\"https:\/\/www.phase-6.de\/magazin\/wp-content\/uploads\/2019\/01\/shutterstock_749700385-300x186.jpg\" alt=\"Skizze von einem wei\u00dfen Hai. Der einzige aller Fische, welcher nicht in Aquarien gehalten werden kann.\" width=\"303\" height=\"188\" srcset=\"https:\/\/www.phase-6.de\/magazin\/wp-content\/uploads\/2019\/01\/shutterstock_749700385-300x186.jpg 300w, https:\/\/www.phase-6.de\/magazin\/wp-content\/uploads\/2019\/01\/shutterstock_749700385-400x250.jpg 400w, https:\/\/www.phase-6.de\/magazin\/wp-content\/uploads\/2019\/01\/shutterstock_749700385.jpg 485w\" sizes=\"(max-width: 303px) 100vw, 303px\" \/>In keinem einzigen Aquarium dieser Welt wirst du einen wei\u00dfen Hai finden k\u00f6nnen, und das, obwohl jener gerade einmal durchschnittlich 4,5 Meter misst. Das Okinawa-Churaumi-Aquarium und das Georgia-Aquarium z\u00e4hlen jeweils sogar Walhaie von gut 10 Metern gr\u00f6\u00dfe zu ihrer Sammlung. Wie kommt es also, dass in Aquaparks nirgends wei\u00dfe Haie zu finden sind? Der Grund ist ganz einfach: Sie ertragen keine Gefangenschaft und sterben in Aquarien einfach. 1955 wurde der erste wei\u00dfe Hai im Pazifik gefangen genommen und in das Marineland in Los Angeles \u00fcberf\u00fchrt. Dort hat er es keine 24 Stunden ausgehalten, bevor er gestorben ist. Bis 2003 wurde insgesamt 25 Mal versucht, einen wei\u00dfen Hai zu z\u00e4hmen, jedes Mal mit \u00e4hnlich tragischem Ausgang.<\/div><\/div> [\/et_pb_blurb][et_pb_cta title=&#8220;Wissen, wie der Hase l\u00e4uft&#8230;&#8220; _builder_version=&#8220;4.6.0&#8243; background_color=&#8220;#5e5e5d&#8220; hover_enabled=&#8220;0&#8243; border_style=&#8220;solid&#8220; button_letter_spacing_hover=&#8220;0&#8243; button_text_size__hover_enabled=&#8220;off&#8220; button_one_text_size__hover_enabled=&#8220;off&#8220; button_two_text_size__hover_enabled=&#8220;off&#8220; button_text_color__hover_enabled=&#8220;off&#8220; button_one_text_color__hover_enabled=&#8220;off&#8220; button_two_text_color__hover_enabled=&#8220;off&#8220; button_border_width__hover_enabled=&#8220;off&#8220; button_one_border_width__hover_enabled=&#8220;off&#8220; button_two_border_width__hover_enabled=&#8220;off&#8220; button_border_color__hover_enabled=&#8220;off&#8220; button_one_border_color__hover_enabled=&#8220;off&#8220; button_two_border_color__hover_enabled=&#8220;off&#8220; button_border_radius__hover_enabled=&#8220;off&#8220; button_one_border_radius__hover_enabled=&#8220;off&#8220; button_two_border_radius__hover_enabled=&#8220;off&#8220; button_letter_spacing__hover_enabled=&#8220;on&#8220; button_letter_spacing__hover=&#8220;0&#8243; button_one_letter_spacing__hover_enabled=&#8220;off&#8220; button_two_letter_spacing__hover_enabled=&#8220;off&#8220; button_bg_color__hover_enabled=&#8220;off&#8220; button_one_bg_color__hover_enabled=&#8220;off&#8220; button_two_bg_color__hover_enabled=&#8220;off&#8220; sticky_enabled=&#8220;0&#8243;]&#8230; mit weiteren spannenden Beitr\u00e4gen rund um <a href=\"https:\/\/www.phase-6.de\/magazin\/rubriken\/sprichwoerter\/warum-sagen-wir-eigentlich-redewendungen-rund-um-tiere\/\"><span style=\"color: #fc7c00;\">Sprichw\u00f6rter \u00fcber Tiere<\/span><\/a>.[\/et_pb_cta][et_pb_text _builder_version=&#8220;3.27.4&#8243; border_style=&#8220;solid&#8220;]\n<p style=\"text-align: center;\"><a href=\"https:\/\/de.wiktionary.org\/wiki\/Butter_bei_die_Fische\">[1]<\/a><a href=\"https:\/\/www.redensarten-index.de\/suche.php?suchbegriff=~~im%20Tr%C3%BCben%20fischen&amp;bool=relevanz&amp;gawoe=an&amp;suchspalte[]=rart_ou&amp;suchspalte[]=rart_varianten_ou\">[2]<\/a><a href=\"https:\/\/www.blinker.de\/angelmethoden\/raubfischangeln\/angeltipps\/aalangeln-mit-diesen-tipps-klappts\/\">[3]<\/a><a href=\"https:\/\/www.redensarten-index.de\/suche.php?suchbegriff=~~ein%20toller%20Hecht&amp;bool=relevanz&amp;suchspalte%5B%5D=rart_ou\">[4]<\/a><a href=\"http:\/\/www.spiegel.de\/spiegel\/print\/d-39867652.html\">[5]<\/a><a href=\"https:\/\/www.redensarten-index.de\/suche.php?suchbegriff=~~ein%20Haifischbecken&amp;bool=relevanz&amp;suchspalte%5B%5D=rart_ou\">[6]<\/a><\/p>\n<p>&nbsp;<\/p>\n<p>&nbsp;<\/p>\n<p>&nbsp;<\/p>\n<p>&nbsp;<\/p>\n<p>&nbsp;<br \/>\n[\/et_pb_text][\/et_pb_column][\/et_pb_row][\/et_pb_section]\n","protected":false},"excerpt":{"rendered":"<p>Hai auch! Fischst du auch gerne im Tr\u00fcben auf der Suche nach einem tollen Hecht? Dann hei\u00dft es jetzt: Butter bei die Fische, keine Zeit verlieren und auf den Beitrag klicken!<\/p>\n","protected":false},"author":12,"featured_media":6415,"comment_status":"open","ping_status":"open","sticky":false,"template":"","format":"standard","meta":{"_acf_changed":false,"_yoast_wpseo_focuskw":"Fische","_yoast_wpseo_title":"","_yoast_wpseo_metadesc":"Woher stammen Sprichw\u00f6rter wie \u201cButter bei die Fische\u201d oder \u201cim Tr\u00fcben fischen\u201d? \u2713spannende Anekdoten \u2713Herkunft \u2713Bedeutung","_yoast_wpseo_canonical":"","_yoast_wpseo_opengraph-title":"","_yoast_wpseo_opengraph-description":"","_et_pb_use_builder":"on","_et_pb_old_content":"","_et_gb_content_width":"","inline_featured_image":false,"footnotes":""},"categories":[64],"tags":[],"class_list":["post-3582","post","type-post","status-publish","format-standard","has-post-thumbnail","hentry","category-sprichwoerter","et-has-post-format-content","et_post_format-et-post-format-standard"],"acf":[],"yoast_head":"<!-- This site is optimized with the Yoast SEO plugin v26.9 - https:\/\/yoast.com\/product\/yoast-seo-wordpress\/ -->\n<title>Sprichw\u00f6rter \u00fcber Fische - Warum sagen wir eigentlich...? - phase6 Magazin<\/title>\n<meta name=\"description\" content=\"Woher stammen Sprichw\u00f6rter wie \u201cButter bei die Fische\u201d oder \u201cim Tr\u00fcben fischen\u201d? \u2713spannende Anekdoten \u2713Herkunft \u2713Bedeutung\" \/>\n<meta name=\"robots\" content=\"index, follow, max-snippet:-1, max-image-preview:large, max-video-preview:-1\" \/>\n<link rel=\"canonical\" href=\"https:\/\/www.phase-6.de\/magazin\/rubriken\/sprichwoerter\/warum-sagen-wir-eigentlich-sprichwoerter-ueber-fische\/\" \/>\n<meta property=\"og:locale\" content=\"de_DE\" \/>\n<meta property=\"og:type\" content=\"article\" \/>\n<meta property=\"og:title\" content=\"Sprichw\u00f6rter \u00fcber Fische - Warum sagen wir eigentlich...? - phase6 Magazin\" \/>\n<meta property=\"og:description\" content=\"Woher stammen Sprichw\u00f6rter wie \u201cButter bei die Fische\u201d oder \u201cim Tr\u00fcben fischen\u201d? \u2713spannende Anekdoten \u2713Herkunft \u2713Bedeutung\" \/>\n<meta property=\"og:url\" content=\"https:\/\/www.phase-6.de\/magazin\/rubriken\/sprichwoerter\/warum-sagen-wir-eigentlich-sprichwoerter-ueber-fische\/\" \/>\n<meta property=\"og:site_name\" content=\"phase6 Magazin\" \/>\n<meta property=\"article:publisher\" content=\"https:\/\/www.facebook.com\/phase6.de\/\" \/>\n<meta property=\"article:published_time\" content=\"2019-03-19T10:10:12+00:00\" \/>\n<meta property=\"article:modified_time\" content=\"2020-09-28T14:34:54+00:00\" \/>\n<meta property=\"og:image\" content=\"https:\/\/www.phase-6.de\/magazin\/wp-content\/uploads\/2019\/03\/sprichwoerter_fische.jpg\" \/>\n\t<meta property=\"og:image:width\" content=\"1080\" \/>\n\t<meta property=\"og:image:height\" content=\"675\" \/>\n\t<meta property=\"og:image:type\" content=\"image\/jpeg\" \/>\n<meta name=\"author\" content=\"Elisa\" \/>\n<meta name=\"twitter:card\" content=\"summary_large_image\" \/>\n<meta name=\"twitter:label1\" content=\"Verfasst von\" \/>\n\t<meta name=\"twitter:data1\" content=\"Elisa\" \/>\n\t<meta name=\"twitter:label2\" content=\"Gesch\u00e4tzte Lesezeit\" \/>\n\t<meta name=\"twitter:data2\" content=\"5\u00a0Minuten\" \/>\n<script type=\"application\/ld+json\" class=\"yoast-schema-graph\">{\"@context\":\"https:\/\/schema.org\",\"@graph\":[{\"@type\":\"Article\",\"@id\":\"https:\/\/www.phase-6.de\/magazin\/rubriken\/sprichwoerter\/warum-sagen-wir-eigentlich-sprichwoerter-ueber-fische\/#article\",\"isPartOf\":{\"@id\":\"https:\/\/www.phase-6.de\/magazin\/rubriken\/sprichwoerter\/warum-sagen-wir-eigentlich-sprichwoerter-ueber-fische\/\"},\"author\":{\"name\":\"Elisa\",\"@id\":\"https:\/\/www.phase-6.de\/magazin\/#\/schema\/person\/bf169c670c24011dd7cda54d8f8dcc23\"},\"headline\":\"Sprichw\u00f6rter \u00fcber Fische &#8211; Warum sagen wir eigentlich&#8230;?\",\"datePublished\":\"2019-03-19T10:10:12+00:00\",\"dateModified\":\"2020-09-28T14:34:54+00:00\",\"mainEntityOfPage\":{\"@id\":\"https:\/\/www.phase-6.de\/magazin\/rubriken\/sprichwoerter\/warum-sagen-wir-eigentlich-sprichwoerter-ueber-fische\/\"},\"wordCount\":1016,\"commentCount\":0,\"publisher\":{\"@id\":\"https:\/\/www.phase-6.de\/magazin\/#organization\"},\"image\":{\"@id\":\"https:\/\/www.phase-6.de\/magazin\/rubriken\/sprichwoerter\/warum-sagen-wir-eigentlich-sprichwoerter-ueber-fische\/#primaryimage\"},\"thumbnailUrl\":\"https:\/\/www.phase-6.de\/magazin\/wp-content\/uploads\/2019\/03\/sprichwoerter_fische.jpg\",\"articleSection\":[\"Sprichw\u00f6rter\"],\"inLanguage\":\"de\",\"potentialAction\":[{\"@type\":\"CommentAction\",\"name\":\"Comment\",\"target\":[\"https:\/\/www.phase-6.de\/magazin\/rubriken\/sprichwoerter\/warum-sagen-wir-eigentlich-sprichwoerter-ueber-fische\/#respond\"]}]},{\"@type\":\"WebPage\",\"@id\":\"https:\/\/www.phase-6.de\/magazin\/rubriken\/sprichwoerter\/warum-sagen-wir-eigentlich-sprichwoerter-ueber-fische\/\",\"url\":\"https:\/\/www.phase-6.de\/magazin\/rubriken\/sprichwoerter\/warum-sagen-wir-eigentlich-sprichwoerter-ueber-fische\/\",\"name\":\"Sprichw\u00f6rter \u00fcber Fische - Warum sagen wir eigentlich...? - phase6 Magazin\",\"isPartOf\":{\"@id\":\"https:\/\/www.phase-6.de\/magazin\/#website\"},\"primaryImageOfPage\":{\"@id\":\"https:\/\/www.phase-6.de\/magazin\/rubriken\/sprichwoerter\/warum-sagen-wir-eigentlich-sprichwoerter-ueber-fische\/#primaryimage\"},\"image\":{\"@id\":\"https:\/\/www.phase-6.de\/magazin\/rubriken\/sprichwoerter\/warum-sagen-wir-eigentlich-sprichwoerter-ueber-fische\/#primaryimage\"},\"thumbnailUrl\":\"https:\/\/www.phase-6.de\/magazin\/wp-content\/uploads\/2019\/03\/sprichwoerter_fische.jpg\",\"datePublished\":\"2019-03-19T10:10:12+00:00\",\"dateModified\":\"2020-09-28T14:34:54+00:00\",\"description\":\"Woher stammen Sprichw\u00f6rter wie \u201cButter bei die Fische\u201d oder \u201cim Tr\u00fcben fischen\u201d? \u2713spannende Anekdoten \u2713Herkunft \u2713Bedeutung\",\"breadcrumb\":{\"@id\":\"https:\/\/www.phase-6.de\/magazin\/rubriken\/sprichwoerter\/warum-sagen-wir-eigentlich-sprichwoerter-ueber-fische\/#breadcrumb\"},\"inLanguage\":\"de\",\"potentialAction\":[{\"@type\":\"ReadAction\",\"target\":[\"https:\/\/www.phase-6.de\/magazin\/rubriken\/sprichwoerter\/warum-sagen-wir-eigentlich-sprichwoerter-ueber-fische\/\"]}]},{\"@type\":\"ImageObject\",\"inLanguage\":\"de\",\"@id\":\"https:\/\/www.phase-6.de\/magazin\/rubriken\/sprichwoerter\/warum-sagen-wir-eigentlich-sprichwoerter-ueber-fische\/#primaryimage\",\"url\":\"https:\/\/www.phase-6.de\/magazin\/wp-content\/uploads\/2019\/03\/sprichwoerter_fische.jpg\",\"contentUrl\":\"https:\/\/www.phase-6.de\/magazin\/wp-content\/uploads\/2019\/03\/sprichwoerter_fische.jpg\",\"width\":1080,\"height\":675,\"caption\":\"Fische Sprichw\u00f6rter\"},{\"@type\":\"BreadcrumbList\",\"@id\":\"https:\/\/www.phase-6.de\/magazin\/rubriken\/sprichwoerter\/warum-sagen-wir-eigentlich-sprichwoerter-ueber-fische\/#breadcrumb\",\"itemListElement\":[{\"@type\":\"ListItem\",\"position\":1,\"name\":\"Startseite\",\"item\":\"https:\/\/www.phase-6.de\/magazin\/\"},{\"@type\":\"ListItem\",\"position\":2,\"name\":\"Sprichw\u00f6rter \u00fcber Fische &#8211; Warum sagen wir eigentlich&#8230;?\"}]},{\"@type\":\"WebSite\",\"@id\":\"https:\/\/www.phase-6.de\/magazin\/#website\",\"url\":\"https:\/\/www.phase-6.de\/magazin\/\",\"name\":\"phase6 Magazin\",\"description\":\"Das Magazin f\u00fcr Sprache, Lernen &amp; Lehren\",\"publisher\":{\"@id\":\"https:\/\/www.phase-6.de\/magazin\/#organization\"},\"potentialAction\":[{\"@type\":\"SearchAction\",\"target\":{\"@type\":\"EntryPoint\",\"urlTemplate\":\"https:\/\/www.phase-6.de\/magazin\/?s={search_term_string}\"},\"query-input\":{\"@type\":\"PropertyValueSpecification\",\"valueRequired\":true,\"valueName\":\"search_term_string\"}}],\"inLanguage\":\"de\"},{\"@type\":\"Organization\",\"@id\":\"https:\/\/www.phase-6.de\/magazin\/#organization\",\"name\":\"phase-6 GmbH\",\"url\":\"https:\/\/www.phase-6.de\/magazin\/\",\"logo\":{\"@type\":\"ImageObject\",\"inLanguage\":\"de\",\"@id\":\"https:\/\/www.phase-6.de\/magazin\/#\/schema\/logo\/image\/\",\"url\":\"https:\/\/www.phase-6.de\/magazin\/wp-content\/uploads\/2017\/07\/phase6_logo2017.png\",\"contentUrl\":\"https:\/\/www.phase-6.de\/magazin\/wp-content\/uploads\/2017\/07\/phase6_logo2017.png\",\"width\":709,\"height\":200,\"caption\":\"phase-6 GmbH\"},\"image\":{\"@id\":\"https:\/\/www.phase-6.de\/magazin\/#\/schema\/logo\/image\/\"},\"sameAs\":[\"https:\/\/www.facebook.com\/phase6.de\/\",\"https:\/\/de.wikipedia.org\/wiki\/Phase6\"]},{\"@type\":\"Person\",\"@id\":\"https:\/\/www.phase-6.de\/magazin\/#\/schema\/person\/bf169c670c24011dd7cda54d8f8dcc23\",\"name\":\"Elisa\",\"url\":\"https:\/\/www.phase-6.de\/magazin\/author\/elisa\/\"}]}<\/script>\n<!-- \/ Yoast SEO plugin. -->","yoast_head_json":{"title":"Sprichw\u00f6rter \u00fcber Fische - Warum sagen wir eigentlich...? - phase6 Magazin","description":"Woher stammen Sprichw\u00f6rter wie \u201cButter bei die Fische\u201d oder \u201cim Tr\u00fcben fischen\u201d? \u2713spannende Anekdoten \u2713Herkunft \u2713Bedeutung","robots":{"index":"index","follow":"follow","max-snippet":"max-snippet:-1","max-image-preview":"max-image-preview:large","max-video-preview":"max-video-preview:-1"},"canonical":"https:\/\/www.phase-6.de\/magazin\/rubriken\/sprichwoerter\/warum-sagen-wir-eigentlich-sprichwoerter-ueber-fische\/","og_locale":"de_DE","og_type":"article","og_title":"Sprichw\u00f6rter \u00fcber Fische - Warum sagen wir eigentlich...? - phase6 Magazin","og_description":"Woher stammen Sprichw\u00f6rter wie \u201cButter bei die Fische\u201d oder \u201cim Tr\u00fcben fischen\u201d? \u2713spannende Anekdoten \u2713Herkunft \u2713Bedeutung","og_url":"https:\/\/www.phase-6.de\/magazin\/rubriken\/sprichwoerter\/warum-sagen-wir-eigentlich-sprichwoerter-ueber-fische\/","og_site_name":"phase6 Magazin","article_publisher":"https:\/\/www.facebook.com\/phase6.de\/","article_published_time":"2019-03-19T10:10:12+00:00","article_modified_time":"2020-09-28T14:34:54+00:00","og_image":[{"width":1080,"height":675,"url":"https:\/\/www.phase-6.de\/magazin\/wp-content\/uploads\/2019\/03\/sprichwoerter_fische.jpg","type":"image\/jpeg"}],"author":"Elisa","twitter_card":"summary_large_image","twitter_misc":{"Verfasst von":"Elisa","Gesch\u00e4tzte Lesezeit":"5\u00a0Minuten"},"schema":{"@context":"https:\/\/schema.org","@graph":[{"@type":"Article","@id":"https:\/\/www.phase-6.de\/magazin\/rubriken\/sprichwoerter\/warum-sagen-wir-eigentlich-sprichwoerter-ueber-fische\/#article","isPartOf":{"@id":"https:\/\/www.phase-6.de\/magazin\/rubriken\/sprichwoerter\/warum-sagen-wir-eigentlich-sprichwoerter-ueber-fische\/"},"author":{"name":"Elisa","@id":"https:\/\/www.phase-6.de\/magazin\/#\/schema\/person\/bf169c670c24011dd7cda54d8f8dcc23"},"headline":"Sprichw\u00f6rter \u00fcber Fische &#8211; Warum sagen wir eigentlich&#8230;?","datePublished":"2019-03-19T10:10:12+00:00","dateModified":"2020-09-28T14:34:54+00:00","mainEntityOfPage":{"@id":"https:\/\/www.phase-6.de\/magazin\/rubriken\/sprichwoerter\/warum-sagen-wir-eigentlich-sprichwoerter-ueber-fische\/"},"wordCount":1016,"commentCount":0,"publisher":{"@id":"https:\/\/www.phase-6.de\/magazin\/#organization"},"image":{"@id":"https:\/\/www.phase-6.de\/magazin\/rubriken\/sprichwoerter\/warum-sagen-wir-eigentlich-sprichwoerter-ueber-fische\/#primaryimage"},"thumbnailUrl":"https:\/\/www.phase-6.de\/magazin\/wp-content\/uploads\/2019\/03\/sprichwoerter_fische.jpg","articleSection":["Sprichw\u00f6rter"],"inLanguage":"de","potentialAction":[{"@type":"CommentAction","name":"Comment","target":["https:\/\/www.phase-6.de\/magazin\/rubriken\/sprichwoerter\/warum-sagen-wir-eigentlich-sprichwoerter-ueber-fische\/#respond"]}]},{"@type":"WebPage","@id":"https:\/\/www.phase-6.de\/magazin\/rubriken\/sprichwoerter\/warum-sagen-wir-eigentlich-sprichwoerter-ueber-fische\/","url":"https:\/\/www.phase-6.de\/magazin\/rubriken\/sprichwoerter\/warum-sagen-wir-eigentlich-sprichwoerter-ueber-fische\/","name":"Sprichw\u00f6rter \u00fcber Fische - Warum sagen wir eigentlich...? - phase6 Magazin","isPartOf":{"@id":"https:\/\/www.phase-6.de\/magazin\/#website"},"primaryImageOfPage":{"@id":"https:\/\/www.phase-6.de\/magazin\/rubriken\/sprichwoerter\/warum-sagen-wir-eigentlich-sprichwoerter-ueber-fische\/#primaryimage"},"image":{"@id":"https:\/\/www.phase-6.de\/magazin\/rubriken\/sprichwoerter\/warum-sagen-wir-eigentlich-sprichwoerter-ueber-fische\/#primaryimage"},"thumbnailUrl":"https:\/\/www.phase-6.de\/magazin\/wp-content\/uploads\/2019\/03\/sprichwoerter_fische.jpg","datePublished":"2019-03-19T10:10:12+00:00","dateModified":"2020-09-28T14:34:54+00:00","description":"Woher stammen Sprichw\u00f6rter wie \u201cButter bei die Fische\u201d oder \u201cim Tr\u00fcben fischen\u201d? \u2713spannende Anekdoten \u2713Herkunft \u2713Bedeutung","breadcrumb":{"@id":"https:\/\/www.phase-6.de\/magazin\/rubriken\/sprichwoerter\/warum-sagen-wir-eigentlich-sprichwoerter-ueber-fische\/#breadcrumb"},"inLanguage":"de","potentialAction":[{"@type":"ReadAction","target":["https:\/\/www.phase-6.de\/magazin\/rubriken\/sprichwoerter\/warum-sagen-wir-eigentlich-sprichwoerter-ueber-fische\/"]}]},{"@type":"ImageObject","inLanguage":"de","@id":"https:\/\/www.phase-6.de\/magazin\/rubriken\/sprichwoerter\/warum-sagen-wir-eigentlich-sprichwoerter-ueber-fische\/#primaryimage","url":"https:\/\/www.phase-6.de\/magazin\/wp-content\/uploads\/2019\/03\/sprichwoerter_fische.jpg","contentUrl":"https:\/\/www.phase-6.de\/magazin\/wp-content\/uploads\/2019\/03\/sprichwoerter_fische.jpg","width":1080,"height":675,"caption":"Fische Sprichw\u00f6rter"},{"@type":"BreadcrumbList","@id":"https:\/\/www.phase-6.de\/magazin\/rubriken\/sprichwoerter\/warum-sagen-wir-eigentlich-sprichwoerter-ueber-fische\/#breadcrumb","itemListElement":[{"@type":"ListItem","position":1,"name":"Startseite","item":"https:\/\/www.phase-6.de\/magazin\/"},{"@type":"ListItem","position":2,"name":"Sprichw\u00f6rter \u00fcber Fische &#8211; Warum sagen wir eigentlich&#8230;?"}]},{"@type":"WebSite","@id":"https:\/\/www.phase-6.de\/magazin\/#website","url":"https:\/\/www.phase-6.de\/magazin\/","name":"phase6 Magazin","description":"Das Magazin f\u00fcr Sprache, Lernen &amp; Lehren","publisher":{"@id":"https:\/\/www.phase-6.de\/magazin\/#organization"},"potentialAction":[{"@type":"SearchAction","target":{"@type":"EntryPoint","urlTemplate":"https:\/\/www.phase-6.de\/magazin\/?s={search_term_string}"},"query-input":{"@type":"PropertyValueSpecification","valueRequired":true,"valueName":"search_term_string"}}],"inLanguage":"de"},{"@type":"Organization","@id":"https:\/\/www.phase-6.de\/magazin\/#organization","name":"phase-6 GmbH","url":"https:\/\/www.phase-6.de\/magazin\/","logo":{"@type":"ImageObject","inLanguage":"de","@id":"https:\/\/www.phase-6.de\/magazin\/#\/schema\/logo\/image\/","url":"https:\/\/www.phase-6.de\/magazin\/wp-content\/uploads\/2017\/07\/phase6_logo2017.png","contentUrl":"https:\/\/www.phase-6.de\/magazin\/wp-content\/uploads\/2017\/07\/phase6_logo2017.png","width":709,"height":200,"caption":"phase-6 GmbH"},"image":{"@id":"https:\/\/www.phase-6.de\/magazin\/#\/schema\/logo\/image\/"},"sameAs":["https:\/\/www.facebook.com\/phase6.de\/","https:\/\/de.wikipedia.org\/wiki\/Phase6"]},{"@type":"Person","@id":"https:\/\/www.phase-6.de\/magazin\/#\/schema\/person\/bf169c670c24011dd7cda54d8f8dcc23","name":"Elisa","url":"https:\/\/www.phase-6.de\/magazin\/author\/elisa\/"}]}},"_links":{"self":[{"href":"https:\/\/www.phase-6.de\/magazin\/wp-json\/wp\/v2\/posts\/3582","targetHints":{"allow":["GET"]}}],"collection":[{"href":"https:\/\/www.phase-6.de\/magazin\/wp-json\/wp\/v2\/posts"}],"about":[{"href":"https:\/\/www.phase-6.de\/magazin\/wp-json\/wp\/v2\/types\/post"}],"author":[{"embeddable":true,"href":"https:\/\/www.phase-6.de\/magazin\/wp-json\/wp\/v2\/users\/12"}],"replies":[{"embeddable":true,"href":"https:\/\/www.phase-6.de\/magazin\/wp-json\/wp\/v2\/comments?post=3582"}],"version-history":[{"count":0,"href":"https:\/\/www.phase-6.de\/magazin\/wp-json\/wp\/v2\/posts\/3582\/revisions"}],"wp:featuredmedia":[{"embeddable":true,"href":"https:\/\/www.phase-6.de\/magazin\/wp-json\/wp\/v2\/media\/6415"}],"wp:attachment":[{"href":"https:\/\/www.phase-6.de\/magazin\/wp-json\/wp\/v2\/media?parent=3582"}],"wp:term":[{"taxonomy":"category","embeddable":true,"href":"https:\/\/www.phase-6.de\/magazin\/wp-json\/wp\/v2\/categories?post=3582"},{"taxonomy":"post_tag","embeddable":true,"href":"https:\/\/www.phase-6.de\/magazin\/wp-json\/wp\/v2\/tags?post=3582"}],"curies":[{"name":"wp","href":"https:\/\/api.w.org\/{rel}","templated":true}]}}