{"id":3671,"date":"2019-08-21T09:00:23","date_gmt":"2019-08-21T09:00:23","guid":{"rendered":"https:\/\/www.phase-6.de\/magazin\/?p=3671"},"modified":"2022-12-12T13:38:50","modified_gmt":"2022-12-12T13:38:50","slug":"warum-sagen-wir-eigentlich-sprichwoerter-rund-um-das-kraut","status":"publish","type":"post","link":"https:\/\/www.phase-6.de\/magazin\/rubriken\/sprichwoerter\/sprichwoerter-ueber-kraut-warum-sagen-wir-eigentlich\/","title":{"rendered":"Sprichw\u00f6rter \u00fcber Kraut &#8211; Warum sagen wir eigentlich\u2026?"},"content":{"rendered":"[et_pb_section fb_built=&#8220;1&#8243; _builder_version=&#8220;4.16&#8243; global_colors_info=&#8220;{}&#8220;][et_pb_row _builder_version=&#8220;4.16&#8243; background_size=&#8220;initial&#8220; background_position=&#8220;top_left&#8220; background_repeat=&#8220;repeat&#8220; global_colors_info=&#8220;{}&#8220;][et_pb_column type=&#8220;4_4&#8243; _builder_version=&#8220;4.16&#8243; custom_padding=&#8220;|||&#8220; global_colors_info=&#8220;{}&#8220; custom_padding__hover=&#8220;|||&#8220;][et_pb_text _builder_version=&#8220;4.19.2&#8243; border_style=&#8220;solid&#8220; global_colors_info=&#8220;{}&#8220;]\n<h2><span style=\"font-weight: 400;\">Ins Kraut schie\u00dfen<\/span><\/h2>\n<p><span style=\"font-weight: 400;\">Wenn man zum Ausdruck bringen will, dass etwas schnell w\u00e4chst, stark zunimmt oder sich schnell verbreitet, kann man auf dieses Sprichwort zur\u00fcckgreifen. <\/span><\/p>\n<p><span style=\"font-weight: 400;\">Die Redewendung stammt aus der Welt der Flora. Pflanzen, die \u201cins Kraut schie\u00dfen\u201d, haben meist unverh\u00e4ltnism\u00e4\u00dfig gro\u00dfe Bl\u00e4tter und nur einen d\u00fcrftig ausgepr\u00e4gten Bl\u00fctenstand. Diesen Pflanzen sagt man folglich einen ineffizienten Energieverbrauch nach, da sie zu schnell einen Gro\u00dfteil ihrer Kraft in die Ausbildung der gr\u00fcnen Bl\u00e4tter und Zweige &#8211; also ins \u201cBeiwerk\u201d &#8211; stecken, anstatt in pr\u00e4chtige Bl\u00fcten und Fr\u00fcchte zu investieren, die den eigentlichen Ertrag f\u00fcr Insekten und andere Tiere beinhalten.[1] <\/span><\/p>\n<p><span style=\"font-weight: 400;\">Wenn man beispielsweise in der Zeitung liest: <\/span><i><span style=\"font-weight: 400;\">\u201cDie Ger\u00fcchte schie\u00dfen ins Kraut!\u201d<\/span><\/i><span style=\"font-weight: 400;\">, ist damit gemeint, dass die Verbreitung der Ger\u00fcchte zu schnell au\u00dfer Kontrolle geraten ist, ma\u00dflose Z\u00fcge angenommen hat oder ausgeufert ist. Wenn also erstmal ins Kraut geschossen wurde, bleibt am Ende meist nur viel Trubel um Nichts und wenig n\u00fctzliche Information (\u201cErtrag\u201d) \u00fcbrig.[2] <\/span><\/p>\n<h2><span style=\"font-weight: 400;\">Wie Kraut und R\u00fcben <\/span><\/h2>\n<div id=\"attachment_3673\" style=\"width: 310px\" class=\"wp-caption alignright\"><img aria-describedby=\"caption-attachment-3673\" loading=\"-\" decoding=\"async\" class=\"size-medium wp-image-3673\" src=\"https:\/\/www.phase-6.de\/magazin\/wp-content\/uploads\/2019\/02\/Sw-kraut-300x200.jpg\" alt=\"Kraut und R\u00fcben in natura\" width=\"300\" height=\"200\" srcset=\"https:\/\/www.phase-6.de\/magazin\/wp-content\/uploads\/2019\/02\/Sw-kraut-300x200.jpg 300w, https:\/\/www.phase-6.de\/magazin\/wp-content\/uploads\/2019\/02\/Sw-kraut.jpg 500w\" sizes=\"(max-width: 300px) 100vw, 300px\" \/><p id=\"caption-attachment-3673\" class=\"wp-caption-text\">Kraut und R\u00fcben in natura<\/p><\/div>\n<p><i><span style=\"font-weight: 400;\">\u201cHier sieht\u2019s ja aus wie Kraut und R\u00fcben!\u201d<\/span><\/i><span style=\"font-weight: 400;\">, h\u00f6ren sicher manche Kinder auch heutzutage noch von ihren Eltern, wenn es um die Ordnung im Kinderzimmer geht. Wenn etwas \u201cwie Kraut und R\u00fcben\u201d ist, dann ist damit immer eine Form von Chaos, Durcheinander, Unordnung oder wilder Durchmischung gemeint. Woher dieses Sprichwort stammt, l\u00e4sst sich nicht genau sagen. <\/span><\/p>\n<p><span style=\"font-weight: 400;\">M\u00f6glich w\u00e4re, dass es sich auf den fr\u00fcheren Anbau von <a href=\"https:\/\/www.phase-6.de\/magazin\/rubriken\/sprichwoerter\/warum-sagen-wir-eigentlich-sprichwoerter-rund-um-den-kohl\/\"><span style=\"color: #fc7c00;\">Kohl<\/span><\/a> und R\u00fcben bezieht, welche gemeinsam auf dem Feld gepflanzt wurden, wohingegen andere Gem\u00fcsesorten stets getrennt voneinander angebaut wurden. Das Feld mit Kraut und R\u00fcben sah dementsprechend chaotisch aus. <\/span><\/p>\n<p><span style=\"font-weight: 400;\">Die Redensart k\u00f6nnte sich auch auf die Ernte derselben beziehen, da die Kohlr\u00fcben und die abgeschnittenen Bl\u00e4tter w\u00e4hrend des Erntevorgangs durcheinander auf dem Feld verteilt lagen. Eine weitere M\u00f6glichkeit, wie das Sprichwort entstanden sein k\u00f6nnte, ist die Verwendung von Kraut und R\u00fcben in einem Eintopf. Hier werden &#8211; wie bei einem Salat &#8211; alle Zutaten in einen Topf geschmissen, sodass ein buntes Gemisch verschiedener Lebensmittel entsteht.[3] <\/span><\/p>\n[\/et_pb_text][et_pb_cta title=&#8220;Na, auf den Geschmack gekommen?&#8220; url_new_window=&#8220;on&#8220; _builder_version=&#8220;4.16&#8243; background_color=&#8220;#5e5e5d&#8220; border_style=&#8220;solid&#8220; button_letter_spacing_hover=&#8220;0&#8243; saved_tabs=&#8220;all&#8220; global_colors_info=&#8220;{}&#8220; button_text_size__hover_enabled=&#8220;off&#8220; button_one_text_size__hover_enabled=&#8220;off&#8220; button_two_text_size__hover_enabled=&#8220;off&#8220; button_text_color__hover_enabled=&#8220;off&#8220; button_one_text_color__hover_enabled=&#8220;off&#8220; button_two_text_color__hover_enabled=&#8220;off&#8220; button_border_width__hover_enabled=&#8220;off&#8220; button_one_border_width__hover_enabled=&#8220;off&#8220; button_two_border_width__hover_enabled=&#8220;off&#8220; button_border_color__hover_enabled=&#8220;off&#8220; button_one_border_color__hover_enabled=&#8220;off&#8220; button_two_border_color__hover_enabled=&#8220;off&#8220; button_border_radius__hover_enabled=&#8220;off&#8220; button_one_border_radius__hover_enabled=&#8220;off&#8220; button_two_border_radius__hover_enabled=&#8220;off&#8220; button_letter_spacing__hover_enabled=&#8220;on&#8220; button_letter_spacing__hover=&#8220;0&#8243; button_one_letter_spacing__hover_enabled=&#8220;off&#8220; button_two_letter_spacing__hover_enabled=&#8220;off&#8220; button_bg_color__hover_enabled=&#8220;off&#8220; button_one_bg_color__hover_enabled=&#8220;off&#8220; button_two_bg_color__hover_enabled=&#8220;off&#8220;]Sieh dir auch die spannenden Geschichten hinter weiteren <a href=\"https:\/\/www.phase-6.de\/magazin\/redewendungen\/warum-sagen-wir-eigentlich-redewendungen-rund-ums-essen\/\" rel=\"noopener\"><span style=\"color: #fc7c00;\">Sprichw\u00f6rtern rund ums Essen<\/span><\/a> an!<br \/>\n[\/et_pb_cta][et_pb_text _builder_version=&#8220;4.16&#8243; border_style=&#8220;solid&#8220; global_colors_info=&#8220;{}&#8220;]\n<p style=\"text-align: center;\"><span style=\"font-weight: 400;\">Quellen:\u00a0<\/span><span style=\"font-weight: 400;\">[<a href=\"https:\/\/www.redensarten-index.de\/suche.php?suchbegriff=ins%20Kraut%20schie%C3%9Fen&amp;bool=relevanz&amp;suchspalte%5B%5D=rart_ou\" target=\"_blank\" rel=\"noopener noreferrer\">1<\/a>]\u00a0<\/span><span style=\"font-weight: 400;\">[<a href=\"https:\/\/www.openthesaurus.de\/synonyme\/ins%20Kraut%20schie%C3%9Fen\" target=\"_blank\" rel=\"noopener noreferrer\">2<\/a>] <\/span><span style=\"font-weight: 400;\">[<a href=\"https:\/\/www.redensarten-index.de\/suche.php?suchbegriff=kraut+und+r%C3%BCben&amp;bool=relevanz&amp;gawoe=an&amp;suchspalte%5B%5D=rart_ou\" target=\"_blank\" rel=\"noopener noreferrer\">3<\/a>]\u00a0<\/span><\/p>\n<p>&nbsp;<br \/>\n[\/et_pb_text][\/et_pb_column][\/et_pb_row][\/et_pb_section]\n","protected":false},"excerpt":{"rendered":"<p>Was meint Mutti, wenn sie sagt: \u201cHier sieht es ja aus wie Kraut und R\u00fcben!\u201d? Und warum sollte irgendjemand oder irgendetwas \u201cins Kraut schie\u00dfen\u201d? Hier erf\u00e4hrst du spannende Fakten und Hintergr\u00fcnde zur Bedeutung und Etymologie dieser Redewendungen. <\/p>\n","protected":false},"author":11,"featured_media":6405,"comment_status":"open","ping_status":"open","sticky":false,"template":"","format":"standard","meta":{"_acf_changed":false,"_yoast_wpseo_focuskw":"Kraut","_yoast_wpseo_title":"","_yoast_wpseo_metadesc":"Woher stammen Sprichw\u00f6rter wie \u201cins Kraut schie\u00dfen\u201d oder \u201cwie Kraut und R\u00fcben\u201d? \u2713 spannende Hintergr\u00fcnde \u2713 Bedeutung \u2713 Herkunft","_yoast_wpseo_canonical":"","_yoast_wpseo_opengraph-title":"","_yoast_wpseo_opengraph-description":"","_et_pb_use_builder":"on","_et_pb_old_content":"","_et_gb_content_width":"","inline_featured_image":false,"footnotes":""},"categories":[64],"tags":[],"class_list":["post-3671","post","type-post","status-publish","format-standard","has-post-thumbnail","hentry","category-sprichwoerter","et-has-post-format-content","et_post_format-et-post-format-standard"],"acf":[],"yoast_head":"<!-- This site is optimized with the Yoast SEO plugin v26.9 - https:\/\/yoast.com\/product\/yoast-seo-wordpress\/ -->\n<title>Sprichw\u00f6rter \u00fcber Kraut - Warum sagen wir eigentlich\u2026? - phase6 Magazin<\/title>\n<meta name=\"description\" content=\"Woher stammen Sprichw\u00f6rter wie \u201cins Kraut schie\u00dfen\u201d oder \u201cwie Kraut und R\u00fcben\u201d? \u2713 spannende Hintergr\u00fcnde \u2713 Bedeutung \u2713 Herkunft\" \/>\n<meta name=\"robots\" content=\"index, follow, max-snippet:-1, max-image-preview:large, max-video-preview:-1\" \/>\n<link rel=\"canonical\" href=\"https:\/\/www.phase-6.de\/magazin\/rubriken\/sprichwoerter\/sprichwoerter-ueber-kraut-warum-sagen-wir-eigentlich\/\" \/>\n<meta property=\"og:locale\" content=\"de_DE\" \/>\n<meta property=\"og:type\" content=\"article\" \/>\n<meta property=\"og:title\" content=\"Sprichw\u00f6rter \u00fcber Kraut - Warum sagen wir eigentlich\u2026? - phase6 Magazin\" \/>\n<meta property=\"og:description\" content=\"Woher stammen Sprichw\u00f6rter wie \u201cins Kraut schie\u00dfen\u201d oder \u201cwie Kraut und R\u00fcben\u201d? \u2713 spannende Hintergr\u00fcnde \u2713 Bedeutung \u2713 Herkunft\" \/>\n<meta property=\"og:url\" content=\"https:\/\/www.phase-6.de\/magazin\/rubriken\/sprichwoerter\/sprichwoerter-ueber-kraut-warum-sagen-wir-eigentlich\/\" \/>\n<meta property=\"og:site_name\" content=\"phase6 Magazin\" \/>\n<meta property=\"article:publisher\" content=\"https:\/\/www.facebook.com\/phase6.de\/\" \/>\n<meta property=\"article:published_time\" content=\"2019-08-21T09:00:23+00:00\" \/>\n<meta property=\"article:modified_time\" content=\"2022-12-12T13:38:50+00:00\" \/>\n<meta property=\"og:image\" content=\"https:\/\/www.phase-6.de\/magazin\/wp-content\/uploads\/2019\/08\/sprichwoerter_kraut.jpg\" \/>\n\t<meta property=\"og:image:width\" content=\"1080\" \/>\n\t<meta property=\"og:image:height\" content=\"675\" \/>\n\t<meta property=\"og:image:type\" content=\"image\/jpeg\" \/>\n<meta name=\"author\" content=\"Rebecca\" \/>\n<meta name=\"twitter:card\" content=\"summary_large_image\" \/>\n<meta name=\"twitter:label1\" content=\"Verfasst von\" \/>\n\t<meta name=\"twitter:data1\" content=\"Rebecca\" \/>\n\t<meta name=\"twitter:label2\" content=\"Gesch\u00e4tzte Lesezeit\" \/>\n\t<meta name=\"twitter:data2\" content=\"3\u00a0Minuten\" \/>\n<script type=\"application\/ld+json\" class=\"yoast-schema-graph\">{\"@context\":\"https:\/\/schema.org\",\"@graph\":[{\"@type\":\"Article\",\"@id\":\"https:\/\/www.phase-6.de\/magazin\/rubriken\/sprichwoerter\/sprichwoerter-ueber-kraut-warum-sagen-wir-eigentlich\/#article\",\"isPartOf\":{\"@id\":\"https:\/\/www.phase-6.de\/magazin\/rubriken\/sprichwoerter\/sprichwoerter-ueber-kraut-warum-sagen-wir-eigentlich\/\"},\"author\":{\"name\":\"Rebecca\",\"@id\":\"https:\/\/www.phase-6.de\/magazin\/#\/schema\/person\/c79e16a5e9f43034e7a9f1876f3e96d4\"},\"headline\":\"Sprichw\u00f6rter \u00fcber Kraut &#8211; Warum sagen wir eigentlich\u2026?\",\"datePublished\":\"2019-08-21T09:00:23+00:00\",\"dateModified\":\"2022-12-12T13:38:50+00:00\",\"mainEntityOfPage\":{\"@id\":\"https:\/\/www.phase-6.de\/magazin\/rubriken\/sprichwoerter\/sprichwoerter-ueber-kraut-warum-sagen-wir-eigentlich\/\"},\"wordCount\":659,\"commentCount\":0,\"publisher\":{\"@id\":\"https:\/\/www.phase-6.de\/magazin\/#organization\"},\"image\":{\"@id\":\"https:\/\/www.phase-6.de\/magazin\/rubriken\/sprichwoerter\/sprichwoerter-ueber-kraut-warum-sagen-wir-eigentlich\/#primaryimage\"},\"thumbnailUrl\":\"https:\/\/www.phase-6.de\/magazin\/wp-content\/uploads\/2019\/08\/sprichwoerter_kraut.jpg\",\"articleSection\":[\"Sprichw\u00f6rter\"],\"inLanguage\":\"de\",\"potentialAction\":[{\"@type\":\"CommentAction\",\"name\":\"Comment\",\"target\":[\"https:\/\/www.phase-6.de\/magazin\/rubriken\/sprichwoerter\/sprichwoerter-ueber-kraut-warum-sagen-wir-eigentlich\/#respond\"]}]},{\"@type\":\"WebPage\",\"@id\":\"https:\/\/www.phase-6.de\/magazin\/rubriken\/sprichwoerter\/sprichwoerter-ueber-kraut-warum-sagen-wir-eigentlich\/\",\"url\":\"https:\/\/www.phase-6.de\/magazin\/rubriken\/sprichwoerter\/sprichwoerter-ueber-kraut-warum-sagen-wir-eigentlich\/\",\"name\":\"Sprichw\u00f6rter \u00fcber Kraut - Warum sagen wir eigentlich\u2026? - phase6 Magazin\",\"isPartOf\":{\"@id\":\"https:\/\/www.phase-6.de\/magazin\/#website\"},\"primaryImageOfPage\":{\"@id\":\"https:\/\/www.phase-6.de\/magazin\/rubriken\/sprichwoerter\/sprichwoerter-ueber-kraut-warum-sagen-wir-eigentlich\/#primaryimage\"},\"image\":{\"@id\":\"https:\/\/www.phase-6.de\/magazin\/rubriken\/sprichwoerter\/sprichwoerter-ueber-kraut-warum-sagen-wir-eigentlich\/#primaryimage\"},\"thumbnailUrl\":\"https:\/\/www.phase-6.de\/magazin\/wp-content\/uploads\/2019\/08\/sprichwoerter_kraut.jpg\",\"datePublished\":\"2019-08-21T09:00:23+00:00\",\"dateModified\":\"2022-12-12T13:38:50+00:00\",\"description\":\"Woher stammen Sprichw\u00f6rter wie \u201cins Kraut schie\u00dfen\u201d oder \u201cwie Kraut und R\u00fcben\u201d? \u2713 spannende Hintergr\u00fcnde \u2713 Bedeutung \u2713 Herkunft\",\"breadcrumb\":{\"@id\":\"https:\/\/www.phase-6.de\/magazin\/rubriken\/sprichwoerter\/sprichwoerter-ueber-kraut-warum-sagen-wir-eigentlich\/#breadcrumb\"},\"inLanguage\":\"de\",\"potentialAction\":[{\"@type\":\"ReadAction\",\"target\":[\"https:\/\/www.phase-6.de\/magazin\/rubriken\/sprichwoerter\/sprichwoerter-ueber-kraut-warum-sagen-wir-eigentlich\/\"]}]},{\"@type\":\"ImageObject\",\"inLanguage\":\"de\",\"@id\":\"https:\/\/www.phase-6.de\/magazin\/rubriken\/sprichwoerter\/sprichwoerter-ueber-kraut-warum-sagen-wir-eigentlich\/#primaryimage\",\"url\":\"https:\/\/www.phase-6.de\/magazin\/wp-content\/uploads\/2019\/08\/sprichwoerter_kraut.jpg\",\"contentUrl\":\"https:\/\/www.phase-6.de\/magazin\/wp-content\/uploads\/2019\/08\/sprichwoerter_kraut.jpg\",\"width\":1080,\"height\":675,\"caption\":\"Kraut Sprichw\u00f6rter\"},{\"@type\":\"BreadcrumbList\",\"@id\":\"https:\/\/www.phase-6.de\/magazin\/rubriken\/sprichwoerter\/sprichwoerter-ueber-kraut-warum-sagen-wir-eigentlich\/#breadcrumb\",\"itemListElement\":[{\"@type\":\"ListItem\",\"position\":1,\"name\":\"Startseite\",\"item\":\"https:\/\/www.phase-6.de\/magazin\/\"},{\"@type\":\"ListItem\",\"position\":2,\"name\":\"Sprichw\u00f6rter \u00fcber Kraut &#8211; Warum sagen wir eigentlich\u2026?\"}]},{\"@type\":\"WebSite\",\"@id\":\"https:\/\/www.phase-6.de\/magazin\/#website\",\"url\":\"https:\/\/www.phase-6.de\/magazin\/\",\"name\":\"phase6 Magazin\",\"description\":\"Das Magazin f\u00fcr Sprache, Lernen &amp; Lehren\",\"publisher\":{\"@id\":\"https:\/\/www.phase-6.de\/magazin\/#organization\"},\"potentialAction\":[{\"@type\":\"SearchAction\",\"target\":{\"@type\":\"EntryPoint\",\"urlTemplate\":\"https:\/\/www.phase-6.de\/magazin\/?s={search_term_string}\"},\"query-input\":{\"@type\":\"PropertyValueSpecification\",\"valueRequired\":true,\"valueName\":\"search_term_string\"}}],\"inLanguage\":\"de\"},{\"@type\":\"Organization\",\"@id\":\"https:\/\/www.phase-6.de\/magazin\/#organization\",\"name\":\"phase-6 GmbH\",\"url\":\"https:\/\/www.phase-6.de\/magazin\/\",\"logo\":{\"@type\":\"ImageObject\",\"inLanguage\":\"de\",\"@id\":\"https:\/\/www.phase-6.de\/magazin\/#\/schema\/logo\/image\/\",\"url\":\"https:\/\/www.phase-6.de\/magazin\/wp-content\/uploads\/2017\/07\/phase6_logo2017.png\",\"contentUrl\":\"https:\/\/www.phase-6.de\/magazin\/wp-content\/uploads\/2017\/07\/phase6_logo2017.png\",\"width\":709,\"height\":200,\"caption\":\"phase-6 GmbH\"},\"image\":{\"@id\":\"https:\/\/www.phase-6.de\/magazin\/#\/schema\/logo\/image\/\"},\"sameAs\":[\"https:\/\/www.facebook.com\/phase6.de\/\",\"https:\/\/de.wikipedia.org\/wiki\/Phase6\"]},{\"@type\":\"Person\",\"@id\":\"https:\/\/www.phase-6.de\/magazin\/#\/schema\/person\/c79e16a5e9f43034e7a9f1876f3e96d4\",\"name\":\"Rebecca\",\"url\":\"https:\/\/www.phase-6.de\/magazin\/author\/rebecca\/\"}]}<\/script>\n<!-- \/ Yoast SEO plugin. -->","yoast_head_json":{"title":"Sprichw\u00f6rter \u00fcber Kraut - Warum sagen wir eigentlich\u2026? - phase6 Magazin","description":"Woher stammen Sprichw\u00f6rter wie \u201cins Kraut schie\u00dfen\u201d oder \u201cwie Kraut und R\u00fcben\u201d? \u2713 spannende Hintergr\u00fcnde \u2713 Bedeutung \u2713 Herkunft","robots":{"index":"index","follow":"follow","max-snippet":"max-snippet:-1","max-image-preview":"max-image-preview:large","max-video-preview":"max-video-preview:-1"},"canonical":"https:\/\/www.phase-6.de\/magazin\/rubriken\/sprichwoerter\/sprichwoerter-ueber-kraut-warum-sagen-wir-eigentlich\/","og_locale":"de_DE","og_type":"article","og_title":"Sprichw\u00f6rter \u00fcber Kraut - Warum sagen wir eigentlich\u2026? - phase6 Magazin","og_description":"Woher stammen Sprichw\u00f6rter wie \u201cins Kraut schie\u00dfen\u201d oder \u201cwie Kraut und R\u00fcben\u201d? \u2713 spannende Hintergr\u00fcnde \u2713 Bedeutung \u2713 Herkunft","og_url":"https:\/\/www.phase-6.de\/magazin\/rubriken\/sprichwoerter\/sprichwoerter-ueber-kraut-warum-sagen-wir-eigentlich\/","og_site_name":"phase6 Magazin","article_publisher":"https:\/\/www.facebook.com\/phase6.de\/","article_published_time":"2019-08-21T09:00:23+00:00","article_modified_time":"2022-12-12T13:38:50+00:00","og_image":[{"width":1080,"height":675,"url":"https:\/\/www.phase-6.de\/magazin\/wp-content\/uploads\/2019\/08\/sprichwoerter_kraut.jpg","type":"image\/jpeg"}],"author":"Rebecca","twitter_card":"summary_large_image","twitter_misc":{"Verfasst von":"Rebecca","Gesch\u00e4tzte Lesezeit":"3\u00a0Minuten"},"schema":{"@context":"https:\/\/schema.org","@graph":[{"@type":"Article","@id":"https:\/\/www.phase-6.de\/magazin\/rubriken\/sprichwoerter\/sprichwoerter-ueber-kraut-warum-sagen-wir-eigentlich\/#article","isPartOf":{"@id":"https:\/\/www.phase-6.de\/magazin\/rubriken\/sprichwoerter\/sprichwoerter-ueber-kraut-warum-sagen-wir-eigentlich\/"},"author":{"name":"Rebecca","@id":"https:\/\/www.phase-6.de\/magazin\/#\/schema\/person\/c79e16a5e9f43034e7a9f1876f3e96d4"},"headline":"Sprichw\u00f6rter \u00fcber Kraut &#8211; Warum sagen wir eigentlich\u2026?","datePublished":"2019-08-21T09:00:23+00:00","dateModified":"2022-12-12T13:38:50+00:00","mainEntityOfPage":{"@id":"https:\/\/www.phase-6.de\/magazin\/rubriken\/sprichwoerter\/sprichwoerter-ueber-kraut-warum-sagen-wir-eigentlich\/"},"wordCount":659,"commentCount":0,"publisher":{"@id":"https:\/\/www.phase-6.de\/magazin\/#organization"},"image":{"@id":"https:\/\/www.phase-6.de\/magazin\/rubriken\/sprichwoerter\/sprichwoerter-ueber-kraut-warum-sagen-wir-eigentlich\/#primaryimage"},"thumbnailUrl":"https:\/\/www.phase-6.de\/magazin\/wp-content\/uploads\/2019\/08\/sprichwoerter_kraut.jpg","articleSection":["Sprichw\u00f6rter"],"inLanguage":"de","potentialAction":[{"@type":"CommentAction","name":"Comment","target":["https:\/\/www.phase-6.de\/magazin\/rubriken\/sprichwoerter\/sprichwoerter-ueber-kraut-warum-sagen-wir-eigentlich\/#respond"]}]},{"@type":"WebPage","@id":"https:\/\/www.phase-6.de\/magazin\/rubriken\/sprichwoerter\/sprichwoerter-ueber-kraut-warum-sagen-wir-eigentlich\/","url":"https:\/\/www.phase-6.de\/magazin\/rubriken\/sprichwoerter\/sprichwoerter-ueber-kraut-warum-sagen-wir-eigentlich\/","name":"Sprichw\u00f6rter \u00fcber Kraut - Warum sagen wir eigentlich\u2026? - phase6 Magazin","isPartOf":{"@id":"https:\/\/www.phase-6.de\/magazin\/#website"},"primaryImageOfPage":{"@id":"https:\/\/www.phase-6.de\/magazin\/rubriken\/sprichwoerter\/sprichwoerter-ueber-kraut-warum-sagen-wir-eigentlich\/#primaryimage"},"image":{"@id":"https:\/\/www.phase-6.de\/magazin\/rubriken\/sprichwoerter\/sprichwoerter-ueber-kraut-warum-sagen-wir-eigentlich\/#primaryimage"},"thumbnailUrl":"https:\/\/www.phase-6.de\/magazin\/wp-content\/uploads\/2019\/08\/sprichwoerter_kraut.jpg","datePublished":"2019-08-21T09:00:23+00:00","dateModified":"2022-12-12T13:38:50+00:00","description":"Woher stammen Sprichw\u00f6rter wie \u201cins Kraut schie\u00dfen\u201d oder \u201cwie Kraut und R\u00fcben\u201d? \u2713 spannende Hintergr\u00fcnde \u2713 Bedeutung \u2713 Herkunft","breadcrumb":{"@id":"https:\/\/www.phase-6.de\/magazin\/rubriken\/sprichwoerter\/sprichwoerter-ueber-kraut-warum-sagen-wir-eigentlich\/#breadcrumb"},"inLanguage":"de","potentialAction":[{"@type":"ReadAction","target":["https:\/\/www.phase-6.de\/magazin\/rubriken\/sprichwoerter\/sprichwoerter-ueber-kraut-warum-sagen-wir-eigentlich\/"]}]},{"@type":"ImageObject","inLanguage":"de","@id":"https:\/\/www.phase-6.de\/magazin\/rubriken\/sprichwoerter\/sprichwoerter-ueber-kraut-warum-sagen-wir-eigentlich\/#primaryimage","url":"https:\/\/www.phase-6.de\/magazin\/wp-content\/uploads\/2019\/08\/sprichwoerter_kraut.jpg","contentUrl":"https:\/\/www.phase-6.de\/magazin\/wp-content\/uploads\/2019\/08\/sprichwoerter_kraut.jpg","width":1080,"height":675,"caption":"Kraut Sprichw\u00f6rter"},{"@type":"BreadcrumbList","@id":"https:\/\/www.phase-6.de\/magazin\/rubriken\/sprichwoerter\/sprichwoerter-ueber-kraut-warum-sagen-wir-eigentlich\/#breadcrumb","itemListElement":[{"@type":"ListItem","position":1,"name":"Startseite","item":"https:\/\/www.phase-6.de\/magazin\/"},{"@type":"ListItem","position":2,"name":"Sprichw\u00f6rter \u00fcber Kraut &#8211; Warum sagen wir eigentlich\u2026?"}]},{"@type":"WebSite","@id":"https:\/\/www.phase-6.de\/magazin\/#website","url":"https:\/\/www.phase-6.de\/magazin\/","name":"phase6 Magazin","description":"Das Magazin f\u00fcr Sprache, Lernen &amp; Lehren","publisher":{"@id":"https:\/\/www.phase-6.de\/magazin\/#organization"},"potentialAction":[{"@type":"SearchAction","target":{"@type":"EntryPoint","urlTemplate":"https:\/\/www.phase-6.de\/magazin\/?s={search_term_string}"},"query-input":{"@type":"PropertyValueSpecification","valueRequired":true,"valueName":"search_term_string"}}],"inLanguage":"de"},{"@type":"Organization","@id":"https:\/\/www.phase-6.de\/magazin\/#organization","name":"phase-6 GmbH","url":"https:\/\/www.phase-6.de\/magazin\/","logo":{"@type":"ImageObject","inLanguage":"de","@id":"https:\/\/www.phase-6.de\/magazin\/#\/schema\/logo\/image\/","url":"https:\/\/www.phase-6.de\/magazin\/wp-content\/uploads\/2017\/07\/phase6_logo2017.png","contentUrl":"https:\/\/www.phase-6.de\/magazin\/wp-content\/uploads\/2017\/07\/phase6_logo2017.png","width":709,"height":200,"caption":"phase-6 GmbH"},"image":{"@id":"https:\/\/www.phase-6.de\/magazin\/#\/schema\/logo\/image\/"},"sameAs":["https:\/\/www.facebook.com\/phase6.de\/","https:\/\/de.wikipedia.org\/wiki\/Phase6"]},{"@type":"Person","@id":"https:\/\/www.phase-6.de\/magazin\/#\/schema\/person\/c79e16a5e9f43034e7a9f1876f3e96d4","name":"Rebecca","url":"https:\/\/www.phase-6.de\/magazin\/author\/rebecca\/"}]}},"_links":{"self":[{"href":"https:\/\/www.phase-6.de\/magazin\/wp-json\/wp\/v2\/posts\/3671","targetHints":{"allow":["GET"]}}],"collection":[{"href":"https:\/\/www.phase-6.de\/magazin\/wp-json\/wp\/v2\/posts"}],"about":[{"href":"https:\/\/www.phase-6.de\/magazin\/wp-json\/wp\/v2\/types\/post"}],"author":[{"embeddable":true,"href":"https:\/\/www.phase-6.de\/magazin\/wp-json\/wp\/v2\/users\/11"}],"replies":[{"embeddable":true,"href":"https:\/\/www.phase-6.de\/magazin\/wp-json\/wp\/v2\/comments?post=3671"}],"version-history":[{"count":0,"href":"https:\/\/www.phase-6.de\/magazin\/wp-json\/wp\/v2\/posts\/3671\/revisions"}],"wp:featuredmedia":[{"embeddable":true,"href":"https:\/\/www.phase-6.de\/magazin\/wp-json\/wp\/v2\/media\/6405"}],"wp:attachment":[{"href":"https:\/\/www.phase-6.de\/magazin\/wp-json\/wp\/v2\/media?parent=3671"}],"wp:term":[{"taxonomy":"category","embeddable":true,"href":"https:\/\/www.phase-6.de\/magazin\/wp-json\/wp\/v2\/categories?post=3671"},{"taxonomy":"post_tag","embeddable":true,"href":"https:\/\/www.phase-6.de\/magazin\/wp-json\/wp\/v2\/tags?post=3671"}],"curies":[{"name":"wp","href":"https:\/\/api.w.org\/{rel}","templated":true}]}}