{"id":3700,"date":"2021-10-15T00:00:00","date_gmt":"2021-10-15T00:00:00","guid":{"rendered":"https:\/\/www.phase-6.de\/magazin\/?p=3700"},"modified":"2025-12-11T13:41:53","modified_gmt":"2025-12-11T13:41:53","slug":"sprichwoerter-ueber-suppe-warum-sagen-wir-eigentlich","status":"publish","type":"post","link":"https:\/\/www.phase-6.de\/magazin\/rubriken\/sprichwoerter\/sprichwoerter-ueber-suppe-warum-sagen-wir-eigentlich\/","title":{"rendered":"Sprichw\u00f6rter \u00fcber Suppe &#8211; Warum sagen wir eigentlich\u2026?"},"content":{"rendered":"[et_pb_section fb_built=&#8220;1&#8243; _builder_version=&#8220;3.22&#8243;][et_pb_row _builder_version=&#8220;3.25&#8243; background_size=&#8220;initial&#8220; background_position=&#8220;top_left&#8220; background_repeat=&#8220;repeat&#8220;][et_pb_column type=&#8220;4_4&#8243; _builder_version=&#8220;3.25&#8243; custom_padding=&#8220;|||&#8220; custom_padding__hover=&#8220;|||&#8220;][et_pb_text _builder_version=&#8220;3.27.4&#8243; border_style=&#8220;solid&#8220;]\n<h2><span style=\"font-weight: 400;\">\u201cEs zieht wie Hechtsuppe!\u201d<\/span><\/h2>\n<p><span style=\"font-weight: 400;\">Wenn der kalte Wind im Winter den Schnee von den D\u00e4chern peitscht und er auch in die eigenen vier W\u00e4nde einzudringen scheint, kann der Satz <\/span><em><span style=\"font-weight: 400;\">\u201cHier drin zieht\u2019s wie Hechtsuppe!\u201d<\/span><\/em><span style=\"font-weight: 400;\"> schon mal fallen und wird meist vom Pr\u00fcfen aller Fenster in der Wohnung begleitet. Wir verwenden den Ausspruch immer dann, wenn wir unangenehme Zugluft wahrnehmen.<\/span><\/p>\n<p><span style=\"font-weight: 400;\">Dass eine gute Suppe nach dem Kochen noch eine Weile \u2018ziehen\u2019 muss, um alle Aromen zu entfalten und einen reichhaltigeren Geschmack zu erhalten, ist kein Geheimnis. Doch ist die Hechtsuppe nicht unbedingt daf\u00fcr bekannt, im Vergleich zu anderen Fischsuppen besonders lange ziehen zu m\u00fcssen. Je l\u00e4nger sie zieht, desto dickfl\u00fcssiger wird sie und nebenbei ist der Hecht auch nicht gerade pr\u00e4destiniert daf\u00fcr, in Suppen verarbeitet zu werden. Warum also Hechtsuppe und nicht einfach Fischsuppe oder\u2026 Suppe?<\/span><\/p>\n<div id=\"attachment_3703\" style=\"width: 310px\" class=\"wp-caption alignright\"><img aria-describedby=\"caption-attachment-3703\" loading=\"-\" decoding=\"async\" class=\"size-medium wp-image-3703\" src=\"https:\/\/www.phase-6.de\/magazin\/wp-content\/uploads\/2019\/02\/sw-suppe-300x216.jpg\" alt=\"Merke: Gut durchziehen lassen, die Suppe!\" width=\"300\" height=\"216\" srcset=\"https:\/\/www.phase-6.de\/magazin\/wp-content\/uploads\/2019\/02\/sw-suppe-300x216.jpg 300w, https:\/\/www.phase-6.de\/magazin\/wp-content\/uploads\/2019\/02\/sw-suppe.jpg 500w\" sizes=\"(max-width: 300px) 100vw, 300px\" \/><p id=\"caption-attachment-3703\" class=\"wp-caption-text\">Merke: Gut durchziehen lassen, die Suppe!<\/p><\/div>\n<p><span style=\"font-weight: 400;\">Der Ursprung dieser Redensart ist umstritten. Die meisten Erkl\u00e4rungen, die sich auf diversen Online-Plattformen befinden, vermuten den Ursprung im Hebr\u00e4ischen, wo \u201chech supha\u201d \u00fcbersetzt in etwa \u201cwie ein starker Luftzug\u201d oder \u201cwie ein Orkan\u201d bedeuten soll. Allerdings bleibt es fraglich, auf welche Quellen sich diese Plattformen berufen, denn f\u00fcr die Existenz des Ausdrucks \u201chech supha\u201d oder \u201chech soppa\u201d gibt es keinerlei Belege. Angeblich soll \u201chech\u201d \u00fcbersetzt \u201cwie\u201d bedeuten. Die einzige Sprache, in der diese Vokabel existiert, ist allerdings Usbekisch und dort lautet die deutsche \u00dcbersetzung: \u201cnichts\u201d. Das ergibt alles nicht viel Sinn.<\/span><\/p>\n<p><span style=\"font-weight: 400;\">Da mit der Redewendung \u201cziehen wie Hechtsuppe\u201d ein besonders starker, heftiger Windzug gemeint ist, beziehen sich anderen Erkl\u00e4rungen auf die Zugkraft des Fisches an der Angel. Bei dieser Herleitung bliebe allerdings die \u201cSuppe\u201d auf der Strecke. Es bleibt ein Mysterium. <\/span><br \/>\n[\/et_pb_text][et_pb_cta title=&#8220;Na, auf den Geschmack gekommen?&#8220; url_new_window=&#8220;on&#8220; _builder_version=&#8220;3.16&#8243; background_color=&#8220;#5e5e5d&#8220; border_style=&#8220;solid&#8220; button_letter_spacing_hover=&#8220;0&#8243; saved_tabs=&#8220;all&#8220; button_text_size__hover_enabled=&#8220;off&#8220; button_one_text_size__hover_enabled=&#8220;off&#8220; button_two_text_size__hover_enabled=&#8220;off&#8220; button_text_color__hover_enabled=&#8220;off&#8220; button_one_text_color__hover_enabled=&#8220;off&#8220; button_two_text_color__hover_enabled=&#8220;off&#8220; button_border_width__hover_enabled=&#8220;off&#8220; button_one_border_width__hover_enabled=&#8220;off&#8220; button_two_border_width__hover_enabled=&#8220;off&#8220; button_border_color__hover_enabled=&#8220;off&#8220; button_one_border_color__hover_enabled=&#8220;off&#8220; button_two_border_color__hover_enabled=&#8220;off&#8220; button_border_radius__hover_enabled=&#8220;off&#8220; button_one_border_radius__hover_enabled=&#8220;off&#8220; button_two_border_radius__hover_enabled=&#8220;off&#8220; button_letter_spacing__hover_enabled=&#8220;on&#8220; button_letter_spacing__hover=&#8220;0&#8243; button_one_letter_spacing__hover_enabled=&#8220;off&#8220; button_two_letter_spacing__hover_enabled=&#8220;off&#8220; button_bg_color__hover_enabled=&#8220;off&#8220; button_one_bg_color__hover_enabled=&#8220;off&#8220; button_two_bg_color__hover_enabled=&#8220;off&#8220;]Sieh dir auch die spannenden Geschichten hinter weiteren <a href=\"https:\/\/www.phase-6.de\/magazin\/redewendungen\/warum-sagen-wir-eigentlich-redewendungen-rund-ums-essen\/\" rel=\"noopener\"><span style=\"color: #fc7c00;\">Sprichw\u00f6rtern rund ums Essen<\/span><\/a> an!<br \/>\n[\/et_pb_cta][et_pb_text _builder_version=&#8220;3.27.4&#8243; border_style=&#8220;solid&#8220;]\n<p style=\"text-align: center;\">Quellen:\u00a0<span style=\"font-weight: 400;\">[<a href=\"https:\/\/www.abendblatt.de\/ratgeber\/wissen\/article107774963\/Warum-sagt-man-Es-zieht-wie-Hechtsuppe-bei-starker-Zugluft.html\" target=\"_blank\" rel=\"noopener noreferrer\">1<\/a>]\u00a0<\/span><\/p>\n<p>&nbsp;<br \/>\n[\/et_pb_text][\/et_pb_column][\/et_pb_row][\/et_pb_section]\n","protected":false},"excerpt":{"rendered":"<p>\u201cIst irgendwo ein Fenster auf? Hier zieht es wie Hechtsuppe!\u201d, hast du bestimmt schon mal geh\u00f6rt oder gesagt. Hast du dich mal gefragt, wo das Sprichwort herkommt? Hier erh\u00e4ltst du spannende Infos zur Bedeutung und Etymologie dieses Sprichworts.<\/p>\n","protected":false},"author":11,"featured_media":6401,"comment_status":"open","ping_status":"open","sticky":false,"template":"","format":"standard","meta":{"_acf_changed":false,"_yoast_wpseo_focuskw":"Suppe","_yoast_wpseo_title":"","_yoast_wpseo_metadesc":"Woher stammt das Sprichwort \u201ces zieht wie Hechtsuppe\u201d und warum verwenden wir es im Alltag? \u2713 spannende Hintergr\u00fcnde \u2713 Bedeutung \u2713 Herkunft","_yoast_wpseo_canonical":"","_yoast_wpseo_opengraph-title":"","_yoast_wpseo_opengraph-description":"","_et_pb_use_builder":"on","_et_pb_old_content":"","_et_gb_content_width":"","inline_featured_image":false,"footnotes":""},"categories":[64],"tags":[],"class_list":["post-3700","post","type-post","status-publish","format-standard","has-post-thumbnail","hentry","category-sprichwoerter","et-has-post-format-content","et_post_format-et-post-format-standard"],"acf":[],"yoast_head":"<!-- This site is optimized with the Yoast SEO plugin v26.9 - https:\/\/yoast.com\/product\/yoast-seo-wordpress\/ -->\n<title>Sprichw\u00f6rter \u00fcber Suppe - Warum sagen wir eigentlich\u2026? - phase6 Magazin<\/title>\n<meta name=\"description\" content=\"Woher stammt das Sprichwort \u201ces zieht wie Hechtsuppe\u201d und warum verwenden wir es im Alltag? \u2713 spannende Hintergr\u00fcnde \u2713 Bedeutung \u2713 Herkunft\" \/>\n<meta name=\"robots\" content=\"index, follow, max-snippet:-1, max-image-preview:large, max-video-preview:-1\" \/>\n<link rel=\"canonical\" href=\"https:\/\/www.phase-6.de\/magazin\/rubriken\/sprichwoerter\/sprichwoerter-ueber-suppe-warum-sagen-wir-eigentlich\/\" \/>\n<meta property=\"og:locale\" content=\"de_DE\" \/>\n<meta property=\"og:type\" content=\"article\" \/>\n<meta property=\"og:title\" content=\"Sprichw\u00f6rter \u00fcber Suppe - Warum sagen wir eigentlich\u2026? - phase6 Magazin\" \/>\n<meta property=\"og:description\" content=\"Woher stammt das Sprichwort \u201ces zieht wie Hechtsuppe\u201d und warum verwenden wir es im Alltag? \u2713 spannende Hintergr\u00fcnde \u2713 Bedeutung \u2713 Herkunft\" \/>\n<meta property=\"og:url\" content=\"https:\/\/www.phase-6.de\/magazin\/rubriken\/sprichwoerter\/sprichwoerter-ueber-suppe-warum-sagen-wir-eigentlich\/\" \/>\n<meta property=\"og:site_name\" content=\"phase6 Magazin\" \/>\n<meta property=\"article:publisher\" content=\"https:\/\/www.facebook.com\/phase6.de\/\" \/>\n<meta property=\"article:published_time\" content=\"2021-10-15T00:00:00+00:00\" \/>\n<meta property=\"article:modified_time\" content=\"2025-12-11T13:41:53+00:00\" \/>\n<meta property=\"og:image\" content=\"https:\/\/www.phase-6.de\/magazin\/wp-content\/uploads\/2019\/10\/sprichwoerter_suppe.jpg\" \/>\n\t<meta property=\"og:image:width\" content=\"1080\" \/>\n\t<meta property=\"og:image:height\" content=\"675\" \/>\n\t<meta property=\"og:image:type\" content=\"image\/jpeg\" \/>\n<meta name=\"author\" content=\"Rebecca\" \/>\n<meta name=\"twitter:card\" content=\"summary_large_image\" \/>\n<meta name=\"twitter:label1\" content=\"Verfasst von\" \/>\n\t<meta name=\"twitter:data1\" content=\"Rebecca\" \/>\n\t<meta name=\"twitter:label2\" content=\"Gesch\u00e4tzte Lesezeit\" \/>\n\t<meta name=\"twitter:data2\" content=\"3\u00a0Minuten\" \/>\n<script type=\"application\/ld+json\" class=\"yoast-schema-graph\">{\"@context\":\"https:\/\/schema.org\",\"@graph\":[{\"@type\":\"Article\",\"@id\":\"https:\/\/www.phase-6.de\/magazin\/rubriken\/sprichwoerter\/sprichwoerter-ueber-suppe-warum-sagen-wir-eigentlich\/#article\",\"isPartOf\":{\"@id\":\"https:\/\/www.phase-6.de\/magazin\/rubriken\/sprichwoerter\/sprichwoerter-ueber-suppe-warum-sagen-wir-eigentlich\/\"},\"author\":{\"name\":\"Rebecca\",\"@id\":\"https:\/\/www.phase-6.de\/magazin\/#\/schema\/person\/c79e16a5e9f43034e7a9f1876f3e96d4\"},\"headline\":\"Sprichw\u00f6rter \u00fcber Suppe &#8211; Warum sagen wir eigentlich\u2026?\",\"datePublished\":\"2021-10-15T00:00:00+00:00\",\"dateModified\":\"2025-12-11T13:41:53+00:00\",\"mainEntityOfPage\":{\"@id\":\"https:\/\/www.phase-6.de\/magazin\/rubriken\/sprichwoerter\/sprichwoerter-ueber-suppe-warum-sagen-wir-eigentlich\/\"},\"wordCount\":560,\"commentCount\":0,\"publisher\":{\"@id\":\"https:\/\/www.phase-6.de\/magazin\/#organization\"},\"image\":{\"@id\":\"https:\/\/www.phase-6.de\/magazin\/rubriken\/sprichwoerter\/sprichwoerter-ueber-suppe-warum-sagen-wir-eigentlich\/#primaryimage\"},\"thumbnailUrl\":\"https:\/\/www.phase-6.de\/magazin\/wp-content\/uploads\/2019\/10\/sprichwoerter_suppe.jpg\",\"articleSection\":[\"Sprichw\u00f6rter\"],\"inLanguage\":\"de\",\"potentialAction\":[{\"@type\":\"CommentAction\",\"name\":\"Comment\",\"target\":[\"https:\/\/www.phase-6.de\/magazin\/rubriken\/sprichwoerter\/sprichwoerter-ueber-suppe-warum-sagen-wir-eigentlich\/#respond\"]}]},{\"@type\":\"WebPage\",\"@id\":\"https:\/\/www.phase-6.de\/magazin\/rubriken\/sprichwoerter\/sprichwoerter-ueber-suppe-warum-sagen-wir-eigentlich\/\",\"url\":\"https:\/\/www.phase-6.de\/magazin\/rubriken\/sprichwoerter\/sprichwoerter-ueber-suppe-warum-sagen-wir-eigentlich\/\",\"name\":\"Sprichw\u00f6rter \u00fcber Suppe - Warum sagen wir eigentlich\u2026? - phase6 Magazin\",\"isPartOf\":{\"@id\":\"https:\/\/www.phase-6.de\/magazin\/#website\"},\"primaryImageOfPage\":{\"@id\":\"https:\/\/www.phase-6.de\/magazin\/rubriken\/sprichwoerter\/sprichwoerter-ueber-suppe-warum-sagen-wir-eigentlich\/#primaryimage\"},\"image\":{\"@id\":\"https:\/\/www.phase-6.de\/magazin\/rubriken\/sprichwoerter\/sprichwoerter-ueber-suppe-warum-sagen-wir-eigentlich\/#primaryimage\"},\"thumbnailUrl\":\"https:\/\/www.phase-6.de\/magazin\/wp-content\/uploads\/2019\/10\/sprichwoerter_suppe.jpg\",\"datePublished\":\"2021-10-15T00:00:00+00:00\",\"dateModified\":\"2025-12-11T13:41:53+00:00\",\"description\":\"Woher stammt das Sprichwort \u201ces zieht wie Hechtsuppe\u201d und warum verwenden wir es im Alltag? \u2713 spannende Hintergr\u00fcnde \u2713 Bedeutung \u2713 Herkunft\",\"breadcrumb\":{\"@id\":\"https:\/\/www.phase-6.de\/magazin\/rubriken\/sprichwoerter\/sprichwoerter-ueber-suppe-warum-sagen-wir-eigentlich\/#breadcrumb\"},\"inLanguage\":\"de\",\"potentialAction\":[{\"@type\":\"ReadAction\",\"target\":[\"https:\/\/www.phase-6.de\/magazin\/rubriken\/sprichwoerter\/sprichwoerter-ueber-suppe-warum-sagen-wir-eigentlich\/\"]}]},{\"@type\":\"ImageObject\",\"inLanguage\":\"de\",\"@id\":\"https:\/\/www.phase-6.de\/magazin\/rubriken\/sprichwoerter\/sprichwoerter-ueber-suppe-warum-sagen-wir-eigentlich\/#primaryimage\",\"url\":\"https:\/\/www.phase-6.de\/magazin\/wp-content\/uploads\/2019\/10\/sprichwoerter_suppe.jpg\",\"contentUrl\":\"https:\/\/www.phase-6.de\/magazin\/wp-content\/uploads\/2019\/10\/sprichwoerter_suppe.jpg\",\"width\":1080,\"height\":675,\"caption\":\"Suppe Sprichw\u00f6rter\"},{\"@type\":\"BreadcrumbList\",\"@id\":\"https:\/\/www.phase-6.de\/magazin\/rubriken\/sprichwoerter\/sprichwoerter-ueber-suppe-warum-sagen-wir-eigentlich\/#breadcrumb\",\"itemListElement\":[{\"@type\":\"ListItem\",\"position\":1,\"name\":\"Startseite\",\"item\":\"https:\/\/www.phase-6.de\/magazin\/\"},{\"@type\":\"ListItem\",\"position\":2,\"name\":\"Sprichw\u00f6rter \u00fcber Suppe &#8211; Warum sagen wir eigentlich\u2026?\"}]},{\"@type\":\"WebSite\",\"@id\":\"https:\/\/www.phase-6.de\/magazin\/#website\",\"url\":\"https:\/\/www.phase-6.de\/magazin\/\",\"name\":\"phase6 Magazin\",\"description\":\"Das Magazin f\u00fcr Sprache, Lernen &amp; Lehren\",\"publisher\":{\"@id\":\"https:\/\/www.phase-6.de\/magazin\/#organization\"},\"potentialAction\":[{\"@type\":\"SearchAction\",\"target\":{\"@type\":\"EntryPoint\",\"urlTemplate\":\"https:\/\/www.phase-6.de\/magazin\/?s={search_term_string}\"},\"query-input\":{\"@type\":\"PropertyValueSpecification\",\"valueRequired\":true,\"valueName\":\"search_term_string\"}}],\"inLanguage\":\"de\"},{\"@type\":\"Organization\",\"@id\":\"https:\/\/www.phase-6.de\/magazin\/#organization\",\"name\":\"phase-6 GmbH\",\"url\":\"https:\/\/www.phase-6.de\/magazin\/\",\"logo\":{\"@type\":\"ImageObject\",\"inLanguage\":\"de\",\"@id\":\"https:\/\/www.phase-6.de\/magazin\/#\/schema\/logo\/image\/\",\"url\":\"https:\/\/www.phase-6.de\/magazin\/wp-content\/uploads\/2017\/07\/phase6_logo2017.png\",\"contentUrl\":\"https:\/\/www.phase-6.de\/magazin\/wp-content\/uploads\/2017\/07\/phase6_logo2017.png\",\"width\":709,\"height\":200,\"caption\":\"phase-6 GmbH\"},\"image\":{\"@id\":\"https:\/\/www.phase-6.de\/magazin\/#\/schema\/logo\/image\/\"},\"sameAs\":[\"https:\/\/www.facebook.com\/phase6.de\/\",\"https:\/\/de.wikipedia.org\/wiki\/Phase6\"]},{\"@type\":\"Person\",\"@id\":\"https:\/\/www.phase-6.de\/magazin\/#\/schema\/person\/c79e16a5e9f43034e7a9f1876f3e96d4\",\"name\":\"Rebecca\",\"url\":\"https:\/\/www.phase-6.de\/magazin\/author\/rebecca\/\"}]}<\/script>\n<!-- \/ Yoast SEO plugin. -->","yoast_head_json":{"title":"Sprichw\u00f6rter \u00fcber Suppe - Warum sagen wir eigentlich\u2026? - phase6 Magazin","description":"Woher stammt das Sprichwort \u201ces zieht wie Hechtsuppe\u201d und warum verwenden wir es im Alltag? \u2713 spannende Hintergr\u00fcnde \u2713 Bedeutung \u2713 Herkunft","robots":{"index":"index","follow":"follow","max-snippet":"max-snippet:-1","max-image-preview":"max-image-preview:large","max-video-preview":"max-video-preview:-1"},"canonical":"https:\/\/www.phase-6.de\/magazin\/rubriken\/sprichwoerter\/sprichwoerter-ueber-suppe-warum-sagen-wir-eigentlich\/","og_locale":"de_DE","og_type":"article","og_title":"Sprichw\u00f6rter \u00fcber Suppe - Warum sagen wir eigentlich\u2026? - phase6 Magazin","og_description":"Woher stammt das Sprichwort \u201ces zieht wie Hechtsuppe\u201d und warum verwenden wir es im Alltag? \u2713 spannende Hintergr\u00fcnde \u2713 Bedeutung \u2713 Herkunft","og_url":"https:\/\/www.phase-6.de\/magazin\/rubriken\/sprichwoerter\/sprichwoerter-ueber-suppe-warum-sagen-wir-eigentlich\/","og_site_name":"phase6 Magazin","article_publisher":"https:\/\/www.facebook.com\/phase6.de\/","article_published_time":"2021-10-15T00:00:00+00:00","article_modified_time":"2025-12-11T13:41:53+00:00","og_image":[{"width":1080,"height":675,"url":"https:\/\/www.phase-6.de\/magazin\/wp-content\/uploads\/2019\/10\/sprichwoerter_suppe.jpg","type":"image\/jpeg"}],"author":"Rebecca","twitter_card":"summary_large_image","twitter_misc":{"Verfasst von":"Rebecca","Gesch\u00e4tzte Lesezeit":"3\u00a0Minuten"},"schema":{"@context":"https:\/\/schema.org","@graph":[{"@type":"Article","@id":"https:\/\/www.phase-6.de\/magazin\/rubriken\/sprichwoerter\/sprichwoerter-ueber-suppe-warum-sagen-wir-eigentlich\/#article","isPartOf":{"@id":"https:\/\/www.phase-6.de\/magazin\/rubriken\/sprichwoerter\/sprichwoerter-ueber-suppe-warum-sagen-wir-eigentlich\/"},"author":{"name":"Rebecca","@id":"https:\/\/www.phase-6.de\/magazin\/#\/schema\/person\/c79e16a5e9f43034e7a9f1876f3e96d4"},"headline":"Sprichw\u00f6rter \u00fcber Suppe &#8211; Warum sagen wir eigentlich\u2026?","datePublished":"2021-10-15T00:00:00+00:00","dateModified":"2025-12-11T13:41:53+00:00","mainEntityOfPage":{"@id":"https:\/\/www.phase-6.de\/magazin\/rubriken\/sprichwoerter\/sprichwoerter-ueber-suppe-warum-sagen-wir-eigentlich\/"},"wordCount":560,"commentCount":0,"publisher":{"@id":"https:\/\/www.phase-6.de\/magazin\/#organization"},"image":{"@id":"https:\/\/www.phase-6.de\/magazin\/rubriken\/sprichwoerter\/sprichwoerter-ueber-suppe-warum-sagen-wir-eigentlich\/#primaryimage"},"thumbnailUrl":"https:\/\/www.phase-6.de\/magazin\/wp-content\/uploads\/2019\/10\/sprichwoerter_suppe.jpg","articleSection":["Sprichw\u00f6rter"],"inLanguage":"de","potentialAction":[{"@type":"CommentAction","name":"Comment","target":["https:\/\/www.phase-6.de\/magazin\/rubriken\/sprichwoerter\/sprichwoerter-ueber-suppe-warum-sagen-wir-eigentlich\/#respond"]}]},{"@type":"WebPage","@id":"https:\/\/www.phase-6.de\/magazin\/rubriken\/sprichwoerter\/sprichwoerter-ueber-suppe-warum-sagen-wir-eigentlich\/","url":"https:\/\/www.phase-6.de\/magazin\/rubriken\/sprichwoerter\/sprichwoerter-ueber-suppe-warum-sagen-wir-eigentlich\/","name":"Sprichw\u00f6rter \u00fcber Suppe - Warum sagen wir eigentlich\u2026? - phase6 Magazin","isPartOf":{"@id":"https:\/\/www.phase-6.de\/magazin\/#website"},"primaryImageOfPage":{"@id":"https:\/\/www.phase-6.de\/magazin\/rubriken\/sprichwoerter\/sprichwoerter-ueber-suppe-warum-sagen-wir-eigentlich\/#primaryimage"},"image":{"@id":"https:\/\/www.phase-6.de\/magazin\/rubriken\/sprichwoerter\/sprichwoerter-ueber-suppe-warum-sagen-wir-eigentlich\/#primaryimage"},"thumbnailUrl":"https:\/\/www.phase-6.de\/magazin\/wp-content\/uploads\/2019\/10\/sprichwoerter_suppe.jpg","datePublished":"2021-10-15T00:00:00+00:00","dateModified":"2025-12-11T13:41:53+00:00","description":"Woher stammt das Sprichwort \u201ces zieht wie Hechtsuppe\u201d und warum verwenden wir es im Alltag? \u2713 spannende Hintergr\u00fcnde \u2713 Bedeutung \u2713 Herkunft","breadcrumb":{"@id":"https:\/\/www.phase-6.de\/magazin\/rubriken\/sprichwoerter\/sprichwoerter-ueber-suppe-warum-sagen-wir-eigentlich\/#breadcrumb"},"inLanguage":"de","potentialAction":[{"@type":"ReadAction","target":["https:\/\/www.phase-6.de\/magazin\/rubriken\/sprichwoerter\/sprichwoerter-ueber-suppe-warum-sagen-wir-eigentlich\/"]}]},{"@type":"ImageObject","inLanguage":"de","@id":"https:\/\/www.phase-6.de\/magazin\/rubriken\/sprichwoerter\/sprichwoerter-ueber-suppe-warum-sagen-wir-eigentlich\/#primaryimage","url":"https:\/\/www.phase-6.de\/magazin\/wp-content\/uploads\/2019\/10\/sprichwoerter_suppe.jpg","contentUrl":"https:\/\/www.phase-6.de\/magazin\/wp-content\/uploads\/2019\/10\/sprichwoerter_suppe.jpg","width":1080,"height":675,"caption":"Suppe Sprichw\u00f6rter"},{"@type":"BreadcrumbList","@id":"https:\/\/www.phase-6.de\/magazin\/rubriken\/sprichwoerter\/sprichwoerter-ueber-suppe-warum-sagen-wir-eigentlich\/#breadcrumb","itemListElement":[{"@type":"ListItem","position":1,"name":"Startseite","item":"https:\/\/www.phase-6.de\/magazin\/"},{"@type":"ListItem","position":2,"name":"Sprichw\u00f6rter \u00fcber Suppe &#8211; Warum sagen wir eigentlich\u2026?"}]},{"@type":"WebSite","@id":"https:\/\/www.phase-6.de\/magazin\/#website","url":"https:\/\/www.phase-6.de\/magazin\/","name":"phase6 Magazin","description":"Das Magazin f\u00fcr Sprache, Lernen &amp; Lehren","publisher":{"@id":"https:\/\/www.phase-6.de\/magazin\/#organization"},"potentialAction":[{"@type":"SearchAction","target":{"@type":"EntryPoint","urlTemplate":"https:\/\/www.phase-6.de\/magazin\/?s={search_term_string}"},"query-input":{"@type":"PropertyValueSpecification","valueRequired":true,"valueName":"search_term_string"}}],"inLanguage":"de"},{"@type":"Organization","@id":"https:\/\/www.phase-6.de\/magazin\/#organization","name":"phase-6 GmbH","url":"https:\/\/www.phase-6.de\/magazin\/","logo":{"@type":"ImageObject","inLanguage":"de","@id":"https:\/\/www.phase-6.de\/magazin\/#\/schema\/logo\/image\/","url":"https:\/\/www.phase-6.de\/magazin\/wp-content\/uploads\/2017\/07\/phase6_logo2017.png","contentUrl":"https:\/\/www.phase-6.de\/magazin\/wp-content\/uploads\/2017\/07\/phase6_logo2017.png","width":709,"height":200,"caption":"phase-6 GmbH"},"image":{"@id":"https:\/\/www.phase-6.de\/magazin\/#\/schema\/logo\/image\/"},"sameAs":["https:\/\/www.facebook.com\/phase6.de\/","https:\/\/de.wikipedia.org\/wiki\/Phase6"]},{"@type":"Person","@id":"https:\/\/www.phase-6.de\/magazin\/#\/schema\/person\/c79e16a5e9f43034e7a9f1876f3e96d4","name":"Rebecca","url":"https:\/\/www.phase-6.de\/magazin\/author\/rebecca\/"}]}},"_links":{"self":[{"href":"https:\/\/www.phase-6.de\/magazin\/wp-json\/wp\/v2\/posts\/3700","targetHints":{"allow":["GET"]}}],"collection":[{"href":"https:\/\/www.phase-6.de\/magazin\/wp-json\/wp\/v2\/posts"}],"about":[{"href":"https:\/\/www.phase-6.de\/magazin\/wp-json\/wp\/v2\/types\/post"}],"author":[{"embeddable":true,"href":"https:\/\/www.phase-6.de\/magazin\/wp-json\/wp\/v2\/users\/11"}],"replies":[{"embeddable":true,"href":"https:\/\/www.phase-6.de\/magazin\/wp-json\/wp\/v2\/comments?post=3700"}],"version-history":[{"count":0,"href":"https:\/\/www.phase-6.de\/magazin\/wp-json\/wp\/v2\/posts\/3700\/revisions"}],"wp:featuredmedia":[{"embeddable":true,"href":"https:\/\/www.phase-6.de\/magazin\/wp-json\/wp\/v2\/media\/6401"}],"wp:attachment":[{"href":"https:\/\/www.phase-6.de\/magazin\/wp-json\/wp\/v2\/media?parent=3700"}],"wp:term":[{"taxonomy":"category","embeddable":true,"href":"https:\/\/www.phase-6.de\/magazin\/wp-json\/wp\/v2\/categories?post=3700"},{"taxonomy":"post_tag","embeddable":true,"href":"https:\/\/www.phase-6.de\/magazin\/wp-json\/wp\/v2\/tags?post=3700"}],"curies":[{"name":"wp","href":"https:\/\/api.w.org\/{rel}","templated":true}]}}