{"id":3715,"date":"2021-12-16T00:00:00","date_gmt":"2021-12-16T00:00:00","guid":{"rendered":"https:\/\/www.phase-6.de\/magazin\/?p=3715"},"modified":"2025-12-11T13:41:51","modified_gmt":"2025-12-11T13:41:51","slug":"sprichwoerter-ueber-butter-warum-sagen-wir-eigentlich","status":"publish","type":"post","link":"https:\/\/www.phase-6.de\/magazin\/rubriken\/sprichwoerter\/sprichwoerter-ueber-butter-warum-sagen-wir-eigentlich\/","title":{"rendered":"Sprichw\u00f6rter \u00fcber Butter &#8211; Warum sagen wir eigentlich\u2026?"},"content":{"rendered":"[et_pb_section fb_built=&#8220;1&#8243; _builder_version=&#8220;3.22&#8243;][et_pb_row _builder_version=&#8220;3.25&#8243; background_size=&#8220;initial&#8220; background_position=&#8220;top_left&#8220; background_repeat=&#8220;repeat&#8220;][et_pb_column type=&#8220;4_4&#8243; _builder_version=&#8220;3.25&#8243; custom_padding=&#8220;|||&#8220; custom_padding__hover=&#8220;|||&#8220;][et_pb_text _builder_version=&#8220;4.0.4&#8243; border_style=&#8220;solid&#8220;]\n<h2>\u00a0<span style=\"font-weight: 400;\">Alles in Butter<\/span><\/h2>\n<p><span style=\"font-weight: 400;\">\u00dcblicherweise sagen wir: <\/span><span style=\"font-weight: 400;\">\u201cEs ist alles in Butter!\u201d<\/span><span style=\"font-weight: 400;\">, wenn alles in bester Ordnung ist. Wenn wir uns vorstellen, dass unsere Sachen oder gar wir selbst mit dem schmierigen Speisefett bedeckt sind, ist das f\u00fcr gew\u00f6hnlich kein Zustand, den wir als \u201cin Ordnung\u201d bezeichnen w\u00fcrden. Warum sagen wir also so komische Dinge?<\/span><\/p>\n<p><span style=\"font-weight: 400;\">Sp\u00e4testens seitdem der von Walter Moers erschaffene Kinderheld K\u00e4pt\u2019n Blaub\u00e4r die Kindheit vieler Menschen bereichert, wurde die Redensart zu einem gefl\u00fcgelten Wort. Bei dem Titelsong \u201cAlles im Lot auf\u2019m Boot, alles in Butter auf\u2019m Kutter\u201d k\u00f6nnen auch bestimmt heute noch viele Kinder und Erwachsene mittr\u00e4llern. <\/span><\/p>\n<div id=\"attachment_5540\" style=\"width: 495px\" class=\"wp-caption aligncenter\"><img aria-describedby=\"caption-attachment-5540\" loading=\"-\" decoding=\"async\" class=\"wp-image-5540 size-full\" src=\"https:\/\/www.phase-6.de\/magazin\/wp-content\/uploads\/2019\/12\/alles-in-butter.jpg\" alt=\"alles in butter\" width=\"485\" height=\"300\" srcset=\"https:\/\/www.phase-6.de\/magazin\/wp-content\/uploads\/2019\/12\/alles-in-butter.jpg 485w, https:\/\/www.phase-6.de\/magazin\/wp-content\/uploads\/2019\/12\/alles-in-butter-300x186.jpg 300w\" sizes=\"(max-width: 485px) 100vw, 485px\" \/><p id=\"caption-attachment-5540\" class=\"wp-caption-text\">Auf der holprigen Fahrt darf das teure Porzellan nicht zerbrechen&#8230;<\/p><\/div>\n<p><span style=\"font-weight: 400;\">Um herauszufinden, wo die Redensart \u201calles in Butter\u201d herkommt, blicken wir zur\u00fcck ins Mittelalter. Damals waren Kutschen g\u00e4ngige Transportmittel und wurden auch von Leuten, die Handel betrieben, genutzt. Um Gl\u00e4ser, Teller und Vasen \u00fcber die Alpen von Italien nach Deutschland zu transportieren, mussten sich die H\u00e4ndlerinnen und H\u00e4ndler etwas einfallen lassen, damit das wertvolle Porzellan bei den holprigen Kutschfahrten nicht vom Wagen fiel und zu Bruch ging. Einfache Decken boten oft nicht den erw\u00fcnschten Halt und nahmen zudem vergleichsweise viel Platz ein.<\/span><\/p>\n<p><span style=\"font-weight: 400;\">Der rettende Einfall: Butter. Man erhitzte das tierische Fett, bis es fl\u00fcssig wurde und \u00fcbergoss damit das im Koffer drapierte Porzellangeschirr. Die wieder fest gewordene Butter diente kurz darauf als Schutz f\u00fcr die zerbrechliche Ware, die nun trotz eventueller St\u00fcrze unbeschadet am Zielort ankam. Dort wurde die Butter wieder erhitzt, sodass das Geschirr herausgenommen und gereinigt werden konnte. Wenn also etwas in Butter war, war es in Sicherheit.<\/span><\/p>\n<div id=\"attachment_3717\" style=\"width: 510px\" class=\"wp-caption aligncenter\"><img aria-describedby=\"caption-attachment-3717\" loading=\"-\" decoding=\"async\" class=\"wp-image-3717 size-full\" src=\"https:\/\/www.phase-6.de\/magazin\/wp-content\/uploads\/2019\/02\/SW-Butter.jpg\" alt=\"&quot;Ist noch alles in Butter?&quot;\" width=\"500\" height=\"353\" srcset=\"https:\/\/www.phase-6.de\/magazin\/wp-content\/uploads\/2019\/02\/SW-Butter.jpg 500w, https:\/\/www.phase-6.de\/magazin\/wp-content\/uploads\/2019\/02\/SW-Butter-300x212.jpg 300w\" sizes=\"(max-width: 500px) 100vw, 500px\" \/><p id=\"caption-attachment-3717\" class=\"wp-caption-text\">&#8222;Ist noch alles in Butter?&#8220;<\/p><\/div>\n<p><span style=\"font-weight: 400;\">Sp\u00e4ter wendeten auch Adlige dieses Prinzip an und lie\u00dfen Porzellan in fl\u00fcssige Butter gie\u00dfen, wenn sie von Hofsitz zu Hofsitz zogen. In beiden F\u00e4llen lautete die erste Frage am Zielort:<\/span><span style=\"font-weight: 400;\"> \u201cIst noch alles in Butter?\u201d<\/span><span style=\"font-weight: 400;\">[1]<\/span><\/p>\n[\/et_pb_text][et_pb_cta title=&#8220;Na, auf den Geschmack gekommen?&#8220; url_new_window=&#8220;on&#8220; _builder_version=&#8220;3.16&#8243; background_color=&#8220;#5e5e5d&#8220; border_style=&#8220;solid&#8220; button_letter_spacing_hover=&#8220;0&#8243; saved_tabs=&#8220;all&#8220; button_text_size__hover_enabled=&#8220;off&#8220; button_one_text_size__hover_enabled=&#8220;off&#8220; button_two_text_size__hover_enabled=&#8220;off&#8220; button_text_color__hover_enabled=&#8220;off&#8220; button_one_text_color__hover_enabled=&#8220;off&#8220; button_two_text_color__hover_enabled=&#8220;off&#8220; button_border_width__hover_enabled=&#8220;off&#8220; button_one_border_width__hover_enabled=&#8220;off&#8220; button_two_border_width__hover_enabled=&#8220;off&#8220; button_border_color__hover_enabled=&#8220;off&#8220; button_one_border_color__hover_enabled=&#8220;off&#8220; button_two_border_color__hover_enabled=&#8220;off&#8220; button_border_radius__hover_enabled=&#8220;off&#8220; button_one_border_radius__hover_enabled=&#8220;off&#8220; button_two_border_radius__hover_enabled=&#8220;off&#8220; button_letter_spacing__hover_enabled=&#8220;on&#8220; button_letter_spacing__hover=&#8220;0&#8243; button_one_letter_spacing__hover_enabled=&#8220;off&#8220; button_two_letter_spacing__hover_enabled=&#8220;off&#8220; button_bg_color__hover_enabled=&#8220;off&#8220; button_one_bg_color__hover_enabled=&#8220;off&#8220; button_two_bg_color__hover_enabled=&#8220;off&#8220;]Sieh dir auch die spannenden Geschichten hinter weiteren <a href=\"https:\/\/www.phase-6.de\/magazin\/redewendungen\/warum-sagen-wir-eigentlich-redewendungen-rund-ums-essen\/\" rel=\"noopener\"><span style=\"color: #fc7c00;\">Sprichw\u00f6rtern rund ums Essen<\/span><\/a> an!<br \/>\n[\/et_pb_cta][et_pb_text _builder_version=&#8220;3.27.4&#8243; border_style=&#8220;solid&#8220;]\n<p style=\"text-align: center;\"><span style=\"font-weight: 400;\">Quellen:\u00a0<\/span><span style=\"font-weight: 400;\">[<a href=\"https:\/\/www.geo.de\/geolino\/redewendungen\/7779-rtkl-redewendung-alles-butter\" target=\"_blank\" rel=\"noopener noreferrer\">1<\/a>]\u00a0<\/span><\/p>\n<p>&nbsp;<br \/>\n[\/et_pb_text][\/et_pb_column][\/et_pb_row][\/et_pb_section]\n","protected":false},"excerpt":{"rendered":"<p>Na, ist bei dir \u201calles in Butter\u201d auf dem Kutter? Wenn ja, bedeutet das, dass gerade alles l\u00e4uft wie geschmiert? Hinter dieser kulinarischen Redewendung steckt eine spannende Bedeutung und eine sehr einfallsreiche Entstehungsgeschichte. Wir erz\u00e4hlen sie dir!<\/p>\n","protected":false},"author":11,"featured_media":7767,"comment_status":"open","ping_status":"open","sticky":false,"template":"","format":"standard","meta":{"_acf_changed":false,"_yoast_wpseo_focuskw":"Butter","_yoast_wpseo_title":"","_yoast_wpseo_metadesc":"Woher stammt die Redewendung \u201c alles in Butter \u201c? Vom Kinderbuchhelden K\u00e4pt\u2019n Blaub\u00e4r jedenfalls nicht... \u2713 spannende Hintergr\u00fcnde \u2713 Bedeutung \u2713 Herkunft","_yoast_wpseo_canonical":"","_yoast_wpseo_opengraph-title":"","_yoast_wpseo_opengraph-description":"","_et_pb_use_builder":"on","_et_pb_old_content":"","_et_gb_content_width":"","inline_featured_image":false,"footnotes":""},"categories":[64],"tags":[],"class_list":["post-3715","post","type-post","status-publish","format-standard","has-post-thumbnail","hentry","category-sprichwoerter","et-has-post-format-content","et_post_format-et-post-format-standard"],"acf":[],"yoast_head":"<!-- This site is optimized with the Yoast SEO plugin v26.9 - https:\/\/yoast.com\/product\/yoast-seo-wordpress\/ -->\n<title>Sprichw\u00f6rter \u00fcber Butter - Warum sagen wir eigentlich\u2026? - phase6 Magazin<\/title>\n<meta name=\"description\" content=\"Woher stammt die Redewendung \u201c alles in Butter \u201c? Vom Kinderbuchhelden K\u00e4pt\u2019n Blaub\u00e4r jedenfalls nicht... \u2713 spannende Hintergr\u00fcnde \u2713 Bedeutung \u2713 Herkunft\" \/>\n<meta name=\"robots\" content=\"index, follow, max-snippet:-1, max-image-preview:large, max-video-preview:-1\" \/>\n<link rel=\"canonical\" href=\"https:\/\/www.phase-6.de\/magazin\/rubriken\/sprichwoerter\/sprichwoerter-ueber-butter-warum-sagen-wir-eigentlich\/\" \/>\n<meta property=\"og:locale\" content=\"de_DE\" \/>\n<meta property=\"og:type\" content=\"article\" \/>\n<meta property=\"og:title\" content=\"Sprichw\u00f6rter \u00fcber Butter - Warum sagen wir eigentlich\u2026? - phase6 Magazin\" \/>\n<meta property=\"og:description\" content=\"Woher stammt die Redewendung \u201c alles in Butter \u201c? Vom Kinderbuchhelden K\u00e4pt\u2019n Blaub\u00e4r jedenfalls nicht... \u2713 spannende Hintergr\u00fcnde \u2713 Bedeutung \u2713 Herkunft\" \/>\n<meta property=\"og:url\" content=\"https:\/\/www.phase-6.de\/magazin\/rubriken\/sprichwoerter\/sprichwoerter-ueber-butter-warum-sagen-wir-eigentlich\/\" \/>\n<meta property=\"og:site_name\" content=\"phase6 Magazin\" \/>\n<meta property=\"article:publisher\" content=\"https:\/\/www.facebook.com\/phase6.de\/\" \/>\n<meta property=\"article:published_time\" content=\"2021-12-16T00:00:00+00:00\" \/>\n<meta property=\"article:modified_time\" content=\"2025-12-11T13:41:51+00:00\" \/>\n<meta property=\"og:image\" content=\"https:\/\/www.phase-6.de\/magazin\/wp-content\/uploads\/2019\/12\/sprichw\u00f6rter_butter.jpg\" \/>\n\t<meta property=\"og:image:width\" content=\"1080\" \/>\n\t<meta property=\"og:image:height\" content=\"675\" \/>\n\t<meta property=\"og:image:type\" content=\"image\/jpeg\" \/>\n<meta name=\"author\" content=\"Rebecca\" \/>\n<meta name=\"twitter:card\" content=\"summary_large_image\" \/>\n<meta name=\"twitter:label1\" content=\"Verfasst von\" \/>\n\t<meta name=\"twitter:data1\" content=\"Rebecca\" \/>\n\t<meta name=\"twitter:label2\" content=\"Gesch\u00e4tzte Lesezeit\" \/>\n\t<meta name=\"twitter:data2\" content=\"3\u00a0Minuten\" \/>\n<script type=\"application\/ld+json\" class=\"yoast-schema-graph\">{\"@context\":\"https:\/\/schema.org\",\"@graph\":[{\"@type\":\"Article\",\"@id\":\"https:\/\/www.phase-6.de\/magazin\/rubriken\/sprichwoerter\/sprichwoerter-ueber-butter-warum-sagen-wir-eigentlich\/#article\",\"isPartOf\":{\"@id\":\"https:\/\/www.phase-6.de\/magazin\/rubriken\/sprichwoerter\/sprichwoerter-ueber-butter-warum-sagen-wir-eigentlich\/\"},\"author\":{\"name\":\"Rebecca\",\"@id\":\"https:\/\/www.phase-6.de\/magazin\/#\/schema\/person\/c79e16a5e9f43034e7a9f1876f3e96d4\"},\"headline\":\"Sprichw\u00f6rter \u00fcber Butter &#8211; Warum sagen wir eigentlich\u2026?\",\"datePublished\":\"2021-12-16T00:00:00+00:00\",\"dateModified\":\"2025-12-11T13:41:51+00:00\",\"mainEntityOfPage\":{\"@id\":\"https:\/\/www.phase-6.de\/magazin\/rubriken\/sprichwoerter\/sprichwoerter-ueber-butter-warum-sagen-wir-eigentlich\/\"},\"wordCount\":605,\"commentCount\":0,\"publisher\":{\"@id\":\"https:\/\/www.phase-6.de\/magazin\/#organization\"},\"image\":{\"@id\":\"https:\/\/www.phase-6.de\/magazin\/rubriken\/sprichwoerter\/sprichwoerter-ueber-butter-warum-sagen-wir-eigentlich\/#primaryimage\"},\"thumbnailUrl\":\"https:\/\/www.phase-6.de\/magazin\/wp-content\/uploads\/2019\/12\/sprichw\u00f6rter_butter.jpg\",\"articleSection\":[\"Sprichw\u00f6rter\"],\"inLanguage\":\"de\",\"potentialAction\":[{\"@type\":\"CommentAction\",\"name\":\"Comment\",\"target\":[\"https:\/\/www.phase-6.de\/magazin\/rubriken\/sprichwoerter\/sprichwoerter-ueber-butter-warum-sagen-wir-eigentlich\/#respond\"]}]},{\"@type\":\"WebPage\",\"@id\":\"https:\/\/www.phase-6.de\/magazin\/rubriken\/sprichwoerter\/sprichwoerter-ueber-butter-warum-sagen-wir-eigentlich\/\",\"url\":\"https:\/\/www.phase-6.de\/magazin\/rubriken\/sprichwoerter\/sprichwoerter-ueber-butter-warum-sagen-wir-eigentlich\/\",\"name\":\"Sprichw\u00f6rter \u00fcber Butter - Warum sagen wir eigentlich\u2026? - phase6 Magazin\",\"isPartOf\":{\"@id\":\"https:\/\/www.phase-6.de\/magazin\/#website\"},\"primaryImageOfPage\":{\"@id\":\"https:\/\/www.phase-6.de\/magazin\/rubriken\/sprichwoerter\/sprichwoerter-ueber-butter-warum-sagen-wir-eigentlich\/#primaryimage\"},\"image\":{\"@id\":\"https:\/\/www.phase-6.de\/magazin\/rubriken\/sprichwoerter\/sprichwoerter-ueber-butter-warum-sagen-wir-eigentlich\/#primaryimage\"},\"thumbnailUrl\":\"https:\/\/www.phase-6.de\/magazin\/wp-content\/uploads\/2019\/12\/sprichw\u00f6rter_butter.jpg\",\"datePublished\":\"2021-12-16T00:00:00+00:00\",\"dateModified\":\"2025-12-11T13:41:51+00:00\",\"description\":\"Woher stammt die Redewendung \u201c alles in Butter \u201c? Vom Kinderbuchhelden K\u00e4pt\u2019n Blaub\u00e4r jedenfalls nicht... \u2713 spannende Hintergr\u00fcnde \u2713 Bedeutung \u2713 Herkunft\",\"breadcrumb\":{\"@id\":\"https:\/\/www.phase-6.de\/magazin\/rubriken\/sprichwoerter\/sprichwoerter-ueber-butter-warum-sagen-wir-eigentlich\/#breadcrumb\"},\"inLanguage\":\"de\",\"potentialAction\":[{\"@type\":\"ReadAction\",\"target\":[\"https:\/\/www.phase-6.de\/magazin\/rubriken\/sprichwoerter\/sprichwoerter-ueber-butter-warum-sagen-wir-eigentlich\/\"]}]},{\"@type\":\"ImageObject\",\"inLanguage\":\"de\",\"@id\":\"https:\/\/www.phase-6.de\/magazin\/rubriken\/sprichwoerter\/sprichwoerter-ueber-butter-warum-sagen-wir-eigentlich\/#primaryimage\",\"url\":\"https:\/\/www.phase-6.de\/magazin\/wp-content\/uploads\/2019\/12\/sprichw\u00f6rter_butter.jpg\",\"contentUrl\":\"https:\/\/www.phase-6.de\/magazin\/wp-content\/uploads\/2019\/12\/sprichw\u00f6rter_butter.jpg\",\"width\":1080,\"height\":675,\"caption\":\"Sprichw\u00f6rter \u00fcber Butter\"},{\"@type\":\"BreadcrumbList\",\"@id\":\"https:\/\/www.phase-6.de\/magazin\/rubriken\/sprichwoerter\/sprichwoerter-ueber-butter-warum-sagen-wir-eigentlich\/#breadcrumb\",\"itemListElement\":[{\"@type\":\"ListItem\",\"position\":1,\"name\":\"Startseite\",\"item\":\"https:\/\/www.phase-6.de\/magazin\/\"},{\"@type\":\"ListItem\",\"position\":2,\"name\":\"Sprichw\u00f6rter \u00fcber Butter &#8211; Warum sagen wir eigentlich\u2026?\"}]},{\"@type\":\"WebSite\",\"@id\":\"https:\/\/www.phase-6.de\/magazin\/#website\",\"url\":\"https:\/\/www.phase-6.de\/magazin\/\",\"name\":\"phase6 Magazin\",\"description\":\"Das Magazin f\u00fcr Sprache, Lernen &amp; Lehren\",\"publisher\":{\"@id\":\"https:\/\/www.phase-6.de\/magazin\/#organization\"},\"potentialAction\":[{\"@type\":\"SearchAction\",\"target\":{\"@type\":\"EntryPoint\",\"urlTemplate\":\"https:\/\/www.phase-6.de\/magazin\/?s={search_term_string}\"},\"query-input\":{\"@type\":\"PropertyValueSpecification\",\"valueRequired\":true,\"valueName\":\"search_term_string\"}}],\"inLanguage\":\"de\"},{\"@type\":\"Organization\",\"@id\":\"https:\/\/www.phase-6.de\/magazin\/#organization\",\"name\":\"phase-6 GmbH\",\"url\":\"https:\/\/www.phase-6.de\/magazin\/\",\"logo\":{\"@type\":\"ImageObject\",\"inLanguage\":\"de\",\"@id\":\"https:\/\/www.phase-6.de\/magazin\/#\/schema\/logo\/image\/\",\"url\":\"https:\/\/www.phase-6.de\/magazin\/wp-content\/uploads\/2017\/07\/phase6_logo2017.png\",\"contentUrl\":\"https:\/\/www.phase-6.de\/magazin\/wp-content\/uploads\/2017\/07\/phase6_logo2017.png\",\"width\":709,\"height\":200,\"caption\":\"phase-6 GmbH\"},\"image\":{\"@id\":\"https:\/\/www.phase-6.de\/magazin\/#\/schema\/logo\/image\/\"},\"sameAs\":[\"https:\/\/www.facebook.com\/phase6.de\/\",\"https:\/\/de.wikipedia.org\/wiki\/Phase6\"]},{\"@type\":\"Person\",\"@id\":\"https:\/\/www.phase-6.de\/magazin\/#\/schema\/person\/c79e16a5e9f43034e7a9f1876f3e96d4\",\"name\":\"Rebecca\",\"url\":\"https:\/\/www.phase-6.de\/magazin\/author\/rebecca\/\"}]}<\/script>\n<!-- \/ Yoast SEO plugin. -->","yoast_head_json":{"title":"Sprichw\u00f6rter \u00fcber Butter - Warum sagen wir eigentlich\u2026? - phase6 Magazin","description":"Woher stammt die Redewendung \u201c alles in Butter \u201c? Vom Kinderbuchhelden K\u00e4pt\u2019n Blaub\u00e4r jedenfalls nicht... \u2713 spannende Hintergr\u00fcnde \u2713 Bedeutung \u2713 Herkunft","robots":{"index":"index","follow":"follow","max-snippet":"max-snippet:-1","max-image-preview":"max-image-preview:large","max-video-preview":"max-video-preview:-1"},"canonical":"https:\/\/www.phase-6.de\/magazin\/rubriken\/sprichwoerter\/sprichwoerter-ueber-butter-warum-sagen-wir-eigentlich\/","og_locale":"de_DE","og_type":"article","og_title":"Sprichw\u00f6rter \u00fcber Butter - Warum sagen wir eigentlich\u2026? - phase6 Magazin","og_description":"Woher stammt die Redewendung \u201c alles in Butter \u201c? Vom Kinderbuchhelden K\u00e4pt\u2019n Blaub\u00e4r jedenfalls nicht... \u2713 spannende Hintergr\u00fcnde \u2713 Bedeutung \u2713 Herkunft","og_url":"https:\/\/www.phase-6.de\/magazin\/rubriken\/sprichwoerter\/sprichwoerter-ueber-butter-warum-sagen-wir-eigentlich\/","og_site_name":"phase6 Magazin","article_publisher":"https:\/\/www.facebook.com\/phase6.de\/","article_published_time":"2021-12-16T00:00:00+00:00","article_modified_time":"2025-12-11T13:41:51+00:00","og_image":[{"width":1080,"height":675,"url":"https:\/\/www.phase-6.de\/magazin\/wp-content\/uploads\/2019\/12\/sprichw\u00f6rter_butter.jpg","type":"image\/jpeg"}],"author":"Rebecca","twitter_card":"summary_large_image","twitter_misc":{"Verfasst von":"Rebecca","Gesch\u00e4tzte Lesezeit":"3\u00a0Minuten"},"schema":{"@context":"https:\/\/schema.org","@graph":[{"@type":"Article","@id":"https:\/\/www.phase-6.de\/magazin\/rubriken\/sprichwoerter\/sprichwoerter-ueber-butter-warum-sagen-wir-eigentlich\/#article","isPartOf":{"@id":"https:\/\/www.phase-6.de\/magazin\/rubriken\/sprichwoerter\/sprichwoerter-ueber-butter-warum-sagen-wir-eigentlich\/"},"author":{"name":"Rebecca","@id":"https:\/\/www.phase-6.de\/magazin\/#\/schema\/person\/c79e16a5e9f43034e7a9f1876f3e96d4"},"headline":"Sprichw\u00f6rter \u00fcber Butter &#8211; Warum sagen wir eigentlich\u2026?","datePublished":"2021-12-16T00:00:00+00:00","dateModified":"2025-12-11T13:41:51+00:00","mainEntityOfPage":{"@id":"https:\/\/www.phase-6.de\/magazin\/rubriken\/sprichwoerter\/sprichwoerter-ueber-butter-warum-sagen-wir-eigentlich\/"},"wordCount":605,"commentCount":0,"publisher":{"@id":"https:\/\/www.phase-6.de\/magazin\/#organization"},"image":{"@id":"https:\/\/www.phase-6.de\/magazin\/rubriken\/sprichwoerter\/sprichwoerter-ueber-butter-warum-sagen-wir-eigentlich\/#primaryimage"},"thumbnailUrl":"https:\/\/www.phase-6.de\/magazin\/wp-content\/uploads\/2019\/12\/sprichw\u00f6rter_butter.jpg","articleSection":["Sprichw\u00f6rter"],"inLanguage":"de","potentialAction":[{"@type":"CommentAction","name":"Comment","target":["https:\/\/www.phase-6.de\/magazin\/rubriken\/sprichwoerter\/sprichwoerter-ueber-butter-warum-sagen-wir-eigentlich\/#respond"]}]},{"@type":"WebPage","@id":"https:\/\/www.phase-6.de\/magazin\/rubriken\/sprichwoerter\/sprichwoerter-ueber-butter-warum-sagen-wir-eigentlich\/","url":"https:\/\/www.phase-6.de\/magazin\/rubriken\/sprichwoerter\/sprichwoerter-ueber-butter-warum-sagen-wir-eigentlich\/","name":"Sprichw\u00f6rter \u00fcber Butter - Warum sagen wir eigentlich\u2026? - phase6 Magazin","isPartOf":{"@id":"https:\/\/www.phase-6.de\/magazin\/#website"},"primaryImageOfPage":{"@id":"https:\/\/www.phase-6.de\/magazin\/rubriken\/sprichwoerter\/sprichwoerter-ueber-butter-warum-sagen-wir-eigentlich\/#primaryimage"},"image":{"@id":"https:\/\/www.phase-6.de\/magazin\/rubriken\/sprichwoerter\/sprichwoerter-ueber-butter-warum-sagen-wir-eigentlich\/#primaryimage"},"thumbnailUrl":"https:\/\/www.phase-6.de\/magazin\/wp-content\/uploads\/2019\/12\/sprichw\u00f6rter_butter.jpg","datePublished":"2021-12-16T00:00:00+00:00","dateModified":"2025-12-11T13:41:51+00:00","description":"Woher stammt die Redewendung \u201c alles in Butter \u201c? Vom Kinderbuchhelden K\u00e4pt\u2019n Blaub\u00e4r jedenfalls nicht... \u2713 spannende Hintergr\u00fcnde \u2713 Bedeutung \u2713 Herkunft","breadcrumb":{"@id":"https:\/\/www.phase-6.de\/magazin\/rubriken\/sprichwoerter\/sprichwoerter-ueber-butter-warum-sagen-wir-eigentlich\/#breadcrumb"},"inLanguage":"de","potentialAction":[{"@type":"ReadAction","target":["https:\/\/www.phase-6.de\/magazin\/rubriken\/sprichwoerter\/sprichwoerter-ueber-butter-warum-sagen-wir-eigentlich\/"]}]},{"@type":"ImageObject","inLanguage":"de","@id":"https:\/\/www.phase-6.de\/magazin\/rubriken\/sprichwoerter\/sprichwoerter-ueber-butter-warum-sagen-wir-eigentlich\/#primaryimage","url":"https:\/\/www.phase-6.de\/magazin\/wp-content\/uploads\/2019\/12\/sprichw\u00f6rter_butter.jpg","contentUrl":"https:\/\/www.phase-6.de\/magazin\/wp-content\/uploads\/2019\/12\/sprichw\u00f6rter_butter.jpg","width":1080,"height":675,"caption":"Sprichw\u00f6rter \u00fcber Butter"},{"@type":"BreadcrumbList","@id":"https:\/\/www.phase-6.de\/magazin\/rubriken\/sprichwoerter\/sprichwoerter-ueber-butter-warum-sagen-wir-eigentlich\/#breadcrumb","itemListElement":[{"@type":"ListItem","position":1,"name":"Startseite","item":"https:\/\/www.phase-6.de\/magazin\/"},{"@type":"ListItem","position":2,"name":"Sprichw\u00f6rter \u00fcber Butter &#8211; Warum sagen wir eigentlich\u2026?"}]},{"@type":"WebSite","@id":"https:\/\/www.phase-6.de\/magazin\/#website","url":"https:\/\/www.phase-6.de\/magazin\/","name":"phase6 Magazin","description":"Das Magazin f\u00fcr Sprache, Lernen &amp; Lehren","publisher":{"@id":"https:\/\/www.phase-6.de\/magazin\/#organization"},"potentialAction":[{"@type":"SearchAction","target":{"@type":"EntryPoint","urlTemplate":"https:\/\/www.phase-6.de\/magazin\/?s={search_term_string}"},"query-input":{"@type":"PropertyValueSpecification","valueRequired":true,"valueName":"search_term_string"}}],"inLanguage":"de"},{"@type":"Organization","@id":"https:\/\/www.phase-6.de\/magazin\/#organization","name":"phase-6 GmbH","url":"https:\/\/www.phase-6.de\/magazin\/","logo":{"@type":"ImageObject","inLanguage":"de","@id":"https:\/\/www.phase-6.de\/magazin\/#\/schema\/logo\/image\/","url":"https:\/\/www.phase-6.de\/magazin\/wp-content\/uploads\/2017\/07\/phase6_logo2017.png","contentUrl":"https:\/\/www.phase-6.de\/magazin\/wp-content\/uploads\/2017\/07\/phase6_logo2017.png","width":709,"height":200,"caption":"phase-6 GmbH"},"image":{"@id":"https:\/\/www.phase-6.de\/magazin\/#\/schema\/logo\/image\/"},"sameAs":["https:\/\/www.facebook.com\/phase6.de\/","https:\/\/de.wikipedia.org\/wiki\/Phase6"]},{"@type":"Person","@id":"https:\/\/www.phase-6.de\/magazin\/#\/schema\/person\/c79e16a5e9f43034e7a9f1876f3e96d4","name":"Rebecca","url":"https:\/\/www.phase-6.de\/magazin\/author\/rebecca\/"}]}},"_links":{"self":[{"href":"https:\/\/www.phase-6.de\/magazin\/wp-json\/wp\/v2\/posts\/3715","targetHints":{"allow":["GET"]}}],"collection":[{"href":"https:\/\/www.phase-6.de\/magazin\/wp-json\/wp\/v2\/posts"}],"about":[{"href":"https:\/\/www.phase-6.de\/magazin\/wp-json\/wp\/v2\/types\/post"}],"author":[{"embeddable":true,"href":"https:\/\/www.phase-6.de\/magazin\/wp-json\/wp\/v2\/users\/11"}],"replies":[{"embeddable":true,"href":"https:\/\/www.phase-6.de\/magazin\/wp-json\/wp\/v2\/comments?post=3715"}],"version-history":[{"count":0,"href":"https:\/\/www.phase-6.de\/magazin\/wp-json\/wp\/v2\/posts\/3715\/revisions"}],"wp:featuredmedia":[{"embeddable":true,"href":"https:\/\/www.phase-6.de\/magazin\/wp-json\/wp\/v2\/media\/7767"}],"wp:attachment":[{"href":"https:\/\/www.phase-6.de\/magazin\/wp-json\/wp\/v2\/media?parent=3715"}],"wp:term":[{"taxonomy":"category","embeddable":true,"href":"https:\/\/www.phase-6.de\/magazin\/wp-json\/wp\/v2\/categories?post=3715"},{"taxonomy":"post_tag","embeddable":true,"href":"https:\/\/www.phase-6.de\/magazin\/wp-json\/wp\/v2\/tags?post=3715"}],"curies":[{"name":"wp","href":"https:\/\/api.w.org\/{rel}","templated":true}]}}