{"id":3721,"date":"2021-11-16T00:00:00","date_gmt":"2021-11-16T00:00:00","guid":{"rendered":"https:\/\/www.phase-6.de\/magazin\/?p=3721"},"modified":"2025-12-11T13:41:53","modified_gmt":"2025-12-11T13:41:53","slug":"sprichwoerter-ueber-wurst-warum-sagen-wir-eigentlich","status":"publish","type":"post","link":"https:\/\/www.phase-6.de\/magazin\/rubriken\/sprichwoerter\/sprichwoerter-ueber-wurst-warum-sagen-wir-eigentlich\/","title":{"rendered":"Sprichw\u00f6rter \u00fcber Wurst &#8211; Warum sagen wir eigentlich\u2026?"},"content":{"rendered":"[et_pb_section fb_built=&#8220;1&#8243; _builder_version=&#8220;3.22&#8243;][et_pb_row _builder_version=&#8220;3.25&#8243; background_size=&#8220;initial&#8220; background_position=&#8220;top_left&#8220; background_repeat=&#8220;repeat&#8220;][et_pb_column type=&#8220;4_4&#8243; _builder_version=&#8220;3.25&#8243; custom_padding=&#8220;|||&#8220; custom_padding__hover=&#8220;|||&#8220;][et_pb_text admin_label=&#8220;Text&#8220; _builder_version=&#8220;4.0.4&#8243; border_style=&#8220;solid&#8220;]\n<h2><span style=\"font-weight: 400;\">\u201cEs geht um die Wurst!\u201d<\/span><\/h2>\n<p><span style=\"font-weight: 400;\">Wenn es um die Wurst geht, steht etwas Wichtiges an. Zum Beispiel eine Entscheidung oder eine Pr\u00fcfung, bei der bestimmte Kompetenzen wie zum Beispiel Geschicklichkeit oder Schnelligkeit gefragt sind. <\/span><\/p>\n<p><img loading=\"-\" decoding=\"async\" class=\"wp-image-6220  alignleft\" src=\"https:\/\/www.phase-6.de\/magazin\/wp-content\/uploads\/2019\/11\/Es-geht-um-die-Wurst-293x300.jpg\" alt=\"Es geht um die Wurst\" width=\"233\" height=\"239\" srcset=\"https:\/\/www.phase-6.de\/magazin\/wp-content\/uploads\/2019\/11\/Es-geht-um-die-Wurst-293x300.jpg 293w, https:\/\/www.phase-6.de\/magazin\/wp-content\/uploads\/2019\/11\/Es-geht-um-die-Wurst.jpg 500w\" sizes=\"(max-width: 233px) 100vw, 233px\" \/><\/p>\n<p><span style=\"font-weight: 400;\">Die Redensart ist allerdings nicht etwa in damaligen Schlachth\u00e4usern entstanden, sondern auf Volksfesten. Auf dieses Volksfesten wurden diverse Wettk\u00e4mpfe ausgetragen. Auch heutzutage wird dieser beliebte Brauch auf Volksfesten zelebriert: <\/span><\/p>\n<p><span style=\"font-weight: 400;\">Das gut gelaunte Publikum tritt beispielsweise gegeneinander beim \u201cBaumstamms\u00e4gen\u201d an, wobei die Teilnehmenden so schnell wie m\u00f6glich einen Baumstamm zers\u00e4gen m\u00fcssen, oder messen sich beim \u201cMa\u00dfkrugstemmen\u201d, bei dem gewinnt, wer einen vollen Ma\u00dfkrug am l\u00e4ngsten mit ausgestrecktem Arm in der Luft halten kann. Oder sie konkurrieren beim etwas ausgefalleneren \u201cHirschgeweihhutzielweitwurf\u201d, bei welchem &#8211; du ahnst es &#8211; H\u00fcte aus einer bestimmten Entfernung auf ein Hirschgeweih geworfen werden.<\/span><\/p>\n<p><span style=\"font-weight: 400;\">Damals war \u201cWurstangeln\u201d eine beliebte Disziplin auf Volksfesten, besonders in \u00e4rmeren Bev\u00f6lkerungskreisen. Dabei werden mehrere W\u00fcrstchen an einer Schnur aufgehangen und etwa auf Stirnh\u00f6he der Mitspielenden festgemacht. Die Spielenden bekommen nun die Augen verbunden und m\u00fcssen versuchen, ein oder mehrere W\u00fcrstchen zu schnappen. Der Preis f\u00fcr die, die gewonnen haben war logischerweise meist eine Wurst, manchmal sogar mehrere. <\/span><\/p>\n<p><span style=\"font-weight: 400;\">F\u00fcr arme Leute war das eine kostenlose und nahrhafte Mahlzeit und stellte somit einen \u00fcppigen und wichtigen Gewinn dar. Bei solcherlei Wettk\u00e4mpfen ging es damals also buchst\u00e4blich um die Wurst.[1]<\/span><\/p>\n[\/et_pb_text][et_pb_text _builder_version=&#8220;4.0.4&#8243; border_style=&#8220;solid&#8220;]\n<h2><span style=\"font-weight: 400;\">\u201cDas ist mir wurst.\u201d<\/span><\/h2>\n<p><img loading=\"-\" decoding=\"async\" class=\"wp-image-6219  alignright\" src=\"https:\/\/www.phase-6.de\/magazin\/wp-content\/uploads\/2019\/11\/Welche-Teile-kommen-in-die-Wurst_-265x300.jpg\" alt=\"Welche Teile kommen in die Wurst_\" width=\"227\" height=\"256\" srcset=\"https:\/\/www.phase-6.de\/magazin\/wp-content\/uploads\/2019\/11\/Welche-Teile-kommen-in-die-Wurst_-265x300.jpg 265w, https:\/\/www.phase-6.de\/magazin\/wp-content\/uploads\/2019\/11\/Welche-Teile-kommen-in-die-Wurst_.jpg 500w\" sizes=\"(max-width: 227px) 100vw, 227px\" \/><\/p>\n<p><span style=\"font-weight: 400;\">Diese Redewendung gebrauchen wir, wenn uns etwas gleichg\u00fcltig ist und wir unsere Teilnahmslosigkeit bekunden wollen. Aber warum ist es uns ausgerechnet \u201cwurst\u201d und nicht \u201ck\u00e4se\u201d oder \u201cmilch\u201d? <\/span><\/p>\n<p><span style=\"font-weight: 400;\">Wahrscheinlich stammt das Sprichwort aus der Zeit, als Schlachter und Metzger s\u00e4mtliche Fleischreste zu Wurst verarbeiteten. Alle Teile des Tieres, die nicht einzeln verkauft wurden, f\u00fcgte man ihr bei &#8211; unabh\u00e4ngig davon, ob sie genie\u00dfbar waren oder nicht. Auf die Frage, was mit den Resten der Schlachtst\u00fccke passieren sollte, lautete die Antwort also: <\/span><span style=\"font-weight: 400;\">\u201cAb in die Wurst damit!\u201d<\/span><span style=\"font-weight: 400;\">\u00a0<\/span><span style=\"font-weight: 400;\">Es war also relativ egal, was in die Wurst kam. Daher die synonyme Verwendung &#8222;Das ist mir Wurst&#8220; f\u00fcr &#8222;Das ist mir egal&#8220;.<\/span><\/p>\n<p><span style=\"font-weight: 400;\">Eine zweite Deutung geht auf das Sprichwort \u201cAlles hat ein Ende, nur die Wurst hat zwei\u201d zur\u00fcck: Da sie zwei Zipfel hat, ist es egal, an welcher Seite man abbei\u00dft.[2]<\/span><\/p>\n[\/et_pb_text][et_pb_cta title=&#8220;Na, auf den Geschmack gekommen?&#8220; url_new_window=&#8220;on&#8220; _builder_version=&#8220;3.16&#8243; background_color=&#8220;#5e5e5d&#8220; border_style=&#8220;solid&#8220; button_letter_spacing_hover=&#8220;0&#8243; saved_tabs=&#8220;all&#8220; button_text_size__hover_enabled=&#8220;off&#8220; button_one_text_size__hover_enabled=&#8220;off&#8220; button_two_text_size__hover_enabled=&#8220;off&#8220; button_text_color__hover_enabled=&#8220;off&#8220; button_one_text_color__hover_enabled=&#8220;off&#8220; button_two_text_color__hover_enabled=&#8220;off&#8220; button_border_width__hover_enabled=&#8220;off&#8220; button_one_border_width__hover_enabled=&#8220;off&#8220; button_two_border_width__hover_enabled=&#8220;off&#8220; button_border_color__hover_enabled=&#8220;off&#8220; button_one_border_color__hover_enabled=&#8220;off&#8220; button_two_border_color__hover_enabled=&#8220;off&#8220; button_border_radius__hover_enabled=&#8220;off&#8220; button_one_border_radius__hover_enabled=&#8220;off&#8220; button_two_border_radius__hover_enabled=&#8220;off&#8220; button_letter_spacing__hover_enabled=&#8220;on&#8220; button_letter_spacing__hover=&#8220;0&#8243; button_one_letter_spacing__hover_enabled=&#8220;off&#8220; button_two_letter_spacing__hover_enabled=&#8220;off&#8220; button_bg_color__hover_enabled=&#8220;off&#8220; button_one_bg_color__hover_enabled=&#8220;off&#8220; button_two_bg_color__hover_enabled=&#8220;off&#8220;]Sieh dir auch die spannenden Geschichten hinter weiteren <a href=\"https:\/\/www.phase-6.de\/magazin\/redewendungen\/warum-sagen-wir-eigentlich-redewendungen-rund-ums-essen\/\" rel=\"noopener\"><span style=\"color: #fc7c00;\">Sprichw\u00f6rtern rund ums Essen<\/span><\/a> an!<br \/>\n[\/et_pb_cta][et_pb_text _builder_version=&#8220;3.27.4&#8243; border_style=&#8220;solid&#8220;]\n<p style=\"text-align: center;\"><span style=\"font-weight: 400;\">Quellen:\u00a0<\/span><span style=\"font-weight: 400;\">[<a href=\"https:\/\/www.redensarten-index.de\/suche.php?suchbegriff=~~es%20geht%20um%20die%20Wurst&amp;bool=relevanz&amp;gawoe=an&amp;suchspalte[]=rart_ou&amp;suchspalte[]=rart_varianten_ou\" target=\"_blank\" rel=\"noopener noreferrer\">1<\/a>] <\/span><span style=\"font-weight: 400;\">[<a href=\"https:\/\/www.kuechengoetter.de\/rezept-blog\/woher-stammt-die-redewendung-das-ist-mir-wurst\" target=\"_blank\" rel=\"noopener noreferrer\">2<\/a>]<\/span><\/p>\n<p>&nbsp;<br \/>\n[\/et_pb_text][\/et_pb_column][\/et_pb_row][\/et_pb_section]\n","protected":false},"excerpt":{"rendered":"<p>In diesem Beitrag geht es buchst\u00e4blich \u201cum die Wurst\u201d. Wir schauen hinter die Kulissen beliebter, deutscher Sprichw\u00f6rter und erkl\u00e4ren, warum es in unserem Alltag manchmal \u201cum die Wurst\u201d geht und wieso uns manche Dinge schlicht \u201cwurst\u201d sind! <\/p>\n","protected":false},"author":11,"featured_media":6218,"comment_status":"open","ping_status":"open","sticky":false,"template":"","format":"standard","meta":{"_acf_changed":false,"_yoast_wpseo_focuskw":"Wurst","_yoast_wpseo_title":"","_yoast_wpseo_metadesc":"Woher stammt das Sprichwort \u201ces geht um die Wurst \u201d und warum sind uns manche Dinge einfach \u201cwurst\u201d? \u2713 spannende Hintergr\u00fcnde \u2713 Bedeutung \u2713 Herkunft","_yoast_wpseo_canonical":"","_yoast_wpseo_opengraph-title":"","_yoast_wpseo_opengraph-description":"","_et_pb_use_builder":"on","_et_pb_old_content":"","_et_gb_content_width":"","inline_featured_image":false,"footnotes":""},"categories":[64],"tags":[],"class_list":["post-3721","post","type-post","status-publish","format-standard","has-post-thumbnail","hentry","category-sprichwoerter","et-has-post-format-content","et_post_format-et-post-format-standard"],"acf":[],"yoast_head":"<!-- This site is optimized with the Yoast SEO plugin v26.9 - https:\/\/yoast.com\/product\/yoast-seo-wordpress\/ -->\n<title>Sprichw\u00f6rter \u00fcber Wurst - Warum sagen wir eigentlich\u2026? - phase6 Magazin<\/title>\n<meta name=\"description\" content=\"Woher stammt das Sprichwort \u201ces geht um die Wurst \u201d und warum sind uns manche Dinge einfach \u201cwurst\u201d? \u2713 spannende Hintergr\u00fcnde \u2713 Bedeutung \u2713 Herkunft\" \/>\n<meta name=\"robots\" content=\"index, follow, max-snippet:-1, max-image-preview:large, max-video-preview:-1\" \/>\n<link rel=\"canonical\" href=\"https:\/\/www.phase-6.de\/magazin\/rubriken\/sprichwoerter\/sprichwoerter-ueber-wurst-warum-sagen-wir-eigentlich\/\" \/>\n<meta property=\"og:locale\" content=\"de_DE\" \/>\n<meta property=\"og:type\" content=\"article\" \/>\n<meta property=\"og:title\" content=\"Sprichw\u00f6rter \u00fcber Wurst - Warum sagen wir eigentlich\u2026? - phase6 Magazin\" \/>\n<meta property=\"og:description\" content=\"Woher stammt das Sprichwort \u201ces geht um die Wurst \u201d und warum sind uns manche Dinge einfach \u201cwurst\u201d? \u2713 spannende Hintergr\u00fcnde \u2713 Bedeutung \u2713 Herkunft\" \/>\n<meta property=\"og:url\" content=\"https:\/\/www.phase-6.de\/magazin\/rubriken\/sprichwoerter\/sprichwoerter-ueber-wurst-warum-sagen-wir-eigentlich\/\" \/>\n<meta property=\"og:site_name\" content=\"phase6 Magazin\" \/>\n<meta property=\"article:publisher\" content=\"https:\/\/www.facebook.com\/phase6.de\/\" \/>\n<meta property=\"article:published_time\" content=\"2021-11-16T00:00:00+00:00\" \/>\n<meta property=\"article:modified_time\" content=\"2025-12-11T13:41:53+00:00\" \/>\n<meta property=\"og:image\" content=\"https:\/\/www.phase-6.de\/magazin\/wp-content\/uploads\/2019\/11\/Sprichw\u00f6rter-\u00fcber-Wurst.jpg\" \/>\n\t<meta property=\"og:image:width\" content=\"1080\" \/>\n\t<meta property=\"og:image:height\" content=\"675\" \/>\n\t<meta property=\"og:image:type\" content=\"image\/jpeg\" \/>\n<meta name=\"author\" content=\"Rebecca\" \/>\n<meta name=\"twitter:card\" content=\"summary_large_image\" \/>\n<meta name=\"twitter:label1\" content=\"Verfasst von\" \/>\n\t<meta name=\"twitter:data1\" content=\"Rebecca\" \/>\n\t<meta name=\"twitter:label2\" content=\"Gesch\u00e4tzte Lesezeit\" \/>\n\t<meta name=\"twitter:data2\" content=\"3\u00a0Minuten\" \/>\n<script type=\"application\/ld+json\" class=\"yoast-schema-graph\">{\"@context\":\"https:\/\/schema.org\",\"@graph\":[{\"@type\":\"Article\",\"@id\":\"https:\/\/www.phase-6.de\/magazin\/rubriken\/sprichwoerter\/sprichwoerter-ueber-wurst-warum-sagen-wir-eigentlich\/#article\",\"isPartOf\":{\"@id\":\"https:\/\/www.phase-6.de\/magazin\/rubriken\/sprichwoerter\/sprichwoerter-ueber-wurst-warum-sagen-wir-eigentlich\/\"},\"author\":{\"name\":\"Rebecca\",\"@id\":\"https:\/\/www.phase-6.de\/magazin\/#\/schema\/person\/c79e16a5e9f43034e7a9f1876f3e96d4\"},\"headline\":\"Sprichw\u00f6rter \u00fcber Wurst &#8211; Warum sagen wir eigentlich\u2026?\",\"datePublished\":\"2021-11-16T00:00:00+00:00\",\"dateModified\":\"2025-12-11T13:41:53+00:00\",\"mainEntityOfPage\":{\"@id\":\"https:\/\/www.phase-6.de\/magazin\/rubriken\/sprichwoerter\/sprichwoerter-ueber-wurst-warum-sagen-wir-eigentlich\/\"},\"wordCount\":670,\"commentCount\":0,\"publisher\":{\"@id\":\"https:\/\/www.phase-6.de\/magazin\/#organization\"},\"image\":{\"@id\":\"https:\/\/www.phase-6.de\/magazin\/rubriken\/sprichwoerter\/sprichwoerter-ueber-wurst-warum-sagen-wir-eigentlich\/#primaryimage\"},\"thumbnailUrl\":\"https:\/\/www.phase-6.de\/magazin\/wp-content\/uploads\/2019\/11\/Sprichw\u00f6rter-\u00fcber-Wurst.jpg\",\"articleSection\":[\"Sprichw\u00f6rter\"],\"inLanguage\":\"de\",\"potentialAction\":[{\"@type\":\"CommentAction\",\"name\":\"Comment\",\"target\":[\"https:\/\/www.phase-6.de\/magazin\/rubriken\/sprichwoerter\/sprichwoerter-ueber-wurst-warum-sagen-wir-eigentlich\/#respond\"]}]},{\"@type\":\"WebPage\",\"@id\":\"https:\/\/www.phase-6.de\/magazin\/rubriken\/sprichwoerter\/sprichwoerter-ueber-wurst-warum-sagen-wir-eigentlich\/\",\"url\":\"https:\/\/www.phase-6.de\/magazin\/rubriken\/sprichwoerter\/sprichwoerter-ueber-wurst-warum-sagen-wir-eigentlich\/\",\"name\":\"Sprichw\u00f6rter \u00fcber Wurst - Warum sagen wir eigentlich\u2026? - phase6 Magazin\",\"isPartOf\":{\"@id\":\"https:\/\/www.phase-6.de\/magazin\/#website\"},\"primaryImageOfPage\":{\"@id\":\"https:\/\/www.phase-6.de\/magazin\/rubriken\/sprichwoerter\/sprichwoerter-ueber-wurst-warum-sagen-wir-eigentlich\/#primaryimage\"},\"image\":{\"@id\":\"https:\/\/www.phase-6.de\/magazin\/rubriken\/sprichwoerter\/sprichwoerter-ueber-wurst-warum-sagen-wir-eigentlich\/#primaryimage\"},\"thumbnailUrl\":\"https:\/\/www.phase-6.de\/magazin\/wp-content\/uploads\/2019\/11\/Sprichw\u00f6rter-\u00fcber-Wurst.jpg\",\"datePublished\":\"2021-11-16T00:00:00+00:00\",\"dateModified\":\"2025-12-11T13:41:53+00:00\",\"description\":\"Woher stammt das Sprichwort \u201ces geht um die Wurst \u201d und warum sind uns manche Dinge einfach \u201cwurst\u201d? \u2713 spannende Hintergr\u00fcnde \u2713 Bedeutung \u2713 Herkunft\",\"breadcrumb\":{\"@id\":\"https:\/\/www.phase-6.de\/magazin\/rubriken\/sprichwoerter\/sprichwoerter-ueber-wurst-warum-sagen-wir-eigentlich\/#breadcrumb\"},\"inLanguage\":\"de\",\"potentialAction\":[{\"@type\":\"ReadAction\",\"target\":[\"https:\/\/www.phase-6.de\/magazin\/rubriken\/sprichwoerter\/sprichwoerter-ueber-wurst-warum-sagen-wir-eigentlich\/\"]}]},{\"@type\":\"ImageObject\",\"inLanguage\":\"de\",\"@id\":\"https:\/\/www.phase-6.de\/magazin\/rubriken\/sprichwoerter\/sprichwoerter-ueber-wurst-warum-sagen-wir-eigentlich\/#primaryimage\",\"url\":\"https:\/\/www.phase-6.de\/magazin\/wp-content\/uploads\/2019\/11\/Sprichw\u00f6rter-\u00fcber-Wurst.jpg\",\"contentUrl\":\"https:\/\/www.phase-6.de\/magazin\/wp-content\/uploads\/2019\/11\/Sprichw\u00f6rter-\u00fcber-Wurst.jpg\",\"width\":1080,\"height\":675,\"caption\":\"Sprichw\u00f6rter \u00fcber Wurst\"},{\"@type\":\"BreadcrumbList\",\"@id\":\"https:\/\/www.phase-6.de\/magazin\/rubriken\/sprichwoerter\/sprichwoerter-ueber-wurst-warum-sagen-wir-eigentlich\/#breadcrumb\",\"itemListElement\":[{\"@type\":\"ListItem\",\"position\":1,\"name\":\"Startseite\",\"item\":\"https:\/\/www.phase-6.de\/magazin\/\"},{\"@type\":\"ListItem\",\"position\":2,\"name\":\"Sprichw\u00f6rter \u00fcber Wurst &#8211; Warum sagen wir eigentlich\u2026?\"}]},{\"@type\":\"WebSite\",\"@id\":\"https:\/\/www.phase-6.de\/magazin\/#website\",\"url\":\"https:\/\/www.phase-6.de\/magazin\/\",\"name\":\"phase6 Magazin\",\"description\":\"Das Magazin f\u00fcr Sprache, Lernen &amp; Lehren\",\"publisher\":{\"@id\":\"https:\/\/www.phase-6.de\/magazin\/#organization\"},\"potentialAction\":[{\"@type\":\"SearchAction\",\"target\":{\"@type\":\"EntryPoint\",\"urlTemplate\":\"https:\/\/www.phase-6.de\/magazin\/?s={search_term_string}\"},\"query-input\":{\"@type\":\"PropertyValueSpecification\",\"valueRequired\":true,\"valueName\":\"search_term_string\"}}],\"inLanguage\":\"de\"},{\"@type\":\"Organization\",\"@id\":\"https:\/\/www.phase-6.de\/magazin\/#organization\",\"name\":\"phase-6 GmbH\",\"url\":\"https:\/\/www.phase-6.de\/magazin\/\",\"logo\":{\"@type\":\"ImageObject\",\"inLanguage\":\"de\",\"@id\":\"https:\/\/www.phase-6.de\/magazin\/#\/schema\/logo\/image\/\",\"url\":\"https:\/\/www.phase-6.de\/magazin\/wp-content\/uploads\/2017\/07\/phase6_logo2017.png\",\"contentUrl\":\"https:\/\/www.phase-6.de\/magazin\/wp-content\/uploads\/2017\/07\/phase6_logo2017.png\",\"width\":709,\"height\":200,\"caption\":\"phase-6 GmbH\"},\"image\":{\"@id\":\"https:\/\/www.phase-6.de\/magazin\/#\/schema\/logo\/image\/\"},\"sameAs\":[\"https:\/\/www.facebook.com\/phase6.de\/\",\"https:\/\/de.wikipedia.org\/wiki\/Phase6\"]},{\"@type\":\"Person\",\"@id\":\"https:\/\/www.phase-6.de\/magazin\/#\/schema\/person\/c79e16a5e9f43034e7a9f1876f3e96d4\",\"name\":\"Rebecca\",\"url\":\"https:\/\/www.phase-6.de\/magazin\/author\/rebecca\/\"}]}<\/script>\n<!-- \/ Yoast SEO plugin. -->","yoast_head_json":{"title":"Sprichw\u00f6rter \u00fcber Wurst - Warum sagen wir eigentlich\u2026? - phase6 Magazin","description":"Woher stammt das Sprichwort \u201ces geht um die Wurst \u201d und warum sind uns manche Dinge einfach \u201cwurst\u201d? \u2713 spannende Hintergr\u00fcnde \u2713 Bedeutung \u2713 Herkunft","robots":{"index":"index","follow":"follow","max-snippet":"max-snippet:-1","max-image-preview":"max-image-preview:large","max-video-preview":"max-video-preview:-1"},"canonical":"https:\/\/www.phase-6.de\/magazin\/rubriken\/sprichwoerter\/sprichwoerter-ueber-wurst-warum-sagen-wir-eigentlich\/","og_locale":"de_DE","og_type":"article","og_title":"Sprichw\u00f6rter \u00fcber Wurst - Warum sagen wir eigentlich\u2026? - phase6 Magazin","og_description":"Woher stammt das Sprichwort \u201ces geht um die Wurst \u201d und warum sind uns manche Dinge einfach \u201cwurst\u201d? \u2713 spannende Hintergr\u00fcnde \u2713 Bedeutung \u2713 Herkunft","og_url":"https:\/\/www.phase-6.de\/magazin\/rubriken\/sprichwoerter\/sprichwoerter-ueber-wurst-warum-sagen-wir-eigentlich\/","og_site_name":"phase6 Magazin","article_publisher":"https:\/\/www.facebook.com\/phase6.de\/","article_published_time":"2021-11-16T00:00:00+00:00","article_modified_time":"2025-12-11T13:41:53+00:00","og_image":[{"width":1080,"height":675,"url":"https:\/\/www.phase-6.de\/magazin\/wp-content\/uploads\/2019\/11\/Sprichw\u00f6rter-\u00fcber-Wurst.jpg","type":"image\/jpeg"}],"author":"Rebecca","twitter_card":"summary_large_image","twitter_misc":{"Verfasst von":"Rebecca","Gesch\u00e4tzte Lesezeit":"3\u00a0Minuten"},"schema":{"@context":"https:\/\/schema.org","@graph":[{"@type":"Article","@id":"https:\/\/www.phase-6.de\/magazin\/rubriken\/sprichwoerter\/sprichwoerter-ueber-wurst-warum-sagen-wir-eigentlich\/#article","isPartOf":{"@id":"https:\/\/www.phase-6.de\/magazin\/rubriken\/sprichwoerter\/sprichwoerter-ueber-wurst-warum-sagen-wir-eigentlich\/"},"author":{"name":"Rebecca","@id":"https:\/\/www.phase-6.de\/magazin\/#\/schema\/person\/c79e16a5e9f43034e7a9f1876f3e96d4"},"headline":"Sprichw\u00f6rter \u00fcber Wurst &#8211; Warum sagen wir eigentlich\u2026?","datePublished":"2021-11-16T00:00:00+00:00","dateModified":"2025-12-11T13:41:53+00:00","mainEntityOfPage":{"@id":"https:\/\/www.phase-6.de\/magazin\/rubriken\/sprichwoerter\/sprichwoerter-ueber-wurst-warum-sagen-wir-eigentlich\/"},"wordCount":670,"commentCount":0,"publisher":{"@id":"https:\/\/www.phase-6.de\/magazin\/#organization"},"image":{"@id":"https:\/\/www.phase-6.de\/magazin\/rubriken\/sprichwoerter\/sprichwoerter-ueber-wurst-warum-sagen-wir-eigentlich\/#primaryimage"},"thumbnailUrl":"https:\/\/www.phase-6.de\/magazin\/wp-content\/uploads\/2019\/11\/Sprichw\u00f6rter-\u00fcber-Wurst.jpg","articleSection":["Sprichw\u00f6rter"],"inLanguage":"de","potentialAction":[{"@type":"CommentAction","name":"Comment","target":["https:\/\/www.phase-6.de\/magazin\/rubriken\/sprichwoerter\/sprichwoerter-ueber-wurst-warum-sagen-wir-eigentlich\/#respond"]}]},{"@type":"WebPage","@id":"https:\/\/www.phase-6.de\/magazin\/rubriken\/sprichwoerter\/sprichwoerter-ueber-wurst-warum-sagen-wir-eigentlich\/","url":"https:\/\/www.phase-6.de\/magazin\/rubriken\/sprichwoerter\/sprichwoerter-ueber-wurst-warum-sagen-wir-eigentlich\/","name":"Sprichw\u00f6rter \u00fcber Wurst - Warum sagen wir eigentlich\u2026? - phase6 Magazin","isPartOf":{"@id":"https:\/\/www.phase-6.de\/magazin\/#website"},"primaryImageOfPage":{"@id":"https:\/\/www.phase-6.de\/magazin\/rubriken\/sprichwoerter\/sprichwoerter-ueber-wurst-warum-sagen-wir-eigentlich\/#primaryimage"},"image":{"@id":"https:\/\/www.phase-6.de\/magazin\/rubriken\/sprichwoerter\/sprichwoerter-ueber-wurst-warum-sagen-wir-eigentlich\/#primaryimage"},"thumbnailUrl":"https:\/\/www.phase-6.de\/magazin\/wp-content\/uploads\/2019\/11\/Sprichw\u00f6rter-\u00fcber-Wurst.jpg","datePublished":"2021-11-16T00:00:00+00:00","dateModified":"2025-12-11T13:41:53+00:00","description":"Woher stammt das Sprichwort \u201ces geht um die Wurst \u201d und warum sind uns manche Dinge einfach \u201cwurst\u201d? \u2713 spannende Hintergr\u00fcnde \u2713 Bedeutung \u2713 Herkunft","breadcrumb":{"@id":"https:\/\/www.phase-6.de\/magazin\/rubriken\/sprichwoerter\/sprichwoerter-ueber-wurst-warum-sagen-wir-eigentlich\/#breadcrumb"},"inLanguage":"de","potentialAction":[{"@type":"ReadAction","target":["https:\/\/www.phase-6.de\/magazin\/rubriken\/sprichwoerter\/sprichwoerter-ueber-wurst-warum-sagen-wir-eigentlich\/"]}]},{"@type":"ImageObject","inLanguage":"de","@id":"https:\/\/www.phase-6.de\/magazin\/rubriken\/sprichwoerter\/sprichwoerter-ueber-wurst-warum-sagen-wir-eigentlich\/#primaryimage","url":"https:\/\/www.phase-6.de\/magazin\/wp-content\/uploads\/2019\/11\/Sprichw\u00f6rter-\u00fcber-Wurst.jpg","contentUrl":"https:\/\/www.phase-6.de\/magazin\/wp-content\/uploads\/2019\/11\/Sprichw\u00f6rter-\u00fcber-Wurst.jpg","width":1080,"height":675,"caption":"Sprichw\u00f6rter \u00fcber Wurst"},{"@type":"BreadcrumbList","@id":"https:\/\/www.phase-6.de\/magazin\/rubriken\/sprichwoerter\/sprichwoerter-ueber-wurst-warum-sagen-wir-eigentlich\/#breadcrumb","itemListElement":[{"@type":"ListItem","position":1,"name":"Startseite","item":"https:\/\/www.phase-6.de\/magazin\/"},{"@type":"ListItem","position":2,"name":"Sprichw\u00f6rter \u00fcber Wurst &#8211; Warum sagen wir eigentlich\u2026?"}]},{"@type":"WebSite","@id":"https:\/\/www.phase-6.de\/magazin\/#website","url":"https:\/\/www.phase-6.de\/magazin\/","name":"phase6 Magazin","description":"Das Magazin f\u00fcr Sprache, Lernen &amp; Lehren","publisher":{"@id":"https:\/\/www.phase-6.de\/magazin\/#organization"},"potentialAction":[{"@type":"SearchAction","target":{"@type":"EntryPoint","urlTemplate":"https:\/\/www.phase-6.de\/magazin\/?s={search_term_string}"},"query-input":{"@type":"PropertyValueSpecification","valueRequired":true,"valueName":"search_term_string"}}],"inLanguage":"de"},{"@type":"Organization","@id":"https:\/\/www.phase-6.de\/magazin\/#organization","name":"phase-6 GmbH","url":"https:\/\/www.phase-6.de\/magazin\/","logo":{"@type":"ImageObject","inLanguage":"de","@id":"https:\/\/www.phase-6.de\/magazin\/#\/schema\/logo\/image\/","url":"https:\/\/www.phase-6.de\/magazin\/wp-content\/uploads\/2017\/07\/phase6_logo2017.png","contentUrl":"https:\/\/www.phase-6.de\/magazin\/wp-content\/uploads\/2017\/07\/phase6_logo2017.png","width":709,"height":200,"caption":"phase-6 GmbH"},"image":{"@id":"https:\/\/www.phase-6.de\/magazin\/#\/schema\/logo\/image\/"},"sameAs":["https:\/\/www.facebook.com\/phase6.de\/","https:\/\/de.wikipedia.org\/wiki\/Phase6"]},{"@type":"Person","@id":"https:\/\/www.phase-6.de\/magazin\/#\/schema\/person\/c79e16a5e9f43034e7a9f1876f3e96d4","name":"Rebecca","url":"https:\/\/www.phase-6.de\/magazin\/author\/rebecca\/"}]}},"_links":{"self":[{"href":"https:\/\/www.phase-6.de\/magazin\/wp-json\/wp\/v2\/posts\/3721","targetHints":{"allow":["GET"]}}],"collection":[{"href":"https:\/\/www.phase-6.de\/magazin\/wp-json\/wp\/v2\/posts"}],"about":[{"href":"https:\/\/www.phase-6.de\/magazin\/wp-json\/wp\/v2\/types\/post"}],"author":[{"embeddable":true,"href":"https:\/\/www.phase-6.de\/magazin\/wp-json\/wp\/v2\/users\/11"}],"replies":[{"embeddable":true,"href":"https:\/\/www.phase-6.de\/magazin\/wp-json\/wp\/v2\/comments?post=3721"}],"version-history":[{"count":0,"href":"https:\/\/www.phase-6.de\/magazin\/wp-json\/wp\/v2\/posts\/3721\/revisions"}],"wp:featuredmedia":[{"embeddable":true,"href":"https:\/\/www.phase-6.de\/magazin\/wp-json\/wp\/v2\/media\/6218"}],"wp:attachment":[{"href":"https:\/\/www.phase-6.de\/magazin\/wp-json\/wp\/v2\/media?parent=3721"}],"wp:term":[{"taxonomy":"category","embeddable":true,"href":"https:\/\/www.phase-6.de\/magazin\/wp-json\/wp\/v2\/categories?post=3721"},{"taxonomy":"post_tag","embeddable":true,"href":"https:\/\/www.phase-6.de\/magazin\/wp-json\/wp\/v2\/tags?post=3721"}],"curies":[{"name":"wp","href":"https:\/\/api.w.org\/{rel}","templated":true}]}}