{"id":4283,"date":"2019-05-22T17:00:39","date_gmt":"2019-05-22T17:00:39","guid":{"rendered":"https:\/\/www.phase-6.de\/magazin\/?p=4283"},"modified":"2023-04-19T16:09:13","modified_gmt":"2023-04-19T16:09:13","slug":"elterngespraeche-konstruktiv-fuehren","status":"publish","type":"post","link":"https:\/\/www.phase-6.de\/magazin\/fuer-lehrkraefte\/themen\/work-life-balance\/elterngespraeche-konstruktiv-fuehren\/","title":{"rendered":"Elterngespr\u00e4che konstruktiv f\u00fchren"},"content":{"rendered":"[et_pb_section fb_built=&#8220;1&#8243; _builder_version=&#8220;4.16&#8243; global_colors_info=&#8220;{}&#8220;][et_pb_row _builder_version=&#8220;4.16&#8243; background_size=&#8220;initial&#8220; background_position=&#8220;top_left&#8220; background_repeat=&#8220;repeat&#8220; global_colors_info=&#8220;{}&#8220;][et_pb_column type=&#8220;4_4&#8243; _builder_version=&#8220;4.16&#8243; custom_padding=&#8220;|||&#8220; global_colors_info=&#8220;{}&#8220; custom_padding__hover=&#8220;|||&#8220;][et_pb_testimonial portrait_url=&#8220;https:\/\/www.phase-6.de\/magazin\/wp-content\/uploads\/2019\/07\/pl\u00fcskowminski_mirrored-e1563236638200.png&#8220; quote_icon_color=&#8220;#fc7c00&#8243; quote_icon_background_color=&#8220;#ffffff&#8220; portrait_width=&#8220;100&#8243; portrait_height=&#8220;100&#8243; _builder_version=&#8220;4.19.5&#8243; body_text_color=&#8220;#5e5e5d&#8220; body_line_height=&#8220;1.2em&#8220; background_color=&#8220;#f2f4f4&#8243; custom_margin=&#8220;2px|8px|2px|8px&#8220; custom_padding=&#8220;15px|2px|5px|2px&#8220; hover_enabled=&#8220;0&#8243; body_line_height_tablet=&#8220;&#8220; body_line_height_phone=&#8220;&#8220; body_line_height_last_edited=&#8220;on|&#8220; border_radii_portrait=&#8220;on|80px|80px|80px|80px&#8220; border_color=&#8220;#fc7c00&#8243; border_style=&#8220;solid&#8220; portrait_border_radius=&#8220;80&#8243; saved_tabs=&#8220;all&#8220; global_colors_info=&#8220;{}&#8220; sticky_enabled=&#8220;0&#8243;]\n<div class=\"authorboxcontent\">\n<p><span style=\"font-size: 12pt;\"><span style=\"color: #fc7c00;\"><strong>Gastautorin Alexandra von Pl\u00fcskow-Kaminski<\/strong><\/span>\u00a0arbeitet seit \u00fcber 20 Jahren als Lehrerin. Zurzeit ist sie an der Grundschule in Deutsch Evern und in Abordnung des Landes Niedersachsen als Bildungskoordinatorin der Bildungslandschaft Heidekreis t\u00e4tig. Dar\u00fcber hinaus verfasst sie als Fachjournalistin Texte f\u00fcr verschiedene Magazine und Verlage und war mehrere Jahre lang in der Lehrerinnen- und Lehrerausbildung aktiv.\u00a0Die Mutter von zwei schulpflichtigen S\u00f6hnen kennt Schule aus der Sicht einer Lehrkraft und der eines Elternteils. Beide Perspektiven flie\u00dfen in ihre beratenden Texte ein. So auch in ihren Artikel zum <a href=\"https:\/\/www.phase-6.de\/magazin\/fuer-lehrkraefte\/themen\/bildungssystem\/der-uebergang-von-der-grundschule-zur-weiterfuehrenden-schule\/\"><span style=\"color: #fc7c00;\">\u00dcbergang von der Grundschule auf weiterf\u00fchrende Schulen<\/span><\/a>.\u00a0<\/span><\/p>\n<\/div>\n[\/et_pb_testimonial][et_pb_text _builder_version=&#8220;4.19.5&#8243; hover_enabled=&#8220;0&#8243; border_style=&#8220;solid&#8220; global_colors_info=&#8220;{}&#8220; sticky_enabled=&#8220;0&#8243;]\n<h2><span style=\"font-weight: 400;\">Was Sie bei <\/span><span style=\"font-weight: 400;\">Elterngespr\u00e4che<\/span><span style=\"font-weight: 400;\">n beachten sollten<\/span><\/h2>\n<p><span style=\"font-weight: 400;\">Es gibt sie im Schulalltag in mannigfaltiger Form: <\/span><span style=\"font-weight: 400;\">Elterngespr\u00e4che<\/span><span style=\"font-weight: 400;\">. Manchmal eignen sich etwa sogenannte \u201eT\u00fcr- und Angelgespr\u00e4che\u201c, um rasch Informationen auszutauschen. Auch beim Elternabend lassen sich Kontakte zu Eltern informell kn\u00fcpfen und festigen. Doch ein konstruktiver Austausch erfolgt in der Regel beim geplanten Gespr\u00e4ch zwischen Lehrkraft und Eltern &#8211; sei es im Rahmen eines Elternsprechtages oder eines zuvor vereinbarten Gespr\u00e4chstermins. Was Sie hierbei als Lehrkraft beachten sollten, damit der Termin optimal verl\u00e4uft, nennt der folgende Beitrag.<\/span><\/p>\n<h2><span style=\"font-weight: 400;\">Schule und Elternhaus &#8211; gemeinsam erziehen und bilden<\/span><\/h2>\n<p><img loading=\"-\" decoding=\"async\" class=\"alignleft wp-image-4285\" src=\"https:\/\/www.phase-6.de\/magazin\/wp-content\/uploads\/2019\/03\/GB-Eltern-1-300x186.jpg\" alt=\"Elterngespr\u00e4che mit Kind f\u00fchren\" width=\"265\" height=\"164\" srcset=\"https:\/\/www.phase-6.de\/magazin\/wp-content\/uploads\/2019\/03\/GB-Eltern-1-300x186.jpg 300w, https:\/\/www.phase-6.de\/magazin\/wp-content\/uploads\/2019\/03\/GB-Eltern-1.jpg 485w\" sizes=\"(max-width: 265px) 100vw, 265px\" \/><\/p>\n<p><span style=\"font-weight: 400;\">Die Schulgesetze und die jeweiligen Schulprofile regeln die Zusammenarbeit von Eltern und Schule in Form der sogenannten Erziehungs- und Bildungspartnerschaft. Das hei\u00dft, Elternhaus und Schule ziehen gemeinsam an einem Strang, um dem jeweiligen Kind bestm\u00f6glichen Bildungserfolg zu erm\u00f6glichen. Aus diesem Grund sollten <\/span><b>pro Schuljahr mindestens zwei geplante Lehrer-Eltern-Gespr\u00e4che<\/b><span style=\"font-weight: 400;\"> durchgef\u00fchrt werden. Hier tauschen sich Eltern und Lehrkraft \u00fcber das jeweilige Kind und seinen Lernweg aus.<\/span><\/p>\n<h2><span style=\"font-weight: 400;\">Elterngespr\u00e4che vorbereiten<\/span><span style=\"font-weight: 400;\"> &#8211; Gewusst wie!<\/span><\/h2>\n<p><span style=\"font-weight: 400;\">Zun\u00e4chst sollten Sie eine angenehme Umgebung schaffen. Gibt es f\u00fcr Einzelgespr\u00e4che etwa einen Besprechungsraum an der Schule? Dann buchen Sie diesen f\u00fcr den Tag. Aber auch an Elternsprechtagen k\u00f6nnen Sie im Klassenraum eine positive Atmosph\u00e4re schaffen. Bieten Sie etwas zu trinken an und einen Stuhl, der nicht zu klein ist. Nehmen Sie sich bei Elternsprechtagen ausreichend Zeit und <\/span><b>planen Sie Pufferzeiten ein<\/b><span style=\"font-weight: 400;\">, in denen Sie m\u00f6gliche Versp\u00e4tungen aus vorangegangenen Gespr\u00e4chen auffangen k\u00f6nnen.<\/span><\/p>\n<p><span style=\"font-weight: 400;\">Machen Sie sich vor dem Gespr\u00e4ch Gedanken hinsichtlich der Inhalte. Was m\u00f6chten Sie mit den Eltern besprechen? Welche Materialien ben\u00f6tigen Sie daf\u00fcr? Hilfreich ist es, die folgenden Dokumente bereit zu haben:<\/span><\/p>\n<p><img loading=\"-\" decoding=\"async\" class=\" wp-image-4286 alignright\" src=\"https:\/\/www.phase-6.de\/magazin\/wp-content\/uploads\/2019\/03\/GB-Eltern-2-300x186.jpg\" alt=\"Lehrerin an ihrem Pult mit Laptop\" width=\"277\" height=\"172\" srcset=\"https:\/\/www.phase-6.de\/magazin\/wp-content\/uploads\/2019\/03\/GB-Eltern-2-300x186.jpg 300w, https:\/\/www.phase-6.de\/magazin\/wp-content\/uploads\/2019\/03\/GB-Eltern-2-400x250.jpg 400w, https:\/\/www.phase-6.de\/magazin\/wp-content\/uploads\/2019\/03\/GB-Eltern-2.jpg 485w\" sizes=\"(max-width: 277px) 100vw, 277px\" \/><\/p>\n<ul>\n<li style=\"font-weight: 400;\"><span style=\"font-weight: 400;\">Notenlisten<\/span><\/li>\n<li style=\"font-weight: 400;\"><span style=\"font-weight: 400;\">Hausaufgabenlisten<\/span><\/li>\n<li style=\"font-weight: 400;\"><span style=\"font-weight: 400;\">Unterrichtsbeobachtungen<\/span><\/li>\n<li style=\"font-weight: 400;\"><span style=\"font-weight: 400;\">Notizen<\/span><\/li>\n<li style=\"font-weight: 400;\"><span style=\"font-weight: 400;\">Sch\u00fclerarbeiten aus dem Unterricht<\/span><\/li>\n<\/ul>\n<h2><span style=\"font-weight: 400;\">Problemgespr\u00e4che mit Eltern f\u00fchren<\/span><\/h2>\n<p><span style=\"font-weight: 400;\">Fallen Ihnen hinsichtlich einer Sch\u00fclerin oder eines Sch\u00fclers Ver\u00e4nderungen auf, so sollten Sie rechtzeitig den Kontakt zu den Eltern suchen. Diese k\u00f6nnen beispielsweise die Teilnahme am Unterricht betreffen, aber auch Auff\u00e4lligkeiten im Lernverhalten. <\/span><b>Bereiten Sie die Eltern darauf vor<\/b><span style=\"font-weight: 400;\">, \u00fcber welches Thema Sie mit Ihnen sprechen m\u00f6chten. Bitten Sie die Eltern gegebenenfalls darum, in Vorbereitung auf das Gespr\u00e4ch ihre pers\u00f6nlichen Beobachtungen und Einsch\u00e4tzungen zum Thema Revue passieren zu lassen. Sollten Eltern Sie um einen Austausch bitten, so erbitten Sie eine kurze Information dar\u00fcber, was der Gespr\u00e4chsinhalt sein sollte.<\/span><\/p>\n<p><img loading=\"-\" decoding=\"async\" class=\"size-medium wp-image-4287 alignleft\" src=\"https:\/\/www.phase-6.de\/magazin\/wp-content\/uploads\/2019\/03\/GB-ELtern-3-300x200.jpg\" alt=\"Eltern laufen mit ihrem Sohn ins Schulgeb\u00e4ude\" width=\"300\" height=\"200\" srcset=\"https:\/\/www.phase-6.de\/magazin\/wp-content\/uploads\/2019\/03\/GB-ELtern-3-300x200.jpg 300w, https:\/\/www.phase-6.de\/magazin\/wp-content\/uploads\/2019\/03\/GB-ELtern-3.jpg 500w\" sizes=\"(max-width: 300px) 100vw, 300px\" \/><\/p>\n<p><span style=\"font-weight: 400;\">Um einen angenehmen Gespr\u00e4chseinstieg zu erm\u00f6glichen und einen pers\u00f6nlichen Kontakt herzustellen, k\u00f6nnen Sie zun\u00e4chst auf aktuelle Geschehnisse in der Schule eingehen. Dann leiten Sie zum eigentlichen Anlass des Gespr\u00e4chs \u00fcber, indem Sie entweder Ihre eigene Wahrnehmung vortragen oder dem Elternteil zuh\u00f6ren. Bew\u00e4hrt hat sich in diesem Zusammenhang die <\/span><b>Methode des aktiven Zuh\u00f6rens<\/b><span style=\"font-weight: 400;\">, die auf den US-amerikanischen Psychologen und Psychotherapeuten Carl Rogers zur\u00fcck geht. Basierend darauf, dass sich die Teilnehmenden mit besonderer Wertsch\u00e4tzung und Respekt begegnen, nehmen Sie als Lehrkraft w\u00e4hrend des Gespr\u00e4chs sowohl die nonverbalen als auch die verbalen Signale Ihres Gegen\u00fcbers wahr und gehen auf diese ein.<\/span><\/p>\n<h3><span style=\"font-weight: 400;\">L\u00f6sungswege entwickeln<\/span><\/h3>\n<p><span style=\"font-weight: 400;\">Nachdem beide Seiten ihre Wahrnehmungen und m\u00f6glichen Sorgen verbalisiert haben, geht es darum, L\u00f6sungswege gemeinsam zu entwickeln. Was sollte nun unternommen werden, um den betreffenden Sch\u00fcler oder die Sch\u00fclerin bestm\u00f6glich zu f\u00f6rdern und zu fordern?<\/span><\/p>\n<p><span style=\"font-weight: 400;\">Wer \u00fcbernimmt f\u00fcr bestimmte Schritte die Verantwortung und zu welchem Zeitpunkt erfolgt eine R\u00fcckmeldung? Terminieren Sie gleich ein weiteres Gespr\u00e4ch, um diese L\u00f6sungen nach einer gewissen Zeit gemeinsam zu reflektieren und gegebenenfalls zu modifizieren.<\/span><\/p>\n<h3><span style=\"font-weight: 400;\">Besondere Belange<\/span><\/h3>\n<p><img loading=\"-\" decoding=\"async\" class=\"alignright wp-image-4288 size-medium\" src=\"https:\/\/www.phase-6.de\/magazin\/wp-content\/uploads\/2019\/03\/GB-Eltern-4-300x186.jpg\" alt=\"Schwierige Elterngespr\u00e4che? Durchatmen!\" width=\"300\" height=\"186\" srcset=\"https:\/\/www.phase-6.de\/magazin\/wp-content\/uploads\/2019\/03\/GB-Eltern-4-300x186.jpg 300w, https:\/\/www.phase-6.de\/magazin\/wp-content\/uploads\/2019\/03\/GB-Eltern-4.jpg 485w\" sizes=\"(max-width: 300px) 100vw, 300px\" \/>Sind Sie im Umgang mit manchen Eltern nicht sicher, so empfiehlt es sich, beispielsweise eine Kollegin oder einen Kollegen oder auch die Beratungslehrkraft der Schule mit zum Gespr\u00e4ch zu bitten. Sei es, weil Sie selbst noch unerfahren mit Problemgespr\u00e4chen mit Eltern sind und eine kompetente Unterst\u00fctzung an Ihrer Seite w\u00fcnschen, oder weil Sie den Umgang mit manchen Eltern als herausfordernd oder schwierig erachten. In einigen wenigen F\u00e4llen ist es ebenfalls sinnvoll, die Schulleitung um Unterst\u00fctzung zu bitten. Achten Sie au\u00dferdem auf die Belange von getrennt lebenden und gemeinsam sorgeberechtigten Elternteilen. Was Sie hierbei beachten sollten, erkundigen Sie am besten bei Ihrer Schulleitung.<\/p>\n<h2><span style=\"font-weight: 400;\">Bildung durch Kooperation<\/span><\/h2>\n<p><span style=\"font-weight: 400;\">Elterngespr\u00e4che <\/span><span style=\"font-weight: 400;\">sind ein wichtiger Baustein, um Erziehungs- und Bildungspartnerschaft authentisch gelingen zu lassen. Ein guter und vertrauensvoller Austausch zwischen Elternhaus und Schule hilft, die Bildungsbiographie eines Sch\u00fclers oder einer Sch\u00fclerin optimal gelingen zu lassen.<\/span><\/p>\n<h2>Checkliste f\u00fcr Elterngespr\u00e4che<\/h2>\n<p>Um optimal vorbereitet in das n\u00e4chste Elterngespr\u00e4ch zu starten, hat phase6 eine <a href=\"https:\/\/www.phase-6.de\/magazin\/wp-content\/uploads\/2019\/05\/Checkliste-f\u00fcr-das-Elterngespr\u00e4ch1-2.pdf\" target=\"_blank\" rel=\"noopener noreferrer\"><span style=\"color: #ff0000;\"><span style=\"color: #fc7c00;\">Checkliste f\u00fcr Elterngespr\u00e4che<\/span><\/span><\/a> sowie ein <span style=\"color: #fc7c00;\"><a href=\"https:\/\/www.phase-6.de\/magazin\/wp-content\/uploads\/2019\/05\/Gespr\u00e4chsprotokoll-f\u00fcr-das-Elterngespr\u00e4ch.pdf\" target=\"_blank\" rel=\"noopener noreferrer\"><span style=\"color: #fc7c00;\">Muster f\u00fcr das Gespr\u00e4chsprotokoll<\/span><\/a><\/span> zusammengestellt. Mit dieser Druckvorlage haben Sie alle wichtigen Schritte direkt vor Augen und erleichtern sich zus\u00e4tzlich die Protokollf\u00fchrung bei Elterngespr\u00e4chen.<\/p>\n[\/et_pb_text][\/et_pb_column][\/et_pb_row][\/et_pb_section]\n","protected":false},"excerpt":{"rendered":"<p>Elterngespr\u00e4che sind ein wichtiger Bestandteil der Erziehungs- und Bildungspartnerschaft. Besonders f\u00fcr unerfahrene Lehrkr\u00e4fte stellen sie eine gro\u00dfe Herausforderung dar. Wie Sie Elterngespr\u00e4che konstruktiv und erfolgreich f\u00fchren, erfahren Sie hier!<\/p>\n","protected":false},"author":11,"featured_media":6510,"comment_status":"closed","ping_status":"open","sticky":false,"template":"","format":"standard","meta":{"_acf_changed":false,"_yoast_wpseo_focuskw":"Elterngespr\u00e4che","_yoast_wpseo_title":"","_yoast_wpseo_metadesc":"Elternarbeit: So meistern Sie die n\u00e4chsten Elterngespr\u00e4che erfolgreich! \u2713 Tipps & Empfehlungen \u2713 Checkliste \u2713 Protokoll \u2713 kostenloser Download","_yoast_wpseo_canonical":"","_yoast_wpseo_opengraph-title":"","_yoast_wpseo_opengraph-description":"","_et_pb_use_builder":"on","_et_pb_old_content":"","_et_gb_content_width":"","inline_featured_image":false,"footnotes":""},"categories":[70],"tags":[],"class_list":["post-4283","post","type-post","status-publish","format-standard","has-post-thumbnail","hentry","category-work-life-balance","et-has-post-format-content","et_post_format-et-post-format-standard"],"acf":[],"yoast_head":"<!-- This site is optimized with the Yoast SEO plugin v26.9 - https:\/\/yoast.com\/product\/yoast-seo-wordpress\/ -->\n<title>Elterngespr\u00e4che konstruktiv f\u00fchren - phase6 Magazin<\/title>\n<meta name=\"description\" content=\"Elternarbeit: So meistern Sie die n\u00e4chsten Elterngespr\u00e4che erfolgreich! \u2713 Tipps &amp; Empfehlungen \u2713 Checkliste \u2713 Protokoll \u2713 kostenloser Download\" \/>\n<meta name=\"robots\" content=\"index, follow, max-snippet:-1, max-image-preview:large, max-video-preview:-1\" \/>\n<link rel=\"canonical\" href=\"https:\/\/www.phase-6.de\/magazin\/fuer-lehrkraefte\/themen\/work-life-balance\/elterngespraeche-konstruktiv-fuehren\/\" \/>\n<meta property=\"og:locale\" content=\"de_DE\" \/>\n<meta property=\"og:type\" content=\"article\" \/>\n<meta property=\"og:title\" content=\"Elterngespr\u00e4che konstruktiv f\u00fchren - phase6 Magazin\" \/>\n<meta property=\"og:description\" content=\"Elternarbeit: So meistern Sie die n\u00e4chsten Elterngespr\u00e4che erfolgreich! \u2713 Tipps &amp; Empfehlungen \u2713 Checkliste \u2713 Protokoll \u2713 kostenloser Download\" \/>\n<meta property=\"og:url\" content=\"https:\/\/www.phase-6.de\/magazin\/fuer-lehrkraefte\/themen\/work-life-balance\/elterngespraeche-konstruktiv-fuehren\/\" \/>\n<meta property=\"og:site_name\" content=\"phase6 Magazin\" \/>\n<meta property=\"article:publisher\" content=\"https:\/\/www.facebook.com\/phase6.de\/\" \/>\n<meta property=\"article:published_time\" content=\"2019-05-22T17:00:39+00:00\" \/>\n<meta property=\"article:modified_time\" content=\"2023-04-19T16:09:13+00:00\" \/>\n<meta property=\"og:image\" content=\"https:\/\/www.phase-6.de\/magazin\/wp-content\/uploads\/2019\/05\/elterngespraeche_fuehren.jpg\" \/>\n\t<meta property=\"og:image:width\" content=\"1080\" \/>\n\t<meta property=\"og:image:height\" content=\"675\" \/>\n\t<meta property=\"og:image:type\" content=\"image\/jpeg\" \/>\n<meta name=\"author\" content=\"Rebecca\" \/>\n<meta name=\"twitter:card\" content=\"summary_large_image\" \/>\n<meta name=\"twitter:label1\" content=\"Verfasst von\" \/>\n\t<meta name=\"twitter:data1\" content=\"Rebecca\" \/>\n\t<meta name=\"twitter:label2\" content=\"Gesch\u00e4tzte Lesezeit\" \/>\n\t<meta name=\"twitter:data2\" content=\"6\u00a0Minuten\" \/>\n<script type=\"application\/ld+json\" class=\"yoast-schema-graph\">{\"@context\":\"https:\/\/schema.org\",\"@graph\":[{\"@type\":\"Article\",\"@id\":\"https:\/\/www.phase-6.de\/magazin\/fuer-lehrkraefte\/themen\/work-life-balance\/elterngespraeche-konstruktiv-fuehren\/#article\",\"isPartOf\":{\"@id\":\"https:\/\/www.phase-6.de\/magazin\/fuer-lehrkraefte\/themen\/work-life-balance\/elterngespraeche-konstruktiv-fuehren\/\"},\"author\":{\"name\":\"Rebecca\",\"@id\":\"https:\/\/www.phase-6.de\/magazin\/#\/schema\/person\/c79e16a5e9f43034e7a9f1876f3e96d4\"},\"headline\":\"Elterngespr\u00e4che konstruktiv f\u00fchren\",\"datePublished\":\"2019-05-22T17:00:39+00:00\",\"dateModified\":\"2023-04-19T16:09:13+00:00\",\"mainEntityOfPage\":{\"@id\":\"https:\/\/www.phase-6.de\/magazin\/fuer-lehrkraefte\/themen\/work-life-balance\/elterngespraeche-konstruktiv-fuehren\/\"},\"wordCount\":1082,\"publisher\":{\"@id\":\"https:\/\/www.phase-6.de\/magazin\/#organization\"},\"image\":{\"@id\":\"https:\/\/www.phase-6.de\/magazin\/fuer-lehrkraefte\/themen\/work-life-balance\/elterngespraeche-konstruktiv-fuehren\/#primaryimage\"},\"thumbnailUrl\":\"https:\/\/www.phase-6.de\/magazin\/wp-content\/uploads\/2019\/05\/elterngespraeche_fuehren.jpg\",\"articleSection\":[\"Work-Life-Balance\"],\"inLanguage\":\"de\"},{\"@type\":\"WebPage\",\"@id\":\"https:\/\/www.phase-6.de\/magazin\/fuer-lehrkraefte\/themen\/work-life-balance\/elterngespraeche-konstruktiv-fuehren\/\",\"url\":\"https:\/\/www.phase-6.de\/magazin\/fuer-lehrkraefte\/themen\/work-life-balance\/elterngespraeche-konstruktiv-fuehren\/\",\"name\":\"Elterngespr\u00e4che konstruktiv f\u00fchren - phase6 Magazin\",\"isPartOf\":{\"@id\":\"https:\/\/www.phase-6.de\/magazin\/#website\"},\"primaryImageOfPage\":{\"@id\":\"https:\/\/www.phase-6.de\/magazin\/fuer-lehrkraefte\/themen\/work-life-balance\/elterngespraeche-konstruktiv-fuehren\/#primaryimage\"},\"image\":{\"@id\":\"https:\/\/www.phase-6.de\/magazin\/fuer-lehrkraefte\/themen\/work-life-balance\/elterngespraeche-konstruktiv-fuehren\/#primaryimage\"},\"thumbnailUrl\":\"https:\/\/www.phase-6.de\/magazin\/wp-content\/uploads\/2019\/05\/elterngespraeche_fuehren.jpg\",\"datePublished\":\"2019-05-22T17:00:39+00:00\",\"dateModified\":\"2023-04-19T16:09:13+00:00\",\"description\":\"Elternarbeit: So meistern Sie die n\u00e4chsten Elterngespr\u00e4che erfolgreich! \u2713 Tipps & Empfehlungen \u2713 Checkliste \u2713 Protokoll \u2713 kostenloser Download\",\"breadcrumb\":{\"@id\":\"https:\/\/www.phase-6.de\/magazin\/fuer-lehrkraefte\/themen\/work-life-balance\/elterngespraeche-konstruktiv-fuehren\/#breadcrumb\"},\"inLanguage\":\"de\",\"potentialAction\":[{\"@type\":\"ReadAction\",\"target\":[\"https:\/\/www.phase-6.de\/magazin\/fuer-lehrkraefte\/themen\/work-life-balance\/elterngespraeche-konstruktiv-fuehren\/\"]}]},{\"@type\":\"ImageObject\",\"inLanguage\":\"de\",\"@id\":\"https:\/\/www.phase-6.de\/magazin\/fuer-lehrkraefte\/themen\/work-life-balance\/elterngespraeche-konstruktiv-fuehren\/#primaryimage\",\"url\":\"https:\/\/www.phase-6.de\/magazin\/wp-content\/uploads\/2019\/05\/elterngespraeche_fuehren.jpg\",\"contentUrl\":\"https:\/\/www.phase-6.de\/magazin\/wp-content\/uploads\/2019\/05\/elterngespraeche_fuehren.jpg\",\"width\":1080,\"height\":675,\"caption\":\"Lehrkraft vor ihrer Klasse\"},{\"@type\":\"BreadcrumbList\",\"@id\":\"https:\/\/www.phase-6.de\/magazin\/fuer-lehrkraefte\/themen\/work-life-balance\/elterngespraeche-konstruktiv-fuehren\/#breadcrumb\",\"itemListElement\":[{\"@type\":\"ListItem\",\"position\":1,\"name\":\"Startseite\",\"item\":\"https:\/\/www.phase-6.de\/magazin\/\"},{\"@type\":\"ListItem\",\"position\":2,\"name\":\"Elterngespr\u00e4che konstruktiv f\u00fchren\"}]},{\"@type\":\"WebSite\",\"@id\":\"https:\/\/www.phase-6.de\/magazin\/#website\",\"url\":\"https:\/\/www.phase-6.de\/magazin\/\",\"name\":\"phase6 Magazin\",\"description\":\"Das Magazin f\u00fcr Sprache, Lernen &amp; Lehren\",\"publisher\":{\"@id\":\"https:\/\/www.phase-6.de\/magazin\/#organization\"},\"potentialAction\":[{\"@type\":\"SearchAction\",\"target\":{\"@type\":\"EntryPoint\",\"urlTemplate\":\"https:\/\/www.phase-6.de\/magazin\/?s={search_term_string}\"},\"query-input\":{\"@type\":\"PropertyValueSpecification\",\"valueRequired\":true,\"valueName\":\"search_term_string\"}}],\"inLanguage\":\"de\"},{\"@type\":\"Organization\",\"@id\":\"https:\/\/www.phase-6.de\/magazin\/#organization\",\"name\":\"phase-6 GmbH\",\"url\":\"https:\/\/www.phase-6.de\/magazin\/\",\"logo\":{\"@type\":\"ImageObject\",\"inLanguage\":\"de\",\"@id\":\"https:\/\/www.phase-6.de\/magazin\/#\/schema\/logo\/image\/\",\"url\":\"https:\/\/www.phase-6.de\/magazin\/wp-content\/uploads\/2017\/07\/phase6_logo2017.png\",\"contentUrl\":\"https:\/\/www.phase-6.de\/magazin\/wp-content\/uploads\/2017\/07\/phase6_logo2017.png\",\"width\":709,\"height\":200,\"caption\":\"phase-6 GmbH\"},\"image\":{\"@id\":\"https:\/\/www.phase-6.de\/magazin\/#\/schema\/logo\/image\/\"},\"sameAs\":[\"https:\/\/www.facebook.com\/phase6.de\/\",\"https:\/\/de.wikipedia.org\/wiki\/Phase6\"]},{\"@type\":\"Person\",\"@id\":\"https:\/\/www.phase-6.de\/magazin\/#\/schema\/person\/c79e16a5e9f43034e7a9f1876f3e96d4\",\"name\":\"Rebecca\",\"url\":\"https:\/\/www.phase-6.de\/magazin\/author\/rebecca\/\"}]}<\/script>\n<!-- \/ Yoast SEO plugin. -->","yoast_head_json":{"title":"Elterngespr\u00e4che konstruktiv f\u00fchren - phase6 Magazin","description":"Elternarbeit: So meistern Sie die n\u00e4chsten Elterngespr\u00e4che erfolgreich! \u2713 Tipps & Empfehlungen \u2713 Checkliste \u2713 Protokoll \u2713 kostenloser Download","robots":{"index":"index","follow":"follow","max-snippet":"max-snippet:-1","max-image-preview":"max-image-preview:large","max-video-preview":"max-video-preview:-1"},"canonical":"https:\/\/www.phase-6.de\/magazin\/fuer-lehrkraefte\/themen\/work-life-balance\/elterngespraeche-konstruktiv-fuehren\/","og_locale":"de_DE","og_type":"article","og_title":"Elterngespr\u00e4che konstruktiv f\u00fchren - phase6 Magazin","og_description":"Elternarbeit: So meistern Sie die n\u00e4chsten Elterngespr\u00e4che erfolgreich! \u2713 Tipps & Empfehlungen \u2713 Checkliste \u2713 Protokoll \u2713 kostenloser Download","og_url":"https:\/\/www.phase-6.de\/magazin\/fuer-lehrkraefte\/themen\/work-life-balance\/elterngespraeche-konstruktiv-fuehren\/","og_site_name":"phase6 Magazin","article_publisher":"https:\/\/www.facebook.com\/phase6.de\/","article_published_time":"2019-05-22T17:00:39+00:00","article_modified_time":"2023-04-19T16:09:13+00:00","og_image":[{"width":1080,"height":675,"url":"https:\/\/www.phase-6.de\/magazin\/wp-content\/uploads\/2019\/05\/elterngespraeche_fuehren.jpg","type":"image\/jpeg"}],"author":"Rebecca","twitter_card":"summary_large_image","twitter_misc":{"Verfasst von":"Rebecca","Gesch\u00e4tzte Lesezeit":"6\u00a0Minuten"},"schema":{"@context":"https:\/\/schema.org","@graph":[{"@type":"Article","@id":"https:\/\/www.phase-6.de\/magazin\/fuer-lehrkraefte\/themen\/work-life-balance\/elterngespraeche-konstruktiv-fuehren\/#article","isPartOf":{"@id":"https:\/\/www.phase-6.de\/magazin\/fuer-lehrkraefte\/themen\/work-life-balance\/elterngespraeche-konstruktiv-fuehren\/"},"author":{"name":"Rebecca","@id":"https:\/\/www.phase-6.de\/magazin\/#\/schema\/person\/c79e16a5e9f43034e7a9f1876f3e96d4"},"headline":"Elterngespr\u00e4che konstruktiv f\u00fchren","datePublished":"2019-05-22T17:00:39+00:00","dateModified":"2023-04-19T16:09:13+00:00","mainEntityOfPage":{"@id":"https:\/\/www.phase-6.de\/magazin\/fuer-lehrkraefte\/themen\/work-life-balance\/elterngespraeche-konstruktiv-fuehren\/"},"wordCount":1082,"publisher":{"@id":"https:\/\/www.phase-6.de\/magazin\/#organization"},"image":{"@id":"https:\/\/www.phase-6.de\/magazin\/fuer-lehrkraefte\/themen\/work-life-balance\/elterngespraeche-konstruktiv-fuehren\/#primaryimage"},"thumbnailUrl":"https:\/\/www.phase-6.de\/magazin\/wp-content\/uploads\/2019\/05\/elterngespraeche_fuehren.jpg","articleSection":["Work-Life-Balance"],"inLanguage":"de"},{"@type":"WebPage","@id":"https:\/\/www.phase-6.de\/magazin\/fuer-lehrkraefte\/themen\/work-life-balance\/elterngespraeche-konstruktiv-fuehren\/","url":"https:\/\/www.phase-6.de\/magazin\/fuer-lehrkraefte\/themen\/work-life-balance\/elterngespraeche-konstruktiv-fuehren\/","name":"Elterngespr\u00e4che konstruktiv f\u00fchren - phase6 Magazin","isPartOf":{"@id":"https:\/\/www.phase-6.de\/magazin\/#website"},"primaryImageOfPage":{"@id":"https:\/\/www.phase-6.de\/magazin\/fuer-lehrkraefte\/themen\/work-life-balance\/elterngespraeche-konstruktiv-fuehren\/#primaryimage"},"image":{"@id":"https:\/\/www.phase-6.de\/magazin\/fuer-lehrkraefte\/themen\/work-life-balance\/elterngespraeche-konstruktiv-fuehren\/#primaryimage"},"thumbnailUrl":"https:\/\/www.phase-6.de\/magazin\/wp-content\/uploads\/2019\/05\/elterngespraeche_fuehren.jpg","datePublished":"2019-05-22T17:00:39+00:00","dateModified":"2023-04-19T16:09:13+00:00","description":"Elternarbeit: So meistern Sie die n\u00e4chsten Elterngespr\u00e4che erfolgreich! \u2713 Tipps & Empfehlungen \u2713 Checkliste \u2713 Protokoll \u2713 kostenloser Download","breadcrumb":{"@id":"https:\/\/www.phase-6.de\/magazin\/fuer-lehrkraefte\/themen\/work-life-balance\/elterngespraeche-konstruktiv-fuehren\/#breadcrumb"},"inLanguage":"de","potentialAction":[{"@type":"ReadAction","target":["https:\/\/www.phase-6.de\/magazin\/fuer-lehrkraefte\/themen\/work-life-balance\/elterngespraeche-konstruktiv-fuehren\/"]}]},{"@type":"ImageObject","inLanguage":"de","@id":"https:\/\/www.phase-6.de\/magazin\/fuer-lehrkraefte\/themen\/work-life-balance\/elterngespraeche-konstruktiv-fuehren\/#primaryimage","url":"https:\/\/www.phase-6.de\/magazin\/wp-content\/uploads\/2019\/05\/elterngespraeche_fuehren.jpg","contentUrl":"https:\/\/www.phase-6.de\/magazin\/wp-content\/uploads\/2019\/05\/elterngespraeche_fuehren.jpg","width":1080,"height":675,"caption":"Lehrkraft vor ihrer Klasse"},{"@type":"BreadcrumbList","@id":"https:\/\/www.phase-6.de\/magazin\/fuer-lehrkraefte\/themen\/work-life-balance\/elterngespraeche-konstruktiv-fuehren\/#breadcrumb","itemListElement":[{"@type":"ListItem","position":1,"name":"Startseite","item":"https:\/\/www.phase-6.de\/magazin\/"},{"@type":"ListItem","position":2,"name":"Elterngespr\u00e4che konstruktiv f\u00fchren"}]},{"@type":"WebSite","@id":"https:\/\/www.phase-6.de\/magazin\/#website","url":"https:\/\/www.phase-6.de\/magazin\/","name":"phase6 Magazin","description":"Das Magazin f\u00fcr Sprache, Lernen &amp; Lehren","publisher":{"@id":"https:\/\/www.phase-6.de\/magazin\/#organization"},"potentialAction":[{"@type":"SearchAction","target":{"@type":"EntryPoint","urlTemplate":"https:\/\/www.phase-6.de\/magazin\/?s={search_term_string}"},"query-input":{"@type":"PropertyValueSpecification","valueRequired":true,"valueName":"search_term_string"}}],"inLanguage":"de"},{"@type":"Organization","@id":"https:\/\/www.phase-6.de\/magazin\/#organization","name":"phase-6 GmbH","url":"https:\/\/www.phase-6.de\/magazin\/","logo":{"@type":"ImageObject","inLanguage":"de","@id":"https:\/\/www.phase-6.de\/magazin\/#\/schema\/logo\/image\/","url":"https:\/\/www.phase-6.de\/magazin\/wp-content\/uploads\/2017\/07\/phase6_logo2017.png","contentUrl":"https:\/\/www.phase-6.de\/magazin\/wp-content\/uploads\/2017\/07\/phase6_logo2017.png","width":709,"height":200,"caption":"phase-6 GmbH"},"image":{"@id":"https:\/\/www.phase-6.de\/magazin\/#\/schema\/logo\/image\/"},"sameAs":["https:\/\/www.facebook.com\/phase6.de\/","https:\/\/de.wikipedia.org\/wiki\/Phase6"]},{"@type":"Person","@id":"https:\/\/www.phase-6.de\/magazin\/#\/schema\/person\/c79e16a5e9f43034e7a9f1876f3e96d4","name":"Rebecca","url":"https:\/\/www.phase-6.de\/magazin\/author\/rebecca\/"}]}},"_links":{"self":[{"href":"https:\/\/www.phase-6.de\/magazin\/wp-json\/wp\/v2\/posts\/4283","targetHints":{"allow":["GET"]}}],"collection":[{"href":"https:\/\/www.phase-6.de\/magazin\/wp-json\/wp\/v2\/posts"}],"about":[{"href":"https:\/\/www.phase-6.de\/magazin\/wp-json\/wp\/v2\/types\/post"}],"author":[{"embeddable":true,"href":"https:\/\/www.phase-6.de\/magazin\/wp-json\/wp\/v2\/users\/11"}],"replies":[{"embeddable":true,"href":"https:\/\/www.phase-6.de\/magazin\/wp-json\/wp\/v2\/comments?post=4283"}],"version-history":[{"count":0,"href":"https:\/\/www.phase-6.de\/magazin\/wp-json\/wp\/v2\/posts\/4283\/revisions"}],"wp:featuredmedia":[{"embeddable":true,"href":"https:\/\/www.phase-6.de\/magazin\/wp-json\/wp\/v2\/media\/6510"}],"wp:attachment":[{"href":"https:\/\/www.phase-6.de\/magazin\/wp-json\/wp\/v2\/media?parent=4283"}],"wp:term":[{"taxonomy":"category","embeddable":true,"href":"https:\/\/www.phase-6.de\/magazin\/wp-json\/wp\/v2\/categories?post=4283"},{"taxonomy":"post_tag","embeddable":true,"href":"https:\/\/www.phase-6.de\/magazin\/wp-json\/wp\/v2\/tags?post=4283"}],"curies":[{"name":"wp","href":"https:\/\/api.w.org\/{rel}","templated":true}]}}