{"id":4651,"date":"2019-05-29T12:03:45","date_gmt":"2019-05-29T12:03:45","guid":{"rendered":"https:\/\/www.phase-6.de\/magazin\/?p=4651"},"modified":"2022-12-12T11:53:49","modified_gmt":"2022-12-12T11:53:49","slug":"der-lernvertrag-lernfoerderung-per-vereinbarung","status":"publish","type":"post","link":"https:\/\/www.phase-6.de\/magazin\/fuer-lehrkraefte\/themen\/methodik-didaktik\/lernvertrag-per-handschlag-zur-lernfoerderung\/","title":{"rendered":"Lernvertrag: per Handschlag zur Lernf\u00f6rderung"},"content":{"rendered":"[et_pb_section fb_built=&#8220;1&#8243; _builder_version=&#8220;4.16&#8243; global_colors_info=&#8220;{}&#8220;][et_pb_row _builder_version=&#8220;4.16&#8243; background_size=&#8220;initial&#8220; background_position=&#8220;top_left&#8220; background_repeat=&#8220;repeat&#8220; global_colors_info=&#8220;{}&#8220;][et_pb_column type=&#8220;4_4&#8243; _builder_version=&#8220;4.16&#8243; custom_padding=&#8220;|||&#8220; global_colors_info=&#8220;{}&#8220; custom_padding__hover=&#8220;|||&#8220;][et_pb_text _builder_version=&#8220;4.19.2&#8243; hover_enabled=&#8220;0&#8243; border_style=&#8220;solid&#8220; global_colors_info=&#8220;{}&#8220; sticky_enabled=&#8220;0&#8243;]\n<p><span style=\"font-weight: 400;\">Im Verh\u00e4ltnis zwischen Lehrenden und Lernenden kommt es h\u00e4ufig zu signifikant verschiedenen Erwartungen bez\u00fcglich der angepeilten <\/span><span style=\"font-weight: 400;\">Lernziele<\/span><span style=\"font-weight: 400;\">. Ein sogenannter <\/span><span style=\"font-weight: 400;\">Lernvertrag <\/span><span style=\"font-weight: 400;\">kann hierbei f\u00fcr Transparenz sorgen. In einem solchen Vertrag halten die Sch\u00fclerinnen und Sch\u00fcler fest, welche <\/span><span style=\"font-weight: 400;\">Lernziele <\/span><span style=\"font-weight: 400;\">sie f\u00fcr sich individuell vorgenommen haben und was sie f\u00fcr die Erreichung dieser tun m\u00f6chten sowie welche Unterst\u00fctzung sie daf\u00fcr erwarten. Richtig angewendet, kann der <\/span><span style=\"font-weight: 400;\">Lernvertrag <\/span><span style=\"font-weight: 400;\">die Eigenst\u00e4ndigkeit und Lernmotivation der Sch\u00fclerinnen und Sch\u00fcler f\u00f6rdern, aber auch Ihnen als Lehrkraft effizient dienen. Wo genau die Vorteile und der Zweck einer solchen Lernvereinbarung liegen, welche Varianten es hierbei gibt und wie Sie diese richtig implementieren, soll Ihnen im Folgenden dargelegt werden. <\/span><\/p>\n<p><em>Au\u00dferdem haben wir f\u00fcr Sie am Ende des Beitrags ein <strong>kostenloses Lernvertrag-Muster<\/strong> zum Download bereitgestellt.<\/em><\/p>\n<h2><span style=\"font-weight: 400;\">Der Sinn und Zweck von Lernvertr\u00e4gen<\/span><\/h2>\n<p><span style=\"font-weight: 400;\"><img loading=\"-\" decoding=\"async\" class=\"size-medium wp-image-4655 alignleft\" src=\"https:\/\/www.phase-6.de\/magazin\/wp-content\/uploads\/2019\/05\/lernvertrag-aufsetzen-300x186.jpg\" alt=\"Lehrerin sitzt mit ihren Sch\u00fclern am Tisch und erkl\u00e4rt etwas\" width=\"300\" height=\"186\" srcset=\"https:\/\/www.phase-6.de\/magazin\/wp-content\/uploads\/2019\/05\/lernvertrag-aufsetzen-300x186.jpg 300w, https:\/\/www.phase-6.de\/magazin\/wp-content\/uploads\/2019\/05\/lernvertrag-aufsetzen.jpg 485w\" sizes=\"(max-width: 300px) 100vw, 300px\" \/>Lernvertr\u00e4ge gew\u00e4hren den Lernenden beim Lernprozess eine gr\u00f6\u00dfere Eigenst\u00e4ndigkeit sowie die M\u00f6glichkeit, <\/span><strong>Lernziele <\/strong><span style=\"font-weight: 400;\"><strong>individuell und nach eigenen Vorstellungen formulieren<\/strong> zu k\u00f6nnen. Durch einen solchen <\/span><span style=\"font-weight: 400;\">Lernvertrag <\/span><span style=\"font-weight: 400;\">bringen Sie Ihre Klasse dazu, sich mit dem eigenen Lernbedarf auseinanderzusetzen und auf dieser Basis <\/span><span style=\"font-weight: 400;\">pers\u00f6nliche Ziele formulieren<\/span><span style=\"font-weight: 400;\"> zu k\u00f6nnen. Ihre Sch\u00fclerinnen und Sch\u00fcler bekommen somit die Chance, den zu lernenden Stoff zu einem gewissen Grade selbst mitzubestimmen. Dies kann die <strong>Motivation beim Lernen f\u00f6rdern<\/strong> und erweckt auch ein gr\u00f6\u00dferes Verantwortungsbewusstsein. Die Sch\u00fclerinnen und Sch\u00fcler erkennen, dass Sie ihnen mehr Zugest\u00e4ndnisse beim Lernprozess einger\u00e4umt haben, wissen aber auch, dass diese mit der Pflicht einhergehen, die vertraglich gesetzten <\/span><span style=\"font-weight: 400;\">Lernziele <\/span><span style=\"font-weight: 400;\">auch bestm\u00f6glich zu erreichen.\u00a0<strong>Es entsteht so eine intrinsische Motivation<\/strong> f\u00fcr das Lernen bei den Sch\u00fclerinnen und Sch\u00fclern, die \u00fcber die traditionellen extrinsischen Motivationsfaktoren (gute Noten, Zufriedenstellung der Eltern, usw.) hinausgeht.<\/span><\/p>\n<p><span style=\"font-weight: 400;\"><img loading=\"-\" decoding=\"async\" class=\"size-medium wp-image-4656 alignright\" src=\"https:\/\/www.phase-6.de\/magazin\/wp-content\/uploads\/2019\/05\/lehrer-im-gespr\u00e4ch-mit-sch\u00fcler-300x186.jpg\" alt=\"Lehrer und Sch\u00fcler lachen sich an\" width=\"300\" height=\"186\" srcset=\"https:\/\/www.phase-6.de\/magazin\/wp-content\/uploads\/2019\/05\/lehrer-im-gespr\u00e4ch-mit-sch\u00fcler-300x186.jpg 300w, https:\/\/www.phase-6.de\/magazin\/wp-content\/uploads\/2019\/05\/lehrer-im-gespr\u00e4ch-mit-sch\u00fcler.jpg 485w\" sizes=\"(max-width: 300px) 100vw, 300px\" \/>Doch auch, wenn Lernende die im <\/span><span style=\"font-weight: 400;\">Lernvertrag <\/span><span style=\"font-weight: 400;\">festgelegten Ziele nicht erreichen sollten, kann das Prinzip der <\/span><span style=\"font-weight: 400;\">Lernvereinbarung <\/span><span style=\"font-weight: 400;\">positive Effekte mit sich bringen. Die entsprechenden Sch\u00fclerinnen und Sch\u00fcler k\u00f6nnen dann unter Ihrer Mithilfe <strong>selbstreflektierend<\/strong> und eventuell auch <strong>selbstkritisch<\/strong> auf die erbrachte Lernarbeit blicken und besser erkennen, was letztlich gefehlt hat zum Erreichen der selbst gesteckten Ziele. Auch hierdurch wird die intrinsische Motivation Ihrer Sch\u00fcler gest\u00e4rkt, an sich zu arbeiten. Durch eine Lernfortschrittsdokumentation w\u00e4hrend des Lernprozesses kann den Sch\u00fclerinnen und Sch\u00fclern zudem schon w\u00e4hrend des Lernens geholfen werden, sich die <strong>eigenen Interessen, St\u00e4rken sowie Schw\u00e4chen bewusst zu werden<\/strong>. F\u00fcr Sie als Lehrende hat die Aufsetzung eines solchen\u00a0<\/span><span style=\"font-weight: 400;\">Lernvertrags mit Ihrer Klasse den Vorteil, diese auf effektive Weise zu motivieren und somit den Lernprozess als Ganzes effizienter zu gestalten.<\/span><\/p>\n<h3><span style=\"font-weight: 400;\">M\u00f6gliche Vertragsvarianten<\/span><\/h3>\n<p><span style=\"font-weight: 400;\">Es gibt verschiedene Varianten eines Lernvertrags, die sich, zum einen bez\u00fcglich der Zielgruppe, zum anderen bez\u00fcglich des Inhalts, unterscheiden k\u00f6nnen. Typischerweise werden <strong>Lernvertr\u00e4ge zwischen Lehrenden und Lernenden<\/strong> getroffen. Dar\u00fcber hinaus k\u00f6nnen auch die Eltern in die Vereinbarung involviert werden. So kann ein zus\u00e4tzlicher <\/span><strong>Lernvertrag zwischen Eltern und Kind<\/strong><span style=\"font-weight: 400;\"> aufgesetzt werden. Bei dieser Vertragsform k\u00f6nnen auch die Eltern einige Verantwortungen f\u00fcr die Einhaltung der festgelegten <\/span><span style=\"font-weight: 400;\">Lernziele <\/span><span style=\"font-weight: 400;\">\u00fcbertragen bekommen.<\/span><\/p>\n<p><span style=\"text-decoration: underline;\"><em>\u2192 Das k\u00f6nnte Sie auch interessieren:<\/em><\/span> <em><a href=\"https:\/\/www.phase-6.de\/magazin\/fuer-lehrkraefte\/themen\/work-life-balance\/elterngespraeche-konstruktiv-fuehren\/\" target=\"_blank\" rel=\"noopener noreferrer\"><span style=\"color: #fc7c00;\">Elterngespr\u00e4che konstruktiv f\u00fchren<\/span><\/a><\/em><\/p>\n<p><span style=\"font-weight: 400;\">F\u00fcr den <\/span><span style=\"font-weight: 400;\">Lernvertrag <\/span><span style=\"font-weight: 400;\">zwischen Ihnen als Lehrkraft und Ihren Sch\u00fclerinnen und Sch\u00fclern ist zudem zu kl\u00e4ren, ob der Vertrag pauschal zwischen Ihnen und Ihrer gesamten Klasse aufgesetzt werden soll oder die Vereinbarung lediglich einzelne (zum Beispiel speziell f\u00f6rderungsbed\u00fcrftige) Sch\u00fclerinnen und Sch\u00fcler betreffen wird. Es ist au\u00dferdem zu kl\u00e4ren, ob Sie auf der Seite der Lehrkraft als einzelne Vertragspartei auftreten werden oder ob die Vereinbarung auch <strong>mehrere Ihrer Kolleginnen und Kollegen in der Klassenstufe inkludieren<\/strong> soll. In diesem Falle d\u00fcrften die im Vertrag festgelegten <\/span><span style=\"font-weight: 400;\">Lernziele <\/span><span style=\"font-weight: 400;\">folglich nicht fachspezifisch sein und m\u00fcssten allgemeing\u00fcltig formuliert werden.<\/span><\/p>\n<p><span style=\"font-weight: 400;\">Lernvertr\u00e4ge k\u00f6nnen sich demnach auch stark im festgelegten <\/span><span style=\"font-weight: 400;\">Lernziel <\/span><span style=\"font-weight: 400;\">unterscheiden. Im Zusammenhang mit der Festlegung der Vertragsparteien gilt es also zun\u00e4chst zu kl\u00e4ren, <strong>nach welchen inhaltlichen Aspekten die <\/strong><\/span><strong>Lernziele zu definieren<\/strong><span style=\"font-weight: 400;\"><strong> sind<\/strong>. Existiert ein <\/span><span style=\"font-weight: 400;\">Lernvertrag <\/span><span style=\"font-weight: 400;\">nur zwischen Ihnen und der Lerngruppe (sowie eventuell deren Eltern), so empfehlen sich dementsprechend passende <\/span><span style=\"font-weight: 400;\">Lernziele <\/span><span style=\"font-weight: 400;\">f\u00fcr das von Ihnen gelehrte Schulfach. Sind Sie dagegen nicht die einzige Vertragspartei auf der Seite der Lehrkraft, so gelten die Lernvertr\u00e4ge f\u00fcr das allgemeine Lernen. Neben der inhaltlichen Festlegung der Ziele (<\/span><em><span style=\"font-weight: 400;\">Welche Lernziele gibt es?<\/span><\/em><span style=\"font-weight: 400;\">), sollten weiterhin auch die genauen Vertragsinhalte (<em>Welche Verantwortungen werden den Vertragsparteien auferlegt?<\/em>) sowie der Vertragsumfang (<em>Betrifft der Vertrag nur inhaltliche oder auch methodische Aspekte?<\/em>) geregelt werden. All diese unterschiedlichen Varianten des Lernvertrags erlauben es Ihnen und Ihren Sch\u00fclerinnen und Sch\u00fclern, jeweils passende Spielr\u00e4ume in der <\/span><span style=\"font-weight: 400;\">Lernvereinbarung <\/span><span style=\"font-weight: 400;\">einzubauen.<\/span><\/p>\n<h2><span style=\"font-weight: 400;\">Die Vorgehensweise: Wie Sie einen <\/span><span style=\"font-weight: 400;\">Lernvertrag <\/span><span style=\"font-weight: 400;\">richtig aufsetzen<\/span><\/h2>\n<p><span style=\"font-weight: 400;\">Falls Sie interessiert sind, einen <\/span><span style=\"font-weight: 400;\">Lernvertrag <\/span><span style=\"font-weight: 400;\">in Ihrer Klasse einzuf\u00fchren, ist auch die richtige Vorgehensweise bei der Implementierung eines solchen Vertrages wichtig. Bei einer korrekt aufgesetzten\u00a0<\/span><span style=\"font-weight: 400;\">Lernvertrag-Vorlage<\/span><span style=\"font-weight: 400;\">\u00a0muss dabei einiges ber\u00fccksichtigt werden.<\/span><\/p>\n[\/et_pb_text][et_pb_blurb title=&#8220;Wichtige Aspekte f\u00fcr einen Lernvertrag&#8220; image_icon_width=&#8220;none&#8220; _builder_version=&#8220;4.16&#8243; border_style=&#8220;solid&#8220; image_max_width=&#8220;none&#8220; global_colors_info=&#8220;{}&#8220;] <div class='et-box et-shadow'>\n\t\t\t\t\t<div class='et-box-content'><strong>Analyse des aktuellen Lernstands<\/strong><\/p>\n<p><span style=\"font-weight: 400;\">Hierbei geht es um eine m\u00f6glichst realistische Einsch\u00e4tzung des zum Zeitpunkt der Vertragsaufsetzung herrschenden Lernstands Ihrer Sch\u00fclerinnen und Sch\u00fcler. Die Einsch\u00e4tzung sollte dabei in offenen Gespr\u00e4chen von diesen selbst sowie auch unterst\u00fctzend von Ihnen vorgenommen werden. Bei individuellen Lernvertr\u00e4gen mit Einzelnen kann der Lernbedarf dabei besonders genau eingesch\u00e4tzt werden, w\u00e4hrend ansonsten eine allgemeine Bilanz der Kompetenzen Ihrer gesamten Klasse gezogen wird.<\/span><\/p>\n<p><strong>Formulierung der Lernziele<\/strong><\/p>\n<p><span style=\"font-weight: 400;\">Abgeleitet aus dem analysierten Ist-Zustand, geht es nun darum, die <\/span><span style=\"font-weight: 400;\">Lernziele zu formulieren<\/span><span style=\"font-weight: 400;\">. Es lassen sich f\u00fcr die <\/span><span style=\"font-weight: 400;\">Lernziele viele Beispiele<\/span><span style=\"font-weight: 400;\"> finden, doch sollten diese dabei stets dem SMART-Prinzip folgen. Das hei\u00dft, die zu erreichenden Ziele m\u00fcssen spezifisch, messbar, attraktiv, realistisch und terminiert sein.<\/span><\/p>\n<p><strong>Bestimmung der Lernschritte<\/strong><\/p>\n<p><span style=\"font-weight: 400;\">In der <\/span><span style=\"font-weight: 400;\">Lernvereinbarung <\/span><span style=\"font-weight: 400;\">sollten auch die einzelnen Lernschritte bestimmt sein, die zur Erreichung des festgelegten Lernziels f\u00fchren. Hierbei sollten jeweils auch gleich die ben\u00f6tigten Materialien sowie die Unterst\u00fctzung angef\u00fchrt werden, die Sie Ihren Sch\u00fclerinnen und Sch\u00fclern im Rahmen des Lernvertrags verpflichtend zugesagt haben. Sie k\u00f6nnen dabei auch schon die Einhaltung beziehungsweise Erreichung dieser einzelnen Lernschritte \u00fcberpr\u00fcfen und beispielsweise einzelne Deadlines bestimmen, zu welchen die jeweiligen Schritte erf\u00fcllt werden m\u00fcssen f\u00fcr den letztendlichen Erfolg.<\/span><\/p>\n<p><strong>Festlegung der Vertragslaufzeit<\/strong><\/p>\n<p><span style=\"font-weight: 400;\">Ein jeder <\/span><span style=\"font-weight: 400;\">Lernvertrag <\/span><span style=\"font-weight: 400;\">muss eine genau festgelegte Laufzeit aufweisen welche angibt, in welchem Zeitraum die Ziele zu erreichen sind.<\/span><\/p>\n<p><strong>Bestimmung der Erfolgskriterien\u00a0<\/strong><\/p>\n<p><span style=\"font-weight: 400;\">Damit das Erreichen der <\/span><span style=\"font-weight: 400;\">Lernziele <\/span><span style=\"font-weight: 400;\">\u00fcberpr\u00fcfbar ist, m\u00fcssen im Vorhinein bestimmte Erfolgskriterien festgelegt werden. Die Kriterien erlauben auch qualitative Abstufungen, sodass zus\u00e4tzlich evaluiert werden kann, wie gut Ihre Sch\u00fclerinnen und Sch\u00fcler am Ende ihre pers\u00f6nlichen Ziele erreicht haben.<\/div><\/div><\/span><br \/>\n[\/et_pb_blurb][et_pb_text _builder_version=&#8220;4.16&#8243; border_style=&#8220;solid&#8220; global_colors_info=&#8220;{}&#8220;]<span style=\"font-weight: 400;\">Puh, jetzt ist der gr\u00f6\u00dfte Teil der Vorarbeit f\u00fcr Sie geschafft und es kann nun ans aktive Lernen gehen: <strong>Die Lernenden beginnen mit der Ausf\u00fchrung der einzelnen Lernschritte, w\u00e4hrend Sie Ihre vertragsgem\u00e4\u00df beratenden und unterst\u00fctzenden Pflichten ausf\u00fchren<\/strong>. Werden inmitten des Lernprozesses Schwierigkeiten erkennbar, so kann der Lernvertrag nat\u00fcrlich auch noch im Nachhinein entsprechend modifiziert werden. Nach dem Ablauf des besprochenen Zeitraums wird entsprechend der festgelegten Erfolgskriterien die Erreichung der <\/span><span style=\"font-weight: 400;\">Lernziele <\/span><span style=\"font-weight: 400;\">\u00fcberpr\u00fcft und der Output evaluiert. Die \u00dcberpr\u00fcfung kann dabei von den Sch\u00fclerinnen und Sch\u00fclern eigenst\u00e4ndig oder begleitend mit Ihnen erfolgen. <strong>Bei Bedarf sind auch Gespr\u00e4che und Reviews m\u00f6glich<\/strong>.<\/span><\/p>\n<h2><span style=\"font-weight: 400;\">Zusammenfassung<\/span><\/h2>\n<p><span style=\"font-weight: 400;\"><img loading=\"-\" decoding=\"async\" class=\"size-medium wp-image-4657 alignleft\" src=\"https:\/\/www.phase-6.de\/magazin\/wp-content\/uploads\/2019\/05\/High50-300x186.jpg\" alt=\"Klasse gibt sich gemeinsam ein high5\" width=\"300\" height=\"186\" srcset=\"https:\/\/www.phase-6.de\/magazin\/wp-content\/uploads\/2019\/05\/High50-300x186.jpg 300w, https:\/\/www.phase-6.de\/magazin\/wp-content\/uploads\/2019\/05\/High50.jpg 485w\" sizes=\"(max-width: 300px) 100vw, 300px\" \/>Der <\/span><span style=\"font-weight: 400;\">Lernvertrag <\/span><span style=\"font-weight: 400;\">folgt einem einfachen Prinzip: dem \u00dcbertragen von mehr Eigenverantwortung auf die Lernenden. <strong>Ziel der Lernvertr\u00e4ge ist es, die intrinsische Motivation beim Lernen zu f\u00f6rdern, damit Ihre Sch\u00fclerinnen und Sch\u00fcler letztlich auch die <\/strong><\/span><strong>Lernziele der Schule<\/strong><span style=\"font-weight: 400;\"><strong> effizienter erreichen k\u00f6nnen.<\/strong> <\/span><\/p>\n<p><span style=\"font-weight: 400;\">Das eigenst\u00e4ndige Formulieren von Lernzielen f\u00f6rdert dar\u00fcber hinaus auch die Selbstst\u00e4ndigkeit und Selbstreflexion. Zudem kann Ihre Klasse den <\/span><span style=\"font-weight: 400;\">Umgang mit einem Zeitplan lernen<\/span><span style=\"font-weight: 400;\">.\u00a0 Und auch die Kinder selber zeigen sich zumeist zufrieden mit dem <img loading=\"-\" decoding=\"async\" class=\"size-medium wp-image-4658 alignright\" src=\"https:\/\/www.phase-6.de\/magazin\/wp-content\/uploads\/2019\/05\/m\u00e4dchen-freut-sich-300x186.jpg\" alt=\"M\u00e4dchen sitzt vor ihren Hausaufgaben und freut sich\" width=\"300\" height=\"186\" srcset=\"https:\/\/www.phase-6.de\/magazin\/wp-content\/uploads\/2019\/05\/m\u00e4dchen-freut-sich-300x186.jpg 300w, https:\/\/www.phase-6.de\/magazin\/wp-content\/uploads\/2019\/05\/m\u00e4dchen-freut-sich.jpg 485w\" sizes=\"(max-width: 300px) 100vw, 300px\" \/>Konzept. <\/span><span style=\"font-weight: 400;\">Um auch die Akzeptanz f\u00fcr einen Lernvertrag bei den Eltern zu gewinnen, kann es sich lohnen, diese in die <\/span><span style=\"font-weight: 400;\">Lernvereinbarung <\/span><span style=\"font-weight: 400;\">zu involvieren. <\/span><\/p>\n<p><span style=\"font-weight: 400;\">Letzten Endes kann der <\/span><span style=\"font-weight: 400;\">Lernvertrag <\/span><span style=\"font-weight: 400;\">besonders bei f\u00f6rderungsbed\u00fcrftigen Sch\u00fclerinnen und Sch\u00fclern effiziente Lernerfolge erzielen und stellt somit ein alternatives Lehr- und Lernkonzept dar, dem Sie guten Gewissens offen gegen\u00fcberstehen k\u00f6nnen.<\/span><\/p>\n<p>Und damit Sie die Zeit haben, um ebenfalls guten Gewissens <a style=\"color: #fc7c00;\" href=\"https:\/\/www.phase-6.de\/magazin\/category\/lehrkraefte-magazin\/\">noch mehr spannende Beitr\u00e4ge<\/a> zu lesen, hat phase6 f\u00fcr Sie ein Lernvertrag-Muster zum kostenlosen Download bereitgestellt.<\/p>\n<a class=\"maxbutton-11 maxbutton maxbutton-pdf\" target=\"_blank\" rel=\"nofollow noopener\" href=\"https:\/\/www.phase-6.de\/magazin\/wp-content\/uploads\/2019\/05\/Lernvertrag-1.pdf\"><span class='mb-text'>Lernvertrag-Muster<\/span><\/a>\n<p>&nbsp;<\/p>\n<p><span style=\"text-decoration: underline;\"><div class='et-box et-shadow'>\n\t\t\t\t\t<div class='et-box-content'><\/span><strong><span style=\"text-decoration: underline;\">F\u00fcr Sie ebenfalls kostenlos:<\/span><\/strong> Die PLUS-Funktionen des Vokabeltrainers phase6!\nAls Lehrkraft k\u00f6nnen Sie zudem\u00a0Lerngruppen\u00a0einrichten, mit denen auch Ihre Sch\u00fclerinnen und Sch\u00fcler kostenfrei mit phase6 ihre Vokabeln lernen\u00a0k\u00f6nnen. <a style=\"color: #fc7c00;\" href=\"https:\/\/www.phase-6.de\/classic\/teacher.html\">Mehr erfahren&#8230;<\/a>\u00a0<\/div><\/div>[\/et_pb_text][\/et_pb_column][\/et_pb_row][\/et_pb_section]\n","protected":false},"excerpt":{"rendered":"<p>Die individuellen Ziele der Lernenden haben selbsterkl\u00e4rend keinen Platz im allgemein gehaltenen Lehrplan. Mit einer demotivierten Klasse macht dann auch der Unterricht keinen Spa\u00df. Abhilfe verschafft ein Lernvertrag.<\/p>\n","protected":false},"author":12,"featured_media":6520,"comment_status":"closed","ping_status":"open","sticky":false,"template":"","format":"standard","meta":{"_acf_changed":false,"_yoast_wpseo_focuskw":"Lernvertrag","_yoast_wpseo_title":"","_yoast_wpseo_metadesc":"Ein Lernvertrag f\u00f6rdert die Eigenverantwortung der Lernenden bei ihren Lernprozessen. Finden Sie heraus, was es dabei zu beachten gilt.","_yoast_wpseo_canonical":"","_yoast_wpseo_opengraph-title":"","_yoast_wpseo_opengraph-description":"","_et_pb_use_builder":"on","_et_pb_old_content":"","_et_gb_content_width":"","inline_featured_image":false,"footnotes":""},"categories":[69],"tags":[],"class_list":["post-4651","post","type-post","status-publish","format-standard","has-post-thumbnail","hentry","category-methodik-und-didaktik","et-has-post-format-content","et_post_format-et-post-format-standard"],"acf":[],"yoast_head":"<!-- This site is optimized with the Yoast SEO plugin v26.9 - https:\/\/yoast.com\/product\/yoast-seo-wordpress\/ -->\n<title>Lernvertrag: per Handschlag zur Lernf\u00f6rderung - phase6 Magazin<\/title>\n<meta name=\"description\" content=\"Ein Lernvertrag f\u00f6rdert die Eigenverantwortung der Lernenden bei ihren Lernprozessen. Finden Sie heraus, was es dabei zu beachten gilt.\" \/>\n<meta name=\"robots\" content=\"index, follow, max-snippet:-1, max-image-preview:large, max-video-preview:-1\" \/>\n<link rel=\"canonical\" href=\"https:\/\/www.phase-6.de\/magazin\/fuer-lehrkraefte\/themen\/methodik-didaktik\/lernvertrag-per-handschlag-zur-lernfoerderung\/\" \/>\n<meta property=\"og:locale\" content=\"de_DE\" \/>\n<meta property=\"og:type\" content=\"article\" \/>\n<meta property=\"og:title\" content=\"Lernvertrag: per Handschlag zur Lernf\u00f6rderung - phase6 Magazin\" \/>\n<meta property=\"og:description\" content=\"Ein Lernvertrag f\u00f6rdert die Eigenverantwortung der Lernenden bei ihren Lernprozessen. Finden Sie heraus, was es dabei zu beachten gilt.\" \/>\n<meta property=\"og:url\" content=\"https:\/\/www.phase-6.de\/magazin\/fuer-lehrkraefte\/themen\/methodik-didaktik\/lernvertrag-per-handschlag-zur-lernfoerderung\/\" \/>\n<meta property=\"og:site_name\" content=\"phase6 Magazin\" \/>\n<meta property=\"article:publisher\" content=\"https:\/\/www.facebook.com\/phase6.de\/\" \/>\n<meta property=\"article:published_time\" content=\"2019-05-29T12:03:45+00:00\" \/>\n<meta property=\"article:modified_time\" content=\"2022-12-12T11:53:49+00:00\" \/>\n<meta property=\"og:image\" content=\"https:\/\/www.phase-6.de\/magazin\/wp-content\/uploads\/2019\/05\/lernvertrag.jpg\" \/>\n\t<meta property=\"og:image:width\" content=\"1080\" \/>\n\t<meta property=\"og:image:height\" content=\"675\" \/>\n\t<meta property=\"og:image:type\" content=\"image\/jpeg\" \/>\n<meta name=\"author\" content=\"Elisa\" \/>\n<meta name=\"twitter:card\" content=\"summary_large_image\" \/>\n<meta name=\"twitter:label1\" content=\"Verfasst von\" \/>\n\t<meta name=\"twitter:data1\" content=\"Elisa\" \/>\n\t<meta name=\"twitter:label2\" content=\"Gesch\u00e4tzte Lesezeit\" \/>\n\t<meta name=\"twitter:data2\" content=\"9\u00a0Minuten\" \/>\n<script type=\"application\/ld+json\" class=\"yoast-schema-graph\">{\"@context\":\"https:\/\/schema.org\",\"@graph\":[{\"@type\":\"Article\",\"@id\":\"https:\/\/www.phase-6.de\/magazin\/fuer-lehrkraefte\/themen\/methodik-didaktik\/lernvertrag-per-handschlag-zur-lernfoerderung\/#article\",\"isPartOf\":{\"@id\":\"https:\/\/www.phase-6.de\/magazin\/fuer-lehrkraefte\/themen\/methodik-didaktik\/lernvertrag-per-handschlag-zur-lernfoerderung\/\"},\"author\":{\"name\":\"Elisa\",\"@id\":\"https:\/\/www.phase-6.de\/magazin\/#\/schema\/person\/bf169c670c24011dd7cda54d8f8dcc23\"},\"headline\":\"Lernvertrag: per Handschlag zur Lernf\u00f6rderung\",\"datePublished\":\"2019-05-29T12:03:45+00:00\",\"dateModified\":\"2022-12-12T11:53:49+00:00\",\"mainEntityOfPage\":{\"@id\":\"https:\/\/www.phase-6.de\/magazin\/fuer-lehrkraefte\/themen\/methodik-didaktik\/lernvertrag-per-handschlag-zur-lernfoerderung\/\"},\"wordCount\":1559,\"publisher\":{\"@id\":\"https:\/\/www.phase-6.de\/magazin\/#organization\"},\"image\":{\"@id\":\"https:\/\/www.phase-6.de\/magazin\/fuer-lehrkraefte\/themen\/methodik-didaktik\/lernvertrag-per-handschlag-zur-lernfoerderung\/#primaryimage\"},\"thumbnailUrl\":\"https:\/\/www.phase-6.de\/magazin\/wp-content\/uploads\/2019\/05\/lernvertrag.jpg\",\"articleSection\":[\"Methodik &amp; Didaktik\"],\"inLanguage\":\"de\"},{\"@type\":\"WebPage\",\"@id\":\"https:\/\/www.phase-6.de\/magazin\/fuer-lehrkraefte\/themen\/methodik-didaktik\/lernvertrag-per-handschlag-zur-lernfoerderung\/\",\"url\":\"https:\/\/www.phase-6.de\/magazin\/fuer-lehrkraefte\/themen\/methodik-didaktik\/lernvertrag-per-handschlag-zur-lernfoerderung\/\",\"name\":\"Lernvertrag: per Handschlag zur Lernf\u00f6rderung - phase6 Magazin\",\"isPartOf\":{\"@id\":\"https:\/\/www.phase-6.de\/magazin\/#website\"},\"primaryImageOfPage\":{\"@id\":\"https:\/\/www.phase-6.de\/magazin\/fuer-lehrkraefte\/themen\/methodik-didaktik\/lernvertrag-per-handschlag-zur-lernfoerderung\/#primaryimage\"},\"image\":{\"@id\":\"https:\/\/www.phase-6.de\/magazin\/fuer-lehrkraefte\/themen\/methodik-didaktik\/lernvertrag-per-handschlag-zur-lernfoerderung\/#primaryimage\"},\"thumbnailUrl\":\"https:\/\/www.phase-6.de\/magazin\/wp-content\/uploads\/2019\/05\/lernvertrag.jpg\",\"datePublished\":\"2019-05-29T12:03:45+00:00\",\"dateModified\":\"2022-12-12T11:53:49+00:00\",\"description\":\"Ein Lernvertrag f\u00f6rdert die Eigenverantwortung der Lernenden bei ihren Lernprozessen. Finden Sie heraus, was es dabei zu beachten gilt.\",\"breadcrumb\":{\"@id\":\"https:\/\/www.phase-6.de\/magazin\/fuer-lehrkraefte\/themen\/methodik-didaktik\/lernvertrag-per-handschlag-zur-lernfoerderung\/#breadcrumb\"},\"inLanguage\":\"de\",\"potentialAction\":[{\"@type\":\"ReadAction\",\"target\":[\"https:\/\/www.phase-6.de\/magazin\/fuer-lehrkraefte\/themen\/methodik-didaktik\/lernvertrag-per-handschlag-zur-lernfoerderung\/\"]}]},{\"@type\":\"ImageObject\",\"inLanguage\":\"de\",\"@id\":\"https:\/\/www.phase-6.de\/magazin\/fuer-lehrkraefte\/themen\/methodik-didaktik\/lernvertrag-per-handschlag-zur-lernfoerderung\/#primaryimage\",\"url\":\"https:\/\/www.phase-6.de\/magazin\/wp-content\/uploads\/2019\/05\/lernvertrag.jpg\",\"contentUrl\":\"https:\/\/www.phase-6.de\/magazin\/wp-content\/uploads\/2019\/05\/lernvertrag.jpg\",\"width\":1080,\"height\":675,\"caption\":\"Lernvertrag\"},{\"@type\":\"BreadcrumbList\",\"@id\":\"https:\/\/www.phase-6.de\/magazin\/fuer-lehrkraefte\/themen\/methodik-didaktik\/lernvertrag-per-handschlag-zur-lernfoerderung\/#breadcrumb\",\"itemListElement\":[{\"@type\":\"ListItem\",\"position\":1,\"name\":\"Startseite\",\"item\":\"https:\/\/www.phase-6.de\/magazin\/\"},{\"@type\":\"ListItem\",\"position\":2,\"name\":\"Lernvertrag: per Handschlag zur Lernf\u00f6rderung\"}]},{\"@type\":\"WebSite\",\"@id\":\"https:\/\/www.phase-6.de\/magazin\/#website\",\"url\":\"https:\/\/www.phase-6.de\/magazin\/\",\"name\":\"phase6 Magazin\",\"description\":\"Das Magazin f\u00fcr Sprache, Lernen &amp; Lehren\",\"publisher\":{\"@id\":\"https:\/\/www.phase-6.de\/magazin\/#organization\"},\"potentialAction\":[{\"@type\":\"SearchAction\",\"target\":{\"@type\":\"EntryPoint\",\"urlTemplate\":\"https:\/\/www.phase-6.de\/magazin\/?s={search_term_string}\"},\"query-input\":{\"@type\":\"PropertyValueSpecification\",\"valueRequired\":true,\"valueName\":\"search_term_string\"}}],\"inLanguage\":\"de\"},{\"@type\":\"Organization\",\"@id\":\"https:\/\/www.phase-6.de\/magazin\/#organization\",\"name\":\"phase-6 GmbH\",\"url\":\"https:\/\/www.phase-6.de\/magazin\/\",\"logo\":{\"@type\":\"ImageObject\",\"inLanguage\":\"de\",\"@id\":\"https:\/\/www.phase-6.de\/magazin\/#\/schema\/logo\/image\/\",\"url\":\"https:\/\/www.phase-6.de\/magazin\/wp-content\/uploads\/2017\/07\/phase6_logo2017.png\",\"contentUrl\":\"https:\/\/www.phase-6.de\/magazin\/wp-content\/uploads\/2017\/07\/phase6_logo2017.png\",\"width\":709,\"height\":200,\"caption\":\"phase-6 GmbH\"},\"image\":{\"@id\":\"https:\/\/www.phase-6.de\/magazin\/#\/schema\/logo\/image\/\"},\"sameAs\":[\"https:\/\/www.facebook.com\/phase6.de\/\",\"https:\/\/de.wikipedia.org\/wiki\/Phase6\"]},{\"@type\":\"Person\",\"@id\":\"https:\/\/www.phase-6.de\/magazin\/#\/schema\/person\/bf169c670c24011dd7cda54d8f8dcc23\",\"name\":\"Elisa\",\"url\":\"https:\/\/www.phase-6.de\/magazin\/author\/elisa\/\"}]}<\/script>\n<!-- \/ Yoast SEO plugin. -->","yoast_head_json":{"title":"Lernvertrag: per Handschlag zur Lernf\u00f6rderung - phase6 Magazin","description":"Ein Lernvertrag f\u00f6rdert die Eigenverantwortung der Lernenden bei ihren Lernprozessen. Finden Sie heraus, was es dabei zu beachten gilt.","robots":{"index":"index","follow":"follow","max-snippet":"max-snippet:-1","max-image-preview":"max-image-preview:large","max-video-preview":"max-video-preview:-1"},"canonical":"https:\/\/www.phase-6.de\/magazin\/fuer-lehrkraefte\/themen\/methodik-didaktik\/lernvertrag-per-handschlag-zur-lernfoerderung\/","og_locale":"de_DE","og_type":"article","og_title":"Lernvertrag: per Handschlag zur Lernf\u00f6rderung - phase6 Magazin","og_description":"Ein Lernvertrag f\u00f6rdert die Eigenverantwortung der Lernenden bei ihren Lernprozessen. Finden Sie heraus, was es dabei zu beachten gilt.","og_url":"https:\/\/www.phase-6.de\/magazin\/fuer-lehrkraefte\/themen\/methodik-didaktik\/lernvertrag-per-handschlag-zur-lernfoerderung\/","og_site_name":"phase6 Magazin","article_publisher":"https:\/\/www.facebook.com\/phase6.de\/","article_published_time":"2019-05-29T12:03:45+00:00","article_modified_time":"2022-12-12T11:53:49+00:00","og_image":[{"width":1080,"height":675,"url":"https:\/\/www.phase-6.de\/magazin\/wp-content\/uploads\/2019\/05\/lernvertrag.jpg","type":"image\/jpeg"}],"author":"Elisa","twitter_card":"summary_large_image","twitter_misc":{"Verfasst von":"Elisa","Gesch\u00e4tzte Lesezeit":"9\u00a0Minuten"},"schema":{"@context":"https:\/\/schema.org","@graph":[{"@type":"Article","@id":"https:\/\/www.phase-6.de\/magazin\/fuer-lehrkraefte\/themen\/methodik-didaktik\/lernvertrag-per-handschlag-zur-lernfoerderung\/#article","isPartOf":{"@id":"https:\/\/www.phase-6.de\/magazin\/fuer-lehrkraefte\/themen\/methodik-didaktik\/lernvertrag-per-handschlag-zur-lernfoerderung\/"},"author":{"name":"Elisa","@id":"https:\/\/www.phase-6.de\/magazin\/#\/schema\/person\/bf169c670c24011dd7cda54d8f8dcc23"},"headline":"Lernvertrag: per Handschlag zur Lernf\u00f6rderung","datePublished":"2019-05-29T12:03:45+00:00","dateModified":"2022-12-12T11:53:49+00:00","mainEntityOfPage":{"@id":"https:\/\/www.phase-6.de\/magazin\/fuer-lehrkraefte\/themen\/methodik-didaktik\/lernvertrag-per-handschlag-zur-lernfoerderung\/"},"wordCount":1559,"publisher":{"@id":"https:\/\/www.phase-6.de\/magazin\/#organization"},"image":{"@id":"https:\/\/www.phase-6.de\/magazin\/fuer-lehrkraefte\/themen\/methodik-didaktik\/lernvertrag-per-handschlag-zur-lernfoerderung\/#primaryimage"},"thumbnailUrl":"https:\/\/www.phase-6.de\/magazin\/wp-content\/uploads\/2019\/05\/lernvertrag.jpg","articleSection":["Methodik &amp; Didaktik"],"inLanguage":"de"},{"@type":"WebPage","@id":"https:\/\/www.phase-6.de\/magazin\/fuer-lehrkraefte\/themen\/methodik-didaktik\/lernvertrag-per-handschlag-zur-lernfoerderung\/","url":"https:\/\/www.phase-6.de\/magazin\/fuer-lehrkraefte\/themen\/methodik-didaktik\/lernvertrag-per-handschlag-zur-lernfoerderung\/","name":"Lernvertrag: per Handschlag zur Lernf\u00f6rderung - phase6 Magazin","isPartOf":{"@id":"https:\/\/www.phase-6.de\/magazin\/#website"},"primaryImageOfPage":{"@id":"https:\/\/www.phase-6.de\/magazin\/fuer-lehrkraefte\/themen\/methodik-didaktik\/lernvertrag-per-handschlag-zur-lernfoerderung\/#primaryimage"},"image":{"@id":"https:\/\/www.phase-6.de\/magazin\/fuer-lehrkraefte\/themen\/methodik-didaktik\/lernvertrag-per-handschlag-zur-lernfoerderung\/#primaryimage"},"thumbnailUrl":"https:\/\/www.phase-6.de\/magazin\/wp-content\/uploads\/2019\/05\/lernvertrag.jpg","datePublished":"2019-05-29T12:03:45+00:00","dateModified":"2022-12-12T11:53:49+00:00","description":"Ein Lernvertrag f\u00f6rdert die Eigenverantwortung der Lernenden bei ihren Lernprozessen. Finden Sie heraus, was es dabei zu beachten gilt.","breadcrumb":{"@id":"https:\/\/www.phase-6.de\/magazin\/fuer-lehrkraefte\/themen\/methodik-didaktik\/lernvertrag-per-handschlag-zur-lernfoerderung\/#breadcrumb"},"inLanguage":"de","potentialAction":[{"@type":"ReadAction","target":["https:\/\/www.phase-6.de\/magazin\/fuer-lehrkraefte\/themen\/methodik-didaktik\/lernvertrag-per-handschlag-zur-lernfoerderung\/"]}]},{"@type":"ImageObject","inLanguage":"de","@id":"https:\/\/www.phase-6.de\/magazin\/fuer-lehrkraefte\/themen\/methodik-didaktik\/lernvertrag-per-handschlag-zur-lernfoerderung\/#primaryimage","url":"https:\/\/www.phase-6.de\/magazin\/wp-content\/uploads\/2019\/05\/lernvertrag.jpg","contentUrl":"https:\/\/www.phase-6.de\/magazin\/wp-content\/uploads\/2019\/05\/lernvertrag.jpg","width":1080,"height":675,"caption":"Lernvertrag"},{"@type":"BreadcrumbList","@id":"https:\/\/www.phase-6.de\/magazin\/fuer-lehrkraefte\/themen\/methodik-didaktik\/lernvertrag-per-handschlag-zur-lernfoerderung\/#breadcrumb","itemListElement":[{"@type":"ListItem","position":1,"name":"Startseite","item":"https:\/\/www.phase-6.de\/magazin\/"},{"@type":"ListItem","position":2,"name":"Lernvertrag: per Handschlag zur Lernf\u00f6rderung"}]},{"@type":"WebSite","@id":"https:\/\/www.phase-6.de\/magazin\/#website","url":"https:\/\/www.phase-6.de\/magazin\/","name":"phase6 Magazin","description":"Das Magazin f\u00fcr Sprache, Lernen &amp; Lehren","publisher":{"@id":"https:\/\/www.phase-6.de\/magazin\/#organization"},"potentialAction":[{"@type":"SearchAction","target":{"@type":"EntryPoint","urlTemplate":"https:\/\/www.phase-6.de\/magazin\/?s={search_term_string}"},"query-input":{"@type":"PropertyValueSpecification","valueRequired":true,"valueName":"search_term_string"}}],"inLanguage":"de"},{"@type":"Organization","@id":"https:\/\/www.phase-6.de\/magazin\/#organization","name":"phase-6 GmbH","url":"https:\/\/www.phase-6.de\/magazin\/","logo":{"@type":"ImageObject","inLanguage":"de","@id":"https:\/\/www.phase-6.de\/magazin\/#\/schema\/logo\/image\/","url":"https:\/\/www.phase-6.de\/magazin\/wp-content\/uploads\/2017\/07\/phase6_logo2017.png","contentUrl":"https:\/\/www.phase-6.de\/magazin\/wp-content\/uploads\/2017\/07\/phase6_logo2017.png","width":709,"height":200,"caption":"phase-6 GmbH"},"image":{"@id":"https:\/\/www.phase-6.de\/magazin\/#\/schema\/logo\/image\/"},"sameAs":["https:\/\/www.facebook.com\/phase6.de\/","https:\/\/de.wikipedia.org\/wiki\/Phase6"]},{"@type":"Person","@id":"https:\/\/www.phase-6.de\/magazin\/#\/schema\/person\/bf169c670c24011dd7cda54d8f8dcc23","name":"Elisa","url":"https:\/\/www.phase-6.de\/magazin\/author\/elisa\/"}]}},"_links":{"self":[{"href":"https:\/\/www.phase-6.de\/magazin\/wp-json\/wp\/v2\/posts\/4651","targetHints":{"allow":["GET"]}}],"collection":[{"href":"https:\/\/www.phase-6.de\/magazin\/wp-json\/wp\/v2\/posts"}],"about":[{"href":"https:\/\/www.phase-6.de\/magazin\/wp-json\/wp\/v2\/types\/post"}],"author":[{"embeddable":true,"href":"https:\/\/www.phase-6.de\/magazin\/wp-json\/wp\/v2\/users\/12"}],"replies":[{"embeddable":true,"href":"https:\/\/www.phase-6.de\/magazin\/wp-json\/wp\/v2\/comments?post=4651"}],"version-history":[{"count":0,"href":"https:\/\/www.phase-6.de\/magazin\/wp-json\/wp\/v2\/posts\/4651\/revisions"}],"wp:featuredmedia":[{"embeddable":true,"href":"https:\/\/www.phase-6.de\/magazin\/wp-json\/wp\/v2\/media\/6520"}],"wp:attachment":[{"href":"https:\/\/www.phase-6.de\/magazin\/wp-json\/wp\/v2\/media?parent=4651"}],"wp:term":[{"taxonomy":"category","embeddable":true,"href":"https:\/\/www.phase-6.de\/magazin\/wp-json\/wp\/v2\/categories?post=4651"},{"taxonomy":"post_tag","embeddable":true,"href":"https:\/\/www.phase-6.de\/magazin\/wp-json\/wp\/v2\/tags?post=4651"}],"curies":[{"name":"wp","href":"https:\/\/api.w.org\/{rel}","templated":true}]}}