{"id":4741,"date":"2019-07-15T11:26:34","date_gmt":"2019-07-15T11:26:34","guid":{"rendered":"https:\/\/www.phase-6.de\/magazin\/?p=4741"},"modified":"2020-01-13T11:57:00","modified_gmt":"2020-01-13T11:57:00","slug":"bildungsorganisationen-in-deutschland","status":"publish","type":"post","link":"https:\/\/www.phase-6.de\/magazin\/fuer-lehrkraefte\/themen\/bildungssystem\/bildungsorganisationen-in-deutschland\/","title":{"rendered":"Bildungsorganisationen in Deutschland"},"content":{"rendered":"[et_pb_section fb_built=&#8220;1&#8243; _builder_version=&#8220;3.22&#8243;][et_pb_row _builder_version=&#8220;3.25&#8243; background_size=&#8220;initial&#8220; background_position=&#8220;top_left&#8220; background_repeat=&#8220;repeat&#8220;][et_pb_column type=&#8220;4_4&#8243; _builder_version=&#8220;3.25&#8243; custom_padding=&#8220;|||&#8220; custom_padding__hover=&#8220;|||&#8220;][et_pb_text _builder_version=&#8220;3.27.4&#8243; border_style=&#8220;solid&#8220;]&nbsp;<\/p>\n<p>Eine erfolgreiche Bildungskarriere, die sich in Form von guten Zeugnissen und Zertifikaten dokumentieren und belegen l\u00e4sst, ist heutzutage f\u00fcr viele Lernende ein Muss. Doch ob eine Sch\u00fclerin oder ein Sch\u00fcler die Schullaufbahn erfolgreich beenden wird, liegt nicht nur an den Lernenden selbst, sondern auch an den Organisationen und Institutionen, welche sie besuchen und den Programmen, die diese Einrichtungen wahrnehmen. In diesem Beitrag erfahren Sie, was unter dem Konstrukt der Bildungsorganisationen verstanden werden kann und inwiefern Sie als Lehrkraft von unterschiedlichen Varianten jener Organisationen profitieren k\u00f6nnen.<\/p>\n<h2>Was sind Bildungsorganisationen?<\/h2>\n<p>Bildungsorganisationen tun im Grunde genau das, was in ihrem Namen enthalten ist: Sie organisieren Bildung. Die Organisation von Bildung, also die <strong>Planung und Strukturierung von Bildungsprozessen<\/strong>, wird in unterschiedlichsten Einrichtungen und Institutionen realisiert. Das klingt zun\u00e4chst etwas abstrakt, doch sicher kann der Gro\u00dfteil aller erwachsenen Personen von sich behaupten, seine Bildungskarriere ausschlie\u00dflich in oder mithilfe von Bildungsorganisationen bestritten zu haben.<\/p>\n<div id=\"attachment_4747\" style=\"width: 310px\" class=\"wp-caption alignright\"><img aria-describedby=\"caption-attachment-4747\" loading=\"-\" decoding=\"async\" class=\"wp-image-4747 size-medium\" src=\"https:\/\/www.phase-6.de\/magazin\/wp-content\/uploads\/2019\/05\/BO-1-300x200.jpg\" alt=\"Wissen wird organisiert\" width=\"300\" height=\"200\" srcset=\"https:\/\/www.phase-6.de\/magazin\/wp-content\/uploads\/2019\/05\/BO-1-300x200.jpg 300w, https:\/\/www.phase-6.de\/magazin\/wp-content\/uploads\/2019\/05\/BO-1.jpg 500w\" sizes=\"(max-width: 300px) 100vw, 300px\" \/><p id=\"caption-attachment-4747\" class=\"wp-caption-text\">Wissen wird organisiert<\/p><\/div>\n<p>Denn darunter fallen sowohl \u00f6ffentliche und private Einrichtungen wie Kitas, Schulen, Universit\u00e4ten oder Weiterbildungszentren als auch Organisationen, Vereine oder Projekte, die jene Einrichtungen sowie ihre Lernenden und Lehrenden bei ihrer Ausbildung unterst\u00fctzen.<\/p>\n<p>Grunds\u00e4tzlich bestehen Organisationen per Definition immer aus mehreren Personen, die sich zusammenschlie\u00dfen, um im Austausch mit externen sozialen Akteuren <strong>gemeinsame Ziele zu erreichen<\/strong>. Laut Karl E. Weick, Professor f\u00fcr Organisationsverhalten- und psychologie, haben im soziologischen Forschungsbereich alle Organisationen &#8211; egal, ob es sich dabei um Bereiche der Wirtschaft, Politik oder Bildung handelt &#8211; f\u00fcnf Dinge gemeinsam:<\/p>\n<ol>\n<li style=\"text-align: left;\"><strong>Externalit\u00e4t<\/strong> (sie existieren au\u00dferhalb der sozialen Akteure)<\/li>\n<li style=\"text-align: left;\"><strong>Objektivit\u00e4t<\/strong> (sie sind f\u00fcr mehrere soziale Akteure vorhanden)<\/li>\n<li style=\"text-align: left;\"><strong>Permanenz<\/strong> (sie gew\u00e4hren die Beteiligung einzelner Akteure)<\/li>\n<li style=\"text-align: left;\"><strong>Sinnhaftigkeit<\/strong> (sie repr\u00e4sentieren eine inhaltliche Bedeutung f\u00fcr Akteure)<\/li>\n<li style=\"text-align: left;\"><strong>Regelhaftigkeit<\/strong> (sie nehmen bestimmenden Einfluss auf Akteure)[1]<\/li>\n<\/ol>\n<p>In Bildungsorganisationen steht zus\u00e4tzlich die gemeinsame Perspektive auf den <strong>hohen Stellenwert von Bildung<\/strong> in unserer heutigen Gesellschaft im Vordergrund. Menschen, die die Kita, die Schule und eventuell die Universit\u00e4t besucht haben, bekamen ihren Lernstoff f\u00fcr gew\u00f6hnlich systematisch aufbereitet und in kleinen H\u00e4ppchen \u00fcber gewisse Zeitabst\u00e4nde verabreicht. Auch moderne didaktische Formen des freien oder selbstregulierten Lernens geh\u00f6ren dabei in den Bereich der organisierten Bildung, da ihnen ein durchdachtes Konzept und teilweise auch vorgefertigte Lernmaterialien zugrunde liegen. Doch warum ist diese Ordnung \u00fcberhaupt n\u00f6tig?<\/p>\n<h2>Warum wird Bildung organisiert?<\/h2>\n<div id=\"attachment_4748\" style=\"width: 310px\" class=\"wp-caption alignleft\"><img aria-describedby=\"caption-attachment-4748\" loading=\"-\" decoding=\"async\" class=\"size-medium wp-image-4748\" src=\"https:\/\/www.phase-6.de\/magazin\/wp-content\/uploads\/2019\/05\/BO2-300x200.jpg\" alt=\"Stapel von Dokumenten auf Schreibtisch\" width=\"300\" height=\"200\" srcset=\"https:\/\/www.phase-6.de\/magazin\/wp-content\/uploads\/2019\/05\/BO2-300x200.jpg 300w, https:\/\/www.phase-6.de\/magazin\/wp-content\/uploads\/2019\/05\/BO2.jpg 500w\" sizes=\"(max-width: 300px) 100vw, 300px\" \/><p id=\"caption-attachment-4748\" class=\"wp-caption-text\">Der Bedarf an Bildung ist gro\u00df!<\/p><\/div>\n<p>Heutzutage ist die Vermittlung formaler Bildung kaum noch ohne den Einbezug von Organisationen vorstellbar. Im Zuge dessen wird auch <strong>Bildungsabschl\u00fcssen und Zertifikaten<\/strong> eine immer gr\u00f6\u00dfere Bedeutung beigemessen, der \u00fcber individuelle Zukunftschancen der Lernenden entscheidet. Dabei liegt es nicht allein in den H\u00e4nden der Lernenden, wie ihre pers\u00f6nliche Bildungskarriere verl\u00e4uft, sondern auch &#8211; in einem nicht zu untersch\u00e4tzendem Ausma\u00df &#8211; in den H\u00e4nden der jeweiligen Bildungsorganisationen, die sie aufnehmen und unterst\u00fctzen. Ob eine Bildungskarriere erfolgreich verl\u00e4uft oder nicht, ist insbesondere davon abh\u00e4ngig, wie sich Schulen und Universit\u00e4ten organisieren, welche Programme sie in Anspruch nehmen und wie diese aktiv umgesetzt werden. Auf das Qualit\u00e4tsmanagement in Bildungsorganisationen wird nicht zuletzt deswegen viel Wert gelegt.[2]\n<p>Die Entstehung von Bildungsorganisationen kann laut der Erziehungswissenschaftlerin Christiane Griese als Reaktion beziehungsweise Ergebnis von Prozessen der B\u00fcrokratisierung von Bildungsverl\u00e4ufen verstanden werden. Diese B\u00fcrokratisierung hat den Zweck, den <strong>gesamtgesellschaftlichen Bedarf an Bildung zu organisieren<\/strong>, um ihm ad\u00e4quat begegnen zu k\u00f6nnen und ihm &#8211; m\u00f6glichst unabh\u00e4ngig von individuellen sozio\u00f6konomischen Voraussetzungen der einzelnen Lernenden &#8211; gerecht zu werden. Eine solche Strukturierung bringt eine umfassende Planung mit sich, die sich in der Beschaffung materieller und personeller Ressourcen zeigt: Administration und Verwaltung, Geb\u00e4ude, geschultes Personal und abstraktere Ressourcen wie Finanzen, Zeit oder Anstrengung m\u00fcssen zun\u00e4chst bereitgestellt werden.[3]\n<div id=\"attachment_4749\" style=\"width: 310px\" class=\"wp-caption alignright\"><img aria-describedby=\"caption-attachment-4749\" loading=\"-\" decoding=\"async\" class=\"wp-image-4749 size-medium\" src=\"https:\/\/www.phase-6.de\/magazin\/wp-content\/uploads\/2019\/05\/BO3-300x200.jpg\" alt=\"Bildungsorganisationen begleiten unser Leben\" width=\"300\" height=\"200\" srcset=\"https:\/\/www.phase-6.de\/magazin\/wp-content\/uploads\/2019\/05\/BO3-300x200.jpg 300w, https:\/\/www.phase-6.de\/magazin\/wp-content\/uploads\/2019\/05\/BO3.jpg 500w\" sizes=\"(max-width: 300px) 100vw, 300px\" \/><p id=\"caption-attachment-4749\" class=\"wp-caption-text\">Bildungseinrichtungen begleiten unser Leben<\/p><\/div>\n<p>Da Bildungsorganisationen gesellschaftliche Funktionen der <strong>Qualifikation, Selektion und Integration<\/strong> von Individuen \u00fcbernehmen, k\u00f6nnen sie laut Griese als Dienstleistungsgeber f\u00fcr die Gesellschaft verstanden werden, w\u00e4hrend der Staat die Verantwortung f\u00fcr die Finanzierung und regelm\u00e4\u00dfige Evaluationen der einzelnen Bildungsorganisationen und -standards \u00fcbernimmt. Um ein <strong>Mindestma\u00df an Ausbildungsqualit\u00e4t zu garantieren<\/strong>, ist es notwendig, dass organisations\u00fcbergreifende Regeln und Standards definiert werden, die es Lernenden erm\u00f6glichen, ihre Bildungskarriere in unterschiedlichen Institutionen und Bereichen zu beginnen und fortzuf\u00fchren. Dies ist besonders in unserer global vernetzten Welt relevant, in welcher es mittlerweile zu einer Selbstverst\u00e4ndlichkeit geh\u00f6rt, sich international weiterzubilden. Das Stichwort lautet hier: Anschlussf\u00e4higkeit.<\/p>\n<h2>Ziele von Bildungsorganisationen<\/h2>\n<p>Jede Organisation hat ihre individuellen Anspr\u00fcche, Werte und Ziele, doch es gibt einige Prinzipien, die f\u00fcr alle Bildungsorganisationen gleicherma\u00dfen gelten. An oberster Stelle verfolgen alle das gro\u00dfe gemeinsame Ziel der <strong>Chancengleichheit und Bildungsgerechtigkeit<\/strong>. Jede einzelne Bildungsorganisation hat das Anliegen, Menschen auf ihrem pers\u00f6nlichen Bildungsweg zu unterst\u00fctzen, um ihnen zu einem m\u00f6glichst reibungslosen Start ins Berufsleben zu verhelfen.<br \/>\n[\/et_pb_text][et_pb_blurb title=&#8220;\u00dcberblick: Ziele von Bildungsorganisationen&#8220; image_max_width=&#8220;none&#8220; _builder_version=&#8220;3.0.87&#8243; background_color=&#8220;#f2f4f4&#8243; custom_margin=&#8220;20px|20px|20px|20px&#8220; custom_padding=&#8220;20px|20px|20px|10px&#8220; border_width_all=&#8220;0px&#8220; border_color_all=&#8220;#5e5e5d&#8220; border_style_all=&#8220;solid&#8220; use_border_color=&#8220;on&#8220; border_color=&#8220;#5e5e5d&#8220; border_style=&#8220;solid&#8220;]\n<ul>\n<li style=\"font-weight: 400;\"><span style=\"font-weight: 400;\">Schaffung und Erhaltung von <em>Chancengleichheit <\/em><\/span><\/li>\n<li style=\"font-weight: 400;\"><span style=\"font-weight: 400;\">F\u00f6rderung einer <em>nachhaltigen<\/em> Lehr- und Lernkultur<\/span><\/li>\n<li style=\"font-weight: 400;\"><span style=\"font-weight: 400;\">Gew\u00e4hrleistung der <em>Anschlussf\u00e4higkeit<\/em> an andere Organisationen (Bildungs\u00fcberg\u00e4nge, Abschl\u00fcsse und Lerninhalte bzw. Qualifikationen)<\/span><\/li>\n<li style=\"font-weight: 400;\"><span style=\"font-weight: 400;\">Unterst\u00fctzung bei <em>\u00dcberg\u00e4ngen<\/em> in der Bildungskarriere (Bewerbungen etc.)<\/span><\/li>\n<li style=\"font-weight: 400;\"><span style=\"font-weight: 400;\">F\u00f6rderung von Lernenden aus sozial oder wirtschaftlich <em>benachteiligten Verh\u00e4ltnissen<\/em> im Sinne der Bildungsgerechtigkeit<\/span><\/li>\n<li style=\"font-weight: 400;\"><span style=\"font-weight: 400;\">F\u00f6rderung der sozialen <em>Interaktion<\/em> und eines loyalen <em>Miteinanders<\/em><\/span><\/li>\n<li style=\"font-weight: 400;\"><span style=\"font-weight: 400;\">F\u00f6rderung der <em>Pers\u00f6nlichkeitsentwicklung<\/em> und -st\u00e4rkung von Lernenden<\/span><\/li>\n<\/ul>\n[\/et_pb_blurb][et_pb_text _builder_version=&#8220;3.27.4&#8243; border_style=&#8220;solid&#8220;]\n<h2>Gemeinn\u00fctzige Bildungsorganisationen in Deutschland<\/h2>\n<div id=\"attachment_4751\" style=\"width: 310px\" class=\"wp-caption alignleft\"><img aria-describedby=\"caption-attachment-4751\" loading=\"-\" decoding=\"async\" class=\"size-medium wp-image-4751\" src=\"https:\/\/www.phase-6.de\/magazin\/wp-content\/uploads\/2019\/05\/BO4-300x207.jpg\" alt=\"Gemeinsam ist man st\u00e4rker!\" width=\"300\" height=\"207\" srcset=\"https:\/\/www.phase-6.de\/magazin\/wp-content\/uploads\/2019\/05\/BO4-300x207.jpg 300w, https:\/\/www.phase-6.de\/magazin\/wp-content\/uploads\/2019\/05\/BO4-360x250.jpg 360w, https:\/\/www.phase-6.de\/magazin\/wp-content\/uploads\/2019\/05\/BO4.jpg 500w\" sizes=\"(max-width: 300px) 100vw, 300px\" \/><p id=\"caption-attachment-4751\" class=\"wp-caption-text\">Gemeinsam ist man st\u00e4rker!<\/p><\/div>\n<p>Neben Schulen und Universit\u00e4ten gibt es zahlreiche gemeinn\u00fctzige Bildungsorganisationen, die sich au\u00dferhalb von regul\u00e4ren Institutionen f\u00fcr Bildungsgerechtigkeit einsetzen. Diese Organisationen unterst\u00fctzen Schulen sowie ihre Lehrenden und Lernenden in unterschiedlichen Bereichen und Schwerpunkten. Sie f\u00fchren beispielsweise Projekte zu relevanten Themen mit Kindern und Jugendlichen durch, begleiten sie in kritischen Schulphasen oder bereiten die Heranwachsenden mithilfe von Bewerbungstrainings auf ihre berufliche Zukunft vor. Durch die enge Zusammenarbeit mit Lernenden und Lehrenden ist es solchen gemeinn\u00fctzigen Bildungsorganisationen m\u00f6glich, bestimmte Bedarfe an schulischen Einrichtungen zu decken und zus\u00e4tzlich als externe und aktive Lerngelegenheit zu fungieren, die f\u00fcr einen Motivationsschub bei Sch\u00fclerinnen und Sch\u00fclern sorgen kann.<\/p>\n<p>Wie unterschiedlich und gleicherma\u00dfen wertvoll die Ziele sein k\u00f6nnen, die Bildungsorganisationen verfolgen, zeigt sich an einem kurzen Einblick in f\u00fcnf deutsche Bildungsorganisationen.<\/p>\n<h3>BildungsCent e.V. (Berlin)<\/h3>\n<div id=\"attachment_4752\" style=\"width: 310px\" class=\"wp-caption alignright\"><img aria-describedby=\"caption-attachment-4752\" loading=\"-\" decoding=\"async\" class=\"size-medium wp-image-4752\" src=\"https:\/\/www.phase-6.de\/magazin\/wp-content\/uploads\/2019\/05\/BO5-300x200.jpg\" alt=\"F\u00fcr eine gesunde Erde\" width=\"300\" height=\"200\" srcset=\"https:\/\/www.phase-6.de\/magazin\/wp-content\/uploads\/2019\/05\/BO5-300x200.jpg 300w, https:\/\/www.phase-6.de\/magazin\/wp-content\/uploads\/2019\/05\/BO5.jpg 500w\" sizes=\"(max-width: 300px) 100vw, 300px\" \/><p id=\"caption-attachment-4752\" class=\"wp-caption-text\">F\u00fcr eine gesunde Erde<\/p><\/div>\n<p>In ganz Europa gehen Sch\u00fclerinnen und Sch\u00fcler mittlerweile auf die Stra\u00dfe, um f\u00fcr den Schutz des Klimas zu demonstrieren. Das Umweltbewusstsein scheint gesamtgesellschaftlich anzusteigen. Diese positive Entwicklung ist sicher nicht allein dem schwedischen M\u00e4dchen mit den geflochtenen Z\u00f6pfen Greta Thunberg zu verdanken, sondern unter anderem Bildungsorganisationen wie BildungsCent e.V.. Seit 2003 arbeitet <em>BildungsCent e.V.<\/em> bundesweit mit 5.500 Schulen zusammen. Zweck der gemeinn\u00fctzigen Organisation ist die F\u00f6rderung einer neuen und <strong>nachhaltigen Lehr- und Lernkultur.<\/strong> Der gemeinn\u00fctzige Verein stellt in seinen vielf\u00e4ltigen Programmen die Themen Klimawandel und Nachhaltigkeit in den Vordergrund.<\/p>\n<p style=\"text-align: center;\"><em>\u201cUnser Ziel ist es, die von der Weltgemeinschaft verabschiedeten 17 Nachhaltigkeitsziele mit innovativen und erfahrungsorientierten Bildungsangeboten in den Schulen zu verankern. Mit unserer Arbeit bieten wir jungen Menschen M\u00f6glichkeiten, komplexe Themen aktiv zu erfahren und zu verstehen.\u201d<\/em><\/p>\n<p>Ob Kinder und Jugendliche, p\u00e4dagogische Fachkr\u00e4fte oder andere Interessierte &#8211; <em>BildungsCent e.V.<\/em> bietet informative und interaktive Projekte f\u00fcr jede Zielgruppe an. Falls Sie testen m\u00f6chten, wie gut Sie oder Ihre Lerngruppe sich mit dem Klimawandel oder dem Umweltschutz auskennen, h\u00e4lt die Organisation ein paar Online-Quizzes f\u00fcr Sie parat, die beispielsweise gemeinsam im Klassenraum gespielt werden k\u00f6nnen.[4]\n<h3>Teach First Deutschland gGmbH (Berlin)<\/h3>\n<div id=\"attachment_4753\" style=\"width: 310px\" class=\"wp-caption alignright\"><img aria-describedby=\"caption-attachment-4753\" loading=\"-\" decoding=\"async\" class=\"size-medium wp-image-4753\" src=\"https:\/\/www.phase-6.de\/magazin\/wp-content\/uploads\/2019\/05\/BO6-300x200.jpg\" alt=\"Auf eine gute Lernpartnerschaft!\" width=\"300\" height=\"200\" srcset=\"https:\/\/www.phase-6.de\/magazin\/wp-content\/uploads\/2019\/05\/BO6-300x200.jpg 300w, https:\/\/www.phase-6.de\/magazin\/wp-content\/uploads\/2019\/05\/BO6.jpg 500w\" sizes=\"(max-width: 300px) 100vw, 300px\" \/><p id=\"caption-attachment-4753\" class=\"wp-caption-text\">Auf eine gute Lernpartnerschaft!<\/p><\/div>\n<p>F\u00fcr manche Kinder und Jugendliche hat der sozio\u00f6konomische Hintergrund einen gro\u00dfen Einfluss auf ihre Bildungschancen. Besonders in kritischen Phasen der Schullaufbahn, sprich: \u00dcberg\u00e4nge und Abschl\u00fcsse, ben\u00f6tigen Sch\u00fclerinnen und Sch\u00fcler aus sozial benachteiligten Familien tatkr\u00e4ftige Unterst\u00fctzung. Die Organisation<em> Teach First Deutschland<\/em> macht es sich zur Aufgabe, Heranwachsende aus sozialen Brennpunkten <strong>an \u00dcberg\u00e4ngen im Bildungssystem zu begleiten<\/strong> und ihnen so eine erfolgreiche Bildungskarriere zu erm\u00f6glichen.<\/p>\n<p style=\"text-align: center;\"><em>\u201cDaf\u00fcr sind herausragende Hochschulabsolventen verschiedener Studienrichtungen als Fellows bundesweit an Brennpunktschulen im Einsatz. Fellows durchlaufen zur Vorbereitung ein intensives Qualifizierungsprogramm und werden w\u00e4hrend ihres Schuleinsatzes von Trainern begleitet. Als zus\u00e4tzliche Kr\u00e4fte im Unterricht unterst\u00fctzen Fellows Lehrkr\u00e4fte und f\u00fchren eigene Projekte durch.\u201d<\/em><\/p>\n<p><em>Teach First<\/em> bietet in Deutschland Programme f\u00fcr Lernende in Grundschulen, in der Sekundarstufe I, an Berufsschulen und in Willkommensklassen f\u00fcr Gefl\u00fcchtete an. Schulen aus sozio\u00f6konomisch benachteiligten Einzugsgebieten k\u00f6nnen sich bei der Organisation bewerben und gemeinsam Entwicklungsziele ausarbeiten, die von den Lernbegleitern (\u201cFellows\u201d) umgesetzt werden.[5]\n<h3>Education Y Bildung e.V. (D\u00fcsseldorf)<\/h3>\n<div id=\"attachment_4754\" style=\"width: 310px\" class=\"wp-caption alignright\"><img aria-describedby=\"caption-attachment-4754\" loading=\"-\" decoding=\"async\" class=\"size-medium wp-image-4754\" src=\"https:\/\/www.phase-6.de\/magazin\/wp-content\/uploads\/2019\/05\/BO7-300x200.jpg\" alt=\"Hier sind die Erwachsenen im Fokus\" width=\"300\" height=\"200\" srcset=\"https:\/\/www.phase-6.de\/magazin\/wp-content\/uploads\/2019\/05\/BO7-300x200.jpg 300w, https:\/\/www.phase-6.de\/magazin\/wp-content\/uploads\/2019\/05\/BO7.jpg 500w\" sizes=\"(max-width: 300px) 100vw, 300px\" \/><p id=\"caption-attachment-4754\" class=\"wp-caption-text\">Hier sind die Erwachsenen im Fokus<\/p><\/div>\n<p>In multiprofessionellen Teams aus Fachkr\u00e4ften aus P\u00e4dagogik, Psychologie, Jura, Philosophie sowie der Organisationsentwicklung verfolgt <em>Education Y<\/em> das Ziel, Bildungsbenachteiligungen durch individuelle Kompetenzst\u00e4rkung zu realisieren. Gest\u00e4rkt werden sollen die Kompetenzen, die f\u00fcr ein selbstbestimmtes Leben relevant sind, wie beispielsweise Kooperation, Kommunikation, Kreativit\u00e4t und kritisches Denken, aber auch Selbstwirksamkeit, Probleml\u00f6sungskompetenz oder Kritikf\u00e4higkeit. In die Zielgruppe fallen hier, anders als bei den anderen vorgestellten Organisationen, besonders <strong>Eltern und p\u00e4dagogische Fachkr\u00e4fte<\/strong>. Also die Personen, die die Heranwachsenden auf ihrem Bildungsweg begleiten.<\/p>\n<p style=\"text-align: center;\"><em>\u201c\u00dcber Einladung und Begleitung hin zu einer positiv ver\u00e4nderten Haltung und entsprechend ver\u00e4ndertem Handeln dieser Erwachsenen bezwecken wir eine ver\u00e4nderte Beziehungskultur, die von Wertsch\u00e4tzung und Kompetenzorientierung gepr\u00e4gt ist.\u201d<\/em><\/p>\n<p><em>Education Y<\/em> arbeitet nach einem selbst aufgestellten Kompetenzplan, der Heranwachsende dazu bef\u00e4higen soll, den Anforderungen des 21. Jahrhunderts gerecht zu werden. Das sogenannte \u201cK21-Modell\u201d wird gemeinsam mit Eltern und p\u00e4dagogischen Fachkr\u00e4ften besprochen und die F\u00f6rderung der einzelnen Kompetenzen umgesetzt.[6]\n<h3>Stiftung Gesellschaft macht Schule gGmbH (M\u00fcnchen)<\/h3>\n<div id=\"attachment_4755\" style=\"width: 310px\" class=\"wp-caption alignright\"><img aria-describedby=\"caption-attachment-4755\" loading=\"-\" decoding=\"async\" class=\"size-medium wp-image-4755\" src=\"https:\/\/www.phase-6.de\/magazin\/wp-content\/uploads\/2019\/05\/BO8-300x200.jpg\" alt=\"Zusammenhalt bringt Lernerfolg\" width=\"300\" height=\"200\" srcset=\"https:\/\/www.phase-6.de\/magazin\/wp-content\/uploads\/2019\/05\/BO8-300x200.jpg 300w, https:\/\/www.phase-6.de\/magazin\/wp-content\/uploads\/2019\/05\/BO8.jpg 500w\" sizes=\"(max-width: 300px) 100vw, 300px\" \/><p id=\"caption-attachment-4755\" class=\"wp-caption-text\">Zusammenhalt bringt Lernerfolg<\/p><\/div>\n<p>\u201cLeuchtt\u00fcrme statt Brennpunkte\u201d lautet das \u00fcbergreifende Motto der schulinternen Projekte dieser Bildungsorganisation. Im M\u00fcnchener Raum arbeitet die Stiftung vor allem mit Kindern und Jugendlichen aus sozio\u00f6konomisch benachteiligten Einzugsgebieten zusammen. Ihre Projekte verfolgen anspruchsvolle Ziele: Werte des Miteinanders zu vermitteln, das Selbstwertgef\u00fchl und die Pers\u00f6nlichkeit der Sch\u00fclerinnen und Sch\u00fcler zu st\u00e4rken sowie deren Potenziale zu f\u00f6rdern.<\/p>\n<p style=\"text-align: center;\"><em>\u201cDer Vertrauensaufbau zwischen den Sch\u00fclern und unseren Fachkr\u00e4ften ist unser zentrales Erfolgskriterium. Dank unserer Arbeit minimieren sich die Verhaltensauff\u00e4lligkeiten, die sozial-emotionalen sowie personalen Kompetenzen verbessern sich deutlich, die Lernleistungen und das Klassenklima ebenfalls.\u201d<\/em><\/p>\n<p>Die <em>Stiftung Gesellschaft macht Schule<\/em> bietet insgesamt drei verschiedene Projekte an, die die inhaltlichen Schwerpunkte ihrer Arbeit mit den Heranwachsenden widerspiegeln. Im \u201crespect U\u201d-Programm steht die <strong>F\u00f6rderung des Sozial- und Lernverhaltens<\/strong> im Fokus, w\u00e4hrend das \u201cempower U\u201d-Programm vor allem auf die <strong>Pers\u00f6nlichkeitsst\u00e4rkung<\/strong> der Teilnehmenden ausgerichtet ist und den \u00dcbergang von der Schule in den Beruf erleichtern soll. Das dritte Projekt nennt sich \u201cKultur, Sprache &amp; Werte\u201d und zielt speziell auf die Weiterentwicklung der individuellen <strong>Sprachkompetenz<\/strong> der Lernenden ab.[7]\n<h3>ROCK YOUR LIFE! gGmbH<\/h3>\n<div id=\"attachment_4756\" style=\"width: 310px\" class=\"wp-caption alignright\"><img aria-describedby=\"caption-attachment-4756\" loading=\"-\" decoding=\"async\" class=\"size-medium wp-image-4756\" src=\"https:\/\/www.phase-6.de\/magazin\/wp-content\/uploads\/2019\/05\/BO9-300x200.jpg\" alt=\"Mentoren begleiten den Lernweg\" width=\"300\" height=\"200\" srcset=\"https:\/\/www.phase-6.de\/magazin\/wp-content\/uploads\/2019\/05\/BO9-300x200.jpg 300w, https:\/\/www.phase-6.de\/magazin\/wp-content\/uploads\/2019\/05\/BO9.jpg 500w\" sizes=\"(max-width: 300px) 100vw, 300px\" \/><p id=\"caption-attachment-4756\" class=\"wp-caption-text\">Mentoren begleiten den Lernweg<\/p><\/div>\n<p>\u00c4hnlich wie <em>Teach First<\/em> bildet diese Organisation Studienabsolventinnen und -absolventen zu Mentorinnen und Mentoren aus, welche Kinder und Jugendliche an unterschiedlichen Standpunkten ihrer Bildungskarriere begleiten. Diese ehrenamtlich motivierten Mentoring-Beziehungen konzentrieren sich insbesondere auf den Aufbau einer vertrauensvollen Beziehung sowie das <strong>Wahrnehmen und Nutzen der pers\u00f6nlichen Ressourcen von Lernenden<\/strong>.<\/p>\n<p style=\"text-align: center;\"><em>\u201cZiel unserer Mentoring-Beziehung ist es, die Sch\u00fclerinnen und Sch\u00fcler zu unterst\u00fctzen, ihr individuelles Potential zu entfalten und ihre Perspektiven zu erweitern. Sch\u00fclerinnen und Sch\u00fcler, die das ROCK YOUR LIFE! Programm erfolgreich absolviert haben, gestalten ihre Zukunft eigenverantwortlich und selbstbewusst.\u201d<\/em><\/p>\n<p>Besonders Kinder aus eher bildungsfernen Milieus oder solche mit Migrationshintergrund sollen sich von <em>ROCK YOUR LIFE!<\/em> angesprochen f\u00fchlen und k\u00f6nnen die Programme bundesweit nutzen.[8]\n<h2>Unterst\u00fctzen Sie eine Organisation &#8211; kostenlos!<\/h2>\n<p>Gemeinn\u00fctzige Bildungsorganisationen in ganz Deutschland k\u00f6nnen f\u00fcr Sie als Lehrkraft und Ihre Lerngruppe als externe Hilfe verstanden werden. Die Organisationen k\u00f6nnen so zu einem positiven Lernklima sowie zu mehr Bildungserfolgen der Lernenden beitragen. Doch damit die modernen und inklusiven Bildungskonzepte durchgef\u00fchrt werden k\u00f6nnen, sind die Bildungsorganisationen auf freiwillige Spenden angewiesen.<\/p>\n<p>Nach dem Prinzip \u201ceine Hand w\u00e4scht die andere\u201d k\u00f6nnen Sie eine der Organisationen finanziell unterst\u00fctzen &#8211; und das, <strong>ohne daf\u00fcr zu zahlen<\/strong>!\u00a0Die Idee dahinter: Lehrkr\u00e4fte empfehlen uns &#8211; wie bislang auch &#8211; ihren Kolleginnen und Kollegen, und phase6 spendet. Wir bedanken uns f\u00fcr jede Empfehlung mit einem Betrag von 5 Euro, den wir an die <strong>von Ihnen ausgew\u00e4hlte Organisation<\/strong> im Einsatz f\u00fcr Bildungsgerechtigkeit spenden.<\/p>\n<p>Sie m\u00f6chten helfen? So einfach geht\u2019s: Bei phase6 einloggen und unsere Empfehlungsseite besuchen, die Sie unten auf der <span style=\"color: #fc7c00;\"><a href=\"https:\/\/www.phase-6.de\/classic\/teacher.html?recommend=true\"><span style=\"color: #fc7c00;\">Seite f\u00fcr Lehrkr\u00e4fte<\/span><\/a><\/span> finden. Geben Sie im n\u00e4chsten Schritt einfach die E-Mail-Adresse Ihrer Kollegin oder Ihres Kollegen ein und w\u00e4hlen Sie im darauf folgenden Schritt eine Organisation aus. Das war&#8217;s! Sobald Ihre Kollegin oder Ihr Kollege von uns als Lehrkraft verifiziert wurde, wird die Spende bei uns ausgel\u00f6st.<\/p>\n<p>Nat\u00fcrlich ist es auch f\u00fcr nicht registrierte Personen jeder Zeit m\u00f6glich, einen Betrag ihrer Wahl an eine der Bildungsorganisationen zu spenden. Besuchen Sie dazu einfach die\u00a0jeweiligen Internetseiten und informieren Sie sich \u00fcber das Angebot der Organisationen. Jede Spende &#8211; und sei sie noch so gering &#8211; leistet einen <strong>Beitrag zu mehr Chancengleichheit<\/strong>.<\/p>\n<p>&nbsp;<br \/>\n[\/et_pb_text][et_pb_text _builder_version=&#8220;3.27.4&#8243; border_style=&#8220;solid&#8220;]\n<h3>Quellen:<\/h3>\n[1] Weick, Karl E. (2009): Bildungsorganisationen als lose gekoppelte Systeme. In: Koch et. al.: Neo-Institutionalismus in der Erziehungswissenschaft. VS Verlag f\u00fcr Sozialwissenschaften, S. 85-109.<\/p>\n[<a href=\"https:\/\/soziopolis.de\/lesen\/buecher\/artikel\/bildungsorganisationen-und-organisation-von-bildung\/\" target=\"_blank\" rel=\"noopener noreferrer\">2<\/a>] Daubner, Lukas (2016): Die Organisation von Bildung. Soziologische Analysen zu Schule, Berufsbildung, Hochschule und Weiterbildung. Beltz Juventa Verlag Weinheim.<\/p>\n[3] Griese, Christiane (2016): Bildungsorganisationen und Bildung als Objektbereich von Evaluation. In: Griese et. al. (Hrsg.): Bildungs- und Bildungsorganisationsevaluation \u2013 Ein Lehrbuch. De Gruyter Berlin, S. 25 &#8211; 40.<\/p>\n[<a href=\"https:\/\/www.bildungscent.de\/\" target=\"_blank\" rel=\"noopener noreferrer\">4<\/a>] BildungsCent e.V.<\/p>\n[<a href=\"https:\/\/www.teachfirst.de\/\" target=\"_blank\" rel=\"noopener noreferrer\">5<\/a>] Teach First Deutschland gGmbH<\/p>\n[<a href=\"https:\/\/education-y.de\/\" target=\"_blank\" rel=\"noopener noreferrer\">6<\/a>] Education Y Bildung e.V.[<a href=\"https:\/\/www.gesellschaft-macht-schule.de\/\" target=\"_blank\" rel=\"noopener noreferrer\">7<\/a>] Stiftung Gesellschaft macht Schule gGmbH[<a href=\"https:\/\/rockyourlife.de\/\/\" target=\"_blank\" rel=\"noopener noreferrer\">8<\/a>] Rock Your Life! gGmbH<\/p>\n<p>&nbsp;<\/p>\n<p>&nbsp;<br \/>\n[\/et_pb_text][et_pb_testimonial portrait_url=&#8220;https:\/\/www.phase-6.de\/magazin\/wp-content\/uploads\/2019\/08\/Carla-Edited.jpg&#8220; portrait_width=&#8220;110px&#8220; portrait_height=&#8220;110px&#8220; use_icon_font_size=&#8220;on&#8220; icon_font_size=&#8220;39px&#8220; admin_label=&#8220;Autorin Carla&#8220; _builder_version=&#8220;4.0.4&#8243; body_text_align=&#8220;left&#8220; custom_margin=&#8220;40px||40px||false|false&#8220; custom_padding=&#8220;55px|55px|55px|55px|false|false&#8220; border_radii_portrait=&#8220;on|86px|86px|86px|86px&#8220; portrait_border_radius=&#8220;86px&#8220; global_module=&#8220;8039&#8243;]\n<p><strong><span style=\"color: #fc7c00;\">Autorin: Carla<\/span><\/strong><\/p>\n<p><span style=\"font-weight: 400;\">Als Werkstudentin bei phase6 und eine der Hauptverantwortlichen des Online-Magazins verfasse ich regelm\u00e4\u00dfig Artikel f\u00fcr das Magazin f\u00fcr Lehrkr\u00e4fte und das <\/span><a href=\"https:\/\/www.phase-6.de\/magazin\/\"><span style=\"font-weight: 400;\"><span style=\"color: #fc7c00;\">phase6 Magazin<\/span><\/span><\/a><span style=\"font-weight: 400;\">. Mit besonderer Vorliebe widme ich mich spannenden Themen der p\u00e4dagogischen Psychologie in Theorie und Praxis. Zur Zeit arbeite ich als Vertretungslehrkraft an einer Berliner Grundschule und sammle wertvolle Erfahrungen, bevor es im Sommer 2020 in den Vorbereitungsdienst geht. Auf dem Weg dahin m\u00f6chte ich meine Recherchen, Erlebnisse und Erkenntnisse mit anderen Interessierten teilen.\u00a0<\/span><\/p>\n[\/et_pb_testimonial][\/et_pb_column][\/et_pb_row][\/et_pb_section]\n","protected":false},"excerpt":{"rendered":"<p>Besonders Lernende aus bildungsfernen Milieus ben\u00f6tigen intensivere Unterst\u00fctzung, um individuelle Bildungschancen wahrzunehmen. In diesem Beitrag erfahren Sie, was Bildungsorganisationen leisten und inwiefern Sie als Lehrkraft davon profitieren k\u00f6nnen.<\/p>\n","protected":false},"author":11,"featured_media":6533,"comment_status":"closed","ping_status":"open","sticky":false,"template":"","format":"standard","meta":{"_acf_changed":false,"_yoast_wpseo_focuskw":"Bildungsorganisationen","_yoast_wpseo_title":"","_yoast_wpseo_metadesc":"Gemeinn\u00fctzige Bildungsorganisationen k\u00f6nnen zu mehr Chancengleichheit beitragen - Erfahren Sie mehr! \u2713Bildungskarriere \u2713Lernf\u00f6rderung \u2713Zukunftschancen","_yoast_wpseo_canonical":"","_yoast_wpseo_opengraph-title":"","_yoast_wpseo_opengraph-description":"","_et_pb_use_builder":"on","_et_pb_old_content":"","_et_gb_content_width":"","inline_featured_image":false,"footnotes":""},"categories":[71],"tags":[],"class_list":["post-4741","post","type-post","status-publish","format-standard","has-post-thumbnail","hentry","category-bildungssystem","et-has-post-format-content","et_post_format-et-post-format-standard"],"acf":[],"yoast_head":"<!-- This site is optimized with the Yoast SEO plugin v26.9 - https:\/\/yoast.com\/product\/yoast-seo-wordpress\/ -->\n<title>Bildungsorganisationen in Deutschland - phase6 Magazin<\/title>\n<meta name=\"description\" content=\"Gemeinn\u00fctzige Bildungsorganisationen k\u00f6nnen zu mehr Chancengleichheit beitragen - Erfahren Sie mehr! \u2713Bildungskarriere \u2713Lernf\u00f6rderung \u2713Zukunftschancen\" \/>\n<meta name=\"robots\" content=\"index, follow, max-snippet:-1, max-image-preview:large, max-video-preview:-1\" \/>\n<link rel=\"canonical\" href=\"https:\/\/www.phase-6.de\/magazin\/fuer-lehrkraefte\/themen\/bildungssystem\/bildungsorganisationen-in-deutschland\/\" \/>\n<meta property=\"og:locale\" content=\"de_DE\" \/>\n<meta property=\"og:type\" content=\"article\" \/>\n<meta property=\"og:title\" content=\"Bildungsorganisationen in Deutschland - phase6 Magazin\" \/>\n<meta property=\"og:description\" content=\"Gemeinn\u00fctzige Bildungsorganisationen k\u00f6nnen zu mehr Chancengleichheit beitragen - Erfahren Sie mehr! \u2713Bildungskarriere \u2713Lernf\u00f6rderung \u2713Zukunftschancen\" \/>\n<meta property=\"og:url\" content=\"https:\/\/www.phase-6.de\/magazin\/fuer-lehrkraefte\/themen\/bildungssystem\/bildungsorganisationen-in-deutschland\/\" \/>\n<meta property=\"og:site_name\" content=\"phase6 Magazin\" \/>\n<meta property=\"article:publisher\" content=\"https:\/\/www.facebook.com\/phase6.de\/\" \/>\n<meta property=\"article:published_time\" content=\"2019-07-15T11:26:34+00:00\" \/>\n<meta property=\"article:modified_time\" content=\"2020-01-13T11:57:00+00:00\" \/>\n<meta property=\"og:image\" content=\"https:\/\/www.phase-6.de\/magazin\/wp-content\/uploads\/2019\/07\/Bildungsorganisationen.jpg\" \/>\n\t<meta property=\"og:image:width\" content=\"1080\" \/>\n\t<meta property=\"og:image:height\" content=\"675\" \/>\n\t<meta property=\"og:image:type\" content=\"image\/jpeg\" \/>\n<meta name=\"author\" content=\"Rebecca\" \/>\n<meta name=\"twitter:card\" content=\"summary_large_image\" \/>\n<meta name=\"twitter:label1\" content=\"Verfasst von\" \/>\n\t<meta name=\"twitter:data1\" content=\"Rebecca\" \/>\n\t<meta name=\"twitter:label2\" content=\"Gesch\u00e4tzte Lesezeit\" \/>\n\t<meta name=\"twitter:data2\" content=\"13\u00a0Minuten\" \/>\n<script type=\"application\/ld+json\" class=\"yoast-schema-graph\">{\"@context\":\"https:\/\/schema.org\",\"@graph\":[{\"@type\":\"Article\",\"@id\":\"https:\/\/www.phase-6.de\/magazin\/fuer-lehrkraefte\/themen\/bildungssystem\/bildungsorganisationen-in-deutschland\/#article\",\"isPartOf\":{\"@id\":\"https:\/\/www.phase-6.de\/magazin\/fuer-lehrkraefte\/themen\/bildungssystem\/bildungsorganisationen-in-deutschland\/\"},\"author\":{\"name\":\"Rebecca\",\"@id\":\"https:\/\/www.phase-6.de\/magazin\/#\/schema\/person\/c79e16a5e9f43034e7a9f1876f3e96d4\"},\"headline\":\"Bildungsorganisationen in Deutschland\",\"datePublished\":\"2019-07-15T11:26:34+00:00\",\"dateModified\":\"2020-01-13T11:57:00+00:00\",\"mainEntityOfPage\":{\"@id\":\"https:\/\/www.phase-6.de\/magazin\/fuer-lehrkraefte\/themen\/bildungssystem\/bildungsorganisationen-in-deutschland\/\"},\"wordCount\":2622,\"publisher\":{\"@id\":\"https:\/\/www.phase-6.de\/magazin\/#organization\"},\"image\":{\"@id\":\"https:\/\/www.phase-6.de\/magazin\/fuer-lehrkraefte\/themen\/bildungssystem\/bildungsorganisationen-in-deutschland\/#primaryimage\"},\"thumbnailUrl\":\"https:\/\/www.phase-6.de\/magazin\/wp-content\/uploads\/2019\/07\/Bildungsorganisationen.jpg\",\"articleSection\":[\"Bildungssystem\"],\"inLanguage\":\"de\"},{\"@type\":\"WebPage\",\"@id\":\"https:\/\/www.phase-6.de\/magazin\/fuer-lehrkraefte\/themen\/bildungssystem\/bildungsorganisationen-in-deutschland\/\",\"url\":\"https:\/\/www.phase-6.de\/magazin\/fuer-lehrkraefte\/themen\/bildungssystem\/bildungsorganisationen-in-deutschland\/\",\"name\":\"Bildungsorganisationen in Deutschland - phase6 Magazin\",\"isPartOf\":{\"@id\":\"https:\/\/www.phase-6.de\/magazin\/#website\"},\"primaryImageOfPage\":{\"@id\":\"https:\/\/www.phase-6.de\/magazin\/fuer-lehrkraefte\/themen\/bildungssystem\/bildungsorganisationen-in-deutschland\/#primaryimage\"},\"image\":{\"@id\":\"https:\/\/www.phase-6.de\/magazin\/fuer-lehrkraefte\/themen\/bildungssystem\/bildungsorganisationen-in-deutschland\/#primaryimage\"},\"thumbnailUrl\":\"https:\/\/www.phase-6.de\/magazin\/wp-content\/uploads\/2019\/07\/Bildungsorganisationen.jpg\",\"datePublished\":\"2019-07-15T11:26:34+00:00\",\"dateModified\":\"2020-01-13T11:57:00+00:00\",\"description\":\"Gemeinn\u00fctzige Bildungsorganisationen k\u00f6nnen zu mehr Chancengleichheit beitragen - Erfahren Sie mehr! \u2713Bildungskarriere \u2713Lernf\u00f6rderung \u2713Zukunftschancen\",\"breadcrumb\":{\"@id\":\"https:\/\/www.phase-6.de\/magazin\/fuer-lehrkraefte\/themen\/bildungssystem\/bildungsorganisationen-in-deutschland\/#breadcrumb\"},\"inLanguage\":\"de\",\"potentialAction\":[{\"@type\":\"ReadAction\",\"target\":[\"https:\/\/www.phase-6.de\/magazin\/fuer-lehrkraefte\/themen\/bildungssystem\/bildungsorganisationen-in-deutschland\/\"]}]},{\"@type\":\"ImageObject\",\"inLanguage\":\"de\",\"@id\":\"https:\/\/www.phase-6.de\/magazin\/fuer-lehrkraefte\/themen\/bildungssystem\/bildungsorganisationen-in-deutschland\/#primaryimage\",\"url\":\"https:\/\/www.phase-6.de\/magazin\/wp-content\/uploads\/2019\/07\/Bildungsorganisationen.jpg\",\"contentUrl\":\"https:\/\/www.phase-6.de\/magazin\/wp-content\/uploads\/2019\/07\/Bildungsorganisationen.jpg\",\"width\":1080,\"height\":675,\"caption\":\"Bildungsorganisationen in Deutschland\"},{\"@type\":\"BreadcrumbList\",\"@id\":\"https:\/\/www.phase-6.de\/magazin\/fuer-lehrkraefte\/themen\/bildungssystem\/bildungsorganisationen-in-deutschland\/#breadcrumb\",\"itemListElement\":[{\"@type\":\"ListItem\",\"position\":1,\"name\":\"Startseite\",\"item\":\"https:\/\/www.phase-6.de\/magazin\/\"},{\"@type\":\"ListItem\",\"position\":2,\"name\":\"Bildungsorganisationen in Deutschland\"}]},{\"@type\":\"WebSite\",\"@id\":\"https:\/\/www.phase-6.de\/magazin\/#website\",\"url\":\"https:\/\/www.phase-6.de\/magazin\/\",\"name\":\"phase6 Magazin\",\"description\":\"Das Magazin f\u00fcr Sprache, Lernen &amp; Lehren\",\"publisher\":{\"@id\":\"https:\/\/www.phase-6.de\/magazin\/#organization\"},\"potentialAction\":[{\"@type\":\"SearchAction\",\"target\":{\"@type\":\"EntryPoint\",\"urlTemplate\":\"https:\/\/www.phase-6.de\/magazin\/?s={search_term_string}\"},\"query-input\":{\"@type\":\"PropertyValueSpecification\",\"valueRequired\":true,\"valueName\":\"search_term_string\"}}],\"inLanguage\":\"de\"},{\"@type\":\"Organization\",\"@id\":\"https:\/\/www.phase-6.de\/magazin\/#organization\",\"name\":\"phase-6 GmbH\",\"url\":\"https:\/\/www.phase-6.de\/magazin\/\",\"logo\":{\"@type\":\"ImageObject\",\"inLanguage\":\"de\",\"@id\":\"https:\/\/www.phase-6.de\/magazin\/#\/schema\/logo\/image\/\",\"url\":\"https:\/\/www.phase-6.de\/magazin\/wp-content\/uploads\/2017\/07\/phase6_logo2017.png\",\"contentUrl\":\"https:\/\/www.phase-6.de\/magazin\/wp-content\/uploads\/2017\/07\/phase6_logo2017.png\",\"width\":709,\"height\":200,\"caption\":\"phase-6 GmbH\"},\"image\":{\"@id\":\"https:\/\/www.phase-6.de\/magazin\/#\/schema\/logo\/image\/\"},\"sameAs\":[\"https:\/\/www.facebook.com\/phase6.de\/\",\"https:\/\/de.wikipedia.org\/wiki\/Phase6\"]},{\"@type\":\"Person\",\"@id\":\"https:\/\/www.phase-6.de\/magazin\/#\/schema\/person\/c79e16a5e9f43034e7a9f1876f3e96d4\",\"name\":\"Rebecca\",\"url\":\"https:\/\/www.phase-6.de\/magazin\/author\/rebecca\/\"}]}<\/script>\n<!-- \/ Yoast SEO plugin. -->","yoast_head_json":{"title":"Bildungsorganisationen in Deutschland - phase6 Magazin","description":"Gemeinn\u00fctzige Bildungsorganisationen k\u00f6nnen zu mehr Chancengleichheit beitragen - Erfahren Sie mehr! \u2713Bildungskarriere \u2713Lernf\u00f6rderung \u2713Zukunftschancen","robots":{"index":"index","follow":"follow","max-snippet":"max-snippet:-1","max-image-preview":"max-image-preview:large","max-video-preview":"max-video-preview:-1"},"canonical":"https:\/\/www.phase-6.de\/magazin\/fuer-lehrkraefte\/themen\/bildungssystem\/bildungsorganisationen-in-deutschland\/","og_locale":"de_DE","og_type":"article","og_title":"Bildungsorganisationen in Deutschland - phase6 Magazin","og_description":"Gemeinn\u00fctzige Bildungsorganisationen k\u00f6nnen zu mehr Chancengleichheit beitragen - Erfahren Sie mehr! \u2713Bildungskarriere \u2713Lernf\u00f6rderung \u2713Zukunftschancen","og_url":"https:\/\/www.phase-6.de\/magazin\/fuer-lehrkraefte\/themen\/bildungssystem\/bildungsorganisationen-in-deutschland\/","og_site_name":"phase6 Magazin","article_publisher":"https:\/\/www.facebook.com\/phase6.de\/","article_published_time":"2019-07-15T11:26:34+00:00","article_modified_time":"2020-01-13T11:57:00+00:00","og_image":[{"width":1080,"height":675,"url":"https:\/\/www.phase-6.de\/magazin\/wp-content\/uploads\/2019\/07\/Bildungsorganisationen.jpg","type":"image\/jpeg"}],"author":"Rebecca","twitter_card":"summary_large_image","twitter_misc":{"Verfasst von":"Rebecca","Gesch\u00e4tzte Lesezeit":"13\u00a0Minuten"},"schema":{"@context":"https:\/\/schema.org","@graph":[{"@type":"Article","@id":"https:\/\/www.phase-6.de\/magazin\/fuer-lehrkraefte\/themen\/bildungssystem\/bildungsorganisationen-in-deutschland\/#article","isPartOf":{"@id":"https:\/\/www.phase-6.de\/magazin\/fuer-lehrkraefte\/themen\/bildungssystem\/bildungsorganisationen-in-deutschland\/"},"author":{"name":"Rebecca","@id":"https:\/\/www.phase-6.de\/magazin\/#\/schema\/person\/c79e16a5e9f43034e7a9f1876f3e96d4"},"headline":"Bildungsorganisationen in Deutschland","datePublished":"2019-07-15T11:26:34+00:00","dateModified":"2020-01-13T11:57:00+00:00","mainEntityOfPage":{"@id":"https:\/\/www.phase-6.de\/magazin\/fuer-lehrkraefte\/themen\/bildungssystem\/bildungsorganisationen-in-deutschland\/"},"wordCount":2622,"publisher":{"@id":"https:\/\/www.phase-6.de\/magazin\/#organization"},"image":{"@id":"https:\/\/www.phase-6.de\/magazin\/fuer-lehrkraefte\/themen\/bildungssystem\/bildungsorganisationen-in-deutschland\/#primaryimage"},"thumbnailUrl":"https:\/\/www.phase-6.de\/magazin\/wp-content\/uploads\/2019\/07\/Bildungsorganisationen.jpg","articleSection":["Bildungssystem"],"inLanguage":"de"},{"@type":"WebPage","@id":"https:\/\/www.phase-6.de\/magazin\/fuer-lehrkraefte\/themen\/bildungssystem\/bildungsorganisationen-in-deutschland\/","url":"https:\/\/www.phase-6.de\/magazin\/fuer-lehrkraefte\/themen\/bildungssystem\/bildungsorganisationen-in-deutschland\/","name":"Bildungsorganisationen in Deutschland - phase6 Magazin","isPartOf":{"@id":"https:\/\/www.phase-6.de\/magazin\/#website"},"primaryImageOfPage":{"@id":"https:\/\/www.phase-6.de\/magazin\/fuer-lehrkraefte\/themen\/bildungssystem\/bildungsorganisationen-in-deutschland\/#primaryimage"},"image":{"@id":"https:\/\/www.phase-6.de\/magazin\/fuer-lehrkraefte\/themen\/bildungssystem\/bildungsorganisationen-in-deutschland\/#primaryimage"},"thumbnailUrl":"https:\/\/www.phase-6.de\/magazin\/wp-content\/uploads\/2019\/07\/Bildungsorganisationen.jpg","datePublished":"2019-07-15T11:26:34+00:00","dateModified":"2020-01-13T11:57:00+00:00","description":"Gemeinn\u00fctzige Bildungsorganisationen k\u00f6nnen zu mehr Chancengleichheit beitragen - Erfahren Sie mehr! \u2713Bildungskarriere \u2713Lernf\u00f6rderung \u2713Zukunftschancen","breadcrumb":{"@id":"https:\/\/www.phase-6.de\/magazin\/fuer-lehrkraefte\/themen\/bildungssystem\/bildungsorganisationen-in-deutschland\/#breadcrumb"},"inLanguage":"de","potentialAction":[{"@type":"ReadAction","target":["https:\/\/www.phase-6.de\/magazin\/fuer-lehrkraefte\/themen\/bildungssystem\/bildungsorganisationen-in-deutschland\/"]}]},{"@type":"ImageObject","inLanguage":"de","@id":"https:\/\/www.phase-6.de\/magazin\/fuer-lehrkraefte\/themen\/bildungssystem\/bildungsorganisationen-in-deutschland\/#primaryimage","url":"https:\/\/www.phase-6.de\/magazin\/wp-content\/uploads\/2019\/07\/Bildungsorganisationen.jpg","contentUrl":"https:\/\/www.phase-6.de\/magazin\/wp-content\/uploads\/2019\/07\/Bildungsorganisationen.jpg","width":1080,"height":675,"caption":"Bildungsorganisationen in Deutschland"},{"@type":"BreadcrumbList","@id":"https:\/\/www.phase-6.de\/magazin\/fuer-lehrkraefte\/themen\/bildungssystem\/bildungsorganisationen-in-deutschland\/#breadcrumb","itemListElement":[{"@type":"ListItem","position":1,"name":"Startseite","item":"https:\/\/www.phase-6.de\/magazin\/"},{"@type":"ListItem","position":2,"name":"Bildungsorganisationen in Deutschland"}]},{"@type":"WebSite","@id":"https:\/\/www.phase-6.de\/magazin\/#website","url":"https:\/\/www.phase-6.de\/magazin\/","name":"phase6 Magazin","description":"Das Magazin f\u00fcr Sprache, Lernen &amp; Lehren","publisher":{"@id":"https:\/\/www.phase-6.de\/magazin\/#organization"},"potentialAction":[{"@type":"SearchAction","target":{"@type":"EntryPoint","urlTemplate":"https:\/\/www.phase-6.de\/magazin\/?s={search_term_string}"},"query-input":{"@type":"PropertyValueSpecification","valueRequired":true,"valueName":"search_term_string"}}],"inLanguage":"de"},{"@type":"Organization","@id":"https:\/\/www.phase-6.de\/magazin\/#organization","name":"phase-6 GmbH","url":"https:\/\/www.phase-6.de\/magazin\/","logo":{"@type":"ImageObject","inLanguage":"de","@id":"https:\/\/www.phase-6.de\/magazin\/#\/schema\/logo\/image\/","url":"https:\/\/www.phase-6.de\/magazin\/wp-content\/uploads\/2017\/07\/phase6_logo2017.png","contentUrl":"https:\/\/www.phase-6.de\/magazin\/wp-content\/uploads\/2017\/07\/phase6_logo2017.png","width":709,"height":200,"caption":"phase-6 GmbH"},"image":{"@id":"https:\/\/www.phase-6.de\/magazin\/#\/schema\/logo\/image\/"},"sameAs":["https:\/\/www.facebook.com\/phase6.de\/","https:\/\/de.wikipedia.org\/wiki\/Phase6"]},{"@type":"Person","@id":"https:\/\/www.phase-6.de\/magazin\/#\/schema\/person\/c79e16a5e9f43034e7a9f1876f3e96d4","name":"Rebecca","url":"https:\/\/www.phase-6.de\/magazin\/author\/rebecca\/"}]}},"_links":{"self":[{"href":"https:\/\/www.phase-6.de\/magazin\/wp-json\/wp\/v2\/posts\/4741","targetHints":{"allow":["GET"]}}],"collection":[{"href":"https:\/\/www.phase-6.de\/magazin\/wp-json\/wp\/v2\/posts"}],"about":[{"href":"https:\/\/www.phase-6.de\/magazin\/wp-json\/wp\/v2\/types\/post"}],"author":[{"embeddable":true,"href":"https:\/\/www.phase-6.de\/magazin\/wp-json\/wp\/v2\/users\/11"}],"replies":[{"embeddable":true,"href":"https:\/\/www.phase-6.de\/magazin\/wp-json\/wp\/v2\/comments?post=4741"}],"version-history":[{"count":0,"href":"https:\/\/www.phase-6.de\/magazin\/wp-json\/wp\/v2\/posts\/4741\/revisions"}],"wp:featuredmedia":[{"embeddable":true,"href":"https:\/\/www.phase-6.de\/magazin\/wp-json\/wp\/v2\/media\/6533"}],"wp:attachment":[{"href":"https:\/\/www.phase-6.de\/magazin\/wp-json\/wp\/v2\/media?parent=4741"}],"wp:term":[{"taxonomy":"category","embeddable":true,"href":"https:\/\/www.phase-6.de\/magazin\/wp-json\/wp\/v2\/categories?post=4741"},{"taxonomy":"post_tag","embeddable":true,"href":"https:\/\/www.phase-6.de\/magazin\/wp-json\/wp\/v2\/tags?post=4741"}],"curies":[{"name":"wp","href":"https:\/\/api.w.org\/{rel}","templated":true}]}}