{"id":5338,"date":"2019-10-01T09:38:14","date_gmt":"2019-10-01T09:38:14","guid":{"rendered":"https:\/\/www.phase-6.de\/magazin\/?p=5338"},"modified":"2022-12-12T11:57:19","modified_gmt":"2022-12-12T11:57:19","slug":"wie-nutzen-sie-digitale-medien-im-unterricht","status":"publish","type":"post","link":"https:\/\/www.phase-6.de\/magazin\/fuer-lehrkraefte\/themen\/methodik-didaktik\/digitale-medien-im-unterricht-nachgefragt\/","title":{"rendered":"Digitale Medien im Unterricht &#8211; Nachgefragt!"},"content":{"rendered":"[et_pb_section fb_built=&#8220;1&#8243; _builder_version=&#8220;4.16&#8243; global_colors_info=&#8220;{}&#8220;][et_pb_row _builder_version=&#8220;4.16&#8243; background_size=&#8220;initial&#8220; background_position=&#8220;top_left&#8220; background_repeat=&#8220;repeat&#8220; saved_tabs=&#8220;all&#8220; global_colors_info=&#8220;{}&#8220;][et_pb_column type=&#8220;4_4&#8243; _builder_version=&#8220;4.16&#8243; custom_padding=&#8220;|||&#8220; global_colors_info=&#8220;{}&#8220; custom_padding__hover=&#8220;|||&#8220;][et_pb_text _builder_version=&#8220;4.16&#8243; border_style=&#8220;solid&#8220; global_colors_info=&#8220;{}&#8220;]\n<p><span style=\"font-weight: 400;\">Als Lehrkraft geh\u00f6rt es zu Ihrem Job, t\u00e4glich unz\u00e4hlige Fragen von Lernenden zu beantworten. Das Antworten und Erl\u00e4utern geh\u00f6rt sozusagen zu Ihren Kernkompetenzen. Genau diese wollen wir nutzen &#8211; nur stellen hier nicht die Sch\u00fclerinnen und Sch\u00fcler die Fragen, sondern Erwachsene.<\/span><\/p>\n<p><span style=\"font-weight: 400;\">Sie selbst wissen, wie wichtig der regelm\u00e4\u00dfige Austausch im Kollegium f\u00fcr Ihre pers\u00f6nliche Entwicklung ist. Mit der Serie \u201cNachgefragt!\u201d m\u00f6chte phase6 Lehramtsstudierenden, Personen im Referendariat und ausgebildeten Lehrkr\u00e4ften eine Plattform bieten, in der ein <\/span>Austausch \u00fcber essentielle Fragen zum Lehrberuf <span style=\"font-weight: 400;\">stattfinden kann.\u00a0<\/span><\/p>\n<p style=\"text-align: center;\"><strong>Wir fragen &#8211; Lehrkr\u00e4fte antworten. Dieses Mal zur Frage:<\/strong><\/p>\n<h2 style=\"text-align: center;\">&#8222;Wie nutzen Sie digitale Medien im Unterricht?&#8220;<\/h2>\n<p>&nbsp;<\/p>\n[\/et_pb_text][et_pb_testimonial portrait_url=&#8220;https:\/\/www.phase-6.de\/magazin\/wp-content\/uploads\/2019\/07\/pl\u00fcskowminski_mirrored-e1563236638200.png&#8220; quote_icon_color=&#8220;#5e5e5d&#8220; quote_icon_background_color=&#8220;#ffffff&#8220; portrait_width=&#8220;130&#8243; portrait_height=&#8220;130&#8243; admin_label=&#8220;Alexandra&#8220; _builder_version=&#8220;4.16&#8243; background_color=&#8220;#ffffff&#8220; custom_margin=&#8220;80px||80px||true|false&#8220; border_width_all=&#8220;4px&#8220; border_color_all=&#8220;#f2f4f4&#8243; border_style_all=&#8220;solid&#8220; border_radii_portrait=&#8220;on|70px|70px|70px|70px&#8220; use_border_color=&#8220;on&#8220; border_color=&#8220;#f2f4f4&#8243; border_width=&#8220;4px&#8220; border_style=&#8220;solid&#8220; portrait_border_radius=&#8220;70&#8243; global_colors_info=&#8220;{}&#8220;]\n<p><span style=\"font-size: 14pt; color: #fc7c00;\"><strong>Alexandra <\/strong>unterrichtet an einer Grundschule und ist als Bildungskoordinatorin in Niedersachsen t\u00e4tig.<\/span><\/p>\n<p>Ich selbst empfinde die <strong>Arbeit mit Tablets<\/strong> als niedrigschwelliges Angebot, um allen Kindern einer Lerngruppe eine individuelle Bearbeitung verschiedener Aufgaben zu erm\u00f6glichen. Dabei spielt die Flexibilit\u00e4t, die ein Tablet gew\u00e4hrleistet, eine gro\u00dfe Rolle.<\/p>\n<p>Die Sch\u00fclerinnen und Sch\u00fcler k\u00f6nnen mithilfe des Tablets eigene Texte erstellen, indem sie sie entweder schreiben oder mit der Sprachfunktion sprechen. Das ist Sprachf\u00f6rderung pur! <strong>Mithilfe von Apps<\/strong> wie etwa \u201eBook Creator\u201c k\u00f6nnen die Sch\u00fclerinnen und Sch\u00fcler<strong> eigene B\u00fccher erstellen<\/strong>. Entweder zu selbst gew\u00e4hlten Themen oder auch zu B\u00fcchern, die im Unterricht thematisiert worden sind. Sie schreiben oder sprechen dazu Texte ein. Dabei kann auch die Mehrsprachigkeit bedeutsam werden, da Kinder oder Jugendliche anderer Muttersprachen diese einbringen k\u00f6nnen. Auch werden Bilder oder kleine Filmsequenzen eingebunden.<\/p>\n<p>Tablets k\u00f6nnen spontan in den Unterricht eingebunden werden, etwa um Begriffe zu kl\u00e4ren oder um Bilder zur Veranschaulichung hinzuzuziehen. Lehrkr\u00e4fte und Sch\u00fclerinnen und Sch\u00fcler k\u00f6nnen mithilfe von Apps wie \u201eExplain Everything\u201c <strong>kleine Erkl\u00e4rvideos erstellen<\/strong>, die am <strong>Smartboard<\/strong> und individuell am Tablet gezeigt werden k\u00f6nnen. Und die Arbeit mit einer <strong>Greenscreen-App<\/strong> erm\u00f6glicht es den Sch\u00fclerinnen und Sch\u00fclern, ganz leicht in andere Rollen und Settings zu schl\u00fcpfen. So k\u00f6nnen sie beispielsweise Interviews an den verschiedensten virtuellen Orten f\u00fchren.<\/p>\n[\/et_pb_testimonial][et_pb_testimonial portrait_url=&#8220;https:\/\/www.phase-6.de\/magazin\/wp-content\/uploads\/2019\/07\/201907_GB-LM-Franziska_Foto-e1563236855583.jpg&#8220; quote_icon_color=&#8220;#5e5e5d&#8220; quote_icon_background_color=&#8220;#ffffff&#8220; portrait_width=&#8220;130&#8243; portrait_height=&#8220;130&#8243; admin_label=&#8220;Franziska&#8220; _builder_version=&#8220;4.16&#8243; background_color=&#8220;#ffffff&#8220; custom_margin=&#8220;80px||80px||true|false&#8220; border_width_all=&#8220;4px&#8220; border_color_all=&#8220;#f2f4f4&#8243; border_style_all=&#8220;solid&#8220; border_radii_portrait=&#8220;on|70px|70px|70px|70px&#8220; use_border_color=&#8220;on&#8220; border_color=&#8220;#f2f4f4&#8243; border_width=&#8220;4px&#8220; border_style=&#8220;solid&#8220; portrait_border_radius=&#8220;70&#8243; global_colors_info=&#8220;{}&#8220;]\n<p><span style=\"font-size: 14pt; color: #fc7c00;\"><strong>Franziska<\/strong>\u00a0unterrichtet seit August 2019 an einem Berliner Gymnasium Englisch und Deutsch.<\/span><\/p>\n<p>Sollte man sich in der Situation wiederfinden, kein interaktives Whiteboard oder Tablets zur Verf\u00fcgung zu haben, eignet sich h\u00e4ufig der Einsatz einer <strong>Dokumentenkamera<\/strong>, die im Grunde genommen die modernere Version eines OH-Projektors darstellt. Hierf\u00fcr ben\u00f6tigt man lediglich einen Laptop mitsamt einer geeigneten Software (die es von diversen Anbietern kostenlos gibt), sowie einen Beamer und ausreichend Platz, um das gew\u00fcnschte Bild oder Dokument zu projizieren. Es dauert zwar eine Weile, bis man eine geeignete Software gefunden und mit dieser umzugehen gelernt hat, nichtsdestotrotz lohnt sich die Auseinandersetzung damit &#8211; insbesondere dann, wenn andere Ger\u00e4te streiken oder nicht vorhanden sind.\u00a0<\/p>\n<p>Positive Erfahrungen mit der Dokumentenkamera habe ich vor allem in der Besprechung beziehungsweise beim <strong>Vergleichen von Aufgaben oder bei gemeinsamen Korrekturen von Texten<\/strong> von Sch\u00fclerinnen und Sch\u00fclern im Deutschunterricht gemacht. Der Vorteil der Dokumentenkamera gegen\u00fcber dem OH-Projektor ist zum einen, dass diese weniger L\u00e4rm verursacht und zum anderen, dass die Bearbeitung \u00fcber den Computer oftmals schneller und zugegebenerma\u00dfen auch leserlicher ablaufen kann. Ich w\u00fcrde allerdings davon abraten, diese zu h\u00e4ufig oder mit zu langen Texten anzuwenden, da es die Lernenden sonst \u00fcberfordern k\u00f6nnte oder die Plenarphase zu lange ausdehnt, wodurch Unruhe oder gar Langeweile entstehen kann.<\/p>\n[\/et_pb_testimonial][et_pb_testimonial portrait_url=&#8220;https:\/\/www.phase-6.de\/magazin\/wp-content\/uploads\/2019\/07\/201907_GB-LM-Lydia_Foto-1-e1564401978663.jpg&#8220; quote_icon_color=&#8220;#5e5e5d&#8220; quote_icon_background_color=&#8220;#ffffff&#8220; portrait_width=&#8220;130&#8243; portrait_height=&#8220;130&#8243; admin_label=&#8220;Lydia&#8220; _builder_version=&#8220;4.16&#8243; background_color=&#8220;#ffffff&#8220; custom_margin=&#8220;80px||80px||true|false&#8220; border_width_all=&#8220;4px&#8220; border_color_all=&#8220;#f2f4f4&#8243; border_style_all=&#8220;solid&#8220; border_radii_portrait=&#8220;on|70px|70px|70px|70px&#8220; use_border_color=&#8220;on&#8220; border_color=&#8220;#f2f4f4&#8243; border_width=&#8220;4px&#8220; border_style=&#8220;solid&#8220; portrait_border_radius=&#8220;70&#8243; global_colors_info=&#8220;{}&#8220;]\n<p><span style=\"font-size: 14pt; color: #fc7c00;\"><strong>Lydia<\/strong> unterrichtet Englisch und Franz\u00f6sisch an einer Berliner Grundschule.<\/span><\/p>\n<p>In meinem Unterricht habe ich fast immer meinen Laptop dabei, welchen ich an den Beamer im Klassenraum anschlie\u00dfe. Dadurch kann ich nicht nur den<strong> Stundenablauf, Arbeitsauftr\u00e4ge und Tafelbilder an der Leinwand<\/strong> <strong>visualisieren<\/strong>, sondern auch Beitr\u00e4ge aus dem Unterrichtsgespr\u00e4ch und L\u00f6sungen f\u00fcr die Klasse festhalten. Au\u00dferdem ist es oft hilfreich, das Arbeitsblatt oder die jeweilige Buchseite vergr\u00f6\u00dfert darzustellen und mit der Klasse zu besprechen. Arbeitsauftr\u00e4ge k\u00f6nnen so genau erkl\u00e4rt werden. F\u00fcr mich ist diese Visualisierungsform deutlich \u00fcbersichtlicher und ansprechender als die klassische Kreidetafel \u2013 Sch\u00fclerinnen und Sch\u00fcler nehmen diese Darstellungsform dankbar an. Selbstverst\u00e4ndlich arbeite ich auch viel mit <strong>Bildern und kleinen Videos<\/strong>, welche schnell an der Leinwand projiziert werden k\u00f6nnen und f\u00fcr Abwechslung im Unterricht sorgen.<\/p>\n<p>Sollte ein <strong>Smartboard<\/strong> im Klassenraum vorhanden sein, so arbeite ich auch damit und lasse Sch\u00fclerinnen und Sch\u00fcler ihre L\u00f6sungen anschreiben oder unterstreichen.\u00a0\u00a0<\/p>\n<p>Das <strong>Smartphone<\/strong> d\u00fcrfen die Lernenden f\u00fcr das Nachschlagen von Vokabeln benutzen. Meist fragen sie mich vorher oder ich biete es f\u00fcr die jeweilige Arbeitsphase an. Das klappt gut und die Sch\u00fclerinnen und Sch\u00fcler nutzen diese Freiheit nicht aus, um auf sozialen Netzwerken zu surfen. Auch f\u00fcr Rechercheaufgaben, zum Beispiel als Vorbereitung f\u00fcr Referate, d\u00fcrfen die Lernenden ihr Smartphone verwenden oder ich organisiere einen Klassensatz Laptops. Probleme sind hierbei meist das schulinterne WLAN, welches nicht in allen Klassenr\u00e4umen funktioniert und einen Raumwechsel mit sich zieht.\u00a0<\/p>\n<p>Eine weitere <strong>Voraussetzung f\u00fcr diese Arbeitsweise ist das n\u00f6tige Equipment<\/strong>, welches mein eigenes ist (Laptop, Kabel, Lautsprecher, etc.). Es ist mir bewusst, dass nicht alle Lehrkr\u00e4fte die n\u00f6tige Ausstattung oder aber die Kompetenz aufbringen k\u00f6nnen oder lieber mit der Tafel arbeiten.<\/p>\n<p>Oft scanne ich Buchseiten oder Arbeitsbl\u00e4tter ein, um sie vergr\u00f6\u00dfert zu zeigen. H\u00e4tte man einen (kostenlosen) Zugang zum Unterrichtsassistenten oder das E-Book des Lehrwerkes, so k\u00f6nnte man diese noch einfacher in den Unterricht einbeziehen.<\/p>\n[\/et_pb_testimonial][et_pb_blurb title=&#8220;Und was ist mit Ihnen?&#8220; use_icon=&#8220;on&#8220; font_icon=&#8220;&#x74;||divi||400&#8243; icon_color=&#8220;#FC7C00&#8243; image_icon_width=&#8220;67px&#8220; _builder_version=&#8220;4.16&#8243; header_font=&#8220;|700|||||||&#8220; background_color=&#8220;#f2f4f4&#8243; custom_margin=&#8220;80px|40px|20px|40px|false|false&#8220; custom_padding=&#8220;40px|20px|40px|20px|false|false&#8220; border_style=&#8220;solid&#8220; icon_font_size=&#8220;67px&#8220; global_colors_info=&#8220;{}&#8220;]\n<p>Wie w\u00fcrden Sie die oben stehenden Fragen f\u00fcr sich beantworten? Die Antworten der Autorinnen und Autoren spiegeln ihre jeweiligen Erfahrungen und Standpunkte wider. Vielleicht haben Sie eine ganz andere Perspektive auf die Dinge oder gar gegenteilige Erfahrungen gemacht. Falls Sie weitere Anmerkungen, konstruktives Feedback oder Fragen zum Beitrag haben, schreiben Sie uns gerne \u00fcber das\u00a0Kontaktformular ganz unten auf der Seite.<\/p>\n<p><span style=\"font-weight: 400;\">Lesen Sie auch die Antworten zu anderen Fragen der Serie:<\/span><\/p>\n<p><span style=\"display: inline !important; float: none; background-color: #ffffff; color: #333333; cursor: text; font-family: Georgia,'Times New Roman','Bitstream Charter',Times,serif; font-size: 16px; font-style: normal; font-variant: normal; font-weight: 400; letter-spacing: normal; orphans: 2; text-align: left; text-decoration: none; text-indent: 0px; text-transform: none; -webkit-text-stroke-width: 0px; white-space: normal; word-spacing: 0px;\">\n\n<div class=\"su-posts su-posts-teaser-loop \">\n\n\t\t\t\t\t\t\n\t\t\t\n\t\t\t<div id=\"su-post-5806\" class=\"su-post \">\n\t\t\t\t\t\t\t\t\t<a class=\"su-post-thumbnail\" href=\"https:\/\/www.phase-6.de\/magazin\/fuer-lehrkraefte\/work-life-balance\/irrtuemer-ueber-den-lehrberuf-nachgefragt\/\"><img width=\"1080\" height=\"675\" src=\"https:\/\/www.phase-6.de\/magazin\/wp-content\/uploads\/2019\/11\/irrt\u00fcmer_lehrer.png\" class=\"attachment-post-thumbnail size-post-thumbnail wp-post-image\" alt=\"Irrt\u00fcmer \u00fcber den Beruf als Lehrer\" srcset=\"https:\/\/www.phase-6.de\/magazin\/wp-content\/uploads\/2019\/11\/irrt\u00fcmer_lehrer.png 1080w, https:\/\/www.phase-6.de\/magazin\/wp-content\/uploads\/2019\/11\/irrt\u00fcmer_lehrer-300x188.png 300w, https:\/\/www.phase-6.de\/magazin\/wp-content\/uploads\/2019\/11\/irrt\u00fcmer_lehrer-1024x640.png 1024w, https:\/\/www.phase-6.de\/magazin\/wp-content\/uploads\/2019\/11\/irrt\u00fcmer_lehrer-768x480.png 768w, https:\/\/www.phase-6.de\/magazin\/wp-content\/uploads\/2019\/11\/irrt\u00fcmer_lehrer-400x250.png 400w\" sizes=\"(max-width: 1080px) 100vw, 1080px\" loading=\"lazy\" decoding=\"async\" \/><\/a>\n\t\t\t\t\t\t\t\t<h2 class=\"su-post-title\"><a href=\"https:\/\/www.phase-6.de\/magazin\/fuer-lehrkraefte\/work-life-balance\/irrtuemer-ueber-den-lehrberuf-nachgefragt\/\">Irrt\u00fcmer \u00fcber den Lehrberuf &#8211; Nachgefragt!<\/a><\/h2>\n\t\t\t<\/div>\n\n\t\t\t\t\t\n\t\t\t\n\t\t\t<div id=\"su-post-5773\" class=\"su-post \">\n\t\t\t\t\t\t\t\t\t<a class=\"su-post-thumbnail\" href=\"https:\/\/www.phase-6.de\/magazin\/fuer-lehrkraefte\/themen\/bildungssystem\/was-macht-eine-gute-lehrkraft-aus\/\"><img width=\"1080\" height=\"675\" src=\"https:\/\/www.phase-6.de\/magazin\/wp-content\/uploads\/2020\/01\/6_Header_Gute_Lehrkraft.jpg\" class=\"attachment-post-thumbnail size-post-thumbnail wp-post-image\" alt=\"Was macht eine gute Lehrkraft aus?\" srcset=\"https:\/\/www.phase-6.de\/magazin\/wp-content\/uploads\/2020\/01\/6_Header_Gute_Lehrkraft.jpg 1080w, https:\/\/www.phase-6.de\/magazin\/wp-content\/uploads\/2020\/01\/6_Header_Gute_Lehrkraft-300x188.jpg 300w, https:\/\/www.phase-6.de\/magazin\/wp-content\/uploads\/2020\/01\/6_Header_Gute_Lehrkraft-768x480.jpg 768w, https:\/\/www.phase-6.de\/magazin\/wp-content\/uploads\/2020\/01\/6_Header_Gute_Lehrkraft-1024x640.jpg 1024w, https:\/\/www.phase-6.de\/magazin\/wp-content\/uploads\/2020\/01\/6_Header_Gute_Lehrkraft-400x250.jpg 400w\" sizes=\"(max-width: 1080px) 100vw, 1080px\" loading=\"lazy\" decoding=\"async\" \/><\/a>\n\t\t\t\t\t\t\t\t<h2 class=\"su-post-title\"><a href=\"https:\/\/www.phase-6.de\/magazin\/fuer-lehrkraefte\/themen\/bildungssystem\/was-macht-eine-gute-lehrkraft-aus\/\">Die perfekte Lehrkraft &#8211; Nachgefragt!<\/a><\/h2>\n\t\t\t<\/div>\n\n\t\t\t\t\t\n\t\t\t\n\t\t\t<div id=\"su-post-5732\" class=\"su-post \">\n\t\t\t\t\t\t\t\t\t<a class=\"su-post-thumbnail\" href=\"https:\/\/www.phase-6.de\/magazin\/fuer-lehrkraefte\/themen\/work-life-balance\/wie-motivieren-sie-sich-selbst\/\"><img width=\"1080\" height=\"675\" src=\"https:\/\/www.phase-6.de\/magazin\/wp-content\/uploads\/2019\/12\/5_Header_Eigenmotivation.jpg\" class=\"attachment-post-thumbnail size-post-thumbnail wp-post-image\" alt=\"Eigenmotivation als Lehrkraft\" srcset=\"https:\/\/www.phase-6.de\/magazin\/wp-content\/uploads\/2019\/12\/5_Header_Eigenmotivation.jpg 1080w, https:\/\/www.phase-6.de\/magazin\/wp-content\/uploads\/2019\/12\/5_Header_Eigenmotivation-300x188.jpg 300w, https:\/\/www.phase-6.de\/magazin\/wp-content\/uploads\/2019\/12\/5_Header_Eigenmotivation-768x480.jpg 768w, https:\/\/www.phase-6.de\/magazin\/wp-content\/uploads\/2019\/12\/5_Header_Eigenmotivation-1024x640.jpg 1024w, https:\/\/www.phase-6.de\/magazin\/wp-content\/uploads\/2019\/12\/5_Header_Eigenmotivation-400x250.jpg 400w\" sizes=\"(max-width: 1080px) 100vw, 1080px\" loading=\"lazy\" decoding=\"async\" \/><\/a>\n\t\t\t\t\t\t\t\t<h2 class=\"su-post-title\"><a href=\"https:\/\/www.phase-6.de\/magazin\/fuer-lehrkraefte\/themen\/work-life-balance\/wie-motivieren-sie-sich-selbst\/\">Motivation als Lehrkraft &#8211; Nachgefragt!<\/a><\/h2>\n\t\t\t<\/div>\n\n\t\t\t\t\t\n\t\t\t\n\t\t\t<div id=\"su-post-5726\" class=\"su-post \">\n\t\t\t\t\t\t\t\t\t<a class=\"su-post-thumbnail\" href=\"https:\/\/www.phase-6.de\/magazin\/fuer-lehrkraefte\/themen\/methodik-didaktik\/verhaltensauffaellige-kinder-nachgefragt\/\"><img width=\"1080\" height=\"675\" src=\"https:\/\/www.phase-6.de\/magazin\/wp-content\/uploads\/2019\/11\/4_Header_Verhaltensauffaelligkeit.jpg\" class=\"attachment-post-thumbnail size-post-thumbnail wp-post-image\" alt=\"Verhaltensauff\u00e4lligkeit bei Kindern\" srcset=\"https:\/\/www.phase-6.de\/magazin\/wp-content\/uploads\/2019\/11\/4_Header_Verhaltensauffaelligkeit.jpg 1080w, https:\/\/www.phase-6.de\/magazin\/wp-content\/uploads\/2019\/11\/4_Header_Verhaltensauffaelligkeit-300x188.jpg 300w, https:\/\/www.phase-6.de\/magazin\/wp-content\/uploads\/2019\/11\/4_Header_Verhaltensauffaelligkeit-768x480.jpg 768w, https:\/\/www.phase-6.de\/magazin\/wp-content\/uploads\/2019\/11\/4_Header_Verhaltensauffaelligkeit-1024x640.jpg 1024w, https:\/\/www.phase-6.de\/magazin\/wp-content\/uploads\/2019\/11\/4_Header_Verhaltensauffaelligkeit-400x250.jpg 400w\" sizes=\"(max-width: 1080px) 100vw, 1080px\" loading=\"lazy\" decoding=\"async\" \/><\/a>\n\t\t\t\t\t\t\t\t<h2 class=\"su-post-title\"><a href=\"https:\/\/www.phase-6.de\/magazin\/fuer-lehrkraefte\/themen\/methodik-didaktik\/verhaltensauffaellige-kinder-nachgefragt\/\">Verhaltensauff\u00e4llige Kinder &#8211; Nachgefragt!<\/a><\/h2>\n\t\t\t<\/div>\n\n\t\t\t\t\t\n\t\t\t\n\t\t\t<div id=\"su-post-5338\" class=\"su-post \">\n\t\t\t\t\t\t\t\t\t<a class=\"su-post-thumbnail\" href=\"https:\/\/www.phase-6.de\/magazin\/fuer-lehrkraefte\/themen\/methodik-didaktik\/digitale-medien-im-unterricht-nachgefragt\/\"><img width=\"1080\" height=\"675\" src=\"https:\/\/www.phase-6.de\/magazin\/wp-content\/uploads\/2019\/10\/3_Header_Digitale_Medien.jpg\" class=\"attachment-post-thumbnail size-post-thumbnail wp-post-image\" alt=\"Digitale Medien im Unterricht\" srcset=\"https:\/\/www.phase-6.de\/magazin\/wp-content\/uploads\/2019\/10\/3_Header_Digitale_Medien.jpg 1080w, https:\/\/www.phase-6.de\/magazin\/wp-content\/uploads\/2019\/10\/3_Header_Digitale_Medien-300x188.jpg 300w, https:\/\/www.phase-6.de\/magazin\/wp-content\/uploads\/2019\/10\/3_Header_Digitale_Medien-768x480.jpg 768w, https:\/\/www.phase-6.de\/magazin\/wp-content\/uploads\/2019\/10\/3_Header_Digitale_Medien-1024x640.jpg 1024w, https:\/\/www.phase-6.de\/magazin\/wp-content\/uploads\/2019\/10\/3_Header_Digitale_Medien-400x250.jpg 400w\" sizes=\"(max-width: 1080px) 100vw, 1080px\" loading=\"lazy\" decoding=\"async\" \/><\/a>\n\t\t\t\t\t\t\t\t<h2 class=\"su-post-title\"><a href=\"https:\/\/www.phase-6.de\/magazin\/fuer-lehrkraefte\/themen\/methodik-didaktik\/digitale-medien-im-unterricht-nachgefragt\/\">Digitale Medien im Unterricht &#8211; Nachgefragt!<\/a><\/h2>\n\t\t\t<\/div>\n\n\t\t\t\t\t\n\t\t\t\n\t\t\t<div id=\"su-post-5332\" class=\"su-post \">\n\t\t\t\t\t\t\t\t\t<a class=\"su-post-thumbnail\" href=\"https:\/\/www.phase-6.de\/magazin\/fuer-lehrkraefte\/themen\/methodik-didaktik\/differenzierung-im-unterricht-nachgefragt\/\"><img width=\"1080\" height=\"675\" src=\"https:\/\/www.phase-6.de\/magazin\/wp-content\/uploads\/2019\/09\/2_Header_Differenzierung.jpg\" class=\"attachment-post-thumbnail size-post-thumbnail wp-post-image\" alt=\"Differenzierung im Unterricht\" srcset=\"https:\/\/www.phase-6.de\/magazin\/wp-content\/uploads\/2019\/09\/2_Header_Differenzierung.jpg 1080w, https:\/\/www.phase-6.de\/magazin\/wp-content\/uploads\/2019\/09\/2_Header_Differenzierung-300x188.jpg 300w, https:\/\/www.phase-6.de\/magazin\/wp-content\/uploads\/2019\/09\/2_Header_Differenzierung-768x480.jpg 768w, https:\/\/www.phase-6.de\/magazin\/wp-content\/uploads\/2019\/09\/2_Header_Differenzierung-1024x640.jpg 1024w, https:\/\/www.phase-6.de\/magazin\/wp-content\/uploads\/2019\/09\/2_Header_Differenzierung-400x250.jpg 400w\" sizes=\"(max-width: 1080px) 100vw, 1080px\" loading=\"lazy\" decoding=\"async\" \/><\/a>\n\t\t\t\t\t\t\t\t<h2 class=\"su-post-title\"><a href=\"https:\/\/www.phase-6.de\/magazin\/fuer-lehrkraefte\/themen\/methodik-didaktik\/differenzierung-im-unterricht-nachgefragt\/\">Differenzierung im Unterricht &#8211; Nachgefragt!<\/a><\/h2>\n\t\t\t<\/div>\n\n\t\t\t\t\t\n\t\t\t\n\t\t\t<div id=\"su-post-5081\" class=\"su-post \">\n\t\t\t\t\t\t\t\t\t<a class=\"su-post-thumbnail\" href=\"https:\/\/www.phase-6.de\/magazin\/fuer-lehrkraefte\/themen\/methodik-didaktik\/eigenstaendiges-lernen-nachgefragt\/\"><img width=\"1080\" height=\"675\" src=\"https:\/\/www.phase-6.de\/magazin\/wp-content\/uploads\/2019\/08\/1_Header_Motivation.jpg\" class=\"attachment-post-thumbnail size-post-thumbnail wp-post-image\" alt=\"Motivation und Eigenst\u00e4ndigkeit.Na\" srcset=\"https:\/\/www.phase-6.de\/magazin\/wp-content\/uploads\/2019\/08\/1_Header_Motivation.jpg 1080w, https:\/\/www.phase-6.de\/magazin\/wp-content\/uploads\/2019\/08\/1_Header_Motivation-300x188.jpg 300w, https:\/\/www.phase-6.de\/magazin\/wp-content\/uploads\/2019\/08\/1_Header_Motivation-768x480.jpg 768w, https:\/\/www.phase-6.de\/magazin\/wp-content\/uploads\/2019\/08\/1_Header_Motivation-1024x640.jpg 1024w, https:\/\/www.phase-6.de\/magazin\/wp-content\/uploads\/2019\/08\/1_Header_Motivation-400x250.jpg 400w\" sizes=\"(max-width: 1080px) 100vw, 1080px\" loading=\"lazy\" decoding=\"async\" \/><\/a>\n\t\t\t\t\t\t\t\t<h2 class=\"su-post-title\"><a href=\"https:\/\/www.phase-6.de\/magazin\/fuer-lehrkraefte\/themen\/methodik-didaktik\/eigenstaendiges-lernen-nachgefragt\/\">Eigenst\u00e4ndiges Lernen &#8211; Nachgefragt!<\/a><\/h2>\n\t\t\t<\/div>\n\n\t\t\t\n<\/div>\n<\/span><\/p>\n<p>M\u00f6chten Sie weitere spannende Beitr\u00e4ge rund um Schule, Lehren und Lernen lesen? Dann besuchen Sie das phase6 <a href=\"https:\/\/www.phase-6.de\/magazin\/category\/lehrkraefte-magazin\/\"><span style=\"color: #fc7c00;\">Magazin f\u00fcr Lehrkr\u00e4fte<\/span><\/a> und lassen Sie sich inspirieren!<\/p>\n[\/et_pb_blurb][et_pb_divider show_divider_last_edited=&#8220;off|tablet&#8220; _builder_version=&#8220;4.16&#8243; custom_margin=&#8220;80px||||false|false&#8220; global_colors_info=&#8220;{}&#8220;][\/et_pb_divider][et_pb_text _builder_version=&#8220;4.16&#8243; global_colors_info=&#8220;{}&#8220;]\n<h2>M\u00f6chten Sie mehr \u00fcber die Personen hinter den Antworten erfahren?<\/h2>\n[\/et_pb_text][et_pb_accordion _builder_version=&#8220;4.19.2&#8243; toggle_font_size=&#8220;18&#8243; border_style=&#8220;solid&#8220; global_colors_info=&#8220;{}&#8220;][et_pb_accordion_item title=&#8220;Alexandra&#8220; open=&#8220;on&#8220; _builder_version=&#8220;4.19.2&#8243; global_colors_info=&#8220;{}&#8220;]\n<p>Alexandra arbeitet seit \u00fcber 20 Jahren als Lehrerin. Zurzeit ist sie an der Grundschule in Deutsch Evern und in Abordnung des Landes Niedersachsen als Bildungskoordinatorin der Bildungslandschaft Heidekreis t\u00e4tig. Dar\u00fcber hinaus verfasst sie als Fachjournalistin Texte f\u00fcr verschiedene Magazine und Verlage und war mehrere Jahre lang in der Lehrerinnen- und Lehrerausbildung aktiv. Die Mutter von zwei schulpflichtigen S\u00f6hnen kennt Schule aus der Sicht einer Lehrkraft und der eines Elternteils. Beide Perspektiven flie\u00dfen in ihre beratenden Texte ein.\u00a0So auch in ihre Artikel zum Thema <a href=\"https:\/\/www.phase-6.de\/magazin\/fuer-lehrkraefte\/themen\/work-life-balance\/elterngespraeche-konstruktiv-fuehren\/\">Elterngespr\u00e4che<\/a> und zum <a href=\"https:\/\/www.phase-6.de\/magazin\/fuer-lehrkraefte\/themen\/bildungssystem\/der-uebergang-von-der-grundschule-zur-weiterfuehrenden-schule\/\">\u00dcbergang auf weiterf\u00fchrende Schulen<\/a> im phase6 Magazin f\u00fcr Lehrkr\u00e4fte.<\/p>\n[\/et_pb_accordion_item][et_pb_accordion_item title=&#8220;Franziska&#8220; _builder_version=&#8220;4.16&#8243; global_colors_info=&#8220;{}&#8220; open=&#8220;off&#8220;]\n<p>Nach dem Master of Education an der Humboldt-Universit\u00e4t zu Berlin startete Franziska im Schuljahr 2019 in den Vorbereitungsdienst an einem Berliner Gymnasium. Die Liebe zu ihren F\u00e4chern Deutsch und Englisch verst\u00e4rkte sich insbesondere durch diverse Auslandsaufenthalte (Erasmus in England, Schulpraktika an der Deutschen Schule in Rio de Janeiro und der Deutschen Schule in Porto) und Praktika im Goethe-Institut und einer privaten Sprachschule. Dank dieser verschiedenartigen Kulturkreise und Schul- und Unterrichtsformen sowie ihres studentischen Nebenjobs bei \u201cStudenten machen Schule\u201d und \u201cSchule Plus\u201d konnte Franziska bereits viele Unterrichtserfahrungen sammeln. All diese Erfahrungen steigern ihre Vorfreude auf den Lehrberuf.<\/p>\n[\/et_pb_accordion_item][et_pb_accordion_item title=&#8220;Lydia&#8220; _builder_version=&#8220;4.16&#8243; global_colors_info=&#8220;{}&#8220; open=&#8220;off&#8220;]\n<p>Lydia hat die F\u00e4cher Englisch und Franz\u00f6sisch in Potsdam auf Lehramt (Grundschule und Sekundarstufe I) studiert und zwei Semester in Frankreich im Rahmen des Erasmusprogramms verbracht. Neben dem Studium absolvierte sie viele Praktika und Nebenjobs im schulischen und au\u00dferschulischen Bereich. Durch das Leiten von Lern- und Sprachf\u00f6rderungen an Berliner Grundschulen, durch Methodenworkshops und den Einsatz als Sprachlernassistenz in einer Willkommensklasse sowie im Praxissemester an der Deutschen Schule in Genf konnte sie erste Praxiserfahrungen sammeln. Das Referendariat, welches Lydia an einer ISS mit gymnasialer Oberstufe absolvierte, pr\u00e4gte sie sehr. Die H\u00f6hen und Tiefen im Vorbereitungsdienst st\u00e4rkten die junge Lehrerin in ihrer Lehrpers\u00f6nlichkeit und sorgen nun f\u00fcr Vorfreude auf den Schulalltag als ausgebildete Lehrkraft in Berlin seit dem Schuljahr 2019.<\/p>\n[\/et_pb_accordion_item][\/et_pb_accordion][et_pb_contact_form email=&#8220;c.euler@p6o.de&#8220; title=&#8220;Haben Sie Anmerkungen oder Feedback zur Ausgabe #3 von %22Nachgefragt%22?&#8220; success_message=&#8220;Vielen Dank f\u00fcr Ihre Nachricht!&#8220; submit_button_text=&#8220;senden&#8220; _builder_version=&#8220;4.16&#8243; _unique_id=&#8220;29ec480c-92ff-41f8-8761-e16f9b07ad65&#8243; form_field_background_color=&#8220;#f2f4f4&#8243; title_level=&#8220;h2&#8243; title_font=&#8220;||||||||&#8220; title_text_color=&#8220;#33333&#8243; background_size=&#8220;initial&#8220; background_position=&#8220;top_left&#8220; background_repeat=&#8220;repeat&#8220; custom_margin=&#8220;66px||||false|false&#8220; border_width_all=&#8220;2px&#8220; border_color_all=&#8220;#f2f4f4&#8243; border_style_all=&#8220;solid&#8220; use_border_color=&#8220;on&#8220; border_color=&#8220;#f2f4f4&#8243; border_width=&#8220;2px&#8220; border_style=&#8220;solid&#8220; input_border_radius=&#8220;0&#8243; form_background_color=&#8220;#f2f4f4&#8243; global_colors_info=&#8220;{}&#8220;][et_pb_contact_field field_id=&#8220;Name&#8220; field_title=&#8220;Name&#8220; _builder_version=&#8220;4.16&#8243; global_colors_info=&#8220;{}&#8220; button_text_size__hover_enabled=&#8220;off&#8220; button_one_text_size__hover_enabled=&#8220;off&#8220; button_two_text_size__hover_enabled=&#8220;off&#8220; button_text_color__hover_enabled=&#8220;off&#8220; button_one_text_color__hover_enabled=&#8220;off&#8220; button_two_text_color__hover_enabled=&#8220;off&#8220; button_border_width__hover_enabled=&#8220;off&#8220; button_one_border_width__hover_enabled=&#8220;off&#8220; button_two_border_width__hover_enabled=&#8220;off&#8220; button_border_color__hover_enabled=&#8220;off&#8220; button_one_border_color__hover_enabled=&#8220;off&#8220; button_two_border_color__hover_enabled=&#8220;off&#8220; button_border_radius__hover_enabled=&#8220;off&#8220; button_one_border_radius__hover_enabled=&#8220;off&#8220; button_two_border_radius__hover_enabled=&#8220;off&#8220; button_letter_spacing__hover_enabled=&#8220;off&#8220; button_one_letter_spacing__hover_enabled=&#8220;off&#8220; button_two_letter_spacing__hover_enabled=&#8220;off&#8220; button_bg_color__hover_enabled=&#8220;off&#8220; button_one_bg_color__hover_enabled=&#8220;off&#8220; button_two_bg_color__hover_enabled=&#8220;off&#8220;][\/et_pb_contact_field][et_pb_contact_field field_id=&#8220;Email&#8220; field_title=&#8220;E-Mail-Adresse&#8220; field_type=&#8220;email&#8220; _builder_version=&#8220;4.16&#8243; global_colors_info=&#8220;{}&#8220; button_text_size__hover_enabled=&#8220;off&#8220; button_one_text_size__hover_enabled=&#8220;off&#8220; button_two_text_size__hover_enabled=&#8220;off&#8220; button_text_color__hover_enabled=&#8220;off&#8220; button_one_text_color__hover_enabled=&#8220;off&#8220; button_two_text_color__hover_enabled=&#8220;off&#8220; button_border_width__hover_enabled=&#8220;off&#8220; button_one_border_width__hover_enabled=&#8220;off&#8220; button_two_border_width__hover_enabled=&#8220;off&#8220; button_border_color__hover_enabled=&#8220;off&#8220; button_one_border_color__hover_enabled=&#8220;off&#8220; button_two_border_color__hover_enabled=&#8220;off&#8220; button_border_radius__hover_enabled=&#8220;off&#8220; button_one_border_radius__hover_enabled=&#8220;off&#8220; button_two_border_radius__hover_enabled=&#8220;off&#8220; button_letter_spacing__hover_enabled=&#8220;off&#8220; button_one_letter_spacing__hover_enabled=&#8220;off&#8220; button_two_letter_spacing__hover_enabled=&#8220;off&#8220; button_bg_color__hover_enabled=&#8220;off&#8220; button_one_bg_color__hover_enabled=&#8220;off&#8220; button_two_bg_color__hover_enabled=&#8220;off&#8220;][\/et_pb_contact_field][et_pb_contact_field field_id=&#8220;Ihr_Text&#8220; field_title=&#8220;Nachricht&#8220; field_type=&#8220;text&#8220; fullwidth_field=&#8220;on&#8220; _builder_version=&#8220;4.16&#8243; form_field_font=&#8220;||||&#8220; use_border_color=&#8220;off&#8220; border_style=&#8220;solid&#8220; global_colors_info=&#8220;{}&#8220; button_text_size__hover_enabled=&#8220;off&#8220; button_one_text_size__hover_enabled=&#8220;off&#8220; button_two_text_size__hover_enabled=&#8220;off&#8220; button_text_color__hover_enabled=&#8220;off&#8220; button_one_text_color__hover_enabled=&#8220;off&#8220; button_two_text_color__hover_enabled=&#8220;off&#8220; button_border_width__hover_enabled=&#8220;off&#8220; button_one_border_width__hover_enabled=&#8220;off&#8220; button_two_border_width__hover_enabled=&#8220;off&#8220; button_border_color__hover_enabled=&#8220;off&#8220; button_one_border_color__hover_enabled=&#8220;off&#8220; button_two_border_color__hover_enabled=&#8220;off&#8220; button_border_radius__hover_enabled=&#8220;off&#8220; button_one_border_radius__hover_enabled=&#8220;off&#8220; button_two_border_radius__hover_enabled=&#8220;off&#8220; button_letter_spacing__hover_enabled=&#8220;off&#8220; button_one_letter_spacing__hover_enabled=&#8220;off&#8220; button_two_letter_spacing__hover_enabled=&#8220;off&#8220; button_bg_color__hover_enabled=&#8220;off&#8220; button_one_bg_color__hover_enabled=&#8220;off&#8220; button_two_bg_color__hover_enabled=&#8220;off&#8220;][\/et_pb_contact_field][\/et_pb_contact_form][\/et_pb_column][\/et_pb_row][\/et_pb_section]\n","protected":false},"excerpt":{"rendered":"<p>Wie meistern eigentlich andere Fachkr\u00e4fte im Schulbereich ihren Alltag? In unserer Serie \u201cNachgefragt!\u201d teilen Lehrkr\u00e4fte und Lehramtsstudierende ihre Erfahrungen mit uns. Wir fragen nach &#8211; sie antworten. In Ausgabe #3 zum Thema: digitale Medien.<\/p>\n","protected":false},"author":11,"featured_media":6289,"comment_status":"closed","ping_status":"open","sticky":false,"template":"","format":"standard","meta":{"_acf_changed":false,"_yoast_wpseo_focuskw":"Digitale Medien","_yoast_wpseo_title":"","_yoast_wpseo_metadesc":"Nachgefragt! Wie meistern andere Lehrkr\u00e4fte den Schulalltag? Antworten von Lehrenden zu \u2713 Methodik & Didaktik \u2713 Work-Life-Balance \u2713 Bildungssystem","_yoast_wpseo_canonical":"","_yoast_wpseo_opengraph-title":"","_yoast_wpseo_opengraph-description":"","_et_pb_use_builder":"on","_et_pb_old_content":"","_et_gb_content_width":"","inline_featured_image":false,"footnotes":""},"categories":[69],"tags":[],"class_list":["post-5338","post","type-post","status-publish","format-standard","has-post-thumbnail","hentry","category-methodik-und-didaktik","et-has-post-format-content","et_post_format-et-post-format-standard"],"acf":[],"yoast_head":"<!-- This site is optimized with the Yoast SEO plugin v26.9 - https:\/\/yoast.com\/product\/yoast-seo-wordpress\/ -->\n<title>Digitale Medien im Unterricht - Nachgefragt! - phase6 Magazin<\/title>\n<meta name=\"description\" content=\"Nachgefragt! Wie meistern andere Lehrkr\u00e4fte den Schulalltag? Antworten von Lehrenden zu \u2713 Methodik &amp; Didaktik \u2713 Work-Life-Balance \u2713 Bildungssystem\" \/>\n<meta name=\"robots\" content=\"index, follow, max-snippet:-1, max-image-preview:large, max-video-preview:-1\" \/>\n<link rel=\"canonical\" href=\"https:\/\/www.phase-6.de\/magazin\/fuer-lehrkraefte\/themen\/methodik-didaktik\/digitale-medien-im-unterricht-nachgefragt\/\" \/>\n<meta property=\"og:locale\" content=\"de_DE\" \/>\n<meta property=\"og:type\" content=\"article\" \/>\n<meta property=\"og:title\" content=\"Digitale Medien im Unterricht - Nachgefragt! - phase6 Magazin\" \/>\n<meta property=\"og:description\" content=\"Nachgefragt! Wie meistern andere Lehrkr\u00e4fte den Schulalltag? Antworten von Lehrenden zu \u2713 Methodik &amp; Didaktik \u2713 Work-Life-Balance \u2713 Bildungssystem\" \/>\n<meta property=\"og:url\" content=\"https:\/\/www.phase-6.de\/magazin\/fuer-lehrkraefte\/themen\/methodik-didaktik\/digitale-medien-im-unterricht-nachgefragt\/\" \/>\n<meta property=\"og:site_name\" content=\"phase6 Magazin\" \/>\n<meta property=\"article:publisher\" content=\"https:\/\/www.facebook.com\/phase6.de\/\" \/>\n<meta property=\"article:published_time\" content=\"2019-10-01T09:38:14+00:00\" \/>\n<meta property=\"article:modified_time\" content=\"2022-12-12T11:57:19+00:00\" \/>\n<meta property=\"og:image\" content=\"https:\/\/www.phase-6.de\/magazin\/wp-content\/uploads\/2019\/10\/3_Header_Digitale_Medien.jpg\" \/>\n\t<meta property=\"og:image:width\" content=\"1080\" \/>\n\t<meta property=\"og:image:height\" content=\"675\" \/>\n\t<meta property=\"og:image:type\" content=\"image\/jpeg\" \/>\n<meta name=\"author\" content=\"Rebecca\" \/>\n<meta name=\"twitter:card\" content=\"summary_large_image\" \/>\n<meta name=\"twitter:label1\" content=\"Verfasst von\" \/>\n\t<meta name=\"twitter:data1\" content=\"Rebecca\" \/>\n\t<meta name=\"twitter:label2\" content=\"Gesch\u00e4tzte Lesezeit\" \/>\n\t<meta name=\"twitter:data2\" content=\"9\u00a0Minuten\" \/>\n<script type=\"application\/ld+json\" class=\"yoast-schema-graph\">{\"@context\":\"https:\/\/schema.org\",\"@graph\":[{\"@type\":\"Article\",\"@id\":\"https:\/\/www.phase-6.de\/magazin\/fuer-lehrkraefte\/themen\/methodik-didaktik\/digitale-medien-im-unterricht-nachgefragt\/#article\",\"isPartOf\":{\"@id\":\"https:\/\/www.phase-6.de\/magazin\/fuer-lehrkraefte\/themen\/methodik-didaktik\/digitale-medien-im-unterricht-nachgefragt\/\"},\"author\":{\"name\":\"Rebecca\",\"@id\":\"https:\/\/www.phase-6.de\/magazin\/#\/schema\/person\/c79e16a5e9f43034e7a9f1876f3e96d4\"},\"headline\":\"Digitale Medien im Unterricht &#8211; Nachgefragt!\",\"datePublished\":\"2019-10-01T09:38:14+00:00\",\"dateModified\":\"2022-12-12T11:57:19+00:00\",\"mainEntityOfPage\":{\"@id\":\"https:\/\/www.phase-6.de\/magazin\/fuer-lehrkraefte\/themen\/methodik-didaktik\/digitale-medien-im-unterricht-nachgefragt\/\"},\"wordCount\":2491,\"publisher\":{\"@id\":\"https:\/\/www.phase-6.de\/magazin\/#organization\"},\"image\":{\"@id\":\"https:\/\/www.phase-6.de\/magazin\/fuer-lehrkraefte\/themen\/methodik-didaktik\/digitale-medien-im-unterricht-nachgefragt\/#primaryimage\"},\"thumbnailUrl\":\"https:\/\/www.phase-6.de\/magazin\/wp-content\/uploads\/2019\/10\/3_Header_Digitale_Medien.jpg\",\"articleSection\":[\"Methodik &amp; Didaktik\"],\"inLanguage\":\"de\"},{\"@type\":\"WebPage\",\"@id\":\"https:\/\/www.phase-6.de\/magazin\/fuer-lehrkraefte\/themen\/methodik-didaktik\/digitale-medien-im-unterricht-nachgefragt\/\",\"url\":\"https:\/\/www.phase-6.de\/magazin\/fuer-lehrkraefte\/themen\/methodik-didaktik\/digitale-medien-im-unterricht-nachgefragt\/\",\"name\":\"Digitale Medien im Unterricht - Nachgefragt! - phase6 Magazin\",\"isPartOf\":{\"@id\":\"https:\/\/www.phase-6.de\/magazin\/#website\"},\"primaryImageOfPage\":{\"@id\":\"https:\/\/www.phase-6.de\/magazin\/fuer-lehrkraefte\/themen\/methodik-didaktik\/digitale-medien-im-unterricht-nachgefragt\/#primaryimage\"},\"image\":{\"@id\":\"https:\/\/www.phase-6.de\/magazin\/fuer-lehrkraefte\/themen\/methodik-didaktik\/digitale-medien-im-unterricht-nachgefragt\/#primaryimage\"},\"thumbnailUrl\":\"https:\/\/www.phase-6.de\/magazin\/wp-content\/uploads\/2019\/10\/3_Header_Digitale_Medien.jpg\",\"datePublished\":\"2019-10-01T09:38:14+00:00\",\"dateModified\":\"2022-12-12T11:57:19+00:00\",\"description\":\"Nachgefragt! Wie meistern andere Lehrkr\u00e4fte den Schulalltag? Antworten von Lehrenden zu \u2713 Methodik & Didaktik \u2713 Work-Life-Balance \u2713 Bildungssystem\",\"breadcrumb\":{\"@id\":\"https:\/\/www.phase-6.de\/magazin\/fuer-lehrkraefte\/themen\/methodik-didaktik\/digitale-medien-im-unterricht-nachgefragt\/#breadcrumb\"},\"inLanguage\":\"de\",\"potentialAction\":[{\"@type\":\"ReadAction\",\"target\":[\"https:\/\/www.phase-6.de\/magazin\/fuer-lehrkraefte\/themen\/methodik-didaktik\/digitale-medien-im-unterricht-nachgefragt\/\"]}]},{\"@type\":\"ImageObject\",\"inLanguage\":\"de\",\"@id\":\"https:\/\/www.phase-6.de\/magazin\/fuer-lehrkraefte\/themen\/methodik-didaktik\/digitale-medien-im-unterricht-nachgefragt\/#primaryimage\",\"url\":\"https:\/\/www.phase-6.de\/magazin\/wp-content\/uploads\/2019\/10\/3_Header_Digitale_Medien.jpg\",\"contentUrl\":\"https:\/\/www.phase-6.de\/magazin\/wp-content\/uploads\/2019\/10\/3_Header_Digitale_Medien.jpg\",\"width\":1080,\"height\":675,\"caption\":\"Digitale Medien im Unterricht\"},{\"@type\":\"BreadcrumbList\",\"@id\":\"https:\/\/www.phase-6.de\/magazin\/fuer-lehrkraefte\/themen\/methodik-didaktik\/digitale-medien-im-unterricht-nachgefragt\/#breadcrumb\",\"itemListElement\":[{\"@type\":\"ListItem\",\"position\":1,\"name\":\"Startseite\",\"item\":\"https:\/\/www.phase-6.de\/magazin\/\"},{\"@type\":\"ListItem\",\"position\":2,\"name\":\"Digitale Medien im Unterricht &#8211; Nachgefragt!\"}]},{\"@type\":\"WebSite\",\"@id\":\"https:\/\/www.phase-6.de\/magazin\/#website\",\"url\":\"https:\/\/www.phase-6.de\/magazin\/\",\"name\":\"phase6 Magazin\",\"description\":\"Das Magazin f\u00fcr Sprache, Lernen &amp; Lehren\",\"publisher\":{\"@id\":\"https:\/\/www.phase-6.de\/magazin\/#organization\"},\"potentialAction\":[{\"@type\":\"SearchAction\",\"target\":{\"@type\":\"EntryPoint\",\"urlTemplate\":\"https:\/\/www.phase-6.de\/magazin\/?s={search_term_string}\"},\"query-input\":{\"@type\":\"PropertyValueSpecification\",\"valueRequired\":true,\"valueName\":\"search_term_string\"}}],\"inLanguage\":\"de\"},{\"@type\":\"Organization\",\"@id\":\"https:\/\/www.phase-6.de\/magazin\/#organization\",\"name\":\"phase-6 GmbH\",\"url\":\"https:\/\/www.phase-6.de\/magazin\/\",\"logo\":{\"@type\":\"ImageObject\",\"inLanguage\":\"de\",\"@id\":\"https:\/\/www.phase-6.de\/magazin\/#\/schema\/logo\/image\/\",\"url\":\"https:\/\/www.phase-6.de\/magazin\/wp-content\/uploads\/2017\/07\/phase6_logo2017.png\",\"contentUrl\":\"https:\/\/www.phase-6.de\/magazin\/wp-content\/uploads\/2017\/07\/phase6_logo2017.png\",\"width\":709,\"height\":200,\"caption\":\"phase-6 GmbH\"},\"image\":{\"@id\":\"https:\/\/www.phase-6.de\/magazin\/#\/schema\/logo\/image\/\"},\"sameAs\":[\"https:\/\/www.facebook.com\/phase6.de\/\",\"https:\/\/de.wikipedia.org\/wiki\/Phase6\"]},{\"@type\":\"Person\",\"@id\":\"https:\/\/www.phase-6.de\/magazin\/#\/schema\/person\/c79e16a5e9f43034e7a9f1876f3e96d4\",\"name\":\"Rebecca\",\"url\":\"https:\/\/www.phase-6.de\/magazin\/author\/rebecca\/\"}]}<\/script>\n<!-- \/ Yoast SEO plugin. -->","yoast_head_json":{"title":"Digitale Medien im Unterricht - Nachgefragt! - phase6 Magazin","description":"Nachgefragt! Wie meistern andere Lehrkr\u00e4fte den Schulalltag? Antworten von Lehrenden zu \u2713 Methodik & Didaktik \u2713 Work-Life-Balance \u2713 Bildungssystem","robots":{"index":"index","follow":"follow","max-snippet":"max-snippet:-1","max-image-preview":"max-image-preview:large","max-video-preview":"max-video-preview:-1"},"canonical":"https:\/\/www.phase-6.de\/magazin\/fuer-lehrkraefte\/themen\/methodik-didaktik\/digitale-medien-im-unterricht-nachgefragt\/","og_locale":"de_DE","og_type":"article","og_title":"Digitale Medien im Unterricht - Nachgefragt! - phase6 Magazin","og_description":"Nachgefragt! Wie meistern andere Lehrkr\u00e4fte den Schulalltag? Antworten von Lehrenden zu \u2713 Methodik & Didaktik \u2713 Work-Life-Balance \u2713 Bildungssystem","og_url":"https:\/\/www.phase-6.de\/magazin\/fuer-lehrkraefte\/themen\/methodik-didaktik\/digitale-medien-im-unterricht-nachgefragt\/","og_site_name":"phase6 Magazin","article_publisher":"https:\/\/www.facebook.com\/phase6.de\/","article_published_time":"2019-10-01T09:38:14+00:00","article_modified_time":"2022-12-12T11:57:19+00:00","og_image":[{"width":1080,"height":675,"url":"https:\/\/www.phase-6.de\/magazin\/wp-content\/uploads\/2019\/10\/3_Header_Digitale_Medien.jpg","type":"image\/jpeg"}],"author":"Rebecca","twitter_card":"summary_large_image","twitter_misc":{"Verfasst von":"Rebecca","Gesch\u00e4tzte Lesezeit":"9\u00a0Minuten"},"schema":{"@context":"https:\/\/schema.org","@graph":[{"@type":"Article","@id":"https:\/\/www.phase-6.de\/magazin\/fuer-lehrkraefte\/themen\/methodik-didaktik\/digitale-medien-im-unterricht-nachgefragt\/#article","isPartOf":{"@id":"https:\/\/www.phase-6.de\/magazin\/fuer-lehrkraefte\/themen\/methodik-didaktik\/digitale-medien-im-unterricht-nachgefragt\/"},"author":{"name":"Rebecca","@id":"https:\/\/www.phase-6.de\/magazin\/#\/schema\/person\/c79e16a5e9f43034e7a9f1876f3e96d4"},"headline":"Digitale Medien im Unterricht &#8211; Nachgefragt!","datePublished":"2019-10-01T09:38:14+00:00","dateModified":"2022-12-12T11:57:19+00:00","mainEntityOfPage":{"@id":"https:\/\/www.phase-6.de\/magazin\/fuer-lehrkraefte\/themen\/methodik-didaktik\/digitale-medien-im-unterricht-nachgefragt\/"},"wordCount":2491,"publisher":{"@id":"https:\/\/www.phase-6.de\/magazin\/#organization"},"image":{"@id":"https:\/\/www.phase-6.de\/magazin\/fuer-lehrkraefte\/themen\/methodik-didaktik\/digitale-medien-im-unterricht-nachgefragt\/#primaryimage"},"thumbnailUrl":"https:\/\/www.phase-6.de\/magazin\/wp-content\/uploads\/2019\/10\/3_Header_Digitale_Medien.jpg","articleSection":["Methodik &amp; Didaktik"],"inLanguage":"de"},{"@type":"WebPage","@id":"https:\/\/www.phase-6.de\/magazin\/fuer-lehrkraefte\/themen\/methodik-didaktik\/digitale-medien-im-unterricht-nachgefragt\/","url":"https:\/\/www.phase-6.de\/magazin\/fuer-lehrkraefte\/themen\/methodik-didaktik\/digitale-medien-im-unterricht-nachgefragt\/","name":"Digitale Medien im Unterricht - Nachgefragt! - phase6 Magazin","isPartOf":{"@id":"https:\/\/www.phase-6.de\/magazin\/#website"},"primaryImageOfPage":{"@id":"https:\/\/www.phase-6.de\/magazin\/fuer-lehrkraefte\/themen\/methodik-didaktik\/digitale-medien-im-unterricht-nachgefragt\/#primaryimage"},"image":{"@id":"https:\/\/www.phase-6.de\/magazin\/fuer-lehrkraefte\/themen\/methodik-didaktik\/digitale-medien-im-unterricht-nachgefragt\/#primaryimage"},"thumbnailUrl":"https:\/\/www.phase-6.de\/magazin\/wp-content\/uploads\/2019\/10\/3_Header_Digitale_Medien.jpg","datePublished":"2019-10-01T09:38:14+00:00","dateModified":"2022-12-12T11:57:19+00:00","description":"Nachgefragt! Wie meistern andere Lehrkr\u00e4fte den Schulalltag? Antworten von Lehrenden zu \u2713 Methodik & Didaktik \u2713 Work-Life-Balance \u2713 Bildungssystem","breadcrumb":{"@id":"https:\/\/www.phase-6.de\/magazin\/fuer-lehrkraefte\/themen\/methodik-didaktik\/digitale-medien-im-unterricht-nachgefragt\/#breadcrumb"},"inLanguage":"de","potentialAction":[{"@type":"ReadAction","target":["https:\/\/www.phase-6.de\/magazin\/fuer-lehrkraefte\/themen\/methodik-didaktik\/digitale-medien-im-unterricht-nachgefragt\/"]}]},{"@type":"ImageObject","inLanguage":"de","@id":"https:\/\/www.phase-6.de\/magazin\/fuer-lehrkraefte\/themen\/methodik-didaktik\/digitale-medien-im-unterricht-nachgefragt\/#primaryimage","url":"https:\/\/www.phase-6.de\/magazin\/wp-content\/uploads\/2019\/10\/3_Header_Digitale_Medien.jpg","contentUrl":"https:\/\/www.phase-6.de\/magazin\/wp-content\/uploads\/2019\/10\/3_Header_Digitale_Medien.jpg","width":1080,"height":675,"caption":"Digitale Medien im Unterricht"},{"@type":"BreadcrumbList","@id":"https:\/\/www.phase-6.de\/magazin\/fuer-lehrkraefte\/themen\/methodik-didaktik\/digitale-medien-im-unterricht-nachgefragt\/#breadcrumb","itemListElement":[{"@type":"ListItem","position":1,"name":"Startseite","item":"https:\/\/www.phase-6.de\/magazin\/"},{"@type":"ListItem","position":2,"name":"Digitale Medien im Unterricht &#8211; Nachgefragt!"}]},{"@type":"WebSite","@id":"https:\/\/www.phase-6.de\/magazin\/#website","url":"https:\/\/www.phase-6.de\/magazin\/","name":"phase6 Magazin","description":"Das Magazin f\u00fcr Sprache, Lernen &amp; Lehren","publisher":{"@id":"https:\/\/www.phase-6.de\/magazin\/#organization"},"potentialAction":[{"@type":"SearchAction","target":{"@type":"EntryPoint","urlTemplate":"https:\/\/www.phase-6.de\/magazin\/?s={search_term_string}"},"query-input":{"@type":"PropertyValueSpecification","valueRequired":true,"valueName":"search_term_string"}}],"inLanguage":"de"},{"@type":"Organization","@id":"https:\/\/www.phase-6.de\/magazin\/#organization","name":"phase-6 GmbH","url":"https:\/\/www.phase-6.de\/magazin\/","logo":{"@type":"ImageObject","inLanguage":"de","@id":"https:\/\/www.phase-6.de\/magazin\/#\/schema\/logo\/image\/","url":"https:\/\/www.phase-6.de\/magazin\/wp-content\/uploads\/2017\/07\/phase6_logo2017.png","contentUrl":"https:\/\/www.phase-6.de\/magazin\/wp-content\/uploads\/2017\/07\/phase6_logo2017.png","width":709,"height":200,"caption":"phase-6 GmbH"},"image":{"@id":"https:\/\/www.phase-6.de\/magazin\/#\/schema\/logo\/image\/"},"sameAs":["https:\/\/www.facebook.com\/phase6.de\/","https:\/\/de.wikipedia.org\/wiki\/Phase6"]},{"@type":"Person","@id":"https:\/\/www.phase-6.de\/magazin\/#\/schema\/person\/c79e16a5e9f43034e7a9f1876f3e96d4","name":"Rebecca","url":"https:\/\/www.phase-6.de\/magazin\/author\/rebecca\/"}]}},"_links":{"self":[{"href":"https:\/\/www.phase-6.de\/magazin\/wp-json\/wp\/v2\/posts\/5338","targetHints":{"allow":["GET"]}}],"collection":[{"href":"https:\/\/www.phase-6.de\/magazin\/wp-json\/wp\/v2\/posts"}],"about":[{"href":"https:\/\/www.phase-6.de\/magazin\/wp-json\/wp\/v2\/types\/post"}],"author":[{"embeddable":true,"href":"https:\/\/www.phase-6.de\/magazin\/wp-json\/wp\/v2\/users\/11"}],"replies":[{"embeddable":true,"href":"https:\/\/www.phase-6.de\/magazin\/wp-json\/wp\/v2\/comments?post=5338"}],"version-history":[{"count":0,"href":"https:\/\/www.phase-6.de\/magazin\/wp-json\/wp\/v2\/posts\/5338\/revisions"}],"wp:featuredmedia":[{"embeddable":true,"href":"https:\/\/www.phase-6.de\/magazin\/wp-json\/wp\/v2\/media\/6289"}],"wp:attachment":[{"href":"https:\/\/www.phase-6.de\/magazin\/wp-json\/wp\/v2\/media?parent=5338"}],"wp:term":[{"taxonomy":"category","embeddable":true,"href":"https:\/\/www.phase-6.de\/magazin\/wp-json\/wp\/v2\/categories?post=5338"},{"taxonomy":"post_tag","embeddable":true,"href":"https:\/\/www.phase-6.de\/magazin\/wp-json\/wp\/v2\/tags?post=5338"}],"curies":[{"name":"wp","href":"https:\/\/api.w.org\/{rel}","templated":true}]}}