{"id":5773,"date":"2020-01-03T09:19:36","date_gmt":"2020-01-03T09:19:36","guid":{"rendered":"https:\/\/www.phase-6.de\/magazin\/?p=5773"},"modified":"2020-03-10T14:07:57","modified_gmt":"2020-03-10T14:07:57","slug":"was-macht-eine-gute-lehrkraft-aus","status":"publish","type":"post","link":"https:\/\/www.phase-6.de\/magazin\/fuer-lehrkraefte\/themen\/bildungssystem\/was-macht-eine-gute-lehrkraft-aus\/","title":{"rendered":"Die perfekte Lehrkraft &#8211; Nachgefragt!"},"content":{"rendered":"[et_pb_section fb_built=&#8220;1&#8243; _builder_version=&#8220;3.22&#8243;][et_pb_row _builder_version=&#8220;3.25&#8243; background_size=&#8220;initial&#8220; background_position=&#8220;top_left&#8220; background_repeat=&#8220;repeat&#8220; saved_tabs=&#8220;all&#8220;][et_pb_column type=&#8220;4_4&#8243; _builder_version=&#8220;3.25&#8243; custom_padding=&#8220;|||&#8220; custom_padding__hover=&#8220;|||&#8220;][et_pb_text _builder_version=&#8220;4.0.4&#8243; border_style=&#8220;solid&#8220;]\n<p><span style=\"font-weight: 400;\">Als Lehrkraft geh\u00f6rt es zu Ihrem Job, t\u00e4glich unz\u00e4hlige Fragen von Lernenden zu beantworten. Das Antworten und Erl\u00e4utern geh\u00f6rt sozusagen zu Ihren Kernkompetenzen. Genau diese wollen wir nutzen &#8211; nur stellen hier nicht die Sch\u00fclerinnen und Sch\u00fcler die Fragen, sondern Erwachsene.<\/span><\/p>\n<p><span style=\"font-weight: 400;\">Sie selbst wissen, wie wichtig der regelm\u00e4\u00dfige Austausch im Kollegium f\u00fcr Ihre pers\u00f6nliche Entwicklung ist. Mit der Serie \u201cNachgefragt!\u201d m\u00f6chte phase6 Lehramtsstudierenden, Personen im Referendariat und ausgebildeten Lehrkr\u00e4ften eine Plattform bieten, in der ein <\/span>Austausch \u00fcber essentielle Fragen zum Lehrberuf <span style=\"font-weight: 400;\">stattfinden kann.\u00a0<\/span><\/p>\n<p style=\"text-align: center;\"><strong>Wir fragen &#8211; Lehrkr\u00e4fte antworten. Dieses Mal zur Frage:<\/strong><\/p>\n<h2 style=\"text-align: center;\">&#8222;Was macht Ihrer Meinung nach eine gute Lehrkraft aus?&#8220;<\/h2>\n<p>&nbsp;<\/p>\n[\/et_pb_text][et_pb_testimonial portrait_url=&#8220;https:\/\/www.phase-6.de\/magazin\/wp-content\/uploads\/2019\/11\/Gastautorin-Kim-Eva-Edited-e1571143780667.jpg&#8220; quote_icon_color=&#8220;#5e5e5d&#8220; quote_icon_background_color=&#8220;#ffffff&#8220; portrait_width=&#8220;130&#8243; portrait_height=&#8220;130&#8243; admin_label=&#8220;Kim&#8220; _builder_version=&#8220;4.0.4&#8243; background_color=&#8220;#ffffff&#8220; custom_margin=&#8220;80px||80px||true|false&#8220; border_width_all=&#8220;4px&#8220; border_color_all=&#8220;#f2f4f4&#8243; border_style_all=&#8220;solid&#8220; border_radii_portrait=&#8220;on|70px|70px|70px|70px&#8220; use_border_color=&#8220;on&#8220; border_color=&#8220;#f2f4f4&#8243; border_width=&#8220;4px&#8220; border_style=&#8220;solid&#8220; portrait_border_radius=&#8220;70&#8243;]\n<p><span style=\"font-size: 14pt; color: #fc7c00;\"><strong>Kim<\/strong> unterrichtet die F\u00e4cher Deutsch und Arbeitslehre an einer integrierten Gesamtschule in Hessen.<\/span><\/p>\n<p>Eine gute Lehrkraft hat beide Staatsexamen mit 1,0 bestanden, war w\u00e4hrend des Referendariats \u201etotal gechillt\u201c, ist morgens um 7:00 Uhr am Arbeitsplatz, hat ihren Unterricht zwei Wochen im Voraus konzipiert, die Materialien kopiert, die Arbeitstermine f\u00fcr das Halbjahr eingetragen und <strong>verl\u00e4sst das Schulgel\u00e4nde nicht freiwillig vor 17 Uhr.<\/strong> Eine gute Lehrkraft l\u00e4sst stets Strenge walten, duldet keine Vertraulichkeiten, nimmt keine Probleme mit nach Hause, ist stets korrekt gekleidet und zeigt den Kindern t\u00e4glich, wer am l\u00e4ngeren Hebel sitzt. Eine gute Lehrkraft bringt sich in den endlosen Konferenzen stets aktiv ein, unterbreitet Verbesserungsvorschl\u00e4ge, der Terminkalender f\u00fcr den Elternsprechtag ist bereits am Schuljahresanfang ausgebucht und sie strebt eine Funktionsstelle an.<\/p>\n<p><strong>Quatsch!<\/strong> Eine solche Lehrkraft h\u00e4tte bei unserem Sch\u00fclerklientel keine \u00dcberlebenschance!\u00a0<\/p>\n<p>Mit \u201e1\u201c aus dem Referendariat zu gehen, ist noch lange kein Beleg daf\u00fcr, eine gute Lehrkraft zu sein! Ob man f\u00fcr diesen Beruf geschaffen ist oder nicht, <strong>das zeigt sich erst nach Jahren der Praxis.\u00a0<\/strong><\/p>\n<p>Eine Lehrkraft ist dann gut, wenn sie <strong>auch unvorbereitet guten Unterricht halten<\/strong> kann und in der Lage ist, vom Vorhaben abzuschweifen, weil es die Situation gerade verlangt. Hei\u00dft: Es ist sinnlos, z.B. ein Gedicht interpretieren zu lassen, wenn die Kinder den Inhalt des Gedichts nicht verstehen, weil sie vielleicht manche Worte gar nicht kennen. Dann muss ich in der Lage sein, mein Konzept zu vergessen und blitzschnell umzustrukturieren.\u00a0<\/p>\n<p><strong>Humor<\/strong> ist der Schl\u00fcssel zum Erfolg! Nur, wenn ich als Lehrkraft in der Lage bin, auch mal herzlich zu lachen und den ein oder anderen Spa\u00df mitzumachen, habe ich eine Chance, einen Fu\u00df auf die Erde zu bekommen.<\/p>\n<p><strong>Einf\u00fchlungsverm\u00f6gen<\/strong> ist so unendlich wichtig, wenn man eine gute Lehrkraft sein m\u00f6chte. Nat\u00fcrlich unterbreche ich meinen Unterricht, wenn z.B. pl\u00f6tzlich ein M\u00e4dchen in Tr\u00e4nen ausbricht und nehme mir die Zeit, vor der T\u00fcr mit ihr zu sprechen.\u00a0<\/p>\n<p><strong>Elternarbeit<\/strong>, ohne sie geht nichts! Es ist nicht mein Job, die Kinder anderer Leute alleine zu erziehen! Deshalb holt eine gute Lehrkraft die Eltern mit ins Boot, nicht nur dann, wenn es \u201ebrennt\u201c, sondern auch dann, wenn es super l\u00e4uft!<\/p>\n<p><strong>Einmal 5 gerade sein lassen<\/strong> und zugeben, dass man auch gerade \u201ekeinen Bock\u201c hat, macht eine Lehrkraft menschlich und sympathisch. Auf der anderen Seite verlangen die Kinder auch eine gewisse Durchsetzungskraft ihnen gegen\u00fcber, diese Balance muss man finden.<\/p>\n<p><strong>Eine gute Lehrkraft engagiert sich f\u00fcr ihre Klasse<\/strong> auch au\u00dferhalb der Schulmauern (mal gemeinsam Essen gehen) oder besucht au\u00dferschulische Lernorte, da geht oft viel mehr! Lernstoff so verpacken, dass er nicht langweilig wird (und sei er noch so trocken) ist kein Hexenwerk, wenn die Lehrkraft ihre Gruppe ein wenig kennt. Theorie und Praxis sollten sich genauso abwechseln wie Einzel- oder Gruppenarbeit.<\/p>\n<p><strong>Grenzen setzen!<\/strong> Eine gute Lehrkraft wei\u00df, wann Schluss ist und signalisiert dies auch deutlich (nicht nur gegen\u00fcber den Kindern, sondern auch mal gegen\u00fcber der Schulleitung).<\/p>\n<p>Kurz: <strong>Eine gute Lehrkraft hat das Herz am rechten Fleck, besitzt fundiertes Fachwissen, hat p\u00e4dagogisch ein \u201egutes H\u00e4ndchen\u201c und keine Angst vor der Arbeit.\u00a0<\/strong><\/p>\n[\/et_pb_testimonial][et_pb_testimonial portrait_url=&#8220;https:\/\/www.phase-6.de\/magazin\/wp-content\/uploads\/2019\/07\/201907_GB-LM-Franziska_Foto-e1563236855583.jpg&#8220; quote_icon_color=&#8220;#5e5e5d&#8220; quote_icon_background_color=&#8220;#ffffff&#8220; portrait_width=&#8220;130&#8243; portrait_height=&#8220;130&#8243; admin_label=&#8220;Franziska&#8220; _builder_version=&#8220;4.0.4&#8243; background_color=&#8220;#ffffff&#8220; custom_margin=&#8220;80px||80px||true|false&#8220; border_width_all=&#8220;4px&#8220; border_color_all=&#8220;#f2f4f4&#8243; border_style_all=&#8220;solid&#8220; border_radii_portrait=&#8220;on|70px|70px|70px|70px&#8220; use_border_color=&#8220;on&#8220; border_color=&#8220;#f2f4f4&#8243; border_width=&#8220;4px&#8220; border_style=&#8220;solid&#8220; portrait_border_radius=&#8220;70&#8243;]\n<p><span style=\"font-size: 14pt; color: #fc7c00;\"><strong>Franziska<\/strong>\u00a0unterrichtet seit August 2019 an einem Berliner Gymnasium Englisch und Deutsch.<\/span><\/p>\n<p>Eine beliebte und dauerhaft interessante Frage: Wie wird man eine gute Lehrkraft und was sollte man daf\u00fcr mitbringen? In vielen K\u00f6pfen geistert h\u00e4ufig die Fachkompetenz bzw. das Fachwissen herum; jedoch sollte man an dieser Stelle zun\u00e4chst besser zwischen \u201a\u00e4u\u00dferen\u2018 und \u201ainneren\u2018 Merkmalen differenzieren. W\u00e4hrend sich die \u201a\u00e4u\u00dferen\u2018 Merkmale insbesondere auf das Auftreten beziehen, meinen \u201ainnere\u2018 Merkmale charakterliche Eigenschaften und Neigungen. Demnach sollte eine gute Lehrkraft nicht nur prinzipiell interessiert an der Zusammenarbeit mit und der F\u00f6rderung von Kindern und Jugendlichen und \u00fcberdies <strong>empathisch und verst\u00e4ndnisvoll<\/strong> sein, sondern dies auch in Form einer ruhigen und freundlichen, insbesondere aber <strong>authentischen Art<\/strong> den Sch\u00fclerinnen und Sch\u00fclern sowie den Kolleginnen und Kollegen gegen\u00fcber vermitteln k\u00f6nnen.\u00a0<\/p>\n<p>Weiterhin sollte eine gute Lehrkraft &#8211; meiner Meinung nach &#8211; des Lernens und Innovierens nicht \u00fcberdr\u00fcssig werden, was zudem eine <strong>hohe Belastbarkeit und kontinuierliche (Selbst-)Reflexion sowie Kritikf\u00e4higkeit<\/strong> fordert. Da sich Lehrkr\u00e4fte vor allem durch ihr Handeln auszeichnen und profilieren, ist es au\u00dferdem von Vorteil, wenn sie strukturiert und transparent, also fair und organisiert, arbeiten und dies den Sch\u00fclerinnen und Sch\u00fclern auch<strong> klar kommunizieren<\/strong>.<\/p>\n<p>Nichtsdestotrotz bleiben all diese Merkmale Idealvorstellungen \u2013 so kann eine Lehrkraft auch \u201agut\u2018 sein, wenn sie nur einige dieser Merkmale mitbringt oder manche davon besonders stark ausgepr\u00e4gt sind. Letztendlich alles eine Definitionsfrage.\u00a0<\/p>\n[\/et_pb_testimonial][et_pb_testimonial portrait_url=&#8220;https:\/\/www.phase-6.de\/magazin\/wp-content\/uploads\/2019\/07\/201907_GB-LM-Lydia_Foto-1-e1564401978663.jpg&#8220; quote_icon_color=&#8220;#5e5e5d&#8220; quote_icon_background_color=&#8220;#ffffff&#8220; portrait_width=&#8220;130&#8243; portrait_height=&#8220;130&#8243; admin_label=&#8220;Lydia&#8220; _builder_version=&#8220;4.0.4&#8243; background_color=&#8220;#ffffff&#8220; custom_margin=&#8220;80px||80px||true|false&#8220; border_width_all=&#8220;4px&#8220; border_color_all=&#8220;#f2f4f4&#8243; border_style_all=&#8220;solid&#8220; border_radii_portrait=&#8220;on|70px|70px|70px|70px&#8220; use_border_color=&#8220;on&#8220; border_color=&#8220;#f2f4f4&#8243; border_width=&#8220;4px&#8220; border_style=&#8220;solid&#8220; portrait_border_radius=&#8220;70&#8243;]\n<p><span style=\"font-size: 14pt; color: #fc7c00;\"><strong>Lydia<\/strong> unterrichtet Englisch und Franz\u00f6sisch an einer Berliner Grundschule.<\/span><\/p>\n<p>Ich denke, es ist selbstverst\u00e4ndlich, dass Lehrkr\u00e4fte gern mit Menschen, vor allem mit Kindern und Jugendlichen, zusammenarbeiten m\u00fcssen, um eine gute Lehrkraft zu sein. Dabei sind <strong>Geduld und Empathie<\/strong> ganz wichtige Eigenschaften sowie die <strong>Flexibilit\u00e4t<\/strong>, alle Kinder individuell f\u00f6rdern zu k\u00f6nnen. Eine gute Lehrkraft ist <strong>fair und objektiv<\/strong>. Sie behandelt alle Sch\u00fclerinnen und Sch\u00fcler gleich. Diese Aspekte sollten in der Pers\u00f6nlichkeit verankert sein, denn sie sind meiner Meinung nach nur schwer erlernbar.<\/p>\n<p><strong>Kommunikation<\/strong> ist ebenfalls wichtig, denn eine gute Lehrkraft k\u00e4mpft nicht f\u00fcr sich allein, sondern arbeitet mit dem Kollegium zusammen und tauscht sich \u00fcber Kinder und Fachinhalte aus. Kommunikation ist aber auch in der Zusammenarbeit mit den Eltern von hoher Bedeutung. Mit jedem Elterngespr\u00e4ch gewinnt man mehr Sicherheit. Also keine Angst, die Kommunikationskompetenz wird mit der Erfahrung immer besser.<\/p>\n<p>Neben den sozialen Kompetenzen sind nat\u00fcrlich auch <strong>fachliche Kompetenzen<\/strong> ausschlaggebend, denn eine gute Lehrkraft ist versiert in ihren Fachgebieten und kann auch komplexe Lerngegenst\u00e4nde kindgerecht erkl\u00e4ren. Eine gute Lehrkraft bedarf deshalb auch <strong>Kreativit\u00e4t und Humor<\/strong> und gestaltet ihren Unterricht abwechslungsreich und sch\u00fclerorientiert. Gleichzeitig ist eine gute Lehrkraft offen f\u00fcr neue Themen und Methoden und bildet sich auf <strong>Fortbildungen<\/strong> weiter.<\/p>\n<p>Damit einher geht die <strong>Medienkompetenz<\/strong>, welche heutzutage Voraussetzung f\u00fcr moderne Klassenzimmer mit Smartboards ist. Auch hierf\u00fcr muss eine gute Lehrkraft mit dem technischen Fortschritt mithalten k\u00f6nnen und sich weiterbilden.<\/p>\n[\/et_pb_testimonial][et_pb_blurb title=&#8220;Und was ist mit Ihnen?&#8220; use_icon=&#8220;on&#8220; font_icon=&#8220;%%83%%&#8220; icon_color=&#8220;#FC7C00&#8243; use_icon_font_size=&#8220;on&#8220; icon_font_size=&#8220;67px&#8220; _builder_version=&#8220;4.3.4&#8243; header_font=&#8220;|700|||||||&#8220; background_color=&#8220;#f2f4f4&#8243; custom_margin=&#8220;80px|40px|20px|40px|false|false&#8220; custom_padding=&#8220;40px|20px|40px|20px|false|false&#8220; hover_enabled=&#8220;0&#8243; border_style=&#8220;solid&#8220;]\n<p>Wie w\u00fcrden Sie die oben stehenden Fragen f\u00fcr sich beantworten? Die Antworten der Autorinnen und Autoren spiegeln ihre jeweiligen Erfahrungen und Standpunkte wider. Vielleicht haben Sie eine ganz andere Perspektive auf die Dinge oder gar gegenteilige Erfahrungen gemacht. Falls Sie weitere Anmerkungen, konstruktives Feedback oder Fragen zum Beitrag haben, schreiben Sie uns gerne \u00fcber das\u00a0Kontaktformular ganz unten auf der Seite.<\/p>\n<p><span style=\"font-weight: 400;\">Lesen Sie auch die Antworten zu anderen Fragen der Serie:<\/span><\/p>\n<p><span style=\"display: inline !important; float: none; background-color: #ffffff; color: #333333; cursor: text; font-family: Georgia,'Times New Roman','Bitstream Charter',Times,serif; font-size: 16px; font-style: normal; font-variant: normal; font-weight: 400; letter-spacing: normal; orphans: 2; text-align: left; text-decoration: none; text-indent: 0px; text-transform: none; -webkit-text-stroke-width: 0px; white-space: normal; word-spacing: 0px;\">\n\n<div class=\"su-posts su-posts-teaser-loop \">\n\n\t\t\t\t\t\t\n\t\t\t\n\t\t\t<div id=\"su-post-7746\" class=\"su-post \">\n\t\t\t\t\t\t\t\t\t<a class=\"su-post-thumbnail\" href=\"https:\/\/www.phase-6.de\/magazin\/fuer-lehrkraefte\/themen\/bildungssystem\/trennung-von-beruf-und-privatem\/\"><img width=\"1080\" height=\"675\" src=\"https:\/\/www.phase-6.de\/magazin\/wp-content\/uploads\/2019\/12\/trennung_beruf_privat.png\" class=\"attachment-post-thumbnail size-post-thumbnail wp-post-image\" alt=\"Trennung von Beruflichem und Privatem\" srcset=\"https:\/\/www.phase-6.de\/magazin\/wp-content\/uploads\/2019\/12\/trennung_beruf_privat.png 1080w, https:\/\/www.phase-6.de\/magazin\/wp-content\/uploads\/2019\/12\/trennung_beruf_privat-300x188.png 300w, https:\/\/www.phase-6.de\/magazin\/wp-content\/uploads\/2019\/12\/trennung_beruf_privat-1024x640.png 1024w, https:\/\/www.phase-6.de\/magazin\/wp-content\/uploads\/2019\/12\/trennung_beruf_privat-768x480.png 768w, https:\/\/www.phase-6.de\/magazin\/wp-content\/uploads\/2019\/12\/trennung_beruf_privat-400x250.png 400w\" sizes=\"(max-width: 1080px) 100vw, 1080px\" loading=\"lazy\" decoding=\"async\" \/><\/a>\n\t\t\t\t\t\t\t\t<h2 class=\"su-post-title\"><a href=\"https:\/\/www.phase-6.de\/magazin\/fuer-lehrkraefte\/themen\/bildungssystem\/trennung-von-beruf-und-privatem\/\">Trennung von Beruf und Privatem &#8211; Nachgefragt!<\/a><\/h2>\n\t\t\t<\/div>\n\n\t\t\t\t\t\n\t\t\t\n\t\t\t<div id=\"su-post-5806\" class=\"su-post \">\n\t\t\t\t\t\t\t\t\t<a class=\"su-post-thumbnail\" href=\"https:\/\/www.phase-6.de\/magazin\/fuer-lehrkraefte\/work-life-balance\/irrtuemer-ueber-den-lehrberuf-nachgefragt\/\"><img width=\"1080\" height=\"675\" src=\"https:\/\/www.phase-6.de\/magazin\/wp-content\/uploads\/2019\/11\/irrt\u00fcmer_lehrer.png\" class=\"attachment-post-thumbnail size-post-thumbnail wp-post-image\" alt=\"Irrt\u00fcmer \u00fcber den Beruf als Lehrer\" srcset=\"https:\/\/www.phase-6.de\/magazin\/wp-content\/uploads\/2019\/11\/irrt\u00fcmer_lehrer.png 1080w, https:\/\/www.phase-6.de\/magazin\/wp-content\/uploads\/2019\/11\/irrt\u00fcmer_lehrer-300x188.png 300w, https:\/\/www.phase-6.de\/magazin\/wp-content\/uploads\/2019\/11\/irrt\u00fcmer_lehrer-1024x640.png 1024w, https:\/\/www.phase-6.de\/magazin\/wp-content\/uploads\/2019\/11\/irrt\u00fcmer_lehrer-768x480.png 768w, https:\/\/www.phase-6.de\/magazin\/wp-content\/uploads\/2019\/11\/irrt\u00fcmer_lehrer-400x250.png 400w\" sizes=\"(max-width: 1080px) 100vw, 1080px\" loading=\"lazy\" decoding=\"async\" \/><\/a>\n\t\t\t\t\t\t\t\t<h2 class=\"su-post-title\"><a href=\"https:\/\/www.phase-6.de\/magazin\/fuer-lehrkraefte\/work-life-balance\/irrtuemer-ueber-den-lehrberuf-nachgefragt\/\">Irrt\u00fcmer \u00fcber den Lehrberuf &#8211; Nachgefragt!<\/a><\/h2>\n\t\t\t<\/div>\n\n\t\t\t\t\t\n\t\t\t\n\t\t\t<div id=\"su-post-5773\" class=\"su-post \">\n\t\t\t\t\t\t\t\t\t<a class=\"su-post-thumbnail\" href=\"https:\/\/www.phase-6.de\/magazin\/fuer-lehrkraefte\/themen\/bildungssystem\/was-macht-eine-gute-lehrkraft-aus\/\"><img width=\"1080\" height=\"675\" src=\"https:\/\/www.phase-6.de\/magazin\/wp-content\/uploads\/2020\/01\/6_Header_Gute_Lehrkraft.jpg\" class=\"attachment-post-thumbnail size-post-thumbnail wp-post-image\" alt=\"Was macht eine gute Lehrkraft aus?\" srcset=\"https:\/\/www.phase-6.de\/magazin\/wp-content\/uploads\/2020\/01\/6_Header_Gute_Lehrkraft.jpg 1080w, https:\/\/www.phase-6.de\/magazin\/wp-content\/uploads\/2020\/01\/6_Header_Gute_Lehrkraft-300x188.jpg 300w, https:\/\/www.phase-6.de\/magazin\/wp-content\/uploads\/2020\/01\/6_Header_Gute_Lehrkraft-768x480.jpg 768w, https:\/\/www.phase-6.de\/magazin\/wp-content\/uploads\/2020\/01\/6_Header_Gute_Lehrkraft-1024x640.jpg 1024w, https:\/\/www.phase-6.de\/magazin\/wp-content\/uploads\/2020\/01\/6_Header_Gute_Lehrkraft-400x250.jpg 400w\" sizes=\"(max-width: 1080px) 100vw, 1080px\" loading=\"lazy\" decoding=\"async\" \/><\/a>\n\t\t\t\t\t\t\t\t<h2 class=\"su-post-title\"><a href=\"https:\/\/www.phase-6.de\/magazin\/fuer-lehrkraefte\/themen\/bildungssystem\/was-macht-eine-gute-lehrkraft-aus\/\">Die perfekte Lehrkraft &#8211; Nachgefragt!<\/a><\/h2>\n\t\t\t<\/div>\n\n\t\t\t\t\t\n\t\t\t\n\t\t\t<div id=\"su-post-5732\" class=\"su-post \">\n\t\t\t\t\t\t\t\t\t<a class=\"su-post-thumbnail\" href=\"https:\/\/www.phase-6.de\/magazin\/fuer-lehrkraefte\/themen\/work-life-balance\/wie-motivieren-sie-sich-selbst\/\"><img width=\"1080\" height=\"675\" src=\"https:\/\/www.phase-6.de\/magazin\/wp-content\/uploads\/2019\/12\/5_Header_Eigenmotivation.jpg\" class=\"attachment-post-thumbnail size-post-thumbnail wp-post-image\" alt=\"Eigenmotivation als Lehrkraft\" srcset=\"https:\/\/www.phase-6.de\/magazin\/wp-content\/uploads\/2019\/12\/5_Header_Eigenmotivation.jpg 1080w, https:\/\/www.phase-6.de\/magazin\/wp-content\/uploads\/2019\/12\/5_Header_Eigenmotivation-300x188.jpg 300w, https:\/\/www.phase-6.de\/magazin\/wp-content\/uploads\/2019\/12\/5_Header_Eigenmotivation-768x480.jpg 768w, https:\/\/www.phase-6.de\/magazin\/wp-content\/uploads\/2019\/12\/5_Header_Eigenmotivation-1024x640.jpg 1024w, https:\/\/www.phase-6.de\/magazin\/wp-content\/uploads\/2019\/12\/5_Header_Eigenmotivation-400x250.jpg 400w\" sizes=\"(max-width: 1080px) 100vw, 1080px\" loading=\"lazy\" decoding=\"async\" \/><\/a>\n\t\t\t\t\t\t\t\t<h2 class=\"su-post-title\"><a href=\"https:\/\/www.phase-6.de\/magazin\/fuer-lehrkraefte\/themen\/work-life-balance\/wie-motivieren-sie-sich-selbst\/\">Motivation als Lehrkraft &#8211; Nachgefragt!<\/a><\/h2>\n\t\t\t<\/div>\n\n\t\t\t\t\t\n\t\t\t\n\t\t\t<div id=\"su-post-5726\" class=\"su-post \">\n\t\t\t\t\t\t\t\t\t<a class=\"su-post-thumbnail\" href=\"https:\/\/www.phase-6.de\/magazin\/fuer-lehrkraefte\/themen\/methodik-didaktik\/verhaltensauffaellige-kinder-nachgefragt\/\"><img width=\"1080\" height=\"675\" src=\"https:\/\/www.phase-6.de\/magazin\/wp-content\/uploads\/2019\/11\/4_Header_Verhaltensauffaelligkeit.jpg\" class=\"attachment-post-thumbnail size-post-thumbnail wp-post-image\" alt=\"Verhaltensauff\u00e4lligkeit bei Kindern\" srcset=\"https:\/\/www.phase-6.de\/magazin\/wp-content\/uploads\/2019\/11\/4_Header_Verhaltensauffaelligkeit.jpg 1080w, https:\/\/www.phase-6.de\/magazin\/wp-content\/uploads\/2019\/11\/4_Header_Verhaltensauffaelligkeit-300x188.jpg 300w, https:\/\/www.phase-6.de\/magazin\/wp-content\/uploads\/2019\/11\/4_Header_Verhaltensauffaelligkeit-768x480.jpg 768w, https:\/\/www.phase-6.de\/magazin\/wp-content\/uploads\/2019\/11\/4_Header_Verhaltensauffaelligkeit-1024x640.jpg 1024w, https:\/\/www.phase-6.de\/magazin\/wp-content\/uploads\/2019\/11\/4_Header_Verhaltensauffaelligkeit-400x250.jpg 400w\" sizes=\"(max-width: 1080px) 100vw, 1080px\" loading=\"lazy\" decoding=\"async\" \/><\/a>\n\t\t\t\t\t\t\t\t<h2 class=\"su-post-title\"><a href=\"https:\/\/www.phase-6.de\/magazin\/fuer-lehrkraefte\/themen\/methodik-didaktik\/verhaltensauffaellige-kinder-nachgefragt\/\">Verhaltensauff\u00e4llige Kinder &#8211; Nachgefragt!<\/a><\/h2>\n\t\t\t<\/div>\n\n\t\t\t\t\t\n\t\t\t\n\t\t\t<div id=\"su-post-5338\" class=\"su-post \">\n\t\t\t\t\t\t\t\t\t<a class=\"su-post-thumbnail\" href=\"https:\/\/www.phase-6.de\/magazin\/fuer-lehrkraefte\/themen\/methodik-didaktik\/digitale-medien-im-unterricht-nachgefragt\/\"><img width=\"1080\" height=\"675\" src=\"https:\/\/www.phase-6.de\/magazin\/wp-content\/uploads\/2019\/10\/3_Header_Digitale_Medien.jpg\" class=\"attachment-post-thumbnail size-post-thumbnail wp-post-image\" alt=\"Digitale Medien im Unterricht\" srcset=\"https:\/\/www.phase-6.de\/magazin\/wp-content\/uploads\/2019\/10\/3_Header_Digitale_Medien.jpg 1080w, https:\/\/www.phase-6.de\/magazin\/wp-content\/uploads\/2019\/10\/3_Header_Digitale_Medien-300x188.jpg 300w, https:\/\/www.phase-6.de\/magazin\/wp-content\/uploads\/2019\/10\/3_Header_Digitale_Medien-768x480.jpg 768w, https:\/\/www.phase-6.de\/magazin\/wp-content\/uploads\/2019\/10\/3_Header_Digitale_Medien-1024x640.jpg 1024w, https:\/\/www.phase-6.de\/magazin\/wp-content\/uploads\/2019\/10\/3_Header_Digitale_Medien-400x250.jpg 400w\" sizes=\"(max-width: 1080px) 100vw, 1080px\" loading=\"lazy\" decoding=\"async\" \/><\/a>\n\t\t\t\t\t\t\t\t<h2 class=\"su-post-title\"><a href=\"https:\/\/www.phase-6.de\/magazin\/fuer-lehrkraefte\/themen\/methodik-didaktik\/digitale-medien-im-unterricht-nachgefragt\/\">Digitale Medien im Unterricht &#8211; Nachgefragt!<\/a><\/h2>\n\t\t\t<\/div>\n\n\t\t\t\t\t\n\t\t\t\n\t\t\t<div id=\"su-post-5332\" class=\"su-post \">\n\t\t\t\t\t\t\t\t\t<a class=\"su-post-thumbnail\" href=\"https:\/\/www.phase-6.de\/magazin\/fuer-lehrkraefte\/themen\/methodik-didaktik\/differenzierung-im-unterricht-nachgefragt\/\"><img width=\"1080\" height=\"675\" src=\"https:\/\/www.phase-6.de\/magazin\/wp-content\/uploads\/2019\/09\/2_Header_Differenzierung.jpg\" class=\"attachment-post-thumbnail size-post-thumbnail wp-post-image\" alt=\"Differenzierung im Unterricht\" srcset=\"https:\/\/www.phase-6.de\/magazin\/wp-content\/uploads\/2019\/09\/2_Header_Differenzierung.jpg 1080w, https:\/\/www.phase-6.de\/magazin\/wp-content\/uploads\/2019\/09\/2_Header_Differenzierung-300x188.jpg 300w, https:\/\/www.phase-6.de\/magazin\/wp-content\/uploads\/2019\/09\/2_Header_Differenzierung-768x480.jpg 768w, https:\/\/www.phase-6.de\/magazin\/wp-content\/uploads\/2019\/09\/2_Header_Differenzierung-1024x640.jpg 1024w, https:\/\/www.phase-6.de\/magazin\/wp-content\/uploads\/2019\/09\/2_Header_Differenzierung-400x250.jpg 400w\" sizes=\"(max-width: 1080px) 100vw, 1080px\" loading=\"lazy\" decoding=\"async\" \/><\/a>\n\t\t\t\t\t\t\t\t<h2 class=\"su-post-title\"><a href=\"https:\/\/www.phase-6.de\/magazin\/fuer-lehrkraefte\/themen\/methodik-didaktik\/differenzierung-im-unterricht-nachgefragt\/\">Differenzierung im Unterricht &#8211; Nachgefragt!<\/a><\/h2>\n\t\t\t<\/div>\n\n\t\t\t\t\t\n\t\t\t\n\t\t\t<div id=\"su-post-5081\" class=\"su-post \">\n\t\t\t\t\t\t\t\t\t<a class=\"su-post-thumbnail\" href=\"https:\/\/www.phase-6.de\/magazin\/fuer-lehrkraefte\/themen\/methodik-didaktik\/eigenstaendiges-lernen-nachgefragt\/\"><img width=\"1080\" height=\"675\" src=\"https:\/\/www.phase-6.de\/magazin\/wp-content\/uploads\/2019\/08\/1_Header_Motivation.jpg\" class=\"attachment-post-thumbnail size-post-thumbnail wp-post-image\" alt=\"Motivation und Eigenst\u00e4ndigkeit.Na\" srcset=\"https:\/\/www.phase-6.de\/magazin\/wp-content\/uploads\/2019\/08\/1_Header_Motivation.jpg 1080w, https:\/\/www.phase-6.de\/magazin\/wp-content\/uploads\/2019\/08\/1_Header_Motivation-300x188.jpg 300w, https:\/\/www.phase-6.de\/magazin\/wp-content\/uploads\/2019\/08\/1_Header_Motivation-768x480.jpg 768w, https:\/\/www.phase-6.de\/magazin\/wp-content\/uploads\/2019\/08\/1_Header_Motivation-1024x640.jpg 1024w, https:\/\/www.phase-6.de\/magazin\/wp-content\/uploads\/2019\/08\/1_Header_Motivation-400x250.jpg 400w\" sizes=\"(max-width: 1080px) 100vw, 1080px\" loading=\"lazy\" decoding=\"async\" \/><\/a>\n\t\t\t\t\t\t\t\t<h2 class=\"su-post-title\"><a href=\"https:\/\/www.phase-6.de\/magazin\/fuer-lehrkraefte\/themen\/methodik-didaktik\/eigenstaendiges-lernen-nachgefragt\/\">Eigenst\u00e4ndiges Lernen &#8211; Nachgefragt!<\/a><\/h2>\n\t\t\t<\/div>\n\n\t\t\t\n<\/div>\n<\/span><\/p>\n<p>M\u00f6chten Sie weitere spannende Beitr\u00e4ge rund um Schule, Lehren und Lernen lesen? Dann besuchen Sie das phase6 <a href=\"https:\/\/www.phase-6.de\/magazin\/category\/lehrkraefte-magazin\/\"><span style=\"color: #fc7c00;\">Magazin f\u00fcr Lehrkr\u00e4fte<\/span><\/a> und lassen Sie sich inspirieren!<\/p>\n[\/et_pb_blurb][et_pb_divider show_divider_last_edited=&#8220;off|tablet&#8220; _builder_version=&#8220;4.0.4&#8243; custom_margin=&#8220;80px||||false|false&#8220;][\/et_pb_divider][et_pb_text _builder_version=&#8220;4.3.4&#8243; hover_enabled=&#8220;0&#8243;]\n<h2>M\u00f6chten Sie mehr \u00fcber die Personen hinter den Antworten erfahren?<\/h2>\n[\/et_pb_text][et_pb_accordion _builder_version=&#8220;4.3.4&#8243; toggle_font_size=&#8220;18&#8243; hover_enabled=&#8220;0&#8243; border_style=&#8220;solid&#8220;][et_pb_accordion_item title=&#8220;Kim&#8220; open=&#8220;on&#8220; _builder_version=&#8220;4.0.4&#8243;]\n<p><span style=\"color: rgba(0, 0, 0, 0.5); font-family: 'Open Sans', sans-serif; font-size: 16px; font-style: normal; font-variant-ligatures: normal; font-variant-caps: normal; font-weight: 400; letter-spacing: normal; orphans: 2; text-align: start; text-indent: 0px; text-transform: none; white-space: normal; widows: 2; word-spacing: 0px; -webkit-text-stroke-width: 0px; background-color: #ffffff; text-decoration-style: initial; text-decoration-color: initial; display: inline !important; float: none;\">Kim arbeitet seit fast 20 Jahren als Lehrerin an einer integrierten Gesamtschule in Hessen. Sie startete erst mit 37 Jahren ins Referendariat, unterrichtet seitdem Deutsch und Arbeitslehre in der 7. bis 10. Jahrgangsstufe und \u00fcbernimmt die Klassenleitung. Die Arbeit mit Intensivklassen macht ihr seit ein paar Jahren besonders viel Spa\u00df, denn die Lernerfolge werden mit den gefl\u00fcchteten Kindern und Jugendlichen schnell deutlich. Da Kim selbst drei Kinder hat, wei\u00df sie gut, wie diese im pubert\u00e4ren Alter ticken. Neben gutem Unterricht sind ihr intensive Elternarbeit sowie eine fundierte Vorbereitung ihrer Sch\u00fclerinnen und Sch\u00fcler auf das Leben besonders wichtig. Kims Steckenpferd ist die Nutzung au\u00dferschulischer Lernorte und die regelm\u00e4\u00dfige Teilnahme an Schulwettbewerben \u2013 So konnten schon viele Jugendliteraturpreise und Fotowettbewerbe gewonnen werden.<\/span><\/p>\n[\/et_pb_accordion_item][et_pb_accordion_item title=&#8220;Franziska&#8220; _builder_version=&#8220;4.0.4&#8243; open=&#8220;off&#8220;]\n<p>Nach dem Master of Education an der Humboldt-Universit\u00e4t zu Berlin startete Franziska im Schuljahr 2019 in den Vorbereitungsdienst an einem Berliner Gymnasium. Die Liebe zu ihren F\u00e4chern Deutsch und Englisch verst\u00e4rkte sich insbesondere durch diverse Auslandsaufenthalte (Erasmus in England, Schulpraktika an der Deutschen Schule in Rio de Janeiro und der Deutschen Schule in Porto) und Praktika im Goethe-Institut und einer privaten Sprachschule. Dank dieser verschiedenartigen Kulturkreise und Schul- und Unterrichtsformen sowie ihres studentischen Nebenjobs bei \u201cStudenten machen Schule\u201d und \u201cSchule Plus\u201d konnte Franziska bereits viele Unterrichtserfahrungen sammeln. All diese Erfahrungen steigern ihre Vorfreude auf das Referendariat und den Lehrberuf.<\/p>\n[\/et_pb_accordion_item][et_pb_accordion_item title=&#8220;Lydia&#8220; _builder_version=&#8220;4.0.4&#8243; open=&#8220;off&#8220;]\n<p>Lydia hat die F\u00e4cher Englisch und Franz\u00f6sisch in Potsdam auf Lehramt (Grundschule und Sekundarstufe I) studiert und zwei Semester in Frankreich im Rahmen des Erasmusprogramms verbracht. Neben dem Studium absolvierte sie viele Praktika und Nebenjobs im schulischen und au\u00dferschulischen Bereich. Durch das Leiten von Lern- und Sprachf\u00f6rderungen an Berliner Grundschulen, durch Methodenworkshops und den Einsatz als Sprachlernassistenz in einer Willkommensklasse sowie im Praxissemester an der Deutschen Schule in Genf konnte sie erste Praxiserfahrungen sammeln. Das Referendariat, welches Lydia an einer ISS mit gymnasialer Oberstufe absolvierte, pr\u00e4gte sie sehr. Die H\u00f6hen und Tiefen im Vorbereitungsdienst st\u00e4rkten die junge Lehrerin in ihrer Lehrpers\u00f6nlichkeit und sorgen nun f\u00fcr Vorfreude auf den Schulalltag als ausgebildete Lehrkraft in Berlin seit dem Schuljahr 2019.<\/p>\n[\/et_pb_accordion_item][\/et_pb_accordion][et_pb_contact_form email=&#8220;c.euler@p6o.de&#8220; title=&#8220;Haben Sie Anmerkungen oder Feedback zur Ausgabe #6 von %22Nachgefragt%22?&#8220; success_message=&#8220;Vielen Dank f\u00fcr Ihre Nachricht!&#8220; submit_button_text=&#8220;senden&#8220; _builder_version=&#8220;4.0.4&#8243; form_field_background_color=&#8220;#f2f4f4&#8243; title_level=&#8220;h2&#8243; title_font=&#8220;||||||||&#8220; title_text_color=&#8220;#33333&#8243; background_size=&#8220;initial&#8220; background_position=&#8220;top_left&#8220; background_repeat=&#8220;repeat&#8220; custom_margin=&#8220;66px||||false|false&#8220; border_width_all=&#8220;2px&#8220; border_color_all=&#8220;#f2f4f4&#8243; border_style_all=&#8220;solid&#8220; use_border_color=&#8220;on&#8220; border_color=&#8220;#f2f4f4&#8243; border_width=&#8220;2px&#8220; border_style=&#8220;solid&#8220; input_border_radius=&#8220;0&#8243; form_background_color=&#8220;#f2f4f4&#8243; button_letter_spacing_hover=&#8220;0&#8243;][et_pb_contact_field field_id=&#8220;Name&#8220; field_title=&#8220;Name&#8220; _builder_version=&#8220;3.16&#8243; button_text_size__hover_enabled=&#8220;off&#8220; button_one_text_size__hover_enabled=&#8220;off&#8220; button_two_text_size__hover_enabled=&#8220;off&#8220; button_text_color__hover_enabled=&#8220;off&#8220; button_one_text_color__hover_enabled=&#8220;off&#8220; button_two_text_color__hover_enabled=&#8220;off&#8220; button_border_width__hover_enabled=&#8220;off&#8220; button_one_border_width__hover_enabled=&#8220;off&#8220; button_two_border_width__hover_enabled=&#8220;off&#8220; button_border_color__hover_enabled=&#8220;off&#8220; button_one_border_color__hover_enabled=&#8220;off&#8220; button_two_border_color__hover_enabled=&#8220;off&#8220; button_border_radius__hover_enabled=&#8220;off&#8220; button_one_border_radius__hover_enabled=&#8220;off&#8220; button_two_border_radius__hover_enabled=&#8220;off&#8220; button_letter_spacing__hover_enabled=&#8220;off&#8220; button_one_letter_spacing__hover_enabled=&#8220;off&#8220; button_two_letter_spacing__hover_enabled=&#8220;off&#8220; button_bg_color__hover_enabled=&#8220;off&#8220; button_one_bg_color__hover_enabled=&#8220;off&#8220; button_two_bg_color__hover_enabled=&#8220;off&#8220;][\/et_pb_contact_field][et_pb_contact_field field_id=&#8220;Email&#8220; field_title=&#8220;E-Mail-Adresse&#8220; field_type=&#8220;email&#8220; _builder_version=&#8220;3.16&#8243; button_text_size__hover_enabled=&#8220;off&#8220; button_one_text_size__hover_enabled=&#8220;off&#8220; button_two_text_size__hover_enabled=&#8220;off&#8220; button_text_color__hover_enabled=&#8220;off&#8220; button_one_text_color__hover_enabled=&#8220;off&#8220; button_two_text_color__hover_enabled=&#8220;off&#8220; button_border_width__hover_enabled=&#8220;off&#8220; button_one_border_width__hover_enabled=&#8220;off&#8220; button_two_border_width__hover_enabled=&#8220;off&#8220; button_border_color__hover_enabled=&#8220;off&#8220; button_one_border_color__hover_enabled=&#8220;off&#8220; button_two_border_color__hover_enabled=&#8220;off&#8220; button_border_radius__hover_enabled=&#8220;off&#8220; button_one_border_radius__hover_enabled=&#8220;off&#8220; button_two_border_radius__hover_enabled=&#8220;off&#8220; button_letter_spacing__hover_enabled=&#8220;off&#8220; button_one_letter_spacing__hover_enabled=&#8220;off&#8220; button_two_letter_spacing__hover_enabled=&#8220;off&#8220; button_bg_color__hover_enabled=&#8220;off&#8220; button_one_bg_color__hover_enabled=&#8220;off&#8220; button_two_bg_color__hover_enabled=&#8220;off&#8220;][\/et_pb_contact_field][et_pb_contact_field field_id=&#8220;Ihr_Text&#8220; field_title=&#8220;Nachricht&#8220; field_type=&#8220;text&#8220; fullwidth_field=&#8220;on&#8220; _builder_version=&#8220;3.16&#8243; form_field_font=&#8220;||||&#8220; use_border_color=&#8220;off&#8220; border_style=&#8220;solid&#8220; button_text_size__hover_enabled=&#8220;off&#8220; button_one_text_size__hover_enabled=&#8220;off&#8220; button_two_text_size__hover_enabled=&#8220;off&#8220; button_text_color__hover_enabled=&#8220;off&#8220; button_one_text_color__hover_enabled=&#8220;off&#8220; button_two_text_color__hover_enabled=&#8220;off&#8220; button_border_width__hover_enabled=&#8220;off&#8220; button_one_border_width__hover_enabled=&#8220;off&#8220; button_two_border_width__hover_enabled=&#8220;off&#8220; button_border_color__hover_enabled=&#8220;off&#8220; button_one_border_color__hover_enabled=&#8220;off&#8220; button_two_border_color__hover_enabled=&#8220;off&#8220; button_border_radius__hover_enabled=&#8220;off&#8220; button_one_border_radius__hover_enabled=&#8220;off&#8220; button_two_border_radius__hover_enabled=&#8220;off&#8220; button_letter_spacing__hover_enabled=&#8220;off&#8220; button_one_letter_spacing__hover_enabled=&#8220;off&#8220; button_two_letter_spacing__hover_enabled=&#8220;off&#8220; button_bg_color__hover_enabled=&#8220;off&#8220; button_one_bg_color__hover_enabled=&#8220;off&#8220; button_two_bg_color__hover_enabled=&#8220;off&#8220;][\/et_pb_contact_field][\/et_pb_contact_form][\/et_pb_column][\/et_pb_row][\/et_pb_section]\n","protected":false},"excerpt":{"rendered":"<p>Wie meistern eigentlich andere Fachkr\u00e4fte im Schulbereich ihren Alltag? In unserer Serie \u201cNachgefragt!\u201d teilen Lehrkr\u00e4fte und Lehramtsstudierende ihre Erfahrungen mit uns. Wir fragen nach &#8211; sie antworten. In Ausgabe #6 zum Thema: Eigenschaften guter Lehrkr\u00e4fte.<\/p>\n","protected":false},"author":11,"featured_media":6295,"comment_status":"closed","ping_status":"open","sticky":false,"template":"","format":"standard","meta":{"_acf_changed":false,"_yoast_wpseo_focuskw":"gute Lehrkraft","_yoast_wpseo_title":"","_yoast_wpseo_metadesc":"Nachgefragt! Wie meistern andere Lehrkr\u00e4fte den Schulalltag? Antworten von Lehrenden zu \u2713 Methodik & Didaktik \u2713 Work-Life-Balance \u2713 Bildungssystem","_yoast_wpseo_canonical":"","_yoast_wpseo_opengraph-title":"","_yoast_wpseo_opengraph-description":"","_et_pb_use_builder":"on","_et_pb_old_content":"","_et_gb_content_width":"","inline_featured_image":false,"footnotes":""},"categories":[71,69],"tags":[89],"class_list":["post-5773","post","type-post","status-publish","format-standard","has-post-thumbnail","hentry","category-bildungssystem","category-methodik-und-didaktik","tag-fuer-lehrkraefte","et-has-post-format-content","et_post_format-et-post-format-standard"],"acf":[],"yoast_head":"<!-- This site is optimized with the Yoast SEO plugin v26.9 - https:\/\/yoast.com\/product\/yoast-seo-wordpress\/ -->\n<title>Die perfekte Lehrkraft - Nachgefragt! - phase6 Magazin<\/title>\n<meta name=\"description\" content=\"Nachgefragt! Wie meistern andere Lehrkr\u00e4fte den Schulalltag? Antworten von Lehrenden zu \u2713 Methodik &amp; Didaktik \u2713 Work-Life-Balance \u2713 Bildungssystem\" \/>\n<meta name=\"robots\" content=\"index, follow, max-snippet:-1, max-image-preview:large, max-video-preview:-1\" \/>\n<link rel=\"canonical\" href=\"https:\/\/www.phase-6.de\/magazin\/fuer-lehrkraefte\/themen\/bildungssystem\/was-macht-eine-gute-lehrkraft-aus\/\" \/>\n<meta property=\"og:locale\" content=\"de_DE\" \/>\n<meta property=\"og:type\" content=\"article\" \/>\n<meta property=\"og:title\" content=\"Die perfekte Lehrkraft - Nachgefragt! - phase6 Magazin\" \/>\n<meta property=\"og:description\" content=\"Nachgefragt! Wie meistern andere Lehrkr\u00e4fte den Schulalltag? Antworten von Lehrenden zu \u2713 Methodik &amp; Didaktik \u2713 Work-Life-Balance \u2713 Bildungssystem\" \/>\n<meta property=\"og:url\" content=\"https:\/\/www.phase-6.de\/magazin\/fuer-lehrkraefte\/themen\/bildungssystem\/was-macht-eine-gute-lehrkraft-aus\/\" \/>\n<meta property=\"og:site_name\" content=\"phase6 Magazin\" \/>\n<meta property=\"article:publisher\" content=\"https:\/\/www.facebook.com\/phase6.de\/\" \/>\n<meta property=\"article:published_time\" content=\"2020-01-03T09:19:36+00:00\" \/>\n<meta property=\"article:modified_time\" content=\"2020-03-10T14:07:57+00:00\" \/>\n<meta property=\"og:image\" content=\"https:\/\/www.phase-6.de\/magazin\/wp-content\/uploads\/2020\/01\/6_Header_Gute_Lehrkraft.jpg\" \/>\n\t<meta property=\"og:image:width\" content=\"1080\" \/>\n\t<meta property=\"og:image:height\" content=\"675\" \/>\n\t<meta property=\"og:image:type\" content=\"image\/jpeg\" \/>\n<meta name=\"author\" content=\"Rebecca\" \/>\n<meta name=\"twitter:card\" content=\"summary_large_image\" \/>\n<meta name=\"twitter:label1\" content=\"Verfasst von\" \/>\n\t<meta name=\"twitter:data1\" content=\"Rebecca\" \/>\n\t<meta name=\"twitter:label2\" content=\"Gesch\u00e4tzte Lesezeit\" \/>\n\t<meta name=\"twitter:data2\" content=\"13\u00a0Minuten\" \/>\n<script type=\"application\/ld+json\" class=\"yoast-schema-graph\">{\"@context\":\"https:\/\/schema.org\",\"@graph\":[{\"@type\":\"Article\",\"@id\":\"https:\/\/www.phase-6.de\/magazin\/fuer-lehrkraefte\/themen\/bildungssystem\/was-macht-eine-gute-lehrkraft-aus\/#article\",\"isPartOf\":{\"@id\":\"https:\/\/www.phase-6.de\/magazin\/fuer-lehrkraefte\/themen\/bildungssystem\/was-macht-eine-gute-lehrkraft-aus\/\"},\"author\":{\"name\":\"Rebecca\",\"@id\":\"https:\/\/www.phase-6.de\/magazin\/#\/schema\/person\/c79e16a5e9f43034e7a9f1876f3e96d4\"},\"headline\":\"Die perfekte Lehrkraft &#8211; Nachgefragt!\",\"datePublished\":\"2020-01-03T09:19:36+00:00\",\"dateModified\":\"2020-03-10T14:07:57+00:00\",\"mainEntityOfPage\":{\"@id\":\"https:\/\/www.phase-6.de\/magazin\/fuer-lehrkraefte\/themen\/bildungssystem\/was-macht-eine-gute-lehrkraft-aus\/\"},\"wordCount\":2669,\"publisher\":{\"@id\":\"https:\/\/www.phase-6.de\/magazin\/#organization\"},\"image\":{\"@id\":\"https:\/\/www.phase-6.de\/magazin\/fuer-lehrkraefte\/themen\/bildungssystem\/was-macht-eine-gute-lehrkraft-aus\/#primaryimage\"},\"thumbnailUrl\":\"https:\/\/www.phase-6.de\/magazin\/wp-content\/uploads\/2020\/01\/6_Header_Gute_Lehrkraft.jpg\",\"keywords\":[\"F\u00fcr Lehrkr\u00e4fte\"],\"articleSection\":[\"Bildungssystem\",\"Methodik &amp; Didaktik\"],\"inLanguage\":\"de\"},{\"@type\":\"WebPage\",\"@id\":\"https:\/\/www.phase-6.de\/magazin\/fuer-lehrkraefte\/themen\/bildungssystem\/was-macht-eine-gute-lehrkraft-aus\/\",\"url\":\"https:\/\/www.phase-6.de\/magazin\/fuer-lehrkraefte\/themen\/bildungssystem\/was-macht-eine-gute-lehrkraft-aus\/\",\"name\":\"Die perfekte Lehrkraft - Nachgefragt! - phase6 Magazin\",\"isPartOf\":{\"@id\":\"https:\/\/www.phase-6.de\/magazin\/#website\"},\"primaryImageOfPage\":{\"@id\":\"https:\/\/www.phase-6.de\/magazin\/fuer-lehrkraefte\/themen\/bildungssystem\/was-macht-eine-gute-lehrkraft-aus\/#primaryimage\"},\"image\":{\"@id\":\"https:\/\/www.phase-6.de\/magazin\/fuer-lehrkraefte\/themen\/bildungssystem\/was-macht-eine-gute-lehrkraft-aus\/#primaryimage\"},\"thumbnailUrl\":\"https:\/\/www.phase-6.de\/magazin\/wp-content\/uploads\/2020\/01\/6_Header_Gute_Lehrkraft.jpg\",\"datePublished\":\"2020-01-03T09:19:36+00:00\",\"dateModified\":\"2020-03-10T14:07:57+00:00\",\"description\":\"Nachgefragt! Wie meistern andere Lehrkr\u00e4fte den Schulalltag? Antworten von Lehrenden zu \u2713 Methodik & Didaktik \u2713 Work-Life-Balance \u2713 Bildungssystem\",\"breadcrumb\":{\"@id\":\"https:\/\/www.phase-6.de\/magazin\/fuer-lehrkraefte\/themen\/bildungssystem\/was-macht-eine-gute-lehrkraft-aus\/#breadcrumb\"},\"inLanguage\":\"de\",\"potentialAction\":[{\"@type\":\"ReadAction\",\"target\":[\"https:\/\/www.phase-6.de\/magazin\/fuer-lehrkraefte\/themen\/bildungssystem\/was-macht-eine-gute-lehrkraft-aus\/\"]}]},{\"@type\":\"ImageObject\",\"inLanguage\":\"de\",\"@id\":\"https:\/\/www.phase-6.de\/magazin\/fuer-lehrkraefte\/themen\/bildungssystem\/was-macht-eine-gute-lehrkraft-aus\/#primaryimage\",\"url\":\"https:\/\/www.phase-6.de\/magazin\/wp-content\/uploads\/2020\/01\/6_Header_Gute_Lehrkraft.jpg\",\"contentUrl\":\"https:\/\/www.phase-6.de\/magazin\/wp-content\/uploads\/2020\/01\/6_Header_Gute_Lehrkraft.jpg\",\"width\":1080,\"height\":675,\"caption\":\"Was macht eine gute Lehrkraft aus?\"},{\"@type\":\"BreadcrumbList\",\"@id\":\"https:\/\/www.phase-6.de\/magazin\/fuer-lehrkraefte\/themen\/bildungssystem\/was-macht-eine-gute-lehrkraft-aus\/#breadcrumb\",\"itemListElement\":[{\"@type\":\"ListItem\",\"position\":1,\"name\":\"Startseite\",\"item\":\"https:\/\/www.phase-6.de\/magazin\/\"},{\"@type\":\"ListItem\",\"position\":2,\"name\":\"Die perfekte Lehrkraft &#8211; Nachgefragt!\"}]},{\"@type\":\"WebSite\",\"@id\":\"https:\/\/www.phase-6.de\/magazin\/#website\",\"url\":\"https:\/\/www.phase-6.de\/magazin\/\",\"name\":\"phase6 Magazin\",\"description\":\"Das Magazin f\u00fcr Sprache, Lernen &amp; Lehren\",\"publisher\":{\"@id\":\"https:\/\/www.phase-6.de\/magazin\/#organization\"},\"potentialAction\":[{\"@type\":\"SearchAction\",\"target\":{\"@type\":\"EntryPoint\",\"urlTemplate\":\"https:\/\/www.phase-6.de\/magazin\/?s={search_term_string}\"},\"query-input\":{\"@type\":\"PropertyValueSpecification\",\"valueRequired\":true,\"valueName\":\"search_term_string\"}}],\"inLanguage\":\"de\"},{\"@type\":\"Organization\",\"@id\":\"https:\/\/www.phase-6.de\/magazin\/#organization\",\"name\":\"phase-6 GmbH\",\"url\":\"https:\/\/www.phase-6.de\/magazin\/\",\"logo\":{\"@type\":\"ImageObject\",\"inLanguage\":\"de\",\"@id\":\"https:\/\/www.phase-6.de\/magazin\/#\/schema\/logo\/image\/\",\"url\":\"https:\/\/www.phase-6.de\/magazin\/wp-content\/uploads\/2017\/07\/phase6_logo2017.png\",\"contentUrl\":\"https:\/\/www.phase-6.de\/magazin\/wp-content\/uploads\/2017\/07\/phase6_logo2017.png\",\"width\":709,\"height\":200,\"caption\":\"phase-6 GmbH\"},\"image\":{\"@id\":\"https:\/\/www.phase-6.de\/magazin\/#\/schema\/logo\/image\/\"},\"sameAs\":[\"https:\/\/www.facebook.com\/phase6.de\/\",\"https:\/\/de.wikipedia.org\/wiki\/Phase6\"]},{\"@type\":\"Person\",\"@id\":\"https:\/\/www.phase-6.de\/magazin\/#\/schema\/person\/c79e16a5e9f43034e7a9f1876f3e96d4\",\"name\":\"Rebecca\",\"url\":\"https:\/\/www.phase-6.de\/magazin\/author\/rebecca\/\"}]}<\/script>\n<!-- \/ Yoast SEO plugin. -->","yoast_head_json":{"title":"Die perfekte Lehrkraft - Nachgefragt! - phase6 Magazin","description":"Nachgefragt! Wie meistern andere Lehrkr\u00e4fte den Schulalltag? Antworten von Lehrenden zu \u2713 Methodik & Didaktik \u2713 Work-Life-Balance \u2713 Bildungssystem","robots":{"index":"index","follow":"follow","max-snippet":"max-snippet:-1","max-image-preview":"max-image-preview:large","max-video-preview":"max-video-preview:-1"},"canonical":"https:\/\/www.phase-6.de\/magazin\/fuer-lehrkraefte\/themen\/bildungssystem\/was-macht-eine-gute-lehrkraft-aus\/","og_locale":"de_DE","og_type":"article","og_title":"Die perfekte Lehrkraft - Nachgefragt! - phase6 Magazin","og_description":"Nachgefragt! Wie meistern andere Lehrkr\u00e4fte den Schulalltag? Antworten von Lehrenden zu \u2713 Methodik & Didaktik \u2713 Work-Life-Balance \u2713 Bildungssystem","og_url":"https:\/\/www.phase-6.de\/magazin\/fuer-lehrkraefte\/themen\/bildungssystem\/was-macht-eine-gute-lehrkraft-aus\/","og_site_name":"phase6 Magazin","article_publisher":"https:\/\/www.facebook.com\/phase6.de\/","article_published_time":"2020-01-03T09:19:36+00:00","article_modified_time":"2020-03-10T14:07:57+00:00","og_image":[{"width":1080,"height":675,"url":"https:\/\/www.phase-6.de\/magazin\/wp-content\/uploads\/2020\/01\/6_Header_Gute_Lehrkraft.jpg","type":"image\/jpeg"}],"author":"Rebecca","twitter_card":"summary_large_image","twitter_misc":{"Verfasst von":"Rebecca","Gesch\u00e4tzte Lesezeit":"13\u00a0Minuten"},"schema":{"@context":"https:\/\/schema.org","@graph":[{"@type":"Article","@id":"https:\/\/www.phase-6.de\/magazin\/fuer-lehrkraefte\/themen\/bildungssystem\/was-macht-eine-gute-lehrkraft-aus\/#article","isPartOf":{"@id":"https:\/\/www.phase-6.de\/magazin\/fuer-lehrkraefte\/themen\/bildungssystem\/was-macht-eine-gute-lehrkraft-aus\/"},"author":{"name":"Rebecca","@id":"https:\/\/www.phase-6.de\/magazin\/#\/schema\/person\/c79e16a5e9f43034e7a9f1876f3e96d4"},"headline":"Die perfekte Lehrkraft &#8211; Nachgefragt!","datePublished":"2020-01-03T09:19:36+00:00","dateModified":"2020-03-10T14:07:57+00:00","mainEntityOfPage":{"@id":"https:\/\/www.phase-6.de\/magazin\/fuer-lehrkraefte\/themen\/bildungssystem\/was-macht-eine-gute-lehrkraft-aus\/"},"wordCount":2669,"publisher":{"@id":"https:\/\/www.phase-6.de\/magazin\/#organization"},"image":{"@id":"https:\/\/www.phase-6.de\/magazin\/fuer-lehrkraefte\/themen\/bildungssystem\/was-macht-eine-gute-lehrkraft-aus\/#primaryimage"},"thumbnailUrl":"https:\/\/www.phase-6.de\/magazin\/wp-content\/uploads\/2020\/01\/6_Header_Gute_Lehrkraft.jpg","keywords":["F\u00fcr Lehrkr\u00e4fte"],"articleSection":["Bildungssystem","Methodik &amp; Didaktik"],"inLanguage":"de"},{"@type":"WebPage","@id":"https:\/\/www.phase-6.de\/magazin\/fuer-lehrkraefte\/themen\/bildungssystem\/was-macht-eine-gute-lehrkraft-aus\/","url":"https:\/\/www.phase-6.de\/magazin\/fuer-lehrkraefte\/themen\/bildungssystem\/was-macht-eine-gute-lehrkraft-aus\/","name":"Die perfekte Lehrkraft - Nachgefragt! - phase6 Magazin","isPartOf":{"@id":"https:\/\/www.phase-6.de\/magazin\/#website"},"primaryImageOfPage":{"@id":"https:\/\/www.phase-6.de\/magazin\/fuer-lehrkraefte\/themen\/bildungssystem\/was-macht-eine-gute-lehrkraft-aus\/#primaryimage"},"image":{"@id":"https:\/\/www.phase-6.de\/magazin\/fuer-lehrkraefte\/themen\/bildungssystem\/was-macht-eine-gute-lehrkraft-aus\/#primaryimage"},"thumbnailUrl":"https:\/\/www.phase-6.de\/magazin\/wp-content\/uploads\/2020\/01\/6_Header_Gute_Lehrkraft.jpg","datePublished":"2020-01-03T09:19:36+00:00","dateModified":"2020-03-10T14:07:57+00:00","description":"Nachgefragt! Wie meistern andere Lehrkr\u00e4fte den Schulalltag? Antworten von Lehrenden zu \u2713 Methodik & Didaktik \u2713 Work-Life-Balance \u2713 Bildungssystem","breadcrumb":{"@id":"https:\/\/www.phase-6.de\/magazin\/fuer-lehrkraefte\/themen\/bildungssystem\/was-macht-eine-gute-lehrkraft-aus\/#breadcrumb"},"inLanguage":"de","potentialAction":[{"@type":"ReadAction","target":["https:\/\/www.phase-6.de\/magazin\/fuer-lehrkraefte\/themen\/bildungssystem\/was-macht-eine-gute-lehrkraft-aus\/"]}]},{"@type":"ImageObject","inLanguage":"de","@id":"https:\/\/www.phase-6.de\/magazin\/fuer-lehrkraefte\/themen\/bildungssystem\/was-macht-eine-gute-lehrkraft-aus\/#primaryimage","url":"https:\/\/www.phase-6.de\/magazin\/wp-content\/uploads\/2020\/01\/6_Header_Gute_Lehrkraft.jpg","contentUrl":"https:\/\/www.phase-6.de\/magazin\/wp-content\/uploads\/2020\/01\/6_Header_Gute_Lehrkraft.jpg","width":1080,"height":675,"caption":"Was macht eine gute Lehrkraft aus?"},{"@type":"BreadcrumbList","@id":"https:\/\/www.phase-6.de\/magazin\/fuer-lehrkraefte\/themen\/bildungssystem\/was-macht-eine-gute-lehrkraft-aus\/#breadcrumb","itemListElement":[{"@type":"ListItem","position":1,"name":"Startseite","item":"https:\/\/www.phase-6.de\/magazin\/"},{"@type":"ListItem","position":2,"name":"Die perfekte Lehrkraft &#8211; Nachgefragt!"}]},{"@type":"WebSite","@id":"https:\/\/www.phase-6.de\/magazin\/#website","url":"https:\/\/www.phase-6.de\/magazin\/","name":"phase6 Magazin","description":"Das Magazin f\u00fcr Sprache, Lernen &amp; Lehren","publisher":{"@id":"https:\/\/www.phase-6.de\/magazin\/#organization"},"potentialAction":[{"@type":"SearchAction","target":{"@type":"EntryPoint","urlTemplate":"https:\/\/www.phase-6.de\/magazin\/?s={search_term_string}"},"query-input":{"@type":"PropertyValueSpecification","valueRequired":true,"valueName":"search_term_string"}}],"inLanguage":"de"},{"@type":"Organization","@id":"https:\/\/www.phase-6.de\/magazin\/#organization","name":"phase-6 GmbH","url":"https:\/\/www.phase-6.de\/magazin\/","logo":{"@type":"ImageObject","inLanguage":"de","@id":"https:\/\/www.phase-6.de\/magazin\/#\/schema\/logo\/image\/","url":"https:\/\/www.phase-6.de\/magazin\/wp-content\/uploads\/2017\/07\/phase6_logo2017.png","contentUrl":"https:\/\/www.phase-6.de\/magazin\/wp-content\/uploads\/2017\/07\/phase6_logo2017.png","width":709,"height":200,"caption":"phase-6 GmbH"},"image":{"@id":"https:\/\/www.phase-6.de\/magazin\/#\/schema\/logo\/image\/"},"sameAs":["https:\/\/www.facebook.com\/phase6.de\/","https:\/\/de.wikipedia.org\/wiki\/Phase6"]},{"@type":"Person","@id":"https:\/\/www.phase-6.de\/magazin\/#\/schema\/person\/c79e16a5e9f43034e7a9f1876f3e96d4","name":"Rebecca","url":"https:\/\/www.phase-6.de\/magazin\/author\/rebecca\/"}]}},"_links":{"self":[{"href":"https:\/\/www.phase-6.de\/magazin\/wp-json\/wp\/v2\/posts\/5773","targetHints":{"allow":["GET"]}}],"collection":[{"href":"https:\/\/www.phase-6.de\/magazin\/wp-json\/wp\/v2\/posts"}],"about":[{"href":"https:\/\/www.phase-6.de\/magazin\/wp-json\/wp\/v2\/types\/post"}],"author":[{"embeddable":true,"href":"https:\/\/www.phase-6.de\/magazin\/wp-json\/wp\/v2\/users\/11"}],"replies":[{"embeddable":true,"href":"https:\/\/www.phase-6.de\/magazin\/wp-json\/wp\/v2\/comments?post=5773"}],"version-history":[{"count":0,"href":"https:\/\/www.phase-6.de\/magazin\/wp-json\/wp\/v2\/posts\/5773\/revisions"}],"wp:featuredmedia":[{"embeddable":true,"href":"https:\/\/www.phase-6.de\/magazin\/wp-json\/wp\/v2\/media\/6295"}],"wp:attachment":[{"href":"https:\/\/www.phase-6.de\/magazin\/wp-json\/wp\/v2\/media?parent=5773"}],"wp:term":[{"taxonomy":"category","embeddable":true,"href":"https:\/\/www.phase-6.de\/magazin\/wp-json\/wp\/v2\/categories?post=5773"},{"taxonomy":"post_tag","embeddable":true,"href":"https:\/\/www.phase-6.de\/magazin\/wp-json\/wp\/v2\/tags?post=5773"}],"curies":[{"name":"wp","href":"https:\/\/api.w.org\/{rel}","templated":true}]}}