{"id":5806,"date":"2020-04-15T09:00:53","date_gmt":"2020-04-15T09:00:53","guid":{"rendered":"https:\/\/www.phase-6.de\/magazin\/?p=5806"},"modified":"2020-03-10T14:02:57","modified_gmt":"2020-03-10T14:02:57","slug":"irrtuemer-ueber-den-lehrberuf","status":"publish","type":"post","link":"https:\/\/www.phase-6.de\/magazin\/fuer-lehrkraefte\/work-life-balance\/irrtuemer-ueber-den-lehrberuf-nachgefragt\/","title":{"rendered":"Irrt\u00fcmer \u00fcber den Lehrberuf &#8211; Nachgefragt!"},"content":{"rendered":"[et_pb_section fb_built=&#8220;1&#8243; _builder_version=&#8220;3.22&#8243;][et_pb_row _builder_version=&#8220;3.25&#8243; background_size=&#8220;initial&#8220; background_position=&#8220;top_left&#8220; background_repeat=&#8220;repeat&#8220; saved_tabs=&#8220;all&#8220;][et_pb_column type=&#8220;4_4&#8243; _builder_version=&#8220;3.25&#8243; custom_padding=&#8220;|||&#8220; custom_padding__hover=&#8220;|||&#8220;][et_pb_text _builder_version=&#8220;4.0.4&#8243; border_style=&#8220;solid&#8220;]\n<p><span style=\"font-weight: 400;\">Als Lehrkraft geh\u00f6rt es zu Ihrem Job, t\u00e4glich unz\u00e4hlige Fragen von Lernenden zu beantworten. Das Antworten und Erl\u00e4utern geh\u00f6rt sozusagen zu Ihren Kernkompetenzen. Genau diese wollen wir nutzen &#8211; nur stellen hier nicht die Sch\u00fclerinnen und Sch\u00fcler die Fragen, sondern Erwachsene.<\/span><\/p>\n<p><span style=\"font-weight: 400;\">Sie selbst wissen, wie wichtig der regelm\u00e4\u00dfige Austausch im Kollegium f\u00fcr Ihre pers\u00f6nliche Entwicklung ist. Mit der Serie \u201cNachgefragt!\u201d m\u00f6chte phase6 Lehramtsstudierenden, Personen im Referendariat und ausgebildeten Lehrkr\u00e4ften eine Plattform bieten, in der ein <\/span>Austausch \u00fcber essentielle Fragen zum Lehrberuf <span style=\"font-weight: 400;\">stattfinden kann.\u00a0<\/span><\/p>\n<p style=\"text-align: center;\"><strong>Wir fragen &#8211; Lehrkr\u00e4fte antworten. Dieses Mal zur Frage:<\/strong><\/p>\n<h2 style=\"text-align: center;\">&#8222;Was sind die gr\u00f6\u00dften Irrt\u00fcmer \u00fcber den Lehrberuf?&#8220;<\/h2>\n<p>&nbsp;<\/p>\n[\/et_pb_text][et_pb_testimonial portrait_url=&#8220;https:\/\/www.phase-6.de\/magazin\/wp-content\/uploads\/2019\/07\/201907_GB-LM-Lydia_Foto-1-e1564401978663.jpg&#8220; quote_icon_color=&#8220;#5e5e5d&#8220; quote_icon_background_color=&#8220;#ffffff&#8220; portrait_width=&#8220;130&#8243; portrait_height=&#8220;130&#8243; admin_label=&#8220;Lydia&#8220; _builder_version=&#8220;4.0.4&#8243; background_color=&#8220;#ffffff&#8220; custom_margin=&#8220;80px||80px||true|false&#8220; border_width_all=&#8220;4px&#8220; border_color_all=&#8220;#f2f4f4&#8243; border_style_all=&#8220;solid&#8220; border_radii_portrait=&#8220;on|70px|70px|70px|70px&#8220; use_border_color=&#8220;on&#8220; border_color=&#8220;#f2f4f4&#8243; border_width=&#8220;4px&#8220; border_style=&#8220;solid&#8220; portrait_border_radius=&#8220;70&#8243;]\n<p><span style=\"font-size: 14pt; color: #fc7c00;\"><strong>Lydia<\/strong> unterrichtet Englisch und Franz\u00f6sisch an einer Berliner Grundschule.<\/span><\/p>\n<p>Das gr\u00f6\u00dfte Klischee ist wohl, dass Lehrkr\u00e4fte nachmittags frei haben und s\u00e4mtliche Wochen Ferien pro Jahr im Urlaub verbringen k\u00f6nnen. Dieser Auffassung kann ich so nicht zustimmen! Der Unterricht endet zwar f\u00fcr viele Lehrkr\u00e4fte bereits am Nachmittag, doch darf nicht vergessen werden, dass es anschlie\u00dfend noch Unterricht vorzubereiten gibt und Klassenarbeiten zu korrigieren sind. Besonders in der Oberstufe ist der <strong>Korrekturaufwand<\/strong> enorm und beansprucht lange Abende oder auch mehrere Wochenenden.\u00a0<\/p>\n<p>Man sollte meinen, dass man sp\u00e4testens nach ein paar Jahren im Lehrberuf einen guten Fundus an Unterrichtsmaterial gesammelt hat, was auch stimmt, jedoch konzipiert eine gute Lehrkraft ihren Unterricht entsprechend ihrer Lerngruppe, welche von Jahr zu Jahr anders ist. Nicht alle Methoden, Aufgaben, Tests und Themen kann ich also 1-zu-1 \u00fcbernehmen, sondern passe sie immer wieder neu an. Bei der Unterrichtsplanung ist es wichtig, mit der Zeit zu gehen, aktuelle Themen aufzugreifen und die Klasse stets im Blick zu behalten. Es muss im Voraus geplant und Material gesichtet werden. Diese Zeit nehme ich mir, wie viele Lehrkr\u00e4fte, oft in den <strong>Ferien, um das neue Schuljahr vorzubereiten<\/strong>. Die einzelnen Stunden werden abends oder am Wochenende ausf\u00fchrlicher geplant.<\/p>\n<p>Nebenbei kommen weitere Verpflichtungen hinzu, wie z.B. <strong>Konferenzen, Schulfeste, Fortbildungen und Elterngespr\u00e4che<\/strong>, welche in der Regel au\u00dferhalb des Unterrichts stattfinden. Die Klassenleitung hat nat\u00fcrlich noch viel mehr organisatorische Aufgaben (Beratungsgespr\u00e4che, Zeugnisse schreiben, Klassenfahrten planen und durchf\u00fchren) und steht immer im engen Austausch mit den Eltern und dem Kollegium &#8211; auch nach dem Feierabend.<\/p>\n<p>Nat\u00fcrlich gibt es Ausnahmen, aber viele Lehrkr\u00e4fte sind auch am Abend, am Wochenende oder in den Ferien mit schulischen Angelegenheiten besch\u00e4ftigt. Diese T\u00e4tigkeiten werden von Au\u00dfenstehenden jedoch kaum wahrgenommen.<\/p>\n[\/et_pb_testimonial][et_pb_testimonial portrait_url=&#8220;https:\/\/www.phase-6.de\/magazin\/wp-content\/uploads\/2019\/11\/Gastautorin-Kim-Eva-Edited-e1571143780667.jpg&#8220; quote_icon_color=&#8220;#5e5e5d&#8220; quote_icon_background_color=&#8220;#ffffff&#8220; portrait_width=&#8220;130&#8243; portrait_height=&#8220;130&#8243; admin_label=&#8220;Kim&#8220; _builder_version=&#8220;4.0.4&#8243; background_color=&#8220;#ffffff&#8220; custom_margin=&#8220;80px||80px||true|false&#8220; border_width_all=&#8220;4px&#8220; border_color_all=&#8220;#f2f4f4&#8243; border_style_all=&#8220;solid&#8220; border_radii_portrait=&#8220;on|70px|70px|70px|70px&#8220; use_border_color=&#8220;on&#8220; border_color=&#8220;#f2f4f4&#8243; border_width=&#8220;4px&#8220; border_style=&#8220;solid&#8220; portrait_border_radius=&#8220;70&#8243;]\n<p><span style=\"font-size: 14pt; color: #fc7c00;\"><strong>Kim<\/strong> unterrichtet die F\u00e4cher Deutsch und Arbeitslehre an einer integrierten Gesamtschule in Hessen.<\/span><\/p>\n<p><i>\u201eLehrer haben vormittags recht und nachmittags frei.\u201c <\/i>Dieser nimmerm\u00fcde Spruch stammt bestimmt aus den 60er Jahren, als Lehrer noch Kinder an den Ohren hochziehen oder deren M\u00e4ppchen aus dem Fenster schmei\u00dfen durften. Dass die Realit\u00e4t heute ganz anders aussieht, wissen wir wohl alle: Nachmittagsunterricht ist unser t\u00e4gliches Brot, wenn der nicht ist, ist Konferenz oder Dienstversammlung.<\/p>\n<p>Gerade Klassenlehrerinnen und -lehrer wissen, dass der Lehrberuf durchaus anstrengend und teilweise \u00fcber die Ma\u00dfen fordernd ist. <b>Mir platzt die Hutschnur, wenn ich h\u00f6re, dass Lehrkr\u00e4fte \u00fcberbezahlt seien und 12 Wochen Ferien im Jahr haben.<\/b> \u201eUnterrichtsfreie Zeit\u201c passt da wohl eher, denn arbeiten m\u00fcssen wir auch in den Ferien, wenn auch nicht in der Schule.<\/p>\n<p>Wir seien daran schuld, dass die Kinder nichts lernen, dass sie sich nicht benehmen k\u00f6nnen, dass sie nichts wollen. Wir w\u00fcrden doch super bezahlt und leisten daf\u00fcr zu wenig. Landl\u00e4ufige Meinungen. Biete ich aber jemanden an, mal eine Woche mit mir den Job zu tauschen, m\u00f6chte das dann doch keiner. Auch Ausbildende fragen in Gespr\u00e4chen, was wir denn den Kindern beibringen, die k\u00f6nnten ja heute viel weniger als fr\u00fcher.<\/p>\n<p>Ich h\u00f6re aber auch viele Stimmen, die sagen:<i> \u201eIch m\u00f6chte nicht mit Ihnen tauschen, das muss doch heute die H\u00f6lle sein!\u201c <\/i>Ist es auch, manchmal zumindest. Ich wollte eigentlich niemals Lehrerin werden, da ich meine Praktika in einem 10. Hauptschuljahr an einer Brennpunktschule absolviert hatte. Das ist 20 Jahre her und ich fand die Jugendlichen damals ganz furchtbar. Heute wei\u00df ich: Die waren gar nicht so schlimm!<\/p>\n<p>Nach Kindererziehungszeiten bin ich mit 37 Jahren recht sp\u00e4t ins Referendariat gerutscht, stellte aber schnell fest, dass das mein Beruf ist. Was ich von dem, <strong>was ich damals an der Uni gelernt habe<\/strong>, f\u00fcr diesen Beruf brauchen konnte, habe ich bis heute nicht verstanden. Theoretischer Kram, den ich in der Praxis nicht brauchen kann. Noch heute h\u00f6re ich von Lehramtskandidaten, dass das gr\u00f6\u00dftenteils immer noch so ist. Mehr Praxissemester w\u00e4ren sicher sinnvoll.<\/p>\n<p>Nat\u00fcrlich hatte ich gehofft, dass das oben genannte Sprichwort stimmt und ich vormittags in die Schule gehe und nachmittags frei habe. Hat auch ein paar Jahre funktioniert, bis die Ganztagsschulen kamen. Heute habe ich zweimal in der Woche <strong>Nachmittagsunterricht<\/strong> und am Tag dazwischen <strong>Konferenz<\/strong>. Dazu kommen <strong>Elterngespr\u00e4che<\/strong> nach Dienstschluss, <strong>Besuche beim Jugendamt, der Polizei oder anderer Stellen<\/strong>. Abends noch ein paar <strong>Telefonate<\/strong> mit Eltern oder Kollegen, <strong>Korrekturen, Wettbewerbsteilnahmen<\/strong> organisieren, dann ist irgendwann Feierabend, der zur <strong>Unterrichtsvorbereitung<\/strong> genutzt werden muss, weil sonst keine Zeit bleibt. Klassenlehrerinnen und -lehrer sind hier \u00fcbrigens besonders belastet und sollten daher auch besser bezahlt werden.<\/p>\n<p>Der Lehrberuf an sich ist sicher noch attraktiv, hat sich aber in den letzten Jahren sehr ver\u00e4ndert, was die Belastung beziehungsweise \u00dcberlastung der Lehrkr\u00e4fte angeht.\u00a0<\/p>\n[\/et_pb_testimonial][et_pb_testimonial portrait_url=&#8220;https:\/\/www.phase-6.de\/magazin\/wp-content\/uploads\/2019\/07\/201907_GB-LM-Franziska_Foto-e1563236855583.jpg&#8220; quote_icon_color=&#8220;#5e5e5d&#8220; quote_icon_background_color=&#8220;#ffffff&#8220; portrait_width=&#8220;130&#8243; portrait_height=&#8220;130&#8243; admin_label=&#8220;Franziska&#8220; _builder_version=&#8220;4.0.4&#8243; background_color=&#8220;#ffffff&#8220; custom_margin=&#8220;80px||80px||true|false&#8220; hover_enabled=&#8220;0&#8243; border_width_all=&#8220;4px&#8220; border_color_all=&#8220;#f2f4f4&#8243; border_style_all=&#8220;solid&#8220; border_radii_portrait=&#8220;on|70px|70px|70px|70px&#8220; use_border_color=&#8220;on&#8220; border_color=&#8220;#f2f4f4&#8243; border_width=&#8220;4px&#8220; border_style=&#8220;solid&#8220; portrait_border_radius=&#8220;70&#8243;]\n<p><span style=\"font-size: 14pt; color: #fc7c00;\"><strong>Franziska <\/strong>unterrichtet seit August 2019 an einem Berliner Gymnasium Englisch und Deutsch.<\/span><\/p>\n<p><span style=\"font-weight: 400;\">Die in meinen Augen zwei gr\u00f6\u00dften (und auch unfairsten) Irrt\u00fcmer \u00fcber den Lehrberuf <\/span><span style=\"font-weight: 400;\">manifestieren sich tagein, tagaus in zwei Aussagen:<\/span><\/p>\n<ol>\n<li><strong> \u201eLehrkr\u00e4fte m\u00fcssen zwar fr\u00fch aufstehen, aber haben daf\u00fcr ja auch immer fr\u00fch Schluss.\u201c<\/strong><\/li>\n<li><strong> \u201eDie ersten Jahre muss man viel vorbereiten, aber dann kann man ja alles wiederverwenden.\u201c<\/strong><\/li>\n<\/ol>\n<p><span style=\"font-weight: 400;\">Warum gerade diese beiden Annahmen so unfair sind? Zum einen beginnt das Lehrkr\u00e4fte-Dasein weder erst mit dem Betreten des Schulgeb\u00e4udes noch endet es mit Unterrichtsschluss nach Stundenplan. Viele Lehrkr\u00e4fte sind schon lange vor dem eigentlichen Unterrichtsbeginn bzw. noch bis in die Abendstunden in der Schule, um Unterricht vor- und nachzubereiten, an Konferenzen teilzunehmen, Elterngespr\u00e4che zu f\u00fchren, Akten von Lernenden zu w\u00e4lzen oder schlichtweg, um Klassenarbeiten und Klausuren zu korrigieren.\u00a0<\/span><\/p>\n<p><span style=\"font-weight: 400;\">Die Besch\u00e4ftigung mit Schule und Unterricht in der Freizeit mag vielen wie ein Mythos der \u00fcberaus ambitionierten Lehrkraft vorkommen, ist aber &#8211; zumindest meinem Empfinden nach &#8211; in mindestens 75% der F\u00e4lle Realit\u00e4t.\u00a0<\/span><\/p>\n<p><span style=\"font-weight: 400;\">Zum anderen mag es zwar stimmen, dass die ersten Jahre im Hinblick auf die Materialbeschaffung am aufwendigsten sind, jedoch \u00e4ndern sich sowohl Unterrichtsmethoden als auch die Rahmenlehrpl\u00e4ne und Schwerpunktthemen immer wieder. Somit erfordert der Lehrberuf nat\u00fcrlich auch, sich \u00fcber \u00c4nderungen zu informieren und im <\/span><span style=\"font-weight: 400;\">Zuge dessen das bereits erstellte Material zu modifizieren, sofern man dieses \u00fcberhaupt <\/span><span style=\"font-weight: 400;\">noch gebrauchen kann.<\/span><\/p>\n[\/et_pb_testimonial][et_pb_blurb title=&#8220;Und was ist mit Ihnen?&#8220; use_icon=&#8220;on&#8220; font_icon=&#8220;%%83%%&#8220; icon_color=&#8220;#FC7C00&#8243; use_icon_font_size=&#8220;on&#8220; icon_font_size=&#8220;67px&#8220; _builder_version=&#8220;4.0.4&#8243; header_font=&#8220;|700|||||||&#8220; background_color=&#8220;#f2f4f4&#8243; custom_margin=&#8220;80px|40px|20px|40px|false|false&#8220; custom_padding=&#8220;40px|20px|40px|20px|false|false&#8220; border_style=&#8220;solid&#8220;]\n<p>Wie w\u00fcrden Sie die oben stehenden Fragen f\u00fcr sich beantworten? Die Antworten der Autorinnen und Autoren spiegeln ihre jeweiligen Erfahrungen und Standpunkte wider. Vielleicht haben Sie eine ganz andere Perspektive auf die Dinge oder gar gegenteilige Erfahrungen gemacht. Falls Sie weitere Anmerkungen, konstruktives Feedback oder Fragen zum Beitrag haben, schreiben Sie uns gerne \u00fcber das\u00a0Kontaktformular ganz unten auf der Seite.<\/p>\n<p><span style=\"font-weight: 400;\">Lesen Sie auch die Antworten zu anderen Fragen der Serie:<\/span><\/p>\n<p><span style=\"display: inline !important; float: none; background-color: #ffffff; color: #333333; cursor: text; font-family: Georgia,'Times New Roman','Bitstream Charter',Times,serif; font-size: 16px; font-style: normal; font-variant: normal; font-weight: 400; letter-spacing: normal; orphans: 2; text-align: left; text-decoration: none; text-indent: 0px; text-transform: none; -webkit-text-stroke-width: 0px; white-space: normal; word-spacing: 0px;\">\n\n<div class=\"su-posts su-posts-teaser-loop \">\n\n\t\t\t\t\t\t\n\t\t\t\n\t\t\t<div id=\"su-post-5806\" class=\"su-post \">\n\t\t\t\t\t\t\t\t\t<a class=\"su-post-thumbnail\" href=\"https:\/\/www.phase-6.de\/magazin\/fuer-lehrkraefte\/work-life-balance\/irrtuemer-ueber-den-lehrberuf-nachgefragt\/\"><img width=\"1080\" height=\"675\" src=\"https:\/\/www.phase-6.de\/magazin\/wp-content\/uploads\/2019\/11\/irrt\u00fcmer_lehrer.png\" class=\"attachment-post-thumbnail size-post-thumbnail wp-post-image\" alt=\"Irrt\u00fcmer \u00fcber den Beruf als Lehrer\" srcset=\"https:\/\/www.phase-6.de\/magazin\/wp-content\/uploads\/2019\/11\/irrt\u00fcmer_lehrer.png 1080w, https:\/\/www.phase-6.de\/magazin\/wp-content\/uploads\/2019\/11\/irrt\u00fcmer_lehrer-300x188.png 300w, https:\/\/www.phase-6.de\/magazin\/wp-content\/uploads\/2019\/11\/irrt\u00fcmer_lehrer-1024x640.png 1024w, https:\/\/www.phase-6.de\/magazin\/wp-content\/uploads\/2019\/11\/irrt\u00fcmer_lehrer-768x480.png 768w, https:\/\/www.phase-6.de\/magazin\/wp-content\/uploads\/2019\/11\/irrt\u00fcmer_lehrer-400x250.png 400w\" sizes=\"(max-width: 1080px) 100vw, 1080px\" loading=\"lazy\" decoding=\"async\" \/><\/a>\n\t\t\t\t\t\t\t\t<h2 class=\"su-post-title\"><a href=\"https:\/\/www.phase-6.de\/magazin\/fuer-lehrkraefte\/work-life-balance\/irrtuemer-ueber-den-lehrberuf-nachgefragt\/\">Irrt\u00fcmer \u00fcber den Lehrberuf &#8211; Nachgefragt!<\/a><\/h2>\n\t\t\t<\/div>\n\n\t\t\t\t\t\n\t\t\t\n\t\t\t<div id=\"su-post-5773\" class=\"su-post \">\n\t\t\t\t\t\t\t\t\t<a class=\"su-post-thumbnail\" href=\"https:\/\/www.phase-6.de\/magazin\/fuer-lehrkraefte\/themen\/bildungssystem\/was-macht-eine-gute-lehrkraft-aus\/\"><img width=\"1080\" height=\"675\" src=\"https:\/\/www.phase-6.de\/magazin\/wp-content\/uploads\/2020\/01\/6_Header_Gute_Lehrkraft.jpg\" class=\"attachment-post-thumbnail size-post-thumbnail wp-post-image\" alt=\"Was macht eine gute Lehrkraft aus?\" srcset=\"https:\/\/www.phase-6.de\/magazin\/wp-content\/uploads\/2020\/01\/6_Header_Gute_Lehrkraft.jpg 1080w, https:\/\/www.phase-6.de\/magazin\/wp-content\/uploads\/2020\/01\/6_Header_Gute_Lehrkraft-300x188.jpg 300w, https:\/\/www.phase-6.de\/magazin\/wp-content\/uploads\/2020\/01\/6_Header_Gute_Lehrkraft-768x480.jpg 768w, https:\/\/www.phase-6.de\/magazin\/wp-content\/uploads\/2020\/01\/6_Header_Gute_Lehrkraft-1024x640.jpg 1024w, https:\/\/www.phase-6.de\/magazin\/wp-content\/uploads\/2020\/01\/6_Header_Gute_Lehrkraft-400x250.jpg 400w\" sizes=\"(max-width: 1080px) 100vw, 1080px\" loading=\"lazy\" decoding=\"async\" \/><\/a>\n\t\t\t\t\t\t\t\t<h2 class=\"su-post-title\"><a href=\"https:\/\/www.phase-6.de\/magazin\/fuer-lehrkraefte\/themen\/bildungssystem\/was-macht-eine-gute-lehrkraft-aus\/\">Die perfekte Lehrkraft &#8211; Nachgefragt!<\/a><\/h2>\n\t\t\t<\/div>\n\n\t\t\t\t\t\n\t\t\t\n\t\t\t<div id=\"su-post-5732\" class=\"su-post \">\n\t\t\t\t\t\t\t\t\t<a class=\"su-post-thumbnail\" href=\"https:\/\/www.phase-6.de\/magazin\/fuer-lehrkraefte\/themen\/work-life-balance\/wie-motivieren-sie-sich-selbst\/\"><img width=\"1080\" height=\"675\" src=\"https:\/\/www.phase-6.de\/magazin\/wp-content\/uploads\/2019\/12\/5_Header_Eigenmotivation.jpg\" class=\"attachment-post-thumbnail size-post-thumbnail wp-post-image\" alt=\"Eigenmotivation als Lehrkraft\" srcset=\"https:\/\/www.phase-6.de\/magazin\/wp-content\/uploads\/2019\/12\/5_Header_Eigenmotivation.jpg 1080w, https:\/\/www.phase-6.de\/magazin\/wp-content\/uploads\/2019\/12\/5_Header_Eigenmotivation-300x188.jpg 300w, https:\/\/www.phase-6.de\/magazin\/wp-content\/uploads\/2019\/12\/5_Header_Eigenmotivation-768x480.jpg 768w, https:\/\/www.phase-6.de\/magazin\/wp-content\/uploads\/2019\/12\/5_Header_Eigenmotivation-1024x640.jpg 1024w, https:\/\/www.phase-6.de\/magazin\/wp-content\/uploads\/2019\/12\/5_Header_Eigenmotivation-400x250.jpg 400w\" sizes=\"(max-width: 1080px) 100vw, 1080px\" loading=\"lazy\" decoding=\"async\" \/><\/a>\n\t\t\t\t\t\t\t\t<h2 class=\"su-post-title\"><a href=\"https:\/\/www.phase-6.de\/magazin\/fuer-lehrkraefte\/themen\/work-life-balance\/wie-motivieren-sie-sich-selbst\/\">Motivation als Lehrkraft &#8211; Nachgefragt!<\/a><\/h2>\n\t\t\t<\/div>\n\n\t\t\t\t\t\n\t\t\t\n\t\t\t<div id=\"su-post-5726\" class=\"su-post \">\n\t\t\t\t\t\t\t\t\t<a class=\"su-post-thumbnail\" href=\"https:\/\/www.phase-6.de\/magazin\/fuer-lehrkraefte\/themen\/methodik-didaktik\/verhaltensauffaellige-kinder-nachgefragt\/\"><img width=\"1080\" height=\"675\" src=\"https:\/\/www.phase-6.de\/magazin\/wp-content\/uploads\/2019\/11\/4_Header_Verhaltensauffaelligkeit.jpg\" class=\"attachment-post-thumbnail size-post-thumbnail wp-post-image\" alt=\"Verhaltensauff\u00e4lligkeit bei Kindern\" srcset=\"https:\/\/www.phase-6.de\/magazin\/wp-content\/uploads\/2019\/11\/4_Header_Verhaltensauffaelligkeit.jpg 1080w, https:\/\/www.phase-6.de\/magazin\/wp-content\/uploads\/2019\/11\/4_Header_Verhaltensauffaelligkeit-300x188.jpg 300w, https:\/\/www.phase-6.de\/magazin\/wp-content\/uploads\/2019\/11\/4_Header_Verhaltensauffaelligkeit-768x480.jpg 768w, https:\/\/www.phase-6.de\/magazin\/wp-content\/uploads\/2019\/11\/4_Header_Verhaltensauffaelligkeit-1024x640.jpg 1024w, https:\/\/www.phase-6.de\/magazin\/wp-content\/uploads\/2019\/11\/4_Header_Verhaltensauffaelligkeit-400x250.jpg 400w\" sizes=\"(max-width: 1080px) 100vw, 1080px\" loading=\"lazy\" decoding=\"async\" \/><\/a>\n\t\t\t\t\t\t\t\t<h2 class=\"su-post-title\"><a href=\"https:\/\/www.phase-6.de\/magazin\/fuer-lehrkraefte\/themen\/methodik-didaktik\/verhaltensauffaellige-kinder-nachgefragt\/\">Verhaltensauff\u00e4llige Kinder &#8211; Nachgefragt!<\/a><\/h2>\n\t\t\t<\/div>\n\n\t\t\t\t\t\n\t\t\t\n\t\t\t<div id=\"su-post-5338\" class=\"su-post \">\n\t\t\t\t\t\t\t\t\t<a class=\"su-post-thumbnail\" href=\"https:\/\/www.phase-6.de\/magazin\/fuer-lehrkraefte\/themen\/methodik-didaktik\/digitale-medien-im-unterricht-nachgefragt\/\"><img width=\"1080\" height=\"675\" src=\"https:\/\/www.phase-6.de\/magazin\/wp-content\/uploads\/2019\/10\/3_Header_Digitale_Medien.jpg\" class=\"attachment-post-thumbnail size-post-thumbnail wp-post-image\" alt=\"Digitale Medien im Unterricht\" srcset=\"https:\/\/www.phase-6.de\/magazin\/wp-content\/uploads\/2019\/10\/3_Header_Digitale_Medien.jpg 1080w, https:\/\/www.phase-6.de\/magazin\/wp-content\/uploads\/2019\/10\/3_Header_Digitale_Medien-300x188.jpg 300w, https:\/\/www.phase-6.de\/magazin\/wp-content\/uploads\/2019\/10\/3_Header_Digitale_Medien-768x480.jpg 768w, https:\/\/www.phase-6.de\/magazin\/wp-content\/uploads\/2019\/10\/3_Header_Digitale_Medien-1024x640.jpg 1024w, https:\/\/www.phase-6.de\/magazin\/wp-content\/uploads\/2019\/10\/3_Header_Digitale_Medien-400x250.jpg 400w\" sizes=\"(max-width: 1080px) 100vw, 1080px\" loading=\"lazy\" decoding=\"async\" \/><\/a>\n\t\t\t\t\t\t\t\t<h2 class=\"su-post-title\"><a href=\"https:\/\/www.phase-6.de\/magazin\/fuer-lehrkraefte\/themen\/methodik-didaktik\/digitale-medien-im-unterricht-nachgefragt\/\">Digitale Medien im Unterricht &#8211; Nachgefragt!<\/a><\/h2>\n\t\t\t<\/div>\n\n\t\t\t\t\t\n\t\t\t\n\t\t\t<div id=\"su-post-5332\" class=\"su-post \">\n\t\t\t\t\t\t\t\t\t<a class=\"su-post-thumbnail\" href=\"https:\/\/www.phase-6.de\/magazin\/fuer-lehrkraefte\/themen\/methodik-didaktik\/differenzierung-im-unterricht-nachgefragt\/\"><img width=\"1080\" height=\"675\" src=\"https:\/\/www.phase-6.de\/magazin\/wp-content\/uploads\/2019\/09\/2_Header_Differenzierung.jpg\" class=\"attachment-post-thumbnail size-post-thumbnail wp-post-image\" alt=\"Differenzierung im Unterricht\" srcset=\"https:\/\/www.phase-6.de\/magazin\/wp-content\/uploads\/2019\/09\/2_Header_Differenzierung.jpg 1080w, https:\/\/www.phase-6.de\/magazin\/wp-content\/uploads\/2019\/09\/2_Header_Differenzierung-300x188.jpg 300w, https:\/\/www.phase-6.de\/magazin\/wp-content\/uploads\/2019\/09\/2_Header_Differenzierung-768x480.jpg 768w, https:\/\/www.phase-6.de\/magazin\/wp-content\/uploads\/2019\/09\/2_Header_Differenzierung-1024x640.jpg 1024w, https:\/\/www.phase-6.de\/magazin\/wp-content\/uploads\/2019\/09\/2_Header_Differenzierung-400x250.jpg 400w\" sizes=\"(max-width: 1080px) 100vw, 1080px\" loading=\"lazy\" decoding=\"async\" \/><\/a>\n\t\t\t\t\t\t\t\t<h2 class=\"su-post-title\"><a href=\"https:\/\/www.phase-6.de\/magazin\/fuer-lehrkraefte\/themen\/methodik-didaktik\/differenzierung-im-unterricht-nachgefragt\/\">Differenzierung im Unterricht &#8211; Nachgefragt!<\/a><\/h2>\n\t\t\t<\/div>\n\n\t\t\t\t\t\n\t\t\t\n\t\t\t<div id=\"su-post-5081\" class=\"su-post \">\n\t\t\t\t\t\t\t\t\t<a class=\"su-post-thumbnail\" href=\"https:\/\/www.phase-6.de\/magazin\/fuer-lehrkraefte\/themen\/methodik-didaktik\/eigenstaendiges-lernen-nachgefragt\/\"><img width=\"1080\" height=\"675\" src=\"https:\/\/www.phase-6.de\/magazin\/wp-content\/uploads\/2019\/08\/1_Header_Motivation.jpg\" class=\"attachment-post-thumbnail size-post-thumbnail wp-post-image\" alt=\"Motivation und Eigenst\u00e4ndigkeit.Na\" srcset=\"https:\/\/www.phase-6.de\/magazin\/wp-content\/uploads\/2019\/08\/1_Header_Motivation.jpg 1080w, https:\/\/www.phase-6.de\/magazin\/wp-content\/uploads\/2019\/08\/1_Header_Motivation-300x188.jpg 300w, https:\/\/www.phase-6.de\/magazin\/wp-content\/uploads\/2019\/08\/1_Header_Motivation-768x480.jpg 768w, https:\/\/www.phase-6.de\/magazin\/wp-content\/uploads\/2019\/08\/1_Header_Motivation-1024x640.jpg 1024w, https:\/\/www.phase-6.de\/magazin\/wp-content\/uploads\/2019\/08\/1_Header_Motivation-400x250.jpg 400w\" sizes=\"(max-width: 1080px) 100vw, 1080px\" loading=\"lazy\" decoding=\"async\" \/><\/a>\n\t\t\t\t\t\t\t\t<h2 class=\"su-post-title\"><a href=\"https:\/\/www.phase-6.de\/magazin\/fuer-lehrkraefte\/themen\/methodik-didaktik\/eigenstaendiges-lernen-nachgefragt\/\">Eigenst\u00e4ndiges Lernen &#8211; Nachgefragt!<\/a><\/h2>\n\t\t\t<\/div>\n\n\t\t\t\n<\/div>\n<\/span><\/p>\n<p>M\u00f6chten Sie weitere spannende Beitr\u00e4ge rund um Schule, Lehren und Lernen lesen? Dann besuchen Sie das phase6 <a href=\"https:\/\/www.phase-6.de\/magazin\/category\/lehrkraefte-magazin\/\"><span style=\"color: #fc7c00;\">Magazin f\u00fcr Lehrkr\u00e4fte<\/span><\/a> und lassen Sie sich inspirieren!<\/p>\n[\/et_pb_blurb][et_pb_divider show_divider_last_edited=&#8220;off|tablet&#8220; _builder_version=&#8220;4.0.4&#8243; custom_margin=&#8220;80px||||false|false&#8220;][\/et_pb_divider][et_pb_text _builder_version=&#8220;4.0.4&#8243;]\n<h2>M\u00f6chten Sie mehr \u00fcber die Personen hinter den Antworten erfahren?<\/h2>\n[\/et_pb_text][et_pb_accordion _builder_version=&#8220;4.0.4&#8243; toggle_font_size=&#8220;18&#8243; border_style=&#8220;solid&#8220;][et_pb_accordion_item title=&#8220;Lydia&#8220; open=&#8220;on&#8220; _builder_version=&#8220;4.0.4&#8243;]\n<p>Lydia hat die F\u00e4cher Englisch und Franz\u00f6sisch in Potsdam auf Lehramt (Grundschule und Sekundarstufe I) studiert und zwei Semester in Frankreich im Rahmen des Erasmusprogramms verbracht. Neben dem Studium absolvierte sie viele Praktika und Nebenjobs im schulischen und au\u00dferschulischen Bereich. Durch das Leiten von Lern- und Sprachf\u00f6rderungen an Berliner Grundschulen, durch Methodenworkshops und den Einsatz als Sprachlernassistenz in einer Willkommensklasse sowie im Praxissemester an der Deutschen Schule in Genf konnte sie erste Praxiserfahrungen sammeln. Das Referendariat, welches Lydia an einer ISS mit gymnasialer Oberstufe absolvierte, pr\u00e4gte sie sehr. Die H\u00f6hen und Tiefen im Vorbereitungsdienst st\u00e4rkten die junge Lehrerin in ihrer Lehrpers\u00f6nlichkeit und sorgen nun f\u00fcr Vorfreude auf den Schulalltag als ausgebildete Lehrkraft in Berlin seit dem Schuljahr 2019.<\/p>\n[\/et_pb_accordion_item][et_pb_accordion_item title=&#8220;Kim&#8220; _builder_version=&#8220;4.0.4&#8243; open=&#8220;off&#8220;]\n<p><span style=\"color: rgba(0, 0, 0, 0.5); font-family: 'Open Sans', sans-serif; font-size: 16px; font-style: normal; font-variant-ligatures: normal; font-variant-caps: normal; font-weight: 400; letter-spacing: normal; orphans: 2; text-align: start; text-indent: 0px; text-transform: none; white-space: normal; widows: 2; word-spacing: 0px; -webkit-text-stroke-width: 0px; background-color: #ffffff; text-decoration-style: initial; text-decoration-color: initial; display: inline !important; float: none;\">Kim arbeitet seit fast 20 Jahren als Lehrerin an einer integrierten Gesamtschule in Hessen. Sie startete erst mit 37 Jahren ins Referendariat, unterrichtet seitdem Deutsch und Arbeitslehre in der 7. bis 10. Jahrgangsstufe und \u00fcbernimmt die Klassenleitung. Die Arbeit mit Intensivklassen macht ihr seit ein paar Jahren besonders viel Spa\u00df, denn die Lernerfolge werden mit den gefl\u00fcchteten Kindern und Jugendlichen schnell deutlich. Da Kim selbst drei Kinder hat, wei\u00df sie gut, wie diese im pubert\u00e4ren Alter ticken. Neben gutem Unterricht sind ihr intensive Elternarbeit sowie eine fundierte Vorbereitung ihrer Sch\u00fclerinnen und Sch\u00fcler auf das Leben besonders wichtig. Kims Steckenpferd ist die Nutzung au\u00dferschulischer Lernorte und die regelm\u00e4\u00dfige Teilnahme an Schulwettbewerben \u2013 So konnten schon viele Jugendliteraturpreise und Fotowettbewerbe gewonnen werden.<\/span><\/p>\n[\/et_pb_accordion_item][et_pb_accordion_item title=&#8220;Franziska&#8220; _builder_version=&#8220;4.0.4&#8243; open=&#8220;off&#8220;]\n<p>Nach dem Master of Education an der Humboldt-Universit\u00e4t zu Berlin startete Franziska im Schuljahr 2019 in den Vorbereitungsdienst an einem Berliner Gymnasium. Die Liebe zu ihren F\u00e4chern Deutsch und Englisch verst\u00e4rkte sich insbesondere durch diverse Auslandsaufenthalte (Erasmus in England, Schulpraktika an der Deutschen Schule in Rio de Janeiro und der Deutschen Schule in Porto) und Praktika im Goethe-Institut und einer privaten Sprachschule. Dank dieser verschiedenartigen Kulturkreise und Schul- und Unterrichtsformen sowie ihres studentischen Nebenjobs bei \u201cStudenten machen Schule\u201d und \u201cSchule Plus\u201d konnte Franziska bereits viele Unterrichtserfahrungen sammeln. All diese Erfahrungen steigern ihre Vorfreude auf das Referendariat und den Lehrberuf.<\/p>\n[\/et_pb_accordion_item][\/et_pb_accordion][et_pb_contact_form email=&#8220;c.euler@p6o.de&#8220; title=&#8220;Haben Sie Anmerkungen oder Feedback zur Ausgabe #7 von %22Nachgefragt%22?&#8220; success_message=&#8220;Vielen Dank f\u00fcr Ihre Nachricht!&#8220; submit_button_text=&#8220;senden&#8220; _builder_version=&#8220;4.0.4&#8243; form_field_background_color=&#8220;#f2f4f4&#8243; title_level=&#8220;h2&#8243; title_font=&#8220;||||||||&#8220; title_text_color=&#8220;#33333&#8243; background_size=&#8220;initial&#8220; background_position=&#8220;top_left&#8220; background_repeat=&#8220;repeat&#8220; custom_margin=&#8220;66px||||false|false&#8220; border_width_all=&#8220;2px&#8220; border_color_all=&#8220;#f2f4f4&#8243; border_style_all=&#8220;solid&#8220; use_border_color=&#8220;on&#8220; border_color=&#8220;#f2f4f4&#8243; border_width=&#8220;2px&#8220; border_style=&#8220;solid&#8220; input_border_radius=&#8220;0&#8243; form_background_color=&#8220;#f2f4f4&#8243; button_letter_spacing_hover=&#8220;0&#8243;][et_pb_contact_field field_id=&#8220;Name&#8220; field_title=&#8220;Name&#8220; _builder_version=&#8220;3.16&#8243; button_text_size__hover_enabled=&#8220;off&#8220; button_one_text_size__hover_enabled=&#8220;off&#8220; button_two_text_size__hover_enabled=&#8220;off&#8220; button_text_color__hover_enabled=&#8220;off&#8220; button_one_text_color__hover_enabled=&#8220;off&#8220; button_two_text_color__hover_enabled=&#8220;off&#8220; button_border_width__hover_enabled=&#8220;off&#8220; button_one_border_width__hover_enabled=&#8220;off&#8220; button_two_border_width__hover_enabled=&#8220;off&#8220; button_border_color__hover_enabled=&#8220;off&#8220; button_one_border_color__hover_enabled=&#8220;off&#8220; button_two_border_color__hover_enabled=&#8220;off&#8220; button_border_radius__hover_enabled=&#8220;off&#8220; button_one_border_radius__hover_enabled=&#8220;off&#8220; button_two_border_radius__hover_enabled=&#8220;off&#8220; button_letter_spacing__hover_enabled=&#8220;off&#8220; button_one_letter_spacing__hover_enabled=&#8220;off&#8220; button_two_letter_spacing__hover_enabled=&#8220;off&#8220; button_bg_color__hover_enabled=&#8220;off&#8220; button_one_bg_color__hover_enabled=&#8220;off&#8220; button_two_bg_color__hover_enabled=&#8220;off&#8220;][\/et_pb_contact_field][et_pb_contact_field field_id=&#8220;Email&#8220; field_title=&#8220;E-Mail-Adresse&#8220; field_type=&#8220;email&#8220; _builder_version=&#8220;3.16&#8243; button_text_size__hover_enabled=&#8220;off&#8220; button_one_text_size__hover_enabled=&#8220;off&#8220; button_two_text_size__hover_enabled=&#8220;off&#8220; button_text_color__hover_enabled=&#8220;off&#8220; button_one_text_color__hover_enabled=&#8220;off&#8220; button_two_text_color__hover_enabled=&#8220;off&#8220; button_border_width__hover_enabled=&#8220;off&#8220; button_one_border_width__hover_enabled=&#8220;off&#8220; button_two_border_width__hover_enabled=&#8220;off&#8220; button_border_color__hover_enabled=&#8220;off&#8220; button_one_border_color__hover_enabled=&#8220;off&#8220; button_two_border_color__hover_enabled=&#8220;off&#8220; button_border_radius__hover_enabled=&#8220;off&#8220; button_one_border_radius__hover_enabled=&#8220;off&#8220; button_two_border_radius__hover_enabled=&#8220;off&#8220; button_letter_spacing__hover_enabled=&#8220;off&#8220; button_one_letter_spacing__hover_enabled=&#8220;off&#8220; button_two_letter_spacing__hover_enabled=&#8220;off&#8220; button_bg_color__hover_enabled=&#8220;off&#8220; button_one_bg_color__hover_enabled=&#8220;off&#8220; button_two_bg_color__hover_enabled=&#8220;off&#8220;][\/et_pb_contact_field][et_pb_contact_field field_id=&#8220;Ihr_Text&#8220; field_title=&#8220;Nachricht&#8220; field_type=&#8220;text&#8220; fullwidth_field=&#8220;on&#8220; _builder_version=&#8220;3.16&#8243; form_field_font=&#8220;||||&#8220; use_border_color=&#8220;off&#8220; border_style=&#8220;solid&#8220; button_text_size__hover_enabled=&#8220;off&#8220; button_one_text_size__hover_enabled=&#8220;off&#8220; button_two_text_size__hover_enabled=&#8220;off&#8220; button_text_color__hover_enabled=&#8220;off&#8220; button_one_text_color__hover_enabled=&#8220;off&#8220; button_two_text_color__hover_enabled=&#8220;off&#8220; button_border_width__hover_enabled=&#8220;off&#8220; button_one_border_width__hover_enabled=&#8220;off&#8220; button_two_border_width__hover_enabled=&#8220;off&#8220; button_border_color__hover_enabled=&#8220;off&#8220; button_one_border_color__hover_enabled=&#8220;off&#8220; button_two_border_color__hover_enabled=&#8220;off&#8220; button_border_radius__hover_enabled=&#8220;off&#8220; button_one_border_radius__hover_enabled=&#8220;off&#8220; button_two_border_radius__hover_enabled=&#8220;off&#8220; button_letter_spacing__hover_enabled=&#8220;off&#8220; button_one_letter_spacing__hover_enabled=&#8220;off&#8220; button_two_letter_spacing__hover_enabled=&#8220;off&#8220; button_bg_color__hover_enabled=&#8220;off&#8220; button_one_bg_color__hover_enabled=&#8220;off&#8220; button_two_bg_color__hover_enabled=&#8220;off&#8220;][\/et_pb_contact_field][\/et_pb_contact_form][\/et_pb_column][\/et_pb_row][\/et_pb_section]\n","protected":false},"excerpt":{"rendered":"<p>Wie meistern eigentlich andere Fachkr\u00e4fte im Schulbereich ihren Alltag? In unserer Serie \u201cNachgefragt!\u201d teilen Lehrkr\u00e4fte und Lehramtsstudierende ihre Erfahrungen mit uns. Wir fragen nach &#8211; sie antworten. In Ausgabe #7 zum Thema: Irrt\u00fcmer \u00fcber den Lehrberuf.<\/p>\n","protected":false},"author":11,"featured_media":7740,"comment_status":"closed","ping_status":"open","sticky":false,"template":"","format":"standard","meta":{"_acf_changed":false,"_yoast_wpseo_focuskw":"Lehrberuf","_yoast_wpseo_title":"","_yoast_wpseo_metadesc":"Nachgefragt! Wie meistern andere Lehrkr\u00e4fte den Schulalltag? Antworten von Lehrenden zu \u2713 Methodik & Didaktik \u2713 Work-Life-Balance \u2713 Bildungssystem","_yoast_wpseo_canonical":"","_yoast_wpseo_opengraph-title":"","_yoast_wpseo_opengraph-description":"","_et_pb_use_builder":"on","_et_pb_old_content":"","_et_gb_content_width":"","inline_featured_image":false,"footnotes":""},"categories":[71,70],"tags":[],"class_list":["post-5806","post","type-post","status-publish","format-standard","has-post-thumbnail","hentry","category-bildungssystem","category-work-life-balance","et-has-post-format-content","et_post_format-et-post-format-standard"],"acf":[],"yoast_head":"<!-- This site is optimized with the Yoast SEO plugin v26.9 - https:\/\/yoast.com\/product\/yoast-seo-wordpress\/ -->\n<title>Irrt\u00fcmer \u00fcber den Lehrberuf - Nachgefragt! - phase6 Magazin<\/title>\n<meta name=\"description\" content=\"Nachgefragt! Wie meistern andere Lehrkr\u00e4fte den Schulalltag? Antworten von Lehrenden zu \u2713 Methodik &amp; Didaktik \u2713 Work-Life-Balance \u2713 Bildungssystem\" \/>\n<meta name=\"robots\" content=\"index, follow, max-snippet:-1, max-image-preview:large, max-video-preview:-1\" \/>\n<link rel=\"canonical\" href=\"https:\/\/www.phase-6.de\/magazin\/fuer-lehrkraefte\/work-life-balance\/irrtuemer-ueber-den-lehrberuf-nachgefragt\/\" \/>\n<meta property=\"og:locale\" content=\"de_DE\" \/>\n<meta property=\"og:type\" content=\"article\" \/>\n<meta property=\"og:title\" content=\"Irrt\u00fcmer \u00fcber den Lehrberuf - Nachgefragt! - phase6 Magazin\" \/>\n<meta property=\"og:description\" content=\"Nachgefragt! Wie meistern andere Lehrkr\u00e4fte den Schulalltag? Antworten von Lehrenden zu \u2713 Methodik &amp; Didaktik \u2713 Work-Life-Balance \u2713 Bildungssystem\" \/>\n<meta property=\"og:url\" content=\"https:\/\/www.phase-6.de\/magazin\/fuer-lehrkraefte\/work-life-balance\/irrtuemer-ueber-den-lehrberuf-nachgefragt\/\" \/>\n<meta property=\"og:site_name\" content=\"phase6 Magazin\" \/>\n<meta property=\"article:publisher\" content=\"https:\/\/www.facebook.com\/phase6.de\/\" \/>\n<meta property=\"article:published_time\" content=\"2020-04-15T09:00:53+00:00\" \/>\n<meta property=\"og:image\" content=\"https:\/\/www.phase-6.de\/magazin\/wp-content\/uploads\/2019\/11\/irrt\u00fcmer_lehrer.png\" \/>\n\t<meta property=\"og:image:width\" content=\"1080\" \/>\n\t<meta property=\"og:image:height\" content=\"675\" \/>\n\t<meta property=\"og:image:type\" content=\"image\/png\" \/>\n<meta name=\"author\" content=\"Rebecca\" \/>\n<meta name=\"twitter:card\" content=\"summary_large_image\" \/>\n<meta name=\"twitter:label1\" content=\"Verfasst von\" \/>\n\t<meta name=\"twitter:data1\" content=\"Rebecca\" \/>\n\t<meta name=\"twitter:label2\" content=\"Gesch\u00e4tzte Lesezeit\" \/>\n\t<meta name=\"twitter:data2\" content=\"13\u00a0Minuten\" \/>\n<script type=\"application\/ld+json\" class=\"yoast-schema-graph\">{\"@context\":\"https:\/\/schema.org\",\"@graph\":[{\"@type\":\"Article\",\"@id\":\"https:\/\/www.phase-6.de\/magazin\/fuer-lehrkraefte\/work-life-balance\/irrtuemer-ueber-den-lehrberuf-nachgefragt\/#article\",\"isPartOf\":{\"@id\":\"https:\/\/www.phase-6.de\/magazin\/fuer-lehrkraefte\/work-life-balance\/irrtuemer-ueber-den-lehrberuf-nachgefragt\/\"},\"author\":{\"name\":\"Rebecca\",\"@id\":\"https:\/\/www.phase-6.de\/magazin\/#\/schema\/person\/c79e16a5e9f43034e7a9f1876f3e96d4\"},\"headline\":\"Irrt\u00fcmer \u00fcber den Lehrberuf &#8211; Nachgefragt!\",\"datePublished\":\"2020-04-15T09:00:53+00:00\",\"mainEntityOfPage\":{\"@id\":\"https:\/\/www.phase-6.de\/magazin\/fuer-lehrkraefte\/work-life-balance\/irrtuemer-ueber-den-lehrberuf-nachgefragt\/\"},\"wordCount\":2672,\"publisher\":{\"@id\":\"https:\/\/www.phase-6.de\/magazin\/#organization\"},\"image\":{\"@id\":\"https:\/\/www.phase-6.de\/magazin\/fuer-lehrkraefte\/work-life-balance\/irrtuemer-ueber-den-lehrberuf-nachgefragt\/#primaryimage\"},\"thumbnailUrl\":\"https:\/\/www.phase-6.de\/magazin\/wp-content\/uploads\/2019\/11\/irrt\u00fcmer_lehrer.png\",\"articleSection\":[\"Bildungssystem\",\"Work-Life-Balance\"],\"inLanguage\":\"de\"},{\"@type\":\"WebPage\",\"@id\":\"https:\/\/www.phase-6.de\/magazin\/fuer-lehrkraefte\/work-life-balance\/irrtuemer-ueber-den-lehrberuf-nachgefragt\/\",\"url\":\"https:\/\/www.phase-6.de\/magazin\/fuer-lehrkraefte\/work-life-balance\/irrtuemer-ueber-den-lehrberuf-nachgefragt\/\",\"name\":\"Irrt\u00fcmer \u00fcber den Lehrberuf - Nachgefragt! - phase6 Magazin\",\"isPartOf\":{\"@id\":\"https:\/\/www.phase-6.de\/magazin\/#website\"},\"primaryImageOfPage\":{\"@id\":\"https:\/\/www.phase-6.de\/magazin\/fuer-lehrkraefte\/work-life-balance\/irrtuemer-ueber-den-lehrberuf-nachgefragt\/#primaryimage\"},\"image\":{\"@id\":\"https:\/\/www.phase-6.de\/magazin\/fuer-lehrkraefte\/work-life-balance\/irrtuemer-ueber-den-lehrberuf-nachgefragt\/#primaryimage\"},\"thumbnailUrl\":\"https:\/\/www.phase-6.de\/magazin\/wp-content\/uploads\/2019\/11\/irrt\u00fcmer_lehrer.png\",\"datePublished\":\"2020-04-15T09:00:53+00:00\",\"description\":\"Nachgefragt! Wie meistern andere Lehrkr\u00e4fte den Schulalltag? Antworten von Lehrenden zu \u2713 Methodik & Didaktik \u2713 Work-Life-Balance \u2713 Bildungssystem\",\"breadcrumb\":{\"@id\":\"https:\/\/www.phase-6.de\/magazin\/fuer-lehrkraefte\/work-life-balance\/irrtuemer-ueber-den-lehrberuf-nachgefragt\/#breadcrumb\"},\"inLanguage\":\"de\",\"potentialAction\":[{\"@type\":\"ReadAction\",\"target\":[\"https:\/\/www.phase-6.de\/magazin\/fuer-lehrkraefte\/work-life-balance\/irrtuemer-ueber-den-lehrberuf-nachgefragt\/\"]}]},{\"@type\":\"ImageObject\",\"inLanguage\":\"de\",\"@id\":\"https:\/\/www.phase-6.de\/magazin\/fuer-lehrkraefte\/work-life-balance\/irrtuemer-ueber-den-lehrberuf-nachgefragt\/#primaryimage\",\"url\":\"https:\/\/www.phase-6.de\/magazin\/wp-content\/uploads\/2019\/11\/irrt\u00fcmer_lehrer.png\",\"contentUrl\":\"https:\/\/www.phase-6.de\/magazin\/wp-content\/uploads\/2019\/11\/irrt\u00fcmer_lehrer.png\",\"width\":1080,\"height\":675,\"caption\":\"Irrt\u00fcmer \u00fcber den Beruf als Lehrer\"},{\"@type\":\"BreadcrumbList\",\"@id\":\"https:\/\/www.phase-6.de\/magazin\/fuer-lehrkraefte\/work-life-balance\/irrtuemer-ueber-den-lehrberuf-nachgefragt\/#breadcrumb\",\"itemListElement\":[{\"@type\":\"ListItem\",\"position\":1,\"name\":\"Startseite\",\"item\":\"https:\/\/www.phase-6.de\/magazin\/\"},{\"@type\":\"ListItem\",\"position\":2,\"name\":\"Irrt\u00fcmer \u00fcber den Lehrberuf &#8211; Nachgefragt!\"}]},{\"@type\":\"WebSite\",\"@id\":\"https:\/\/www.phase-6.de\/magazin\/#website\",\"url\":\"https:\/\/www.phase-6.de\/magazin\/\",\"name\":\"phase6 Magazin\",\"description\":\"Das Magazin f\u00fcr Sprache, Lernen &amp; Lehren\",\"publisher\":{\"@id\":\"https:\/\/www.phase-6.de\/magazin\/#organization\"},\"potentialAction\":[{\"@type\":\"SearchAction\",\"target\":{\"@type\":\"EntryPoint\",\"urlTemplate\":\"https:\/\/www.phase-6.de\/magazin\/?s={search_term_string}\"},\"query-input\":{\"@type\":\"PropertyValueSpecification\",\"valueRequired\":true,\"valueName\":\"search_term_string\"}}],\"inLanguage\":\"de\"},{\"@type\":\"Organization\",\"@id\":\"https:\/\/www.phase-6.de\/magazin\/#organization\",\"name\":\"phase-6 GmbH\",\"url\":\"https:\/\/www.phase-6.de\/magazin\/\",\"logo\":{\"@type\":\"ImageObject\",\"inLanguage\":\"de\",\"@id\":\"https:\/\/www.phase-6.de\/magazin\/#\/schema\/logo\/image\/\",\"url\":\"https:\/\/www.phase-6.de\/magazin\/wp-content\/uploads\/2017\/07\/phase6_logo2017.png\",\"contentUrl\":\"https:\/\/www.phase-6.de\/magazin\/wp-content\/uploads\/2017\/07\/phase6_logo2017.png\",\"width\":709,\"height\":200,\"caption\":\"phase-6 GmbH\"},\"image\":{\"@id\":\"https:\/\/www.phase-6.de\/magazin\/#\/schema\/logo\/image\/\"},\"sameAs\":[\"https:\/\/www.facebook.com\/phase6.de\/\",\"https:\/\/de.wikipedia.org\/wiki\/Phase6\"]},{\"@type\":\"Person\",\"@id\":\"https:\/\/www.phase-6.de\/magazin\/#\/schema\/person\/c79e16a5e9f43034e7a9f1876f3e96d4\",\"name\":\"Rebecca\",\"url\":\"https:\/\/www.phase-6.de\/magazin\/author\/rebecca\/\"}]}<\/script>\n<!-- \/ Yoast SEO plugin. -->","yoast_head_json":{"title":"Irrt\u00fcmer \u00fcber den Lehrberuf - Nachgefragt! - phase6 Magazin","description":"Nachgefragt! Wie meistern andere Lehrkr\u00e4fte den Schulalltag? Antworten von Lehrenden zu \u2713 Methodik & Didaktik \u2713 Work-Life-Balance \u2713 Bildungssystem","robots":{"index":"index","follow":"follow","max-snippet":"max-snippet:-1","max-image-preview":"max-image-preview:large","max-video-preview":"max-video-preview:-1"},"canonical":"https:\/\/www.phase-6.de\/magazin\/fuer-lehrkraefte\/work-life-balance\/irrtuemer-ueber-den-lehrberuf-nachgefragt\/","og_locale":"de_DE","og_type":"article","og_title":"Irrt\u00fcmer \u00fcber den Lehrberuf - Nachgefragt! - phase6 Magazin","og_description":"Nachgefragt! Wie meistern andere Lehrkr\u00e4fte den Schulalltag? Antworten von Lehrenden zu \u2713 Methodik & Didaktik \u2713 Work-Life-Balance \u2713 Bildungssystem","og_url":"https:\/\/www.phase-6.de\/magazin\/fuer-lehrkraefte\/work-life-balance\/irrtuemer-ueber-den-lehrberuf-nachgefragt\/","og_site_name":"phase6 Magazin","article_publisher":"https:\/\/www.facebook.com\/phase6.de\/","article_published_time":"2020-04-15T09:00:53+00:00","og_image":[{"width":1080,"height":675,"url":"https:\/\/www.phase-6.de\/magazin\/wp-content\/uploads\/2019\/11\/irrt\u00fcmer_lehrer.png","type":"image\/png"}],"author":"Rebecca","twitter_card":"summary_large_image","twitter_misc":{"Verfasst von":"Rebecca","Gesch\u00e4tzte Lesezeit":"13\u00a0Minuten"},"schema":{"@context":"https:\/\/schema.org","@graph":[{"@type":"Article","@id":"https:\/\/www.phase-6.de\/magazin\/fuer-lehrkraefte\/work-life-balance\/irrtuemer-ueber-den-lehrberuf-nachgefragt\/#article","isPartOf":{"@id":"https:\/\/www.phase-6.de\/magazin\/fuer-lehrkraefte\/work-life-balance\/irrtuemer-ueber-den-lehrberuf-nachgefragt\/"},"author":{"name":"Rebecca","@id":"https:\/\/www.phase-6.de\/magazin\/#\/schema\/person\/c79e16a5e9f43034e7a9f1876f3e96d4"},"headline":"Irrt\u00fcmer \u00fcber den Lehrberuf &#8211; Nachgefragt!","datePublished":"2020-04-15T09:00:53+00:00","mainEntityOfPage":{"@id":"https:\/\/www.phase-6.de\/magazin\/fuer-lehrkraefte\/work-life-balance\/irrtuemer-ueber-den-lehrberuf-nachgefragt\/"},"wordCount":2672,"publisher":{"@id":"https:\/\/www.phase-6.de\/magazin\/#organization"},"image":{"@id":"https:\/\/www.phase-6.de\/magazin\/fuer-lehrkraefte\/work-life-balance\/irrtuemer-ueber-den-lehrberuf-nachgefragt\/#primaryimage"},"thumbnailUrl":"https:\/\/www.phase-6.de\/magazin\/wp-content\/uploads\/2019\/11\/irrt\u00fcmer_lehrer.png","articleSection":["Bildungssystem","Work-Life-Balance"],"inLanguage":"de"},{"@type":"WebPage","@id":"https:\/\/www.phase-6.de\/magazin\/fuer-lehrkraefte\/work-life-balance\/irrtuemer-ueber-den-lehrberuf-nachgefragt\/","url":"https:\/\/www.phase-6.de\/magazin\/fuer-lehrkraefte\/work-life-balance\/irrtuemer-ueber-den-lehrberuf-nachgefragt\/","name":"Irrt\u00fcmer \u00fcber den Lehrberuf - Nachgefragt! - phase6 Magazin","isPartOf":{"@id":"https:\/\/www.phase-6.de\/magazin\/#website"},"primaryImageOfPage":{"@id":"https:\/\/www.phase-6.de\/magazin\/fuer-lehrkraefte\/work-life-balance\/irrtuemer-ueber-den-lehrberuf-nachgefragt\/#primaryimage"},"image":{"@id":"https:\/\/www.phase-6.de\/magazin\/fuer-lehrkraefte\/work-life-balance\/irrtuemer-ueber-den-lehrberuf-nachgefragt\/#primaryimage"},"thumbnailUrl":"https:\/\/www.phase-6.de\/magazin\/wp-content\/uploads\/2019\/11\/irrt\u00fcmer_lehrer.png","datePublished":"2020-04-15T09:00:53+00:00","description":"Nachgefragt! Wie meistern andere Lehrkr\u00e4fte den Schulalltag? Antworten von Lehrenden zu \u2713 Methodik & Didaktik \u2713 Work-Life-Balance \u2713 Bildungssystem","breadcrumb":{"@id":"https:\/\/www.phase-6.de\/magazin\/fuer-lehrkraefte\/work-life-balance\/irrtuemer-ueber-den-lehrberuf-nachgefragt\/#breadcrumb"},"inLanguage":"de","potentialAction":[{"@type":"ReadAction","target":["https:\/\/www.phase-6.de\/magazin\/fuer-lehrkraefte\/work-life-balance\/irrtuemer-ueber-den-lehrberuf-nachgefragt\/"]}]},{"@type":"ImageObject","inLanguage":"de","@id":"https:\/\/www.phase-6.de\/magazin\/fuer-lehrkraefte\/work-life-balance\/irrtuemer-ueber-den-lehrberuf-nachgefragt\/#primaryimage","url":"https:\/\/www.phase-6.de\/magazin\/wp-content\/uploads\/2019\/11\/irrt\u00fcmer_lehrer.png","contentUrl":"https:\/\/www.phase-6.de\/magazin\/wp-content\/uploads\/2019\/11\/irrt\u00fcmer_lehrer.png","width":1080,"height":675,"caption":"Irrt\u00fcmer \u00fcber den Beruf als Lehrer"},{"@type":"BreadcrumbList","@id":"https:\/\/www.phase-6.de\/magazin\/fuer-lehrkraefte\/work-life-balance\/irrtuemer-ueber-den-lehrberuf-nachgefragt\/#breadcrumb","itemListElement":[{"@type":"ListItem","position":1,"name":"Startseite","item":"https:\/\/www.phase-6.de\/magazin\/"},{"@type":"ListItem","position":2,"name":"Irrt\u00fcmer \u00fcber den Lehrberuf &#8211; Nachgefragt!"}]},{"@type":"WebSite","@id":"https:\/\/www.phase-6.de\/magazin\/#website","url":"https:\/\/www.phase-6.de\/magazin\/","name":"phase6 Magazin","description":"Das Magazin f\u00fcr Sprache, Lernen &amp; Lehren","publisher":{"@id":"https:\/\/www.phase-6.de\/magazin\/#organization"},"potentialAction":[{"@type":"SearchAction","target":{"@type":"EntryPoint","urlTemplate":"https:\/\/www.phase-6.de\/magazin\/?s={search_term_string}"},"query-input":{"@type":"PropertyValueSpecification","valueRequired":true,"valueName":"search_term_string"}}],"inLanguage":"de"},{"@type":"Organization","@id":"https:\/\/www.phase-6.de\/magazin\/#organization","name":"phase-6 GmbH","url":"https:\/\/www.phase-6.de\/magazin\/","logo":{"@type":"ImageObject","inLanguage":"de","@id":"https:\/\/www.phase-6.de\/magazin\/#\/schema\/logo\/image\/","url":"https:\/\/www.phase-6.de\/magazin\/wp-content\/uploads\/2017\/07\/phase6_logo2017.png","contentUrl":"https:\/\/www.phase-6.de\/magazin\/wp-content\/uploads\/2017\/07\/phase6_logo2017.png","width":709,"height":200,"caption":"phase-6 GmbH"},"image":{"@id":"https:\/\/www.phase-6.de\/magazin\/#\/schema\/logo\/image\/"},"sameAs":["https:\/\/www.facebook.com\/phase6.de\/","https:\/\/de.wikipedia.org\/wiki\/Phase6"]},{"@type":"Person","@id":"https:\/\/www.phase-6.de\/magazin\/#\/schema\/person\/c79e16a5e9f43034e7a9f1876f3e96d4","name":"Rebecca","url":"https:\/\/www.phase-6.de\/magazin\/author\/rebecca\/"}]}},"_links":{"self":[{"href":"https:\/\/www.phase-6.de\/magazin\/wp-json\/wp\/v2\/posts\/5806","targetHints":{"allow":["GET"]}}],"collection":[{"href":"https:\/\/www.phase-6.de\/magazin\/wp-json\/wp\/v2\/posts"}],"about":[{"href":"https:\/\/www.phase-6.de\/magazin\/wp-json\/wp\/v2\/types\/post"}],"author":[{"embeddable":true,"href":"https:\/\/www.phase-6.de\/magazin\/wp-json\/wp\/v2\/users\/11"}],"replies":[{"embeddable":true,"href":"https:\/\/www.phase-6.de\/magazin\/wp-json\/wp\/v2\/comments?post=5806"}],"version-history":[{"count":0,"href":"https:\/\/www.phase-6.de\/magazin\/wp-json\/wp\/v2\/posts\/5806\/revisions"}],"wp:featuredmedia":[{"embeddable":true,"href":"https:\/\/www.phase-6.de\/magazin\/wp-json\/wp\/v2\/media\/7740"}],"wp:attachment":[{"href":"https:\/\/www.phase-6.de\/magazin\/wp-json\/wp\/v2\/media?parent=5806"}],"wp:term":[{"taxonomy":"category","embeddable":true,"href":"https:\/\/www.phase-6.de\/magazin\/wp-json\/wp\/v2\/categories?post=5806"},{"taxonomy":"post_tag","embeddable":true,"href":"https:\/\/www.phase-6.de\/magazin\/wp-json\/wp\/v2\/tags?post=5806"}],"curies":[{"name":"wp","href":"https:\/\/api.w.org\/{rel}","templated":true}]}}