{"id":6306,"date":"2020-01-13T15:56:07","date_gmt":"2020-01-13T15:56:07","guid":{"rendered":"https:\/\/www.phase-6.de\/magazin\/?p=6306"},"modified":"2022-07-10T08:24:48","modified_gmt":"2022-07-10T08:24:48","slug":"kommaregeln-einfach-erklaert-in-4-schritten","status":"publish","type":"post","link":"https:\/\/www.phase-6.de\/magazin\/rubriken\/vokabeln-grammatik\/kommaregeln-einfach-erklaert-in-4-schritten\/","title":{"rendered":"Kommaregeln einfach erkl\u00e4rt &#8211; in 4 Schritten"},"content":{"rendered":"[et_pb_section fb_built=&#8220;1&#8243; _builder_version=&#8220;3.29.3&#8243;][et_pb_row _builder_version=&#8220;3.29.3&#8243;][et_pb_column type=&#8220;4_4&#8243; _builder_version=&#8220;3.29.3&#8243;][et_pb_text admin_label=&#8220;Einleitung&#8220; _builder_version=&#8220;4.0.4&#8243;]\n<p><span style=\"font-weight: 400;\">Wann setzt man ein Komma<\/span><span style=\"font-weight: 400;\">? Besonders beim Schreiben von Aufs\u00e4tzen oder wichtigen E-Mails stellen wir uns Fragen zu Kommaregeln: <\/span><span style=\"font-weight: 400;\">Kommt<\/span> <span style=\"font-weight: 400;\">vor <\/span><em><span style=\"font-weight: 400;\">sowie<\/span><\/em><span style=\"font-weight: 400;\"> ein Komma<\/span><span style=\"font-weight: 400;\">? Muss ich immer ein <\/span><span style=\"font-weight: 400;\">Komma vor <\/span><em><span style=\"font-weight: 400;\">aber<\/span><\/em><span style=\"font-weight: 400;\"> setzen? Und wie sieht es aus mit dem <\/span><span style=\"font-weight: 400;\">Komma vor <\/span><em><span style=\"font-weight: 400;\">und<\/span><\/em><span style=\"font-weight: 400;\">?<\/span><\/p>\n<p><span style=\"font-weight: 400;\">Die deutsche Grammatik, <\/span><span style=\"font-weight: 400;\">Rechtschreibung und Zeichensetzung<\/span><span style=\"font-weight: 400;\"> ist manchmal gar nicht so leicht. <strong>Deshalb haben wir f\u00fcr dich die wichtigsten <\/strong><\/span><strong>Kommaregeln<\/strong><span style=\"font-weight: 400;\"><strong> in vier Schritten zusammengefasst und mit verst\u00e4ndlichen Beispielen ausgestattet.<\/strong> So wirst du beim n\u00e4chsten Aufsatz sicher jedes <\/span><span style=\"font-weight: 400;\">Komma richtig setzen<\/span><span style=\"font-weight: 400;\">!<\/span><\/p>\n<h2><span style=\"font-weight: 400;\">Kommasetzung lernen<\/span><span style=\"font-weight: 400;\"> &#8211; zu komplex?<\/span><\/h2>\n<p><span style=\"font-weight: 400;\">Die <\/span><span style=\"font-weight: 400;\">richtige Kommasetzung<\/span><span style=\"font-weight: 400;\"> ist f\u00fcr viele Menschen ein Buch mit sieben Siegeln. <\/span><\/p>\n<p><img loading=\"-\" decoding=\"async\" class=\"aligncenter wp-image-6313 size-full\" src=\"https:\/\/www.phase-6.de\/magazin\/wp-content\/uploads\/2019\/10\/Kommasetzung-what_.jpg\" alt=\"Kommasetzung - what?\" width=\"500\" height=\"500\" srcset=\"https:\/\/www.phase-6.de\/magazin\/wp-content\/uploads\/2019\/10\/Kommasetzung-what_.jpg 500w, https:\/\/www.phase-6.de\/magazin\/wp-content\/uploads\/2019\/10\/Kommasetzung-what_-150x150.jpg 150w, https:\/\/www.phase-6.de\/magazin\/wp-content\/uploads\/2019\/10\/Kommasetzung-what_-300x300.jpg 300w, https:\/\/www.phase-6.de\/magazin\/wp-content\/uploads\/2019\/10\/Kommasetzung-what_-440x440.jpg 440w\" sizes=\"(max-width: 500px) 100vw, 500px\" \/><\/p>\n<p><span style=\"font-weight: 400;\">Kommafehler kommen nicht nur in Aufs\u00e4tzen von Sch\u00fclerinnen und Sch\u00fclern vor, sie ziehen sich durch alle Altersklassen und Milieus. Ein beliebter Fehler, den wir alle kennen: E-Mails, in welchen f\u00e4lschlicherweise ein Komma nach der Gru\u00dfformel gesetzt wurde.<\/span><\/p>\n<p><span style=\"font-weight: 400;\">Im Falle der Gru\u00dfformel geht durch den Fehler der Sinn des Satzes nicht verloren, aber beim Vergleich zwischen <\/span><em><span style=\"font-weight: 400;\">\u201eHeute kochen wir, Oma\u201c<\/span><\/em><span style=\"font-weight: 400;\"> und <\/span><em><span style=\"font-weight: 400;\">\u201eHeute kochen wir Oma\u201c <\/span><\/em><span style=\"font-weight: 400;\">merkt man, <\/span><strong>dass ein (fehlendes) Komma den Sinn eines Satzes v\u00f6llig ver\u00e4ndern kann<\/strong><span style=\"font-weight: 400;\">. Ja, im Falle der Oma sogar \u00fcber Leben und Tod entscheidet. Und trotzdem tun wir uns oft schwer mit den <\/span><span style=\"font-weight: 400;\">Regeln der Kommasetzung<\/span><span style=\"font-weight: 400;\">. Das soll sich nun \u00e4ndern!<\/span><\/p>\n[\/et_pb_text][et_pb_blurb title=&#8220;Inhalt:&#8220; use_icon=&#8220;on&#8220; font_icon=&#8220;%%67%%&#8220; icon_placement=&#8220;left&#8220; disabled_on=&#8220;off|off|off&#8220; admin_label=&#8220;Inhaltsverzeichnis&#8220; _builder_version=&#8220;4.9.10&#8243; header_text_color=&#8220;#757575&#8243; header_line_height=&#8220;1.2em&#8220; body_line_height=&#8220;1.2em&#8220; background_color=&#8220;rgba(214,214,214,0.25)&#8220; max_width=&#8220;70%&#8220; max_width_tablet=&#8220;100%&#8220; max_width_phone=&#8220;100%&#8220; max_width_last_edited=&#8220;on|tablet&#8220; custom_margin=&#8220;40px|10px|40px|10px|false|false&#8220; custom_padding=&#8220;40px|10px|40px|10px|false|false&#8220; animation_style=&#8220;fold&#8220; animation=&#8220;off&#8220; custom_css_blurb_title=&#8220;padding-bottom: 20px&#8220; border_radii=&#8220;on|2px|2px|2px|2px&#8220; border_width_all=&#8220;1px&#8220; border_color_all=&#8220;#e0e0e0&#8243; border_style_all=&#8220;solid&#8220; use_border_color=&#8220;on&#8220; border_color=&#8220;#f2f4f4&#8243; border_width=&#8220;3px&#8220; border_style=&#8220;solid&#8220; global_module=&#8220;6361&#8243; saved_tabs=&#8220;all&#8220;]\n<p><a href=\"#vierkommaregeln\">Die 4 wichtigsten Kommaregeln im Deutschen<\/a><br \/><a href=\"#satzgrenzen\">1. Komma bei Satzgrenzen (Haupt- und Nebensatz)<\/a><br \/><a href=\"#nebensatz\">2. Komma bei Nebens\u00e4tzen<\/a><br \/><a style=\"padding-left: 20px;\" href=\"#subjunktion\">\u00bb durch Subjunktionen eingeleitet<\/a><br \/><a style=\"padding-left: 20px;\" href=\"#konjunktion\">\u00bb durch Konjunktionen eingeleitet<\/a><br \/><a style=\"padding-left: 20px;\" href=\"#fragewort\">\u00bb durch Fragew\u00f6rter eingeleitet<\/a><br \/><a style=\"padding-left: 20px;\" href=\"#infinitiv\">\u00bb durch Infinitivgruppen eingeleitet<\/a><br \/><a style=\"padding-left: 20px;\" href=\"#relativ\">\u00bb durch Relativpronomen eingeleitet<\/a><br \/><a style=\"padding-left: 20px;\" href=\"#uneingeleitet\">\u00bb durch uneingeleitete Nebens\u00e4tze eingeleitet<\/a><br \/><a href=\"#herausstellung\">3. Komma bei Herausstellungen<\/a><br \/><a href=\"#aufzaehlung\">4. Komma bei Aufz\u00e4hlungen<\/a><br \/><a href=\"#faq\">FAQ: Die g\u00e4ngigsten Komma-Fragen auf einen Blick&gt;<\/a><\/p>\n[\/et_pb_blurb][et_pb_text admin_label=&#8220;1. Komma bei Satzgrenzen&#8220; _builder_version=&#8220;4.3.4&#8243;]\n<h2><span id=\"vierkommaregeln\" style=\"font-weight: 400;\">Die 4 wichtigsten <\/span><span style=\"font-weight: 400;\">Kommaregeln<\/span><span style=\"font-weight: 400;\"> im Deutschen<\/span><\/h2>\n<p><span style=\"font-weight: 400;\">Unglaublich, aber wahr: Im Wesentlichen gibt es in der deutschen Sprache<\/span> <strong>nur drei grundlegende Kommapositionen im Satz<\/strong><span style=\"font-weight: 400;\">, das hei\u00dft, drei Situationen, in welchen ein Komma gesetzt werden muss:<\/span><\/p>\n<ol>\n<li style=\"font-weight: 400;\"><strong>Komma bei Satztrennungen<\/strong><\/li>\n<li style=\"font-weight: 400;\"><strong>Komma bei Hervorhebungen oder Herausstellungen<\/strong><\/li>\n<li style=\"font-weight: 400;\"><strong>Komma bei Aufz\u00e4hlungen<\/strong><\/li>\n<\/ol>\n<p><span style=\"font-weight: 400;\">Angesichts dieser kurzen Auflistung ist es schon verwunderlich, warum die Entscheidung \u00fcber die richtige Position dieses Satzzeichens oft so schwer f\u00e4llt &#8211; sieht doch gar nicht so komplex aus!\u00a0<\/span><\/p>\n<p><strong>Aber Vorsicht:<\/strong><span style=\"font-weight: 400;\"> Der erste Fall (das Komma bei Satzgrenzen) hat es in sich! Da die Regeln hierzu etwas komplexer sind und mehr dahinter steckt als die blo\u00dfe Abgrenzung von Haupt- und Nebens\u00e4tzen, gibt es in diesem Beitrag nicht nur drei, sondern vier Faustregeln f\u00fcr die richtige Kommasetzung. Das Komma bei Satzgrenzen wird in zwei separaten Punkten behandelt, um es leichter verst\u00e4ndlich zu machen.<\/span><\/p>\n<h2><span id=\"satzgrenzen\" style=\"font-weight: 400;\">1. Komma bei Satzgrenzen<\/span><\/h2>\n<p><span style=\"font-weight: 400;\">Die meisten Kommas (oder <\/span><span style=\"font-weight: 400;\">Kommata<\/span><span style=\"font-weight: 400;\">, beides ist richtig) werden benutzt, um Satzteile zu trennen. Entweder, um <\/span><strong>zwei Haupts\u00e4tze innerhalb eines Satzes zu trennen oder um Haupt- und Nebens\u00e4tze voneinander abzugrenzen.\u00a0<\/strong><\/p>\n<p><span style=\"font-weight: 400;\">Ob eine Wortgruppe als \u201cSatz\u201d gilt, erkennst du immer daran, dass die Gruppe ein gebeugtes Verb (auch: \u201cfinites\u201d oder \u201ckonjugiertes\u201d Verb) enth\u00e4lt. In einem Hauptsatz steht das gebeugte Verb an zweiter Stelle, w\u00e4hrend es im Nebensatz am Ende steht. <\/span><strong>Wenn ein Satz also zwei gebeugte Verben enth\u00e4lt, wei\u00dft du, dass du ein Komma brauchst.<\/strong><span style=\"font-weight: 400;\"> Und durch die Verbposition kannst du herausfinden, welches der Haupt- und welches der Nebensatz ist.\u00a0<\/span><\/p>\n<p><strong>Hier ein Beispiel:\u00a0<\/strong><\/p>\n[\/et_pb_text][et_pb_image src=&#8220;https:\/\/www.phase-6.de\/magazin\/wp-content\/uploads\/2019\/10\/Kommasetzung-Schaubilder-Skizzen-1.jpg&#8220; show_in_lightbox=&#8220;on&#8220; admin_label=&#8220;Komma bei Satzgrenzen BILD&#8220; _builder_version=&#8220;4.0.2&#8243;][\/et_pb_image][et_pb_code _builder_version=&#8220;4.9.10&#8243; _module_preset=&#8220;default&#8220;][\/et_pb_code][et_pb_text admin_label=&#8220;2. Komma bei Nebens\u00e4tzen&#8220; _builder_version=&#8220;4.9.10&#8243; hover_enabled=&#8220;0&#8243; sticky_enabled=&#8220;0&#8243;]\n<h2><span id=\"nebensatz\" style=\"font-weight: 400;\">2. Komma bei Nebens\u00e4tzen\u00a0<\/span><\/h2>\n<p><span style=\"font-weight: 400;\">Ein Komma wird also unter anderem ben\u00f6tigt, um einen Hauptsatz von einem Nebensatz zu trennen. Den Nebensatz erkennst du wie erw\u00e4hnt daran, dass das gebeugte Verb am Ende des Satzes steht.\u00a0<\/span><\/p>\n<p><span style=\"font-weight: 400;\">Aber wo genau muss das Komma nun gesetzt werden, <\/span><strong>wo f\u00e4ngt der Nebensatz an?<\/strong><span style=\"font-weight: 400;\"> Dazu m\u00fcssen wir uns ansehen, durch welche Wortarten Nebens\u00e4tze eingeleitet werden. Kommt eine der folgenden Wortbausteine (Konjunktionen, Infinitiv-Gruppen etc.) in einem Satz vor, wei\u00dft du, dass du ein Komma vor diese Wortart setzen musst.\u00a0<\/span><\/p>\n<p><span style=\"font-weight: 400;\">Der Merksatz k\u00f6nnte also einfach lauten: <\/span><strong>Vor einem Nebensatz kommt immer ein Komma. Ist es ein eingeschobener Nebensatz, wird er auch mit einem Komma abgeschlossen.\u00a0<\/strong><\/p>\n<p><span style=\"font-weight: 400;\">Wenn du genaueres erfahren willst, lies die n\u00e4chsten Abschnitte. Die folgenden Wortarten leiten Nebens\u00e4tze ein und sind als Komma-Marker zu verstehen:<\/span><\/p>\n<h3 id=\"subjunktion\"><strong>Komma vor Subjunktionen<\/strong><\/h3>\n<p><span style=\"font-weight: 400;\">Subjunktionen leiten untergeordnete S\u00e4tze ein, also Nebens\u00e4tze (sub = unter). Darin besteht der gro\u00dfe <\/span><strong>Unterschied zu Konjunktionen<\/strong><span style=\"font-weight: 400;\">, welche Haupts\u00e4tze mit weiteren Haupts\u00e4tzen verbinden, also mit gleichwertigen Satzteilen. Aber dazu mehr im n\u00e4chsten Punkt&#8230;\u00a0<\/span><\/p>\n<p><span style=\"font-weight: 400;\">G\u00e4ngige Subjunktionen sind: <\/span><strong>dass, weil, als, w\u00e4hrend, wenn, obwohl, au\u00dfer, indem, bevor, nachdem, um, ob<\/strong><i><span style=\"font-weight: 400;\">\u00a0<\/span><\/i><span style=\"font-weight: 400;\">etc<\/span><i><span style=\"font-weight: 400;\">.\u00a0<\/span><\/i><span style=\"font-weight: 400;\">Hier ein paar Beispiele von S\u00e4tzen, deren Nebens\u00e4tze durch Subjunktionen eingeleitet werden:\u00a0<\/span><\/p>\n[\/et_pb_text][et_pb_blurb admin_label=&#8220;BSP Komma Subjunktionen&#8220; _builder_version=&#8220;4.0.2&#8243; background_color=&#8220;#f2f4f4&#8243; custom_padding=&#8220;20px||20px||false|false&#8220;]\n<p><span style=\"font-weight: 400;\">Ich lese, <\/span><strong>dass<\/strong><span style=\"font-weight: 400;\"> das Seminar fr\u00fcher <\/span><strong>beginnt<\/strong><span style=\"font-weight: 400;\">.\u00a0<\/span><\/p>\n<p><span style=\"font-weight: 400;\">Ich frage, <\/span><strong>ob<\/strong><span style=\"font-weight: 400;\"> das Seminar fr\u00fcher <\/span><strong>beginnt<\/strong><span style=\"font-weight: 400;\">.\u00a0<\/span><\/p>\n<p><span style=\"font-weight: 400;\">Ich muss mich beeilen, <\/span><strong>weil<\/strong><span style=\"font-weight: 400;\"> das Seminar fr\u00fcher <\/span><strong>beginnt<\/strong><span style=\"font-weight: 400;\">.\u00a0<\/span><\/p>\n<p><span style=\"font-weight: 400;\">Ich beeile mich nicht, <\/span><strong>obwohl<\/strong><span style=\"font-weight: 400;\"> das Seminar fr\u00fcher <\/span><strong>beginnt<\/strong><span style=\"font-weight: 400;\">.<\/span><\/p>\n[\/et_pb_blurb][et_pb_text admin_label=&#8220;Komma vor Konjunktionen&#8220; _builder_version=&#8220;4.0.4&#8243;]\n<h3 id=\"konjunktion\"><strong>Komma vor Konjunktionen<\/strong><\/h3>\n<p><span style=\"font-weight: 400;\">Wie oben erw\u00e4hnt, d\u00fcrften die Konjunktionen streng genommen gar nicht unter diesem Punkt aufgef\u00fchrt werden, da sie keine Nebens\u00e4tze einleiten, sondern gleichwertige Haupts\u00e4tze miteinander verbinden. Allerdings ist es f\u00fcr den strukturierten Lernprozess gar nicht schlecht, Konjunktionen im direkten Vergleich zu Subjunktionen abzuspeichern.\u00a0<\/span><\/p>\n<p><span style=\"font-weight: 400;\">Konjunktionen leiten Haupts\u00e4tze ein, unter anderem mit diesen Worten:<\/span> <strong>denn, aber, allerdings, beziehungsweise, doch, au\u00dfer, andererseits, ansonsten, also, deshalb, folglich, sodass, sondern\u2026<\/strong><\/p>\n<p><span style=\"font-weight: 400;\">Um den Unterschied zwischen Sub- und Konjunktionen besser zu verstehen, orientieren wir uns hier an den Beispiels\u00e4tzen von oben und ersetzen die Subjunktionen durch Konjunktionen:<\/span><\/p>\n[\/et_pb_text][et_pb_blurb admin_label=&#8220;BSP Komma Konjunktionen&#8220; _builder_version=&#8220;4.0.2&#8243; background_color=&#8220;#f2f4f4&#8243; custom_padding=&#8220;20px||20px||false|false&#8220;]\n<p><span style=\"font-weight: 400;\">Ich bin p\u00fcnktlich, <\/span><strong>doch<\/strong><span style=\"font-weight: 400;\"> das Seminar <\/span><strong>beginnt<\/strong> <span style=\"font-weight: 400;\">fr\u00fcher.\u00a0<\/span><\/p>\n<p><span style=\"font-weight: 400;\">Ich bin p\u00fcnktlich, <\/span><strong>aber<\/strong><span style=\"font-weight: 400;\"> das Seminar <\/span><strong>beginnt<\/strong> <span style=\"font-weight: 400;\">heute fr\u00fcher.\u00a0<\/span><\/p>\n<p><span style=\"font-weight: 400;\">Ich muss mich beeilen, <\/span><strong>denn<\/strong><span style=\"font-weight: 400;\"> das Seminar <\/span><strong>beginnt<\/strong> <span style=\"font-weight: 400;\">fr\u00fcher als gedacht.\u00a0<\/span><\/p>\n<p><span style=\"font-weight: 400;\">Ich bin zu sp\u00e4t, <\/span><strong>beziehungsweise<\/strong><span style=\"font-weight: 400;\"> das Seminar <\/span><strong>beginnt<\/strong> <span style=\"font-weight: 400;\">fr\u00fcher.<\/span><\/p>\n[\/et_pb_blurb][et_pb_text admin_label=&#8220;Komma bei Fragew\u00f6rern&#8220; _builder_version=&#8220;4.0.4&#8243;]\n<p><span style=\"font-weight: 400;\">Du siehst: Das konjugierte Verb steht bei S\u00e4tzen, die durch Konjunktionen eingeleitet werden, nicht ganz am Satzende, so wie es bei Subjunktionen der Fall ist.\u00a0<\/span><\/p>\n<p><span style=\"font-weight: 400;\">Auch <\/span><strong>und, sowie <\/strong>und <strong>oder<\/strong><span style=\"font-weight: 400;\"> sind Konjunktionen, die zwei Haupts\u00e4tze miteinander verbinden. Allerdings lautet hier die Grundregel: kein K<\/span><span style=\"font-weight: 400;\">omma vor <\/span><strong>und, sowie <\/strong>und <strong>oder<\/strong><span style=\"font-weight: 400;\">. Nur in wenigen Ausnahmen wird vor diesen W\u00f6rtern ein Komma gesetzt, n\u00e4mlich:<\/span><\/p>\n<ul>\n<li style=\"font-weight: 400;\"><strong>Bei eingeschobenen Nebens\u00e4tzen:\u00a0<\/strong><\/li>\n<\/ul>\n<p><span style=\"font-weight: 400;\">Lotte, die viel trainiert hat, <\/span><strong>sowie<\/strong><span style=\"font-weight: 400;\"> Tom sind beide sehr aufgeregt.<\/span><\/p>\n<ul>\n<li style=\"font-weight: 400;\"><strong>Nach w\u00f6rtlicher Rede:\u00a0<\/strong><\/li>\n<\/ul>\n<p><span style=\"font-weight: 400;\">Er sagte: \u201cDas geht dich nichts an!\u201d, <\/span><strong>und<\/strong><span style=\"font-weight: 400;\"> verlie\u00df den Raum.<\/span><\/p>\n<ul>\n<li style=\"font-weight: 400;\"><strong>Bei Hervorhebungen und Nachtr\u00e4gen:<\/strong><\/li>\n<\/ul>\n<p><span style=\"font-weight: 400;\">Wir essen heute Pizza, <\/span><strong>oder<\/strong><span style=\"font-weight: 400;\"> Papa?<\/span><\/p>\n<p><span style=\"font-weight: 400;\">Dazu erf\u00e4hrst du im Verlauf des Artikels noch mehr.\u00a0<\/span><\/p>\n<h3 id=\"fragewort\"><strong>Komma vor Fragew\u00f6rtern<\/strong><\/h3>\n<p><span style=\"font-weight: 400;\">Werden Nebens\u00e4tze durch Fragew\u00f6rter eingeleitet <\/span><strong>(wer, wann, was, wie, wo, wohin, warum, weshalb)<\/strong><span style=\"font-weight: 400;\">, muss ein Komma vor das Fragewort gesetzt werden. Beispiels\u00e4tze k\u00f6nnten so lauten:<\/span><\/p>\n[\/et_pb_text][et_pb_blurb admin_label=&#8220;BSP Komma Fragew\u00f6rter&#8220; _builder_version=&#8220;4.0.2&#8243; background_color=&#8220;#f2f4f4&#8243; custom_padding=&#8220;20px||20px||false|false&#8220;]\n<p><span style=\"font-weight: 400;\">Ich lese, <\/span><strong>wann<\/strong><span style=\"font-weight: 400;\"> das Fest <\/span><strong>beginnt<\/strong><span style=\"font-weight: 400;\">.<\/span><\/p>\n<p><span style=\"font-weight: 400;\">Ich frage mich, <\/span><strong>wo<\/strong><span style=\"font-weight: 400;\"> der Vortrag <\/span><strong>stattfindet<\/strong><span style=\"font-weight: 400;\">.<\/span><\/p>\n<p><span style=\"font-weight: 400;\">Ich wei\u00df nicht, <\/span><strong>wer<\/strong><span style=\"font-weight: 400;\"> die Rede <\/span><strong>h\u00e4lt<\/strong><span style=\"font-weight: 400;\">.<\/span><\/p>\n<p><span style=\"font-weight: 400;\">Ich schaue, <\/span><strong>wem<\/strong><span style=\"font-weight: 400;\"> ich helfen <\/span><strong>kann<\/strong><span style=\"font-weight: 400;\">.<\/span><\/p>\n<p><span style=\"font-weight: 400;\">Ich \u00fcberlege, <\/span><strong>wen<\/strong><span style=\"font-weight: 400;\"> ich benachrichtigen <\/span><strong>muss<\/strong>.<\/p>\n[\/et_pb_blurb][et_pb_text admin_label=&#8220;Komma vor Infinitivgruppen&#8220; _builder_version=&#8220;4.0.4&#8243;]\n<h3 id=\"infinitiv\"><strong>Komma vor Infinitivgruppen<\/strong><\/h3>\n<p><span style=\"font-weight: 400;\">Mit Infinitivgruppen sind Wortkombinationen aus<\/span> <strong>\u201czu\u201d und einem Verb in der Grundform<\/strong> <span style=\"font-weight: 400;\">(Infinitiv) gemeint. Diese Wortbausteine nennt man auch \u201czu-Infinitive\u201d. Wenn so ein \u201czu-Infinitiv\u201d in einem Satz vorkommt, muss ein Komma gesetzt werden. Auch, obwohl keine zwei finiten Verben im Satz enthalten sind, denn Infinitivgruppen gelten als sogenannte nebensatzwertige Wortgruppen und verlangen somit immer ein Komma.<\/span><\/p>\n<p><span style=\"font-weight: 400;\">Hier ein paar Beispiels\u00e4tze:<\/span><\/p>\n[\/et_pb_text][et_pb_blurb admin_label=&#8220;BSP Komma vor Infinitivgruppen&#8220; _builder_version=&#8220;4.0.2&#8243; background_color=&#8220;#f2f4f4&#8243; custom_padding=&#8220;20px||20px||false|false&#8220;]\n<p><span style=\"font-weight: 400;\">Sie plant, den Sommer am Meer <\/span><strong>zu verbringen<\/strong><span style=\"font-weight: 400;\">.\u00a0<\/span><\/p>\n<p><span style=\"font-weight: 400;\">Er versprach, ihm <\/span><strong>zu helfen<\/strong><span style=\"font-weight: 400;\">.<\/span><\/p>\n<p><span style=\"font-weight: 400;\">Wir versuchen, uns <\/span><strong>zu vermeiden<\/strong><span style=\"font-weight: 400;\">.<\/span><\/p>\n<p><span style=\"font-weight: 400;\">Es gilt, sich <\/span><strong>anzustrengen<\/strong><span style=\"font-weight: 400;\">.\u00a0<\/span><\/p>\n<p><span style=\"font-weight: 400;\">Ich habe keine Lust, <\/span><strong>aufzustehen<\/strong><span style=\"font-weight: 400;\">.<\/span><\/p>\n[\/et_pb_blurb][et_pb_text admin_label=&#8220;Komma vor Relativs\u00e4tzen&#8220; _builder_version=&#8220;4.0.4&#8243;]\n<h3 id=\"relativ\"><strong>Komma vor Relativs\u00e4tzen bzw. Relativpronomen<\/strong><\/h3>\n<p><span style=\"font-weight: 400;\">Nebens\u00e4tze, die durch Relativpronomen und -adverbien eingeleitet werden, nennt man Relativs\u00e4tze. Klingt zun\u00e4chst plausibel, aber was genau bedeutet in diesem Fall \u201crelativ\u201d? Wenn wir sagen \u201cdas ist relativ\u201d meinen wir, dass ein bestimmter Sachverhalt (zum Beispiel der Aggregatzustand von Wasser) immer im Verh\u00e4ltnis &#8211; also immer in Relation &#8211; zum Kontext zu betrachten ist (hier: zur Temperatur). Zu sagen: \u201cWasser ist fl\u00fcssig\u201d, ist relativ. Je nach Temperatur kann es auch fest oder gasf\u00f6rmig sein.\u00a0<\/span><\/p>\n<p><strong>Ein Relativsatz steht also immer im Verh\u00e4ltnis zu einem Sachverhalt, der im Hauptsatz bereits angek\u00fcndigt wurde und kann diesen Hauptsatz mit zus\u00e4tzlichen Informationen erg\u00e4nzen.\u00a0<\/strong><\/p>\n<p><span style=\"font-weight: 400;\">Um es konkreter zu machen, hier ein paar Beispiele:\u00a0<\/span><\/p>\n[\/et_pb_text][et_pb_blurb admin_label=&#8220;BSP Komma vor Relativs\u00e4tzen&#8220; _builder_version=&#8220;4.0.2&#8243; background_color=&#8220;#f2f4f4&#8243; custom_padding=&#8220;20px||20px||false|false&#8220;]\n<p><span style=\"font-weight: 400;\">Ich lese den Roman, <\/span><strong>den<\/strong><span style=\"font-weight: 400;\"> ich gestern <\/span><strong>gekauft habe<\/strong><span style=\"font-weight: 400;\">.\u00a0<\/span><\/p>\n<p><span style=\"font-weight: 400;\">Das ist die Kollegin, <\/span><strong>die<\/strong><span style=\"font-weight: 400;\"> neu im Team <\/span><strong>ist<\/strong><span style=\"font-weight: 400;\">.<\/span><\/p>\n<p><span style=\"font-weight: 400;\">Er macht immer das, <\/span><strong>was<\/strong><span style=\"font-weight: 400;\"> ihm am meisten Spa\u00df <\/span><strong>macht<\/strong><span style=\"font-weight: 400;\">.\u00a0<\/span><\/p>\n<p><span style=\"font-weight: 400;\">Dort, <\/span><strong>wo<\/strong><span style=\"font-weight: 400;\"> er fr\u00fcher <\/span><strong>gewohnt hatte<\/strong><span style=\"font-weight: 400;\">, ist es sch\u00f6ner.<\/span><\/p>\n[\/et_pb_blurb][et_pb_text admin_label=&#8220;Komma vor Relativs\u00e4tzen II&#8220; _builder_version=&#8220;4.0.2&#8243;]\n<p><span style=\"font-weight: 400;\">Relativs\u00e4tze werden durch folgende Relativpronomen eingeleitet: <\/span><strong>der, die, das, den, dessen, deren, welcher, welche, welches, welchem, welchen<\/strong><span style=\"font-weight: 400;\"> und verlangen immer ein Komma.<\/span><\/p>\n[\/et_pb_text][et_pb_image src=&#8220;https:\/\/www.phase-6.de\/magazin\/wp-content\/uploads\/2019\/10\/Kommasetzung-bei-Relativpronomen-Tabelle-Edited.jpg&#8220; show_in_lightbox=&#8220;on&#8220; admin_label=&#8220;BILD Relativpronomen&#8220; _builder_version=&#8220;4.0.2&#8243;][\/et_pb_image][et_pb_text admin_label=&#8220;Komma vor uneingeleiteten NS&#8220; _builder_version=&#8220;4.0.4&#8243;]\n<h3 id=\"uneingeleitet\"><strong>Komma bei uneingeleiteten Nebens\u00e4tzen<\/strong><\/h3>\n<p><span style=\"font-weight: 400;\">Nun kennst du alle Nebensatz-Einleiter und wei\u00dft, dass die oben genannten Wortbausteine als Kommamerkmale zu verstehen sind. Es gibt aber auch Nebens\u00e4tze, die nicht durch einen dieser Wortbausteine eingeleitet werden. Diese Nebensatzart nennt man \u201cuneingeleitete Nebens\u00e4tze\u201d. Ein Beispiel:<\/span><\/p>\n[\/et_pb_text][et_pb_blurb admin_label=&#8220;BSP Komma vor uneingeleiteten NS&#8220; _builder_version=&#8220;4.0.2&#8243; background_color=&#8220;#f2f4f4&#8243; custom_padding=&#8220;20px||20px||false|false&#8220;]\n<p><span style=\"font-weight: 400;\">Er behauptet, er <\/span><strong>habe<\/strong><span style=\"font-weight: 400;\"> nichts <\/span><strong>gesehen<\/strong><span style=\"font-weight: 400;\">. (indirekte Rede)\u00a0<\/span><\/p>\n<p><span style=\"font-weight: 400;\">\u00a0\u00a0\u00a0\u00a0\u00a0\u00a0\u2192 vgl. zum eingeleiteten Nebensatz: Er behauptet, <\/span><strong>dass<\/strong><span style=\"font-weight: 400;\"> er nichts gesehen hat.<\/span><\/p>\n<p><strong>Kommt<\/strong><span style=\"font-weight: 400;\"> er, geht sie. (Konditionalsatz)\u00a0<\/span><\/p>\n<p><span style=\"font-weight: 400;\">\u00a0\u00a0\u00a0\u00a0\u00a0\u00a0\u2192 vgl. zum eingeleiteten Nebensatz: <\/span><strong>Wenn<\/strong><span style=\"font-weight: 400;\"> er kommt, geht sie.<\/span><\/p>\n[\/et_pb_blurb][et_pb_text admin_label=&#8220;3. Komma bei Herausstellungen&#8220; _builder_version=&#8220;4.0.4&#8243;]\n<h2><span style=\"font-weight: 400;\"id=\"herausstellung\">3. Komma bei Herausstellungen<\/span><\/h2>\n<p><span style=\"font-weight: 400;\">Wir nutzen Kommata im Deutschen nicht nur, um S\u00e4tze oder Satzteile voneinander zu trennen bzw. zu verbinden, sondern auch, um bestimmte Inhalte im Satz hervorzuheben.\u00a0<\/span><\/p>\n<p><span style=\"font-weight: 400;\">Das Komma wird dann gesetzt, um eine kleine <\/span><strong>(Atem-)Pause f\u00fcr die Lesenden zu signalisieren<\/strong><span style=\"font-weight: 400;\">. Es wird beispielsweise hinter Gef\u00fchlsausrufen (Interjektionen) wie \u201cach\u201d, \u201coh\u201d, oder \u201cwow\u201d verlangt. Hier ein paar Beispiels\u00e4tze f\u00fcr verschiedene Hervorhebungen:\u00a0<\/span><\/p>\n[\/et_pb_text][et_pb_blurb admin_label=&#8220;BSP Komma bei Herausstellungen&#8220; _builder_version=&#8220;4.0.2&#8243; background_color=&#8220;#f2f4f4&#8243; custom_padding=&#8220;20px||20px||false|false&#8220;]\n<p><span style=\"font-weight: 400;\"><strong>Linksversetzung<\/strong>: <\/span> <span style=\"font-weight: 400;\">Die Helga, die habe ich noch nie gemocht.\u00a0<\/span><\/p>\n<p><span style=\"font-weight: 400;\"><strong>Rechtsversetzung<\/strong>:<\/span> <span style=\"font-weight: 400;\">Ich mag ihn, den Peter.\u00a0<\/span><\/p>\n<p><span style=\"font-weight: 400;\"><strong>Freies Thema<\/strong>:<\/span> <span style=\"font-weight: 400;\">Apropos B\u00fccher, ich habe noch eins von dir.\u00a0<\/span><\/p>\n<p><span style=\"font-weight: 400;\"><strong>Interjektionen<\/strong>: <\/span> <span style=\"font-weight: 400;\">Ach, das wei\u00df ich nicht.\u00a0<\/span><\/p>\n<p><span style=\"font-weight: 400;\"><strong>Vokative<\/strong>: <\/span> <span style=\"font-weight: 400;\">Jule, komm jetzt.\u00a0<\/span><\/p>\n<p><span style=\"font-weight: 400;\"><strong>Nachtrag<\/strong>: <\/span> <span style=\"font-weight: 400;\">Oskar ist im Urlaub, und zwar in Berlin.\u00a0<\/span><\/p>\n<p><span style=\"font-weight: 400;\"><strong>Augmente<\/strong>: <\/span> <span style=\"font-weight: 400;\">Wir gehen doch ins Kino, oder?<\/span><\/p>\n[\/et_pb_blurb][et_pb_text admin_label=&#8220;4. Komma bei Aufz\u00e4hlungen&#8220; _builder_version=&#8220;4.0.4&#8243;]\n<h2><span style=\"font-weight: 400;\"id=\"aufzaehlung\">4. Komma bei Aufz\u00e4hlungen<\/span><\/h2>\n<p><span style=\"font-weight: 400;\">Bei der Aufz\u00e4hlung von Satzgliedern muss zwischen jedes gleichwertige Satzglied ein Komma gesetzt werden. Gleichwertig bedeutet hier, dass die Satzteile sich nicht erkl\u00e4rend aufeinander beziehen. Was das genau bedeutet, wird nach dem zweiten Beispiel deutlich. Ein Beispiel f\u00fcr eine <\/span><strong>Aufz\u00e4hlung mit gleichwertigen Satzgliedern<\/strong><span style=\"font-weight: 400;\">:\u00a0<\/span><\/p>\n[\/et_pb_text][et_pb_blurb admin_label=&#8220;BSP Komma bei Aufz\u00e4hlungen&#8220; _builder_version=&#8220;4.0.2&#8243; background_color=&#8220;#f2f4f4&#8243; custom_padding=&#8220;20px||20px||false|false&#8220;]\n<p><span style=\"font-weight: 400;\">Zu seinem Geburtstag lud er Svenja, Lisa, Peter und Martin ein.<\/span><\/p>\n<p><span style=\"font-weight: 400;\">Sie kaufen \u00c4pfel, Birnen sowie Tomaten.\u00a0<\/span><\/p>\n<p><span style=\"font-weight: 400;\">Er lachte, weinte, seufzte und schniefte vor sich hin.\u00a0<\/span><\/p>\n<p><span style=\"font-weight: 400;\">Sie kaufen Gem\u00fcse, bringen es nach Hause und machen einen Salat.<\/span><\/p>\n[\/et_pb_blurb][et_pb_text admin_label=&#8220;Komma bei Aufz\u00e4hlungen II&#8220; _builder_version=&#8220;4.0.4&#8243;]\n<p><span style=\"font-weight: 400;\">Der letzte Teil der Aufz\u00e4hlung braucht kein Komma, denn ein <\/span><span style=\"font-weight: 400;\">Komma vor <strong>und<\/strong><\/span><span style=\"font-weight: 400;\"> oder ein <\/span><span style=\"font-weight: 400;\">Komma vor <strong>sowie<\/strong><\/span><span style=\"font-weight: 400;\"> ist f\u00fcr gew\u00f6hnlich nicht n\u00f6tig, wie du bereits erfahren hast. Beispiele f\u00fcr <\/span><strong>Aufz\u00e4hlungen mit nicht gleichrangigen Satzgliedern<\/strong><span style=\"font-weight: 400;\"> sind:\u00a0<\/span><\/p>\n[\/et_pb_text][et_pb_blurb admin_label=&#8220;BSP Komma bei Aufz\u00e4hlungen II&#8220; _builder_version=&#8220;4.0.4&#8243; background_color=&#8220;#f2f4f4&#8243; custom_padding=&#8220;20px||20px||false|false&#8220;]\n<p><span style=\"font-weight: 400;\">Er berichtete von den <strong>j\u00fcngsten politischen<\/strong> Entwicklungen.\u00a0<\/span><\/p>\n<p><span style=\"font-weight: 400;\">Was ist das <strong>kleinste gemeinsame<\/strong> Vielfache?<\/span><\/p>\n<p><span style=\"font-weight: 400;\">Das ist der <strong>beste gr\u00fcne<\/strong> Tee, den ich je getrunken habe!<\/span><\/p>\n[\/et_pb_blurb][et_pb_text admin_label=&#8220;Besonderheiten&#8220; _builder_version=&#8220;4.0.4&#8243;]\n<p><span style=\"font-weight: 400;\">Hier braucht es kein Komma, da das vordere Adjektiv die folgende Wortkombination erkl\u00e4rt. <strong>Als Test kannst du \u201eund\u201c einsetzen<\/strong>: Der Satz \u201eDie j\u00fcngsten und politischen Entwicklungen\u201c ergibt keinen Sinn, da sich \u201cj\u00fcngsten\u201d auf \u201cpolitischen\u201d bezieht, also wird kein Komma gesetzt. Wenn kein \u201cund\u201d zwischen die W\u00f6rter passt, ist es in dem Sinne nicht als Aufz\u00e4hlung zu werden.\u00a0<\/span><\/p>\n<p><span style=\"font-weight: 400;\">Ein <\/span><span style=\"font-weight: 400;\">Komma zwischen Adjektiven<\/span><span style=\"font-weight: 400;\">, die sich aufeinander beziehen, wird also nicht verlangt.<\/span><\/p>\n<h2><span style=\"font-weight: 400;\">Besonderheiten<\/span><\/h2>\n<p><span style=\"font-weight: 400;\">Die restlichen <\/span><span style=\"font-weight: 400;\">Kommaregeln<\/span><span style=\"font-weight: 400;\"> behandeln in erster Linie spezielle Situationen, die wir hier kurz auflisten:<\/span><\/p>\n<h3><strong>Komma bei Orts- und Zeitangaben<\/strong><\/h3>\n<p><b>Angaben von Ort, Zeit und Literaturangaben werden durch Kommas getrennt.\u00a0<\/b><\/p>\n<p><span style=\"font-weight: 400;\">Beispiel:\u00a0<\/span><\/p>\n<p><em><span style=\"font-weight: 400;\">Die Party ist in Hamburg, Zollstra\u00dfe 50, 4. Etage.\u00a0\u00a0\u00a0<\/span><\/em><\/p>\n<p><span style=\"font-weight: 400;\"><em>Mein Geburtstag ist am Donnerstag, den 16.05..<\/em>\u00a0<\/span><\/p>\n<h3><strong>Komma bei Anreden und Ausrufen<\/strong><\/h3>\n<p><b>Anreden und Ausrufe ziehen immer ein Komma mit sich. Das Komma steht nach dem Empfindungswort, wenn es besonders betont wird <\/b><span style=\"font-weight: 400;\">(siehe Komma bei Herausstellungen)<\/span><b>.<\/b><\/p>\n<p><span style=\"font-weight: 400;\">Beispiel: <\/span><\/p>\n<p><em><span style=\"font-weight: 400;\">Thomas, bitte gib mir den Hammer. (Anrede)<\/span><\/em><\/p>\n<p><em><span style=\"font-weight: 400;\">Verflixt, mir ist meine Tasse runtergefallen. (Ausruf)<\/span><\/em><\/p>\n<h3><strong>Komma bei w\u00f6rtlicher Rede<\/strong><\/h3>\n<p><b>Wenn nach einer w\u00f6rtlichen Rede ein (\u00fcbergeordneter) Satz folgt, muss nach den Anf\u00fchrungszeichen ein Komma stehen.<\/b><\/p>\n<p><span style=\"font-weight: 400;\">Beispiel:<\/span><\/p>\n<p><em><span style=\"font-weight: 400;\">\u201eEs war wirklich spitze auf Klassenfahrt!\u201c, erz\u00e4hlte er freudestrahlend.\u00a0<\/span><\/em><\/p>\n<p><img loading=\"-\" decoding=\"async\" class=\"aligncenter wp-image-6507 size-full\" src=\"https:\/\/www.phase-6.de\/magazin\/wp-content\/uploads\/2019\/10\/Kommasetzung-again.jpg\" alt=\"Kommasetzung - Illustration Katze \" width=\"500\" height=\"500\" srcset=\"https:\/\/www.phase-6.de\/magazin\/wp-content\/uploads\/2019\/10\/Kommasetzung-again.jpg 500w, https:\/\/www.phase-6.de\/magazin\/wp-content\/uploads\/2019\/10\/Kommasetzung-again-150x150.jpg 150w, https:\/\/www.phase-6.de\/magazin\/wp-content\/uploads\/2019\/10\/Kommasetzung-again-300x300.jpg 300w, https:\/\/www.phase-6.de\/magazin\/wp-content\/uploads\/2019\/10\/Kommasetzung-again-440x440.jpg 440w\" sizes=\"(max-width: 500px) 100vw, 500px\" \/><\/p>\n<h2>\u00a0<\/h2>\n<h2 id=\"faq\">FAQ: Antworten auf die h\u00e4ufigsten Kommafragen<\/h2>\n[\/et_pb_text][et_pb_accordion admin_label=&#8220;FAQ&#8220; _builder_version=&#8220;4.0.4&#8243;][et_pb_accordion_item title=&#8220;Kommasetzung &#8211; Die h\u00e4ufigsten Fragen und Antworten auf einen Blick&#8220; open=&#8220;on&#8220; _builder_version=&#8220;4.0.4&#8243;][\/et_pb_accordion_item][et_pb_accordion_item title=&#8220;Komma vor sowie?&#8220; _builder_version=&#8220;4.0.2&#8243; open=&#8220;off&#8220;]\n<p><span style=\"font-weight: 400;\">Nein, ein <\/span><span style=\"font-weight: 400;\">Komma vor <\/span><strong>sowie<\/strong><span style=\"font-weight: 400;\"> ist nicht obligatorisch, wird also grunds\u00e4tzlich nicht verlangt. Es gibt aber eine Ausnahme: Dass <\/span><span style=\"font-weight: 400;\">vor <\/span><b>sowie<\/b><span style=\"font-weight: 400;\"> ein Komma <\/span><span style=\"font-weight: 400;\">gesetzt werden muss, wei\u00dft du, wenn direkt vorher ein <\/span><strong>eingeschobener Nebensatz<\/strong><span style=\"font-weight: 400;\"> endet. Das Komma geh\u00f6rt somit zum Rahmen des eingeschobenen Nebensatzes und hat nicht direkt etwas mit dem Wort <\/span><strong>sowie<\/strong><span style=\"font-weight: 400;\"> zu tun.\u00a0<\/span><\/p>\n<p><span style=\"font-weight: 400;\"><strong>Beispiel<\/strong>: <\/span><\/p>\n<p><em><span style=\"font-weight: 400;\">\u201cHunde, die ein weiches Fell haben, <\/span><strong>sowie<\/strong><span style=\"font-weight: 400;\"> Katzen mag ich gerne.\u201d<\/span><\/em><\/p>\n<p><span style=\"font-weight: 400;\"><strong>Vergleich<\/strong>: <\/span><\/p>\n<p><em><span style=\"font-weight: 400;\">\u201c<\/span><span style=\"font-weight: 400;\">Hunde <\/span><strong>sowie<\/strong><span style=\"font-weight: 400;\"> Katzen mag ich gerne.\u201d<\/span><\/em><\/p>\n[\/et_pb_accordion_item][et_pb_accordion_item title=&#8220;Komma vor und?&#8220; _builder_version=&#8220;4.0.2&#8243; open=&#8220;off&#8220;]\n<p><span style=\"font-weight: 400;\">Mit dem <\/span><span style=\"font-weight: 400;\">Komma vor <\/span><strong>und<\/strong> <span style=\"font-weight: 400;\">verh\u00e4lt es sich \u00e4hnlich wie mit dem <\/span><span style=\"font-weight: 400;\">Komma vor <\/span><strong>sowie<\/strong><span style=\"font-weight: 400;\">: Es muss grunds\u00e4tzlich kein Komma gesetzt werden, jedoch gibt es Ausnahmen.\u00a0<\/span><\/p>\n<p><span style=\"font-weight: 400;\">Es braucht ein Komma <\/span><strong>bei eingeschobenen Nebens\u00e4tzen<\/strong><span style=\"font-weight: 400;\">, wie beim Komma vor <\/span><strong>sowie<\/strong><span style=\"font-weight: 400;\">. Zus\u00e4tzlich muss ein Komma <\/span><strong>nach<\/strong> <strong>w\u00f6rtlicher Rede<\/strong><span style=\"font-weight: 400;\"> gesetzt werden und zu guter letzt wird ein <\/span><strong>Komma bei Hervorhebungen<\/strong><span style=\"font-weight: 400;\"> und Betonungspausen verlangt.<\/span><\/p>\n[\/et_pb_accordion_item][et_pb_accordion_item title=&#8220;Komma vor oder?&#8220; _builder_version=&#8220;4.0.2&#8243; open=&#8220;off&#8220;]\n<p><span style=\"font-weight: 400;\">F\u00fcr das<\/span><span style=\"font-weight: 400;\"> Komma vor <\/span><strong>oder<\/strong><span style=\"font-weight: 400;\"> gelten dieselben Regeln wie f\u00fcr das <\/span><span style=\"font-weight: 400;\">Komma vor <\/span><strong>und<\/strong><span style=\"font-weight: 400;\">.<\/span><\/p>\n[\/et_pb_accordion_item][et_pb_accordion_item title=&#8220;Komma vor um?&#8220; _builder_version=&#8220;4.0.2&#8243; open=&#8220;off&#8220;]\n<p><span style=\"font-weight: 400;\">Wenn das W\u00f6rtchen <\/span><strong>um<\/strong><span style=\"font-weight: 400;\"> einen Nebensatz einleitet, wird immer ein Komma gesetzt. Das ist meist auch an der damit verbundenen Infinitivgruppe (\u201czu-Infinitiv\u201d) erkennbar (siehe Komma bei Infinitivgruppen).<\/span><\/p>\n<p><span style=\"font-weight: 400;\">Beispiel: <\/span><\/p>\n<p><em> <span style=\"font-weight: 400;\">Er \u00f6ffnet das Fenster, <\/span><strong>um<\/strong><span style=\"font-weight: 400;\"> zu l\u00fcften.<\/span><\/em><\/p>\n<p><span style=\"font-weight: 400;\">Kein Komma wird verlangt, wenn wir beispielsweise sagen:<em> \u201cWir treffen uns <\/em><\/span><em><strong>um<\/strong><\/em><span style=\"font-weight: 400;\"><em> 18:00 Uhr\u201d<\/em> oder <em>\u201cIch gehe eine Runde <\/em><\/span><em><strong>um<\/strong><\/em><span style=\"font-weight: 400;\"><em> den Block\u201d<\/em>.<\/span><\/p>\n[\/et_pb_accordion_item][et_pb_accordion_item title=&#8220;Komma vor aber?&#8220; _builder_version=&#8220;4.0.2&#8243; open=&#8220;off&#8220;]\n<p><span style=\"font-weight: 400;\">Auch vor <\/span><strong>aber<\/strong><span style=\"font-weight: 400;\"> muss immer ein Komma gesetzt werden, wenn das Wort einen Nebensatz einleitet bzw. zwei Haupts\u00e4tze miteinander verbindet (siehe Komma bei Konjunktionen).<\/span><\/p>\n<p><span style=\"font-weight: 400;\">Beispiel: <\/span><\/p>\n<p><em><span style=\"font-weight: 400;\">Es ist sch\u00f6n, <\/span><strong>aber<\/strong><span style=\"font-weight: 400;\"> (es ist mir) zu teuer.<\/span><\/em><\/p>\n<p><em><span style=\"font-weight: 400;\">Ich habe es gelesen, <\/span><strong>aber<\/strong><span style=\"font-weight: 400;\"> ich kann mich nicht erinnern.\u00a0<\/span><\/em><\/p>\n<p><span style=\"font-weight: 400;\">Kein Komma wird gesetzt, wenn das Wort mitten im Satz vorkommt oder am Satzanfang steht.<\/span><\/p>\n<p><span style=\"font-weight: 400;\">Beispiel: <\/span><\/p>\n<p><em><span style=\"font-weight: 400;\">Das ist mir <\/span><strong>aber<\/strong><span style=\"font-weight: 400;\"> wichtig!<\/span><\/em><\/p>\n<p><em><strong>Aber<\/strong><span style=\"font-weight: 400;\"> wohin willst du denn verreisen?<\/span><\/em><\/p>\n[\/et_pb_accordion_item][et_pb_accordion_item title=&#8220;Komma vor ob?&#8220; _builder_version=&#8220;4.0.2&#8243; open=&#8220;off&#8220;]\n<p><span style=\"font-weight: 400;\">Wenn <\/span><strong>ob<\/strong><span style=\"font-weight: 400;\"> einen Nebensatz einleitet, wird ebenfalls immer ein Komma ben\u00f6tigt (siehe Komma bei Subjunktionen).<\/span><\/p>\n<p><span style=\"font-weight: 400;\">Beispiel: <\/span><\/p>\n<p><em><span style=\"font-weight: 400;\">Wei\u00dft du, <\/span><strong>ob<\/strong><span style=\"font-weight: 400;\"> der Kurs heute stattfindet?<\/span><\/em><\/p>\n<p><em><span style=\"font-weight: 400;\">Ich bin nicht sicher, <\/span><strong>ob<\/strong><span style=\"font-weight: 400;\"> es die richtige Gr\u00f6\u00dfe hat.\u00a0<\/span><\/em><\/p>\n[\/et_pb_accordion_item][et_pb_accordion_item title=&#8220;Komma vor sondern?&#8220; _builder_version=&#8220;4.0.2&#8243; open=&#8220;off&#8220;]\n<p><span style=\"font-weight: 400;\">Diese Regel ist einfach: Vor <\/span><strong>sondern<\/strong><span style=\"font-weight: 400;\"> wird immer ein Komma gesetzt. Das gilt auch f\u00fcr Satzstrukturen wie \u201cNicht nur \u2026, <\/span><strong>sondern auch<\/strong><span style=\"font-weight: 400;\"> \u2026\u201d.\u00a0<\/span><\/p>\n<p><span style=\"font-weight: 400;\">Beispiel: <\/span><\/p>\n<p><em><span style=\"font-weight: 400;\">Es ist nicht deine Schuld, <\/span><strong>sondern<\/strong><span style=\"font-weight: 400;\"> meine.<\/span><\/em><\/p>\n<p><em><span style=\"font-weight: 400;\">Nicht nur das Essen ist kalt geworden, <\/span><strong>sondern auch<\/strong><span style=\"font-weight: 400;\"> das Wetter.<\/span><\/em><\/p>\n[\/et_pb_accordion_item][et_pb_accordion_item title=&#8220;Komma vor als?&#8220; _builder_version=&#8220;4.0.2&#8243; open=&#8220;off&#8220;]\n<p><span style=\"font-weight: 400;\">Ein <\/span><span style=\"font-weight: 400;\">Komma bei <\/span><strong>als<\/strong><span style=\"font-weight: 400;\"> wird gesetzt, wenn <\/span><strong>als<\/strong><span style=\"font-weight: 400;\"> einen Nebensatz einleitet (siehe Komma bei Subjunktionen). Den Nebensatz erkennst du daran, dass das finite Verb am Ende des Satzes steht.<\/span><\/p>\n<p><span style=\"font-weight: 400;\">Beispiel: <\/span><\/p>\n<p><em><span style=\"font-weight: 400;\">E<\/span><span style=\"font-weight: 400;\">s war viel sch\u00f6ner, <\/span><strong>als<\/strong><span style=\"font-weight: 400;\"> ich es in Erinnerung hatte.<\/span><\/em><\/p>\n<p><em><span style=\"font-weight: 400;\">Du bist gr\u00f6\u00dfer, <\/span><strong>als<\/strong><span style=\"font-weight: 400;\"> ich dachte.<\/span><\/em><\/p>\n<p><em><span style=\"font-weight: 400;\">Meine Oma ist st\u00e4rker, <\/span><strong>als<\/strong><span style=\"font-weight: 400;\"> du denkst.<\/span><\/em><\/p>\n<p><span style=\"font-weight: 400;\">Kein Komma wird gebraucht, wenn ein Vergleich mit <\/span><strong>als<\/strong><span style=\"font-weight: 400;\"> produziert wird. In diesem Fall steht auch kein Verb am Satzende.<\/span><\/p>\n<p><span style=\"font-weight: 400;\">Beispiel:<\/span><\/p>\n<p><em><span style=\"font-weight: 400;\">Es war viel sch\u00f6ner <\/span><strong>als<\/strong><span style=\"font-weight: 400;\"> in meiner Erinnerung.<\/span><\/em><\/p>\n<p><em><span style=\"font-weight: 400;\">Du bist gr\u00f6\u00dfer <\/span><strong>als<\/strong><span style=\"font-weight: 400;\"> ich.<\/span><\/em><\/p>\n<p><em><span style=\"font-weight: 400;\">Meine Oma ist st\u00e4rker <\/span><strong>als<\/strong><span style=\"font-weight: 400;\"> du.<\/span><\/em><\/p>\n<p><span style=\"font-weight: 400;\">Ebenso braucht es kein Komma bei Satzkonstruktionen wie \u201cSowohl \u2026 als auch\u201d. Ein <\/span><span style=\"font-weight: 400;\">Komma vor <\/span><strong>als auch<\/strong> <span style=\"font-weight: 400;\">wird nie verlangt.<\/span><\/p>\n<p><span style=\"font-weight: 400;\">Beispiel: <\/span><\/p>\n<p><em><span style=\"font-weight: 400;\">Sowohl Tom <\/span><strong>als auch<\/strong><span style=\"font-weight: 400;\"> Annika haben eine Freundin mit roten Haaren.<\/span><\/em><\/p>\n<p><em><span style=\"font-weight: 400;\">Sowohl du<\/span> <strong>als auch<\/strong><span style=\"font-weight: 400;\"> ich sind m\u00fcde.<\/span><\/em><\/p>\n[\/et_pb_accordion_item][et_pb_accordion_item title=&#8220;Komma vor wenn?&#8220; _builder_version=&#8220;4.0.2&#8243; open=&#8220;off&#8220;]\n<p><span style=\"font-weight: 400;\">Hier wird grunds\u00e4tzlich immer ein Komma gesetzt, da <\/span><strong>wenn<\/strong><span style=\"font-weight: 400;\"> als Subjunktion f\u00fcr gew\u00f6hnlich Nebens\u00e4tze einleitet.<\/span><\/p>\n<p><span style=\"font-weight: 400;\">Beispiel: <\/span><\/p>\n<p><em><span style=\"font-weight: 400;\">Ich finde es sch\u00f6n, <\/span><strong>wenn<\/strong><span style=\"font-weight: 400;\"> du mich besuchst.<\/span><\/em><\/p>\n<p><em><span style=\"font-weight: 400;\">Lass uns spazieren gehen, <\/span><strong>wenn<\/strong><span style=\"font-weight: 400;\"> die Sonne scheint.\u00a0<\/span><\/em><\/p>\n<p><span style=\"font-weight: 400;\">Das Komma kann bei formellen Einsch\u00fcben auch weggelassen werden &#8211; je nach Belieben.<\/span><\/p>\n<p><span style=\"font-weight: 400;\">Beispiel: <\/span><\/p>\n<p><em><span style=\"font-weight: 400;\">Mach [,] <\/span><strong>wenn<\/strong><span style=\"font-weight: 400;\"> n\u00f6tig [,] eine Pause.<\/span><\/em><\/p>\n<p><em><span style=\"font-weight: 400;\">Ich mache eine Pause [,] <\/span><strong>wenn<\/strong><span style=\"font-weight: 400;\"> gew\u00fcnscht.<\/span><\/em><\/p>\n[\/et_pb_accordion_item][et_pb_accordion_item title=&#8220;Komma vor wie?&#8220; _builder_version=&#8220;4.0.2&#8243; open=&#8220;off&#8220;]\n<p><span style=\"font-weight: 400;\">Ob das W\u00f6rtchen <\/span><strong>wie <\/strong><span style=\"font-weight: 400;\">ein<\/span><span style=\"font-weight: 400;\"> Komma<\/span><span style=\"font-weight: 400;\"> verlangt, ist abh\u00e4ngig von seiner Funktion im Satz. Mal wird es verlangt, mal ist es den Schreibenden freigestellt.<\/span><\/p>\n<p><strong>In diesen F\u00e4llen MUSS ein Komma gesetzt werden:<\/strong><\/p>\n<p><span style=\"font-weight: 400;\">Ein <\/span><span style=\"font-weight: 400;\">Komma vor <\/span><strong>wie<\/strong><span style=\"font-weight: 400;\"> wird verlangt, wenn es als Fragewort fungiert und einen Nebensatz einleitet (siehe Komma bei Fragew\u00f6rtern).<\/span><\/p>\n<p><span style=\"font-weight: 400;\">Beispiel: <\/span><\/p>\n<p><em><span style=\"font-weight: 400;\">Wei\u00dft du, <\/span><strong>wie<\/strong><span style=\"font-weight: 400;\"> ich hei\u00dfe?<\/span><\/em><\/p>\n<p><em><span style=\"font-weight: 400;\">Ich frage mich, <\/span><strong>wie<\/strong><span style=\"font-weight: 400;\"> das m\u00f6glich ist.<\/span><\/em><\/p>\n<p><span style=\"font-weight: 400;\">Wird es als Relativpronomen verwendet, gelten die gleichen Regeln wie f\u00fcr das Komma bei Relativs\u00e4tzen: Es muss ein Komma gesetzt werden.<\/span><\/p>\n<p><span style=\"font-weight: 400;\">Beispiel: <\/span><\/p>\n<p><span style=\"font-weight: 400;\">Das ist genau so, <\/span><strong>wie<\/strong><span style=\"font-weight: 400;\"> ich es mir vorgestellt habe.<\/span><\/p>\n<p><strong>In diesen F\u00e4llen KANN ein Komma gesetzt werden:<\/strong><\/p>\n<p><span style=\"font-weight: 400;\">Ein <\/span><span style=\"font-weight: 400;\">Komma vor <\/span><strong>wie zum Beispiel <\/strong><span style=\"font-weight: 400;\">kann fakultativ gesetzt werden &#8211; je nach Gusto. Wenn allerdings ein Komma davor gesetzt wird, muss auch eins danach gesetzt werden, sodass ein eingeschobene Nebensatz entsteht.<\/span><\/p>\n<p><span style=\"font-weight: 400;\">Beispiel: <\/span><\/p>\n<p><em><span style=\"font-weight: 400;\">In einer Gro\u00dfstadt, <\/span><strong>wie zum Beispiel<\/strong> <span style=\"font-weight: 400;\">London, leben viele Menschen.<\/span><\/em><\/p>\n<p><em><span style=\"font-weight: 400;\">In einer Gro\u00dfstadt <\/span><strong>wie zum Beispiel<\/strong> <span style=\"font-weight: 400;\">London leben viele Menschen.<\/span><\/em><\/p>\n<p><span style=\"font-weight: 400;\">Auch bei assoziativen Einsch\u00fcben kann das Komma ebenfalls gesetzt oder weggelassen werden.<\/span><\/p>\n<p><span style=\"font-weight: 400;\">Beispiel:<\/span><\/p>\n<p><em><span style=\"font-weight: 400;\">Er hat, <strong>wie<\/strong> <strong>zu erwarten<\/strong>, abgesagt.<\/span><\/em><\/p>\n<p><em><span style=\"font-weight: 400;\">Er hat <strong>wie zu erwarten<\/strong> abgesagt.<\/span><\/em><\/p>\n<p><span style=\"font-weight: 400;\">Wird das Wort <\/span><strong>wie<\/strong><span style=\"font-weight: 400;\"> in einem Satz wie <\/span><strong>und<\/strong><span style=\"font-weight: 400;\"> oder <\/span><strong>sowie<\/strong><span style=\"font-weight: 400;\"> verwendet, gelten auch die gleichen Regeln und Ausnahmen wie f\u00fcr das Komma bei <\/span><strong>und<\/strong> <span style=\"font-weight: 400;\">und<\/span> <strong>sowie<\/strong><span style=\"font-weight: 400;\">. Bedeutet: Ein Komma wird nicht obligatorisch gesetzt, aber es gibt Ausnahmen (siehe oben).<\/span><\/p>\n<p><span style=\"font-weight: 400;\">Beispiel: <\/span><\/p>\n<p><em><span style=\"font-weight: 400;\">Er baute \u00c4pfel an <\/span><strong>wie<\/strong><span style=\"font-weight: 400;\"> Kartoffeln und Salat.<\/span><\/em><\/p>\n<p><em><span style=\"font-weight: 400;\">Er baute \u00c4pfel an, die saftig schmeckten, <\/span><strong>wie<\/strong><span style=\"font-weight: 400;\"> Kartoffeln und Salat. <\/span><\/em><span style=\"font-weight: 400;\">(Ausnahme: eingeschobener Nebensatz)<\/span><\/p>\n[\/et_pb_accordion_item][\/et_pb_accordion][et_pb_text admin_label=&#8220;Schluss&#8220; _builder_version=&#8220;4.6.0&#8243;]\n<h2><span style=\"font-weight: 400;\">Die besten \u00dcbungsm\u00f6glichkeiten<\/span><\/h2>\n<p><span style=\"font-weight: 400;\">Diese Regeln und Sonderf\u00e4lle haben dir hoffentlich schon viel mit auf den Weg gegeben. Nun kennst du die wichtigsten<\/span><span style=\"font-weight: 400;\"> Kommaregeln im Deutschen<\/span><span style=\"font-weight: 400;\">. <\/span><span style=\"font-weight: 400;\">Und falls du jetzt denkst, deutsche Grammatik sei viel zu komplex<\/span><span style=\"font-weight: 400;\">, dann sieh dir mal die grammatikalischen Eigenheiten von Sprachen wie Isl\u00e4ndisch oder <\/span><a href=\"https:\/\/www.phase-6.de\/magazin\/rubriken\/fakten-der-sprache\/die-fuelle-der-japanischen-schriftzeichen\/\"><span style=\"font-weight: 400;\"><span style=\"color: #fc7c00;\">Japanisch<\/span><\/span><\/a><span style=\"font-weight: 400;\"> an!<\/span><\/p>\n<p>Du m\u00f6chtest wissen, wie du <strong>Kommas in englischen Texten<\/strong> richtig setzt? In unserem Beitrag zur <a href=\"https:\/\/www.phase-6.de\/magazin\/rubriken\/grammatik\/kommasetzung-im-englischen-diese-regeln-solltest-du-kennen\/\"><span style=\"color: #fc7c00;\">Kommasetzung im Englischen<\/span><\/a> erh\u00e4ltst du einen \u00dcberblick \u00fcber die wichtigsten Regeln und lernst die englischen Kommaregeln anhand von einfachen Beispielen &#8211; worauf wartest du noch?<\/p>\n<p><img loading=\"-\" decoding=\"async\" class=\"wp-image-6566 size-full aligncenter\" src=\"https:\/\/www.phase-6.de\/magazin\/wp-content\/uploads\/2019\/10\/Kommaregeln-its-lit.jpg\" alt=\"Kommaregeln - it's lit\" width=\"500\" height=\"500\" srcset=\"https:\/\/www.phase-6.de\/magazin\/wp-content\/uploads\/2019\/10\/Kommaregeln-its-lit.jpg 500w, https:\/\/www.phase-6.de\/magazin\/wp-content\/uploads\/2019\/10\/Kommaregeln-its-lit-150x150.jpg 150w, https:\/\/www.phase-6.de\/magazin\/wp-content\/uploads\/2019\/10\/Kommaregeln-its-lit-300x300.jpg 300w, https:\/\/www.phase-6.de\/magazin\/wp-content\/uploads\/2019\/10\/Kommaregeln-its-lit-440x440.jpg 440w\" sizes=\"(max-width: 500px) 100vw, 500px\" \/><\/p>\n<p><span style=\"font-weight: 400;\">Die einzige M\u00f6glichkeit, einen richtig sicheren Umgang mit Kommata zu entwickeln, ist das wiederholte \u00dcben. Zum Beispiel l\u00e4sst sich so ein spezifisches Lernthema individuell mit einer <\/span><a href=\"https:\/\/www-de.scoyo.com\/startseite\"><span style=\"font-weight: 400;\"><span style=\"color: #fc7c00;\">Online-Lernplattform wie scoyo<\/span><\/span><\/a><span style=\"font-weight: 400;\"> trainieren, da dort genau das gelernt werden kann, was noch nicht ganz so gut klappt. Ausgew\u00e4hlte Gamification-Elemente sorgen f\u00fcr die notwendige Motivation beim Lernen.\u00a0<\/span><\/p>\n<p><strong>Beim n\u00e4chsten Text wirst du bestimmt jedes Komma richtig setzen!<\/strong><\/p>\n[\/et_pb_text][\/et_pb_column][\/et_pb_row][\/et_pb_section]\n","protected":false},"excerpt":{"rendered":"<p>Wann setzt man ein Komma? Dieser Frage gehen wir in diesem Beitrag nach und erkl\u00e4ren dir alle wichtigen Kommaregeln in 4 Schritten. Wir beantworten die g\u00e4ngigsten Fragen zur Kommasetzung und machen dich fit f\u00fcr den n\u00e4chsten Aufsatz!<\/p>\n","protected":false},"author":11,"featured_media":6567,"comment_status":"closed","ping_status":"open","sticky":false,"template":"","format":"standard","meta":{"_acf_changed":false,"_yoast_wpseo_focuskw":"Kommaregeln","_yoast_wpseo_title":"","_yoast_wpseo_metadesc":"Wann setzt man ein Komma? Wichtige Kommaregeln einfach erkl\u00e4rt \u2713Kommasetzung Regeln \u2713Kommaregeln deutsch \u2713Beispiels\u00e4tze","_yoast_wpseo_canonical":"","_yoast_wpseo_opengraph-title":"","_yoast_wpseo_opengraph-description":"","_et_pb_use_builder":"on","_et_pb_old_content":"","_et_gb_content_width":"","inline_featured_image":false,"footnotes":""},"categories":[68],"tags":[],"class_list":["post-6306","post","type-post","status-publish","format-standard","has-post-thumbnail","hentry","category-vokabeln-und-grammatik","et-has-post-format-content","et_post_format-et-post-format-standard"],"acf":[],"yoast_head":"<!-- This site is optimized with the Yoast SEO plugin v26.9 - https:\/\/yoast.com\/product\/yoast-seo-wordpress\/ -->\n<title>Kommaregeln einfach erkl\u00e4rt - in 4 Schritten - phase6 Magazin<\/title>\n<meta name=\"description\" content=\"Wann setzt man ein Komma? Wichtige Kommaregeln einfach erkl\u00e4rt \u2713Kommasetzung Regeln \u2713Kommaregeln deutsch \u2713Beispiels\u00e4tze\" \/>\n<meta name=\"robots\" content=\"index, follow, max-snippet:-1, max-image-preview:large, max-video-preview:-1\" \/>\n<link rel=\"canonical\" href=\"https:\/\/www.phase-6.de\/magazin\/rubriken\/vokabeln-grammatik\/kommaregeln-einfach-erklaert-in-4-schritten\/\" \/>\n<meta property=\"og:locale\" content=\"de_DE\" \/>\n<meta property=\"og:type\" content=\"article\" \/>\n<meta property=\"og:title\" content=\"Kommaregeln einfach erkl\u00e4rt - in 4 Schritten - phase6 Magazin\" \/>\n<meta property=\"og:description\" content=\"Wann setzt man ein Komma? Wichtige Kommaregeln einfach erkl\u00e4rt \u2713Kommasetzung Regeln \u2713Kommaregeln deutsch \u2713Beispiels\u00e4tze\" \/>\n<meta property=\"og:url\" content=\"https:\/\/www.phase-6.de\/magazin\/rubriken\/vokabeln-grammatik\/kommaregeln-einfach-erklaert-in-4-schritten\/\" \/>\n<meta property=\"og:site_name\" content=\"phase6 Magazin\" \/>\n<meta property=\"article:publisher\" content=\"https:\/\/www.facebook.com\/phase6.de\/\" \/>\n<meta property=\"article:published_time\" content=\"2020-01-13T15:56:07+00:00\" \/>\n<meta property=\"article:modified_time\" content=\"2022-07-10T08:24:48+00:00\" \/>\n<meta property=\"og:image\" content=\"https:\/\/www.phase-6.de\/magazin\/wp-content\/uploads\/2019\/10\/Kommasetzung.jpg\" \/>\n\t<meta property=\"og:image:width\" content=\"1080\" \/>\n\t<meta property=\"og:image:height\" content=\"675\" \/>\n\t<meta property=\"og:image:type\" content=\"image\/jpeg\" \/>\n<meta name=\"author\" content=\"Rebecca\" \/>\n<meta name=\"twitter:card\" content=\"summary_large_image\" \/>\n<meta name=\"twitter:label1\" content=\"Verfasst von\" \/>\n\t<meta name=\"twitter:data1\" content=\"Rebecca\" \/>\n\t<meta name=\"twitter:label2\" content=\"Gesch\u00e4tzte Lesezeit\" \/>\n\t<meta name=\"twitter:data2\" content=\"19\u00a0Minuten\" \/>\n<script type=\"application\/ld+json\" class=\"yoast-schema-graph\">{\"@context\":\"https:\/\/schema.org\",\"@graph\":[{\"@type\":\"Article\",\"@id\":\"https:\/\/www.phase-6.de\/magazin\/rubriken\/vokabeln-grammatik\/kommaregeln-einfach-erklaert-in-4-schritten\/#article\",\"isPartOf\":{\"@id\":\"https:\/\/www.phase-6.de\/magazin\/rubriken\/vokabeln-grammatik\/kommaregeln-einfach-erklaert-in-4-schritten\/\"},\"author\":{\"name\":\"Rebecca\",\"@id\":\"https:\/\/www.phase-6.de\/magazin\/#\/schema\/person\/c79e16a5e9f43034e7a9f1876f3e96d4\"},\"headline\":\"Kommaregeln einfach erkl\u00e4rt &#8211; in 4 Schritten\",\"datePublished\":\"2020-01-13T15:56:07+00:00\",\"dateModified\":\"2022-07-10T08:24:48+00:00\",\"mainEntityOfPage\":{\"@id\":\"https:\/\/www.phase-6.de\/magazin\/rubriken\/vokabeln-grammatik\/kommaregeln-einfach-erklaert-in-4-schritten\/\"},\"wordCount\":3762,\"publisher\":{\"@id\":\"https:\/\/www.phase-6.de\/magazin\/#organization\"},\"image\":{\"@id\":\"https:\/\/www.phase-6.de\/magazin\/rubriken\/vokabeln-grammatik\/kommaregeln-einfach-erklaert-in-4-schritten\/#primaryimage\"},\"thumbnailUrl\":\"https:\/\/www.phase-6.de\/magazin\/wp-content\/uploads\/2019\/10\/Kommasetzung.jpg\",\"articleSection\":[\"Vokabeln &amp; Grammatik\"],\"inLanguage\":\"de\"},{\"@type\":\"WebPage\",\"@id\":\"https:\/\/www.phase-6.de\/magazin\/rubriken\/vokabeln-grammatik\/kommaregeln-einfach-erklaert-in-4-schritten\/\",\"url\":\"https:\/\/www.phase-6.de\/magazin\/rubriken\/vokabeln-grammatik\/kommaregeln-einfach-erklaert-in-4-schritten\/\",\"name\":\"Kommaregeln einfach erkl\u00e4rt - in 4 Schritten - phase6 Magazin\",\"isPartOf\":{\"@id\":\"https:\/\/www.phase-6.de\/magazin\/#website\"},\"primaryImageOfPage\":{\"@id\":\"https:\/\/www.phase-6.de\/magazin\/rubriken\/vokabeln-grammatik\/kommaregeln-einfach-erklaert-in-4-schritten\/#primaryimage\"},\"image\":{\"@id\":\"https:\/\/www.phase-6.de\/magazin\/rubriken\/vokabeln-grammatik\/kommaregeln-einfach-erklaert-in-4-schritten\/#primaryimage\"},\"thumbnailUrl\":\"https:\/\/www.phase-6.de\/magazin\/wp-content\/uploads\/2019\/10\/Kommasetzung.jpg\",\"datePublished\":\"2020-01-13T15:56:07+00:00\",\"dateModified\":\"2022-07-10T08:24:48+00:00\",\"description\":\"Wann setzt man ein Komma? Wichtige Kommaregeln einfach erkl\u00e4rt \u2713Kommasetzung Regeln \u2713Kommaregeln deutsch \u2713Beispiels\u00e4tze\",\"breadcrumb\":{\"@id\":\"https:\/\/www.phase-6.de\/magazin\/rubriken\/vokabeln-grammatik\/kommaregeln-einfach-erklaert-in-4-schritten\/#breadcrumb\"},\"inLanguage\":\"de\",\"potentialAction\":[{\"@type\":\"ReadAction\",\"target\":[\"https:\/\/www.phase-6.de\/magazin\/rubriken\/vokabeln-grammatik\/kommaregeln-einfach-erklaert-in-4-schritten\/\"]}]},{\"@type\":\"ImageObject\",\"inLanguage\":\"de\",\"@id\":\"https:\/\/www.phase-6.de\/magazin\/rubriken\/vokabeln-grammatik\/kommaregeln-einfach-erklaert-in-4-schritten\/#primaryimage\",\"url\":\"https:\/\/www.phase-6.de\/magazin\/wp-content\/uploads\/2019\/10\/Kommasetzung.jpg\",\"contentUrl\":\"https:\/\/www.phase-6.de\/magazin\/wp-content\/uploads\/2019\/10\/Kommasetzung.jpg\",\"width\":1080,\"height\":675,\"caption\":\"Kommaregeln einfach erkl\u00e4rt!\"},{\"@type\":\"BreadcrumbList\",\"@id\":\"https:\/\/www.phase-6.de\/magazin\/rubriken\/vokabeln-grammatik\/kommaregeln-einfach-erklaert-in-4-schritten\/#breadcrumb\",\"itemListElement\":[{\"@type\":\"ListItem\",\"position\":1,\"name\":\"Startseite\",\"item\":\"https:\/\/www.phase-6.de\/magazin\/\"},{\"@type\":\"ListItem\",\"position\":2,\"name\":\"Kommaregeln einfach erkl\u00e4rt &#8211; in 4 Schritten\"}]},{\"@type\":\"WebSite\",\"@id\":\"https:\/\/www.phase-6.de\/magazin\/#website\",\"url\":\"https:\/\/www.phase-6.de\/magazin\/\",\"name\":\"phase6 Magazin\",\"description\":\"Das Magazin f\u00fcr Sprache, Lernen &amp; Lehren\",\"publisher\":{\"@id\":\"https:\/\/www.phase-6.de\/magazin\/#organization\"},\"potentialAction\":[{\"@type\":\"SearchAction\",\"target\":{\"@type\":\"EntryPoint\",\"urlTemplate\":\"https:\/\/www.phase-6.de\/magazin\/?s={search_term_string}\"},\"query-input\":{\"@type\":\"PropertyValueSpecification\",\"valueRequired\":true,\"valueName\":\"search_term_string\"}}],\"inLanguage\":\"de\"},{\"@type\":\"Organization\",\"@id\":\"https:\/\/www.phase-6.de\/magazin\/#organization\",\"name\":\"phase-6 GmbH\",\"url\":\"https:\/\/www.phase-6.de\/magazin\/\",\"logo\":{\"@type\":\"ImageObject\",\"inLanguage\":\"de\",\"@id\":\"https:\/\/www.phase-6.de\/magazin\/#\/schema\/logo\/image\/\",\"url\":\"https:\/\/www.phase-6.de\/magazin\/wp-content\/uploads\/2017\/07\/phase6_logo2017.png\",\"contentUrl\":\"https:\/\/www.phase-6.de\/magazin\/wp-content\/uploads\/2017\/07\/phase6_logo2017.png\",\"width\":709,\"height\":200,\"caption\":\"phase-6 GmbH\"},\"image\":{\"@id\":\"https:\/\/www.phase-6.de\/magazin\/#\/schema\/logo\/image\/\"},\"sameAs\":[\"https:\/\/www.facebook.com\/phase6.de\/\",\"https:\/\/de.wikipedia.org\/wiki\/Phase6\"]},{\"@type\":\"Person\",\"@id\":\"https:\/\/www.phase-6.de\/magazin\/#\/schema\/person\/c79e16a5e9f43034e7a9f1876f3e96d4\",\"name\":\"Rebecca\",\"url\":\"https:\/\/www.phase-6.de\/magazin\/author\/rebecca\/\"}]}<\/script>\n<!-- \/ Yoast SEO plugin. -->","yoast_head_json":{"title":"Kommaregeln einfach erkl\u00e4rt - in 4 Schritten - phase6 Magazin","description":"Wann setzt man ein Komma? Wichtige Kommaregeln einfach erkl\u00e4rt \u2713Kommasetzung Regeln \u2713Kommaregeln deutsch \u2713Beispiels\u00e4tze","robots":{"index":"index","follow":"follow","max-snippet":"max-snippet:-1","max-image-preview":"max-image-preview:large","max-video-preview":"max-video-preview:-1"},"canonical":"https:\/\/www.phase-6.de\/magazin\/rubriken\/vokabeln-grammatik\/kommaregeln-einfach-erklaert-in-4-schritten\/","og_locale":"de_DE","og_type":"article","og_title":"Kommaregeln einfach erkl\u00e4rt - in 4 Schritten - phase6 Magazin","og_description":"Wann setzt man ein Komma? Wichtige Kommaregeln einfach erkl\u00e4rt \u2713Kommasetzung Regeln \u2713Kommaregeln deutsch \u2713Beispiels\u00e4tze","og_url":"https:\/\/www.phase-6.de\/magazin\/rubriken\/vokabeln-grammatik\/kommaregeln-einfach-erklaert-in-4-schritten\/","og_site_name":"phase6 Magazin","article_publisher":"https:\/\/www.facebook.com\/phase6.de\/","article_published_time":"2020-01-13T15:56:07+00:00","article_modified_time":"2022-07-10T08:24:48+00:00","og_image":[{"width":1080,"height":675,"url":"https:\/\/www.phase-6.de\/magazin\/wp-content\/uploads\/2019\/10\/Kommasetzung.jpg","type":"image\/jpeg"}],"author":"Rebecca","twitter_card":"summary_large_image","twitter_misc":{"Verfasst von":"Rebecca","Gesch\u00e4tzte Lesezeit":"19\u00a0Minuten"},"schema":{"@context":"https:\/\/schema.org","@graph":[{"@type":"Article","@id":"https:\/\/www.phase-6.de\/magazin\/rubriken\/vokabeln-grammatik\/kommaregeln-einfach-erklaert-in-4-schritten\/#article","isPartOf":{"@id":"https:\/\/www.phase-6.de\/magazin\/rubriken\/vokabeln-grammatik\/kommaregeln-einfach-erklaert-in-4-schritten\/"},"author":{"name":"Rebecca","@id":"https:\/\/www.phase-6.de\/magazin\/#\/schema\/person\/c79e16a5e9f43034e7a9f1876f3e96d4"},"headline":"Kommaregeln einfach erkl\u00e4rt &#8211; in 4 Schritten","datePublished":"2020-01-13T15:56:07+00:00","dateModified":"2022-07-10T08:24:48+00:00","mainEntityOfPage":{"@id":"https:\/\/www.phase-6.de\/magazin\/rubriken\/vokabeln-grammatik\/kommaregeln-einfach-erklaert-in-4-schritten\/"},"wordCount":3762,"publisher":{"@id":"https:\/\/www.phase-6.de\/magazin\/#organization"},"image":{"@id":"https:\/\/www.phase-6.de\/magazin\/rubriken\/vokabeln-grammatik\/kommaregeln-einfach-erklaert-in-4-schritten\/#primaryimage"},"thumbnailUrl":"https:\/\/www.phase-6.de\/magazin\/wp-content\/uploads\/2019\/10\/Kommasetzung.jpg","articleSection":["Vokabeln &amp; Grammatik"],"inLanguage":"de"},{"@type":"WebPage","@id":"https:\/\/www.phase-6.de\/magazin\/rubriken\/vokabeln-grammatik\/kommaregeln-einfach-erklaert-in-4-schritten\/","url":"https:\/\/www.phase-6.de\/magazin\/rubriken\/vokabeln-grammatik\/kommaregeln-einfach-erklaert-in-4-schritten\/","name":"Kommaregeln einfach erkl\u00e4rt - in 4 Schritten - phase6 Magazin","isPartOf":{"@id":"https:\/\/www.phase-6.de\/magazin\/#website"},"primaryImageOfPage":{"@id":"https:\/\/www.phase-6.de\/magazin\/rubriken\/vokabeln-grammatik\/kommaregeln-einfach-erklaert-in-4-schritten\/#primaryimage"},"image":{"@id":"https:\/\/www.phase-6.de\/magazin\/rubriken\/vokabeln-grammatik\/kommaregeln-einfach-erklaert-in-4-schritten\/#primaryimage"},"thumbnailUrl":"https:\/\/www.phase-6.de\/magazin\/wp-content\/uploads\/2019\/10\/Kommasetzung.jpg","datePublished":"2020-01-13T15:56:07+00:00","dateModified":"2022-07-10T08:24:48+00:00","description":"Wann setzt man ein Komma? Wichtige Kommaregeln einfach erkl\u00e4rt \u2713Kommasetzung Regeln \u2713Kommaregeln deutsch \u2713Beispiels\u00e4tze","breadcrumb":{"@id":"https:\/\/www.phase-6.de\/magazin\/rubriken\/vokabeln-grammatik\/kommaregeln-einfach-erklaert-in-4-schritten\/#breadcrumb"},"inLanguage":"de","potentialAction":[{"@type":"ReadAction","target":["https:\/\/www.phase-6.de\/magazin\/rubriken\/vokabeln-grammatik\/kommaregeln-einfach-erklaert-in-4-schritten\/"]}]},{"@type":"ImageObject","inLanguage":"de","@id":"https:\/\/www.phase-6.de\/magazin\/rubriken\/vokabeln-grammatik\/kommaregeln-einfach-erklaert-in-4-schritten\/#primaryimage","url":"https:\/\/www.phase-6.de\/magazin\/wp-content\/uploads\/2019\/10\/Kommasetzung.jpg","contentUrl":"https:\/\/www.phase-6.de\/magazin\/wp-content\/uploads\/2019\/10\/Kommasetzung.jpg","width":1080,"height":675,"caption":"Kommaregeln einfach erkl\u00e4rt!"},{"@type":"BreadcrumbList","@id":"https:\/\/www.phase-6.de\/magazin\/rubriken\/vokabeln-grammatik\/kommaregeln-einfach-erklaert-in-4-schritten\/#breadcrumb","itemListElement":[{"@type":"ListItem","position":1,"name":"Startseite","item":"https:\/\/www.phase-6.de\/magazin\/"},{"@type":"ListItem","position":2,"name":"Kommaregeln einfach erkl\u00e4rt &#8211; in 4 Schritten"}]},{"@type":"WebSite","@id":"https:\/\/www.phase-6.de\/magazin\/#website","url":"https:\/\/www.phase-6.de\/magazin\/","name":"phase6 Magazin","description":"Das Magazin f\u00fcr Sprache, Lernen &amp; Lehren","publisher":{"@id":"https:\/\/www.phase-6.de\/magazin\/#organization"},"potentialAction":[{"@type":"SearchAction","target":{"@type":"EntryPoint","urlTemplate":"https:\/\/www.phase-6.de\/magazin\/?s={search_term_string}"},"query-input":{"@type":"PropertyValueSpecification","valueRequired":true,"valueName":"search_term_string"}}],"inLanguage":"de"},{"@type":"Organization","@id":"https:\/\/www.phase-6.de\/magazin\/#organization","name":"phase-6 GmbH","url":"https:\/\/www.phase-6.de\/magazin\/","logo":{"@type":"ImageObject","inLanguage":"de","@id":"https:\/\/www.phase-6.de\/magazin\/#\/schema\/logo\/image\/","url":"https:\/\/www.phase-6.de\/magazin\/wp-content\/uploads\/2017\/07\/phase6_logo2017.png","contentUrl":"https:\/\/www.phase-6.de\/magazin\/wp-content\/uploads\/2017\/07\/phase6_logo2017.png","width":709,"height":200,"caption":"phase-6 GmbH"},"image":{"@id":"https:\/\/www.phase-6.de\/magazin\/#\/schema\/logo\/image\/"},"sameAs":["https:\/\/www.facebook.com\/phase6.de\/","https:\/\/de.wikipedia.org\/wiki\/Phase6"]},{"@type":"Person","@id":"https:\/\/www.phase-6.de\/magazin\/#\/schema\/person\/c79e16a5e9f43034e7a9f1876f3e96d4","name":"Rebecca","url":"https:\/\/www.phase-6.de\/magazin\/author\/rebecca\/"}]}},"_links":{"self":[{"href":"https:\/\/www.phase-6.de\/magazin\/wp-json\/wp\/v2\/posts\/6306","targetHints":{"allow":["GET"]}}],"collection":[{"href":"https:\/\/www.phase-6.de\/magazin\/wp-json\/wp\/v2\/posts"}],"about":[{"href":"https:\/\/www.phase-6.de\/magazin\/wp-json\/wp\/v2\/types\/post"}],"author":[{"embeddable":true,"href":"https:\/\/www.phase-6.de\/magazin\/wp-json\/wp\/v2\/users\/11"}],"replies":[{"embeddable":true,"href":"https:\/\/www.phase-6.de\/magazin\/wp-json\/wp\/v2\/comments?post=6306"}],"version-history":[{"count":0,"href":"https:\/\/www.phase-6.de\/magazin\/wp-json\/wp\/v2\/posts\/6306\/revisions"}],"wp:featuredmedia":[{"embeddable":true,"href":"https:\/\/www.phase-6.de\/magazin\/wp-json\/wp\/v2\/media\/6567"}],"wp:attachment":[{"href":"https:\/\/www.phase-6.de\/magazin\/wp-json\/wp\/v2\/media?parent=6306"}],"wp:term":[{"taxonomy":"category","embeddable":true,"href":"https:\/\/www.phase-6.de\/magazin\/wp-json\/wp\/v2\/categories?post=6306"},{"taxonomy":"post_tag","embeddable":true,"href":"https:\/\/www.phase-6.de\/magazin\/wp-json\/wp\/v2\/tags?post=6306"}],"curies":[{"name":"wp","href":"https:\/\/api.w.org\/{rel}","templated":true}]}}