{"id":879,"date":"2017-01-06T19:24:35","date_gmt":"2017-01-06T19:24:35","guid":{"rendered":"https:\/\/www.phase-6.de\/magazin\/?p=879"},"modified":"2019-10-25T08:37:05","modified_gmt":"2019-10-25T08:37:05","slug":"warum-sagen-wir-eigentlich-redewendungen-rund-um-den-fuss","status":"publish","type":"post","link":"https:\/\/www.phase-6.de\/magazin\/rubriken\/sprichwoerter\/warum-sagen-wir-eigentlich-redewendungen-rund-um-den-fuss\/","title":{"rendered":"Sprichw\u00f6rter rund um den Fu\u00df &#8211; Warum sagen wir eigentlich\u2026"},"content":{"rendered":"<p>Wir verwenden sie zum Teil t\u00e4glich und lernen sie schon als Kinder: Redewendungen und Sprichw\u00f6rter. Das sind feste Verbindungen von W\u00f6rtern, wobei sich die Gesamtbedeutung nicht aus den Teilbedeutungen der einzelnen Worte ableiten l\u00e4sst. Hier erkl\u00e4ren wir, wie bekannte deutsche Sprichw\u00f6rter rund um den Fu\u00df entstanden sind.<\/p>\n<h2>Auf gro\u00dfem Fu\u00dfe leben<\/h2>\n<div id=\"attachment_5594\" style=\"width: 286px\" class=\"wp-caption alignleft\"><img aria-describedby=\"caption-attachment-5594\" loading=\"-\" decoding=\"async\" class=\" wp-image-5594\" src=\"https:\/\/www.phase-6.de\/magazin\/wp-content\/uploads\/2017\/01\/Leben-Clowns-auf-gro\u00dfem-Fu\u00df_-300x186.jpg\" alt=\"Leben Clowns auf gro\u00dfem Fu\u00df?\" width=\"276\" height=\"171\" srcset=\"https:\/\/www.phase-6.de\/magazin\/wp-content\/uploads\/2017\/01\/Leben-Clowns-auf-gro\u00dfem-Fu\u00df_-300x186.jpg 300w, https:\/\/www.phase-6.de\/magazin\/wp-content\/uploads\/2017\/01\/Leben-Clowns-auf-gro\u00dfem-Fu\u00df_.jpg 485w\" sizes=\"(max-width: 276px) 100vw, 276px\" \/><p id=\"caption-attachment-5594\" class=\"wp-caption-text\">Leben Clowns auf gro\u00dfem Fu\u00df?<\/p><\/div>\n<p>Zur Entstehung dieser Redewendung gibt es verschiedene Angaben. Eine Herkunft bezieht sich auf den franz\u00f6sischen Graf von Anjou, der im Mittelalter lebte. Er war sehr reich und unter der Bev\u00f6lkerung hoch angesehen. Aufgrund einer Geschwulst am Fu\u00df konnte er die vornehmen Schuhe der damaligen Zeit nicht tragen und beauftragte einen Schuster mit der Anfertigung von gro\u00dfen, schnabelf\u00f6rmigen Schuhen, die seine F\u00fc\u00dfe versteckten. Viele Menschen wollten es ihm gleichtun, jedoch konnten sich nur reiche Leute die gro\u00dfen Schuhe leisten \u2013 und damit auf gro\u00dfem Fu\u00df leben.<\/p>\n<p>Laut anderer Quellen stammt die Redensart aus dem 17. Jahrhundert und \u201cFu\u00df\u201d bezeichnet hier nicht etwa ein Gliedma\u00df, sondern bedeutet so etwas wie die \u201cArt des Seins\u201d. Lebte jemand auf gro\u00dfem Fu\u00df, betrieb er also einen gro\u00dfen Aufwand, um etwas zu erledigen.<\/p>\n<p>Das Sprichwort wird heute eher im Sinne des ersten Erkl\u00e4rungsansatzes verwendet. Wenn heutzutage jemand auf gro\u00dfem Fu\u00df lebt, ist er meist wohlhabend und leistet sich viele sch\u00f6ne Dinge.<\/p>\n<h2>Kalte F\u00fc\u00dfe bekommen<\/h2>\n<p>Diese Redensart entstand mit der Verbreitung des Gl\u00fccksspiels. Weil das Spielen um Geld fr\u00fcher verboten war, zogen sich die Spieler in Kellerr\u00e4ume zur\u00fcck, um nicht erwischt zu werden. Wie auch heute wurde im Keller oft nicht geheizt und es war dementsprechend kalt. Hatte ein Spieler schlechte Karten und brauchte eine Ausrede, um das Spiel vorzeitig zu verlassen, kam die K\u00e4lte recht gelegen: \u201cIch habe so kalte F\u00fc\u00dfe, ich gehe jetzt besser.\u201d So entwickelte sich im Laufe der Zeit diese Redewendung, die immer dann zum Einsatz kommt, wenn man sich aus einer unangenehmen Situation befreien will.<\/p>\n<h2>Jemanden auf dem falschen Fu\u00df erwischen<\/h2>\n<p>Erwischt man jemanden auf dem falschen Fu\u00df, dann \u00fcberrascht man ihn in einem unpassenden oder unvorbereiteten Moment. Ihren Ursprung hat die Redensart im Sport, wo viele Sportlerinnen und Sportler, zum Beispiel im Fu\u00dfball oder Tennis, ein &#8222;starkes Bein&#8220; haben, das sie mehr belasten k\u00f6nnen. Erwischt man sie auf dem falschen Fu\u00df, also auf dem schw\u00e4cheren Bein, so f\u00e4llt das Ergebnis schlechter aus.<\/p>\n<h2>Einen Pferdefu\u00df haben<\/h2>\n<div id=\"attachment_5596\" style=\"width: 260px\" class=\"wp-caption alignright\"><img aria-describedby=\"caption-attachment-5596\" loading=\"-\" decoding=\"async\" class=\" wp-image-5596\" src=\"https:\/\/www.phase-6.de\/magazin\/wp-content\/uploads\/2017\/01\/Einen-Pferdefu\u00df-haben-300x232.jpg\" alt=\"Einen Pferdefu\u00df haben\" width=\"250\" height=\"193\" srcset=\"https:\/\/www.phase-6.de\/magazin\/wp-content\/uploads\/2017\/01\/Einen-Pferdefu\u00df-haben-300x232.jpg 300w, https:\/\/www.phase-6.de\/magazin\/wp-content\/uploads\/2017\/01\/Einen-Pferdefu\u00df-haben.jpg 500w\" sizes=\"(max-width: 250px) 100vw, 250px\" \/><p id=\"caption-attachment-5596\" class=\"wp-caption-text\">Wie es ist, wenn man einen Pferdefu\u00df hat?<\/p><\/div>\n<p>Der Pferde-, Ziegen- oder Klumpfu\u00df wird h\u00e4ufig mit dem Teufel assoziiert, so beispielsweise bei Goethes Mephisto in Faust. Oft tritt der Teufel in M\u00e4rchen oder Sagen in verkleideter Form auf und kann nur durch seinen hervorschauenden Pferdefu\u00df entlarvt werden. Wenn wir heute sagen, dass eine Vereinbarung oder ein Vertrag einen Pferdefu\u00df hat, so gibt es einen versteckten, unsch\u00f6nen Nebeneffekt. Heute verwendet man umgangssprachlich eher die synonyme Redewendung \u201ceinen Haken haben\u201d. Diese kommt \u00fcbrigens vom Angeln: Der Fisch nimmt nur den K\u00f6der wahr und nicht den Haken, der ihm dann zum Verh\u00e4ngnis wird.<\/p>\n<p>Wir hoffen, du hast etwas Neues \u00fcber deine F\u00fc\u00dfe erfahren \u2013 ob sie nun gro\u00df, kalt, falsch oder pferde\u00e4hnlich sind.<\/p>\n<p style=\"text-align: center;\">Quellen: [<a href=\"http:\/\/www.redensarten-index.de\/suche.php\" target=\"_blank\" rel=\"noopener noreferrer\">1<\/a>] [<a href=\"http:\/\/www.redensarten.net\/\" target=\"_blank\" rel=\"noopener noreferrer\">2<\/a>] [<a href=\"http:\/\/www.sprichwoerter-redewendungen.de\/\" target=\"_blank\" rel=\"noopener noreferrer\">3<\/a>] [<a href=\"http:\/\/www.geo.de\/GEOlino\/mensch\/redewendungen\/deutsch\/\" target=\"_blank\" rel=\"noopener noreferrer\">4<\/a>]\n","protected":false},"excerpt":{"rendered":"<p>Hast du schon mal im Sommer kalte F\u00fc\u00dfe bekommen? Oder haben wir dich da auf dem falschen Fu\u00df erwischt? K\u00f6nnen auch Menschen mit Schuhgr\u00f6\u00dfe 36 auf gro\u00dfem Fu\u00dfe leben? Woher all diese Redewendungen stammen und welche Bedeutung dahinter steckt, erf\u00e4hrst du hier!<\/p>\n","protected":false},"author":2,"featured_media":6379,"comment_status":"closed","ping_status":"open","sticky":false,"template":"","format":"standard","meta":{"_acf_changed":false,"_yoast_wpseo_focuskw":"Fu\u00df","_yoast_wpseo_title":"Warum sagen wir eigentlich\u2026 Redewendungen rund um den Fu\u00df","_yoast_wpseo_metadesc":"Auf gro\u00dfem Fu\u00dfe leben, kalte F\u00fc\u00dfe bekommen oder jemanden auf dem falschen Fu\u00df erwischen... Woher stammen diese Redewendungen eigentlich?","_yoast_wpseo_canonical":"","_yoast_wpseo_opengraph-title":"","_yoast_wpseo_opengraph-description":"","_et_pb_use_builder":"","_et_pb_old_content":"","_et_gb_content_width":"","inline_featured_image":false,"footnotes":""},"categories":[64],"tags":[],"class_list":["post-879","post","type-post","status-publish","format-standard","has-post-thumbnail","hentry","category-sprichwoerter","et-has-post-format-content","et_post_format-et-post-format-standard"],"acf":[],"yoast_head":"<!-- This site is optimized with the Yoast SEO plugin v26.9 - https:\/\/yoast.com\/product\/yoast-seo-wordpress\/ -->\n<title>Warum sagen wir eigentlich\u2026 Redewendungen rund um den Fu\u00df<\/title>\n<meta name=\"description\" content=\"Auf gro\u00dfem Fu\u00dfe leben, kalte F\u00fc\u00dfe bekommen oder jemanden auf dem falschen Fu\u00df erwischen... Woher stammen diese Redewendungen eigentlich?\" \/>\n<meta name=\"robots\" content=\"index, follow, max-snippet:-1, max-image-preview:large, max-video-preview:-1\" \/>\n<link rel=\"canonical\" href=\"https:\/\/www.phase-6.de\/magazin\/rubriken\/sprichwoerter\/warum-sagen-wir-eigentlich-redewendungen-rund-um-den-fuss\/\" \/>\n<meta property=\"og:locale\" content=\"de_DE\" \/>\n<meta property=\"og:type\" content=\"article\" \/>\n<meta property=\"og:title\" content=\"Warum sagen wir eigentlich\u2026 Redewendungen rund um den Fu\u00df\" \/>\n<meta property=\"og:description\" content=\"Auf gro\u00dfem Fu\u00dfe leben, kalte F\u00fc\u00dfe bekommen oder jemanden auf dem falschen Fu\u00df erwischen... Woher stammen diese Redewendungen eigentlich?\" \/>\n<meta property=\"og:url\" content=\"https:\/\/www.phase-6.de\/magazin\/rubriken\/sprichwoerter\/warum-sagen-wir-eigentlich-redewendungen-rund-um-den-fuss\/\" \/>\n<meta property=\"og:site_name\" content=\"phase6 Magazin\" \/>\n<meta property=\"article:publisher\" content=\"https:\/\/www.facebook.com\/phase6.de\/\" \/>\n<meta property=\"article:published_time\" content=\"2017-01-06T19:24:35+00:00\" \/>\n<meta property=\"article:modified_time\" content=\"2019-10-25T08:37:05+00:00\" \/>\n<meta property=\"og:image\" content=\"https:\/\/www.phase-6.de\/magazin\/wp-content\/uploads\/2017\/01\/sprichwoerter_fuesse.jpg\" \/>\n\t<meta property=\"og:image:width\" content=\"1080\" \/>\n\t<meta property=\"og:image:height\" content=\"675\" \/>\n\t<meta property=\"og:image:type\" content=\"image\/jpeg\" \/>\n<meta name=\"author\" content=\"s.meyenburg\" \/>\n<meta name=\"twitter:card\" content=\"summary_large_image\" \/>\n<meta name=\"twitter:label1\" content=\"Verfasst von\" \/>\n\t<meta name=\"twitter:data1\" content=\"s.meyenburg\" \/>\n\t<meta name=\"twitter:label2\" content=\"Gesch\u00e4tzte Lesezeit\" \/>\n\t<meta name=\"twitter:data2\" content=\"3\u00a0Minuten\" \/>\n<script type=\"application\/ld+json\" class=\"yoast-schema-graph\">{\"@context\":\"https:\/\/schema.org\",\"@graph\":[{\"@type\":\"Article\",\"@id\":\"https:\/\/www.phase-6.de\/magazin\/rubriken\/sprichwoerter\/warum-sagen-wir-eigentlich-redewendungen-rund-um-den-fuss\/#article\",\"isPartOf\":{\"@id\":\"https:\/\/www.phase-6.de\/magazin\/rubriken\/sprichwoerter\/warum-sagen-wir-eigentlich-redewendungen-rund-um-den-fuss\/\"},\"author\":{\"name\":\"s.meyenburg\",\"@id\":\"https:\/\/www.phase-6.de\/magazin\/#\/schema\/person\/bf28ca694b0df06e2de8e23304b0344e\"},\"headline\":\"Sprichw\u00f6rter rund um den Fu\u00df &#8211; Warum sagen wir eigentlich\u2026\",\"datePublished\":\"2017-01-06T19:24:35+00:00\",\"dateModified\":\"2019-10-25T08:37:05+00:00\",\"mainEntityOfPage\":{\"@id\":\"https:\/\/www.phase-6.de\/magazin\/rubriken\/sprichwoerter\/warum-sagen-wir-eigentlich-redewendungen-rund-um-den-fuss\/\"},\"wordCount\":562,\"publisher\":{\"@id\":\"https:\/\/www.phase-6.de\/magazin\/#organization\"},\"image\":{\"@id\":\"https:\/\/www.phase-6.de\/magazin\/rubriken\/sprichwoerter\/warum-sagen-wir-eigentlich-redewendungen-rund-um-den-fuss\/#primaryimage\"},\"thumbnailUrl\":\"https:\/\/www.phase-6.de\/magazin\/wp-content\/uploads\/2017\/01\/sprichwoerter_fuesse.jpg\",\"articleSection\":[\"Sprichw\u00f6rter\"],\"inLanguage\":\"de\"},{\"@type\":\"WebPage\",\"@id\":\"https:\/\/www.phase-6.de\/magazin\/rubriken\/sprichwoerter\/warum-sagen-wir-eigentlich-redewendungen-rund-um-den-fuss\/\",\"url\":\"https:\/\/www.phase-6.de\/magazin\/rubriken\/sprichwoerter\/warum-sagen-wir-eigentlich-redewendungen-rund-um-den-fuss\/\",\"name\":\"Warum sagen wir eigentlich\u2026 Redewendungen rund um den Fu\u00df\",\"isPartOf\":{\"@id\":\"https:\/\/www.phase-6.de\/magazin\/#website\"},\"primaryImageOfPage\":{\"@id\":\"https:\/\/www.phase-6.de\/magazin\/rubriken\/sprichwoerter\/warum-sagen-wir-eigentlich-redewendungen-rund-um-den-fuss\/#primaryimage\"},\"image\":{\"@id\":\"https:\/\/www.phase-6.de\/magazin\/rubriken\/sprichwoerter\/warum-sagen-wir-eigentlich-redewendungen-rund-um-den-fuss\/#primaryimage\"},\"thumbnailUrl\":\"https:\/\/www.phase-6.de\/magazin\/wp-content\/uploads\/2017\/01\/sprichwoerter_fuesse.jpg\",\"datePublished\":\"2017-01-06T19:24:35+00:00\",\"dateModified\":\"2019-10-25T08:37:05+00:00\",\"description\":\"Auf gro\u00dfem Fu\u00dfe leben, kalte F\u00fc\u00dfe bekommen oder jemanden auf dem falschen Fu\u00df erwischen... Woher stammen diese Redewendungen eigentlich?\",\"breadcrumb\":{\"@id\":\"https:\/\/www.phase-6.de\/magazin\/rubriken\/sprichwoerter\/warum-sagen-wir-eigentlich-redewendungen-rund-um-den-fuss\/#breadcrumb\"},\"inLanguage\":\"de\",\"potentialAction\":[{\"@type\":\"ReadAction\",\"target\":[\"https:\/\/www.phase-6.de\/magazin\/rubriken\/sprichwoerter\/warum-sagen-wir-eigentlich-redewendungen-rund-um-den-fuss\/\"]}]},{\"@type\":\"ImageObject\",\"inLanguage\":\"de\",\"@id\":\"https:\/\/www.phase-6.de\/magazin\/rubriken\/sprichwoerter\/warum-sagen-wir-eigentlich-redewendungen-rund-um-den-fuss\/#primaryimage\",\"url\":\"https:\/\/www.phase-6.de\/magazin\/wp-content\/uploads\/2017\/01\/sprichwoerter_fuesse.jpg\",\"contentUrl\":\"https:\/\/www.phase-6.de\/magazin\/wp-content\/uploads\/2017\/01\/sprichwoerter_fuesse.jpg\",\"width\":1080,\"height\":675,\"caption\":\"F\u00fc\u00dfe Sprichw\u00f6rter\"},{\"@type\":\"BreadcrumbList\",\"@id\":\"https:\/\/www.phase-6.de\/magazin\/rubriken\/sprichwoerter\/warum-sagen-wir-eigentlich-redewendungen-rund-um-den-fuss\/#breadcrumb\",\"itemListElement\":[{\"@type\":\"ListItem\",\"position\":1,\"name\":\"Startseite\",\"item\":\"https:\/\/www.phase-6.de\/magazin\/\"},{\"@type\":\"ListItem\",\"position\":2,\"name\":\"Sprichw\u00f6rter rund um den Fu\u00df &#8211; Warum sagen wir eigentlich\u2026\"}]},{\"@type\":\"WebSite\",\"@id\":\"https:\/\/www.phase-6.de\/magazin\/#website\",\"url\":\"https:\/\/www.phase-6.de\/magazin\/\",\"name\":\"phase6 Magazin\",\"description\":\"Das Magazin f\u00fcr Sprache, Lernen &amp; Lehren\",\"publisher\":{\"@id\":\"https:\/\/www.phase-6.de\/magazin\/#organization\"},\"potentialAction\":[{\"@type\":\"SearchAction\",\"target\":{\"@type\":\"EntryPoint\",\"urlTemplate\":\"https:\/\/www.phase-6.de\/magazin\/?s={search_term_string}\"},\"query-input\":{\"@type\":\"PropertyValueSpecification\",\"valueRequired\":true,\"valueName\":\"search_term_string\"}}],\"inLanguage\":\"de\"},{\"@type\":\"Organization\",\"@id\":\"https:\/\/www.phase-6.de\/magazin\/#organization\",\"name\":\"phase-6 GmbH\",\"url\":\"https:\/\/www.phase-6.de\/magazin\/\",\"logo\":{\"@type\":\"ImageObject\",\"inLanguage\":\"de\",\"@id\":\"https:\/\/www.phase-6.de\/magazin\/#\/schema\/logo\/image\/\",\"url\":\"https:\/\/www.phase-6.de\/magazin\/wp-content\/uploads\/2017\/07\/phase6_logo2017.png\",\"contentUrl\":\"https:\/\/www.phase-6.de\/magazin\/wp-content\/uploads\/2017\/07\/phase6_logo2017.png\",\"width\":709,\"height\":200,\"caption\":\"phase-6 GmbH\"},\"image\":{\"@id\":\"https:\/\/www.phase-6.de\/magazin\/#\/schema\/logo\/image\/\"},\"sameAs\":[\"https:\/\/www.facebook.com\/phase6.de\/\",\"https:\/\/de.wikipedia.org\/wiki\/Phase6\"]},{\"@type\":\"Person\",\"@id\":\"https:\/\/www.phase-6.de\/magazin\/#\/schema\/person\/bf28ca694b0df06e2de8e23304b0344e\",\"name\":\"s.meyenburg\",\"url\":\"https:\/\/www.phase-6.de\/magazin\/author\/s-meyenburg\/\"}]}<\/script>\n<!-- \/ Yoast SEO plugin. -->","yoast_head_json":{"title":"Warum sagen wir eigentlich\u2026 Redewendungen rund um den Fu\u00df","description":"Auf gro\u00dfem Fu\u00dfe leben, kalte F\u00fc\u00dfe bekommen oder jemanden auf dem falschen Fu\u00df erwischen... Woher stammen diese Redewendungen eigentlich?","robots":{"index":"index","follow":"follow","max-snippet":"max-snippet:-1","max-image-preview":"max-image-preview:large","max-video-preview":"max-video-preview:-1"},"canonical":"https:\/\/www.phase-6.de\/magazin\/rubriken\/sprichwoerter\/warum-sagen-wir-eigentlich-redewendungen-rund-um-den-fuss\/","og_locale":"de_DE","og_type":"article","og_title":"Warum sagen wir eigentlich\u2026 Redewendungen rund um den Fu\u00df","og_description":"Auf gro\u00dfem Fu\u00dfe leben, kalte F\u00fc\u00dfe bekommen oder jemanden auf dem falschen Fu\u00df erwischen... Woher stammen diese Redewendungen eigentlich?","og_url":"https:\/\/www.phase-6.de\/magazin\/rubriken\/sprichwoerter\/warum-sagen-wir-eigentlich-redewendungen-rund-um-den-fuss\/","og_site_name":"phase6 Magazin","article_publisher":"https:\/\/www.facebook.com\/phase6.de\/","article_published_time":"2017-01-06T19:24:35+00:00","article_modified_time":"2019-10-25T08:37:05+00:00","og_image":[{"width":1080,"height":675,"url":"https:\/\/www.phase-6.de\/magazin\/wp-content\/uploads\/2017\/01\/sprichwoerter_fuesse.jpg","type":"image\/jpeg"}],"author":"s.meyenburg","twitter_card":"summary_large_image","twitter_misc":{"Verfasst von":"s.meyenburg","Gesch\u00e4tzte Lesezeit":"3\u00a0Minuten"},"schema":{"@context":"https:\/\/schema.org","@graph":[{"@type":"Article","@id":"https:\/\/www.phase-6.de\/magazin\/rubriken\/sprichwoerter\/warum-sagen-wir-eigentlich-redewendungen-rund-um-den-fuss\/#article","isPartOf":{"@id":"https:\/\/www.phase-6.de\/magazin\/rubriken\/sprichwoerter\/warum-sagen-wir-eigentlich-redewendungen-rund-um-den-fuss\/"},"author":{"name":"s.meyenburg","@id":"https:\/\/www.phase-6.de\/magazin\/#\/schema\/person\/bf28ca694b0df06e2de8e23304b0344e"},"headline":"Sprichw\u00f6rter rund um den Fu\u00df &#8211; Warum sagen wir eigentlich\u2026","datePublished":"2017-01-06T19:24:35+00:00","dateModified":"2019-10-25T08:37:05+00:00","mainEntityOfPage":{"@id":"https:\/\/www.phase-6.de\/magazin\/rubriken\/sprichwoerter\/warum-sagen-wir-eigentlich-redewendungen-rund-um-den-fuss\/"},"wordCount":562,"publisher":{"@id":"https:\/\/www.phase-6.de\/magazin\/#organization"},"image":{"@id":"https:\/\/www.phase-6.de\/magazin\/rubriken\/sprichwoerter\/warum-sagen-wir-eigentlich-redewendungen-rund-um-den-fuss\/#primaryimage"},"thumbnailUrl":"https:\/\/www.phase-6.de\/magazin\/wp-content\/uploads\/2017\/01\/sprichwoerter_fuesse.jpg","articleSection":["Sprichw\u00f6rter"],"inLanguage":"de"},{"@type":"WebPage","@id":"https:\/\/www.phase-6.de\/magazin\/rubriken\/sprichwoerter\/warum-sagen-wir-eigentlich-redewendungen-rund-um-den-fuss\/","url":"https:\/\/www.phase-6.de\/magazin\/rubriken\/sprichwoerter\/warum-sagen-wir-eigentlich-redewendungen-rund-um-den-fuss\/","name":"Warum sagen wir eigentlich\u2026 Redewendungen rund um den Fu\u00df","isPartOf":{"@id":"https:\/\/www.phase-6.de\/magazin\/#website"},"primaryImageOfPage":{"@id":"https:\/\/www.phase-6.de\/magazin\/rubriken\/sprichwoerter\/warum-sagen-wir-eigentlich-redewendungen-rund-um-den-fuss\/#primaryimage"},"image":{"@id":"https:\/\/www.phase-6.de\/magazin\/rubriken\/sprichwoerter\/warum-sagen-wir-eigentlich-redewendungen-rund-um-den-fuss\/#primaryimage"},"thumbnailUrl":"https:\/\/www.phase-6.de\/magazin\/wp-content\/uploads\/2017\/01\/sprichwoerter_fuesse.jpg","datePublished":"2017-01-06T19:24:35+00:00","dateModified":"2019-10-25T08:37:05+00:00","description":"Auf gro\u00dfem Fu\u00dfe leben, kalte F\u00fc\u00dfe bekommen oder jemanden auf dem falschen Fu\u00df erwischen... Woher stammen diese Redewendungen eigentlich?","breadcrumb":{"@id":"https:\/\/www.phase-6.de\/magazin\/rubriken\/sprichwoerter\/warum-sagen-wir-eigentlich-redewendungen-rund-um-den-fuss\/#breadcrumb"},"inLanguage":"de","potentialAction":[{"@type":"ReadAction","target":["https:\/\/www.phase-6.de\/magazin\/rubriken\/sprichwoerter\/warum-sagen-wir-eigentlich-redewendungen-rund-um-den-fuss\/"]}]},{"@type":"ImageObject","inLanguage":"de","@id":"https:\/\/www.phase-6.de\/magazin\/rubriken\/sprichwoerter\/warum-sagen-wir-eigentlich-redewendungen-rund-um-den-fuss\/#primaryimage","url":"https:\/\/www.phase-6.de\/magazin\/wp-content\/uploads\/2017\/01\/sprichwoerter_fuesse.jpg","contentUrl":"https:\/\/www.phase-6.de\/magazin\/wp-content\/uploads\/2017\/01\/sprichwoerter_fuesse.jpg","width":1080,"height":675,"caption":"F\u00fc\u00dfe Sprichw\u00f6rter"},{"@type":"BreadcrumbList","@id":"https:\/\/www.phase-6.de\/magazin\/rubriken\/sprichwoerter\/warum-sagen-wir-eigentlich-redewendungen-rund-um-den-fuss\/#breadcrumb","itemListElement":[{"@type":"ListItem","position":1,"name":"Startseite","item":"https:\/\/www.phase-6.de\/magazin\/"},{"@type":"ListItem","position":2,"name":"Sprichw\u00f6rter rund um den Fu\u00df &#8211; Warum sagen wir eigentlich\u2026"}]},{"@type":"WebSite","@id":"https:\/\/www.phase-6.de\/magazin\/#website","url":"https:\/\/www.phase-6.de\/magazin\/","name":"phase6 Magazin","description":"Das Magazin f\u00fcr Sprache, Lernen &amp; Lehren","publisher":{"@id":"https:\/\/www.phase-6.de\/magazin\/#organization"},"potentialAction":[{"@type":"SearchAction","target":{"@type":"EntryPoint","urlTemplate":"https:\/\/www.phase-6.de\/magazin\/?s={search_term_string}"},"query-input":{"@type":"PropertyValueSpecification","valueRequired":true,"valueName":"search_term_string"}}],"inLanguage":"de"},{"@type":"Organization","@id":"https:\/\/www.phase-6.de\/magazin\/#organization","name":"phase-6 GmbH","url":"https:\/\/www.phase-6.de\/magazin\/","logo":{"@type":"ImageObject","inLanguage":"de","@id":"https:\/\/www.phase-6.de\/magazin\/#\/schema\/logo\/image\/","url":"https:\/\/www.phase-6.de\/magazin\/wp-content\/uploads\/2017\/07\/phase6_logo2017.png","contentUrl":"https:\/\/www.phase-6.de\/magazin\/wp-content\/uploads\/2017\/07\/phase6_logo2017.png","width":709,"height":200,"caption":"phase-6 GmbH"},"image":{"@id":"https:\/\/www.phase-6.de\/magazin\/#\/schema\/logo\/image\/"},"sameAs":["https:\/\/www.facebook.com\/phase6.de\/","https:\/\/de.wikipedia.org\/wiki\/Phase6"]},{"@type":"Person","@id":"https:\/\/www.phase-6.de\/magazin\/#\/schema\/person\/bf28ca694b0df06e2de8e23304b0344e","name":"s.meyenburg","url":"https:\/\/www.phase-6.de\/magazin\/author\/s-meyenburg\/"}]}},"_links":{"self":[{"href":"https:\/\/www.phase-6.de\/magazin\/wp-json\/wp\/v2\/posts\/879","targetHints":{"allow":["GET"]}}],"collection":[{"href":"https:\/\/www.phase-6.de\/magazin\/wp-json\/wp\/v2\/posts"}],"about":[{"href":"https:\/\/www.phase-6.de\/magazin\/wp-json\/wp\/v2\/types\/post"}],"author":[{"embeddable":true,"href":"https:\/\/www.phase-6.de\/magazin\/wp-json\/wp\/v2\/users\/2"}],"replies":[{"embeddable":true,"href":"https:\/\/www.phase-6.de\/magazin\/wp-json\/wp\/v2\/comments?post=879"}],"version-history":[{"count":0,"href":"https:\/\/www.phase-6.de\/magazin\/wp-json\/wp\/v2\/posts\/879\/revisions"}],"wp:featuredmedia":[{"embeddable":true,"href":"https:\/\/www.phase-6.de\/magazin\/wp-json\/wp\/v2\/media\/6379"}],"wp:attachment":[{"href":"https:\/\/www.phase-6.de\/magazin\/wp-json\/wp\/v2\/media?parent=879"}],"wp:term":[{"taxonomy":"category","embeddable":true,"href":"https:\/\/www.phase-6.de\/magazin\/wp-json\/wp\/v2\/categories?post=879"},{"taxonomy":"post_tag","embeddable":true,"href":"https:\/\/www.phase-6.de\/magazin\/wp-json\/wp\/v2\/tags?post=879"}],"curies":[{"name":"wp","href":"https:\/\/api.w.org\/{rel}","templated":true}]}}