{"id":886,"date":"2016-11-04T19:43:23","date_gmt":"2016-11-04T19:43:23","guid":{"rendered":"https:\/\/www.phase-6.de\/magazin\/?p=886"},"modified":"2022-11-07T10:45:42","modified_gmt":"2022-11-07T10:45:42","slug":"je-mehr-sinne-desto-hoeher-der-lernerfolg","status":"publish","type":"post","link":"https:\/\/www.phase-6.de\/magazin\/rubriken\/lerntipps\/je-mehr-sinne-desto-hoeher-der-lernerfolg\/","title":{"rendered":"Je mehr Sinne, desto h\u00f6her der Lernerfolg"},"content":{"rendered":"<p>Mit allen Sinnen leben und mit allen Sinnen lernen. Unsere f\u00fcnf Sinne steuern unsere Wahrnehmung &#8211; wir sehen, h\u00f6ren, riechen, schmecken und f\u00fchlen unsere Umwelt. Der Einsatz unserer Sinne hilft uns auch beim Lernen. Warum das so ist, erf\u00e4hrst du in diesem Beitrag und zus\u00e4tzlich verraten wir dir ein paar konkrete Tipps!<\/p>\n<h2>Warum mehrkanaliges Lernen den Lernprozess deutlich verbessert<\/h2>\n<p><em>\u201cIch h\u00f6re und vergesse, ich sehe und behalte, ich handle und verstehe.\u201d<\/em> Dieses Zitat von Konfuzius dr\u00fcckt aus, was in der Lernforschung gepredigt wird: Um den gr\u00f6\u00dftm\u00f6glichen Lernferfolg zu erzielen, m\u00fcssen m\u00f6glichst viele Sinne zum Einsatz kommen.<\/p>\n<p>Unser Gehirn ist in zwei H\u00e4lften aufgeteilt,<strong> die rechte und die linke Hemisph\u00e4re<\/strong>. Es gibt gewisse Funktionen oder F\u00e4higkeiten, die st\u00e4rker oder auch ganz aus einer der beiden H\u00e4lften gesteuert werden. So sind logische Bereiche wie lineares und analytisches Denken, Vernunft, Wissenschaft, Zeitempfinden und Regeln in der linken Gehirnh\u00e4lfte anzusiedeln. Dahingegen werden Prozesse, die mit ganzheitlichem Denken, Gef\u00fchlen und Intuition, Musik und Kreativit\u00e4t zusammenh\u00e4ngen, vornehmlich aus der rechten Gehirnh\u00e4lfte gesteuert.<\/p>\n<p>Das Gehirn kann man sich wie ein gro\u00dfes Netzwerk vorstellen, in dem Prozesse und Informationen durch hunderte kleinste Verbindungen mit anderen Informationen aus anderen Bereichen verkn\u00fcpft sind. Diese <strong>weitl\u00e4ufige Vernetzung<\/strong> kann und sollte man sich beim Lernen einer Sprache zunutze machen, wie ein praktisches Beispiel veranschaulicht: Ist die franz\u00f6sische Vokabel &#8222;soleil&#8220; nur auf der Wortebene mit der deutschen \u00dcbersetzung Sonne verbunden, dann gibt es nur diese eine Verkn\u00fcpfung, die aktiviert werden kann, sobald man das franz\u00f6sische Wort in einem Satz liest oder h\u00f6rt. Wenn die Vokabel aber zus\u00e4tzlich durch ein Bild veranschaulicht wird, wie in der Tabelle unten, dann kommt eine Verkn\u00fcpfung hinzu, n\u00e4mlich zwischen dem Wort an sich und der Wortbedeutung in Form eines Bildes.<\/p>\n<p><img loading=\"-\" decoding=\"async\" class=\"alignnone wp-image-908 size-full\" title=\"Veranschaulichung des der Wortbedeutung\" src=\"https:\/\/www.phase-6.de\/magazin\/wp-content\/uploads\/2017\/08\/phase6_mehrkanaliges-lernen-substantive-1024x219.png\" alt=\"Veranschaulichung des der Wortbedeutung\" width=\"1024\" height=\"219\" srcset=\"https:\/\/www.phase-6.de\/magazin\/wp-content\/uploads\/2017\/08\/phase6_mehrkanaliges-lernen-substantive-1024x219.png 1024w, https:\/\/www.phase-6.de\/magazin\/wp-content\/uploads\/2017\/08\/phase6_mehrkanaliges-lernen-substantive-1024x219-300x64.png 300w, https:\/\/www.phase-6.de\/magazin\/wp-content\/uploads\/2017\/08\/phase6_mehrkanaliges-lernen-substantive-1024x219-768x164.png 768w\" sizes=\"(max-width: 1024px) 100vw, 1024px\" \/><\/p>\n<p>Spricht man die Vokabeln laut aus, wird die Vokabel mit Informationen zur Aussprache und zum Klang des Wortes verkn\u00fcpft. Je mehr Sinne also zum Einsatz kommen, desto mehr Verkn\u00fcpfungen entstehen zwischen der Vokabel und der Wortbedeutung. Und je mehr Verkn\u00fcpfungen im Gehirn bestehen, desto leichter l\u00e4sst sich eine Information abrufen und desto besser wird sie gespeichert.<\/p>\n<p>Dieses weitreichende Konzept des mehrkanaligen Lernens wird bereits in vielen Schulen auf verschiedenste Weise angewendet. Auch beim selbstst\u00e4ndigen Lernen gibt es viele M\u00f6glichkeiten, mehrere Sinne einzusetzen und somit das Lernen von Vokabeln so erfolgreich wie m\u00f6glich zu machen. Folgend ein paar Beispiele.<\/p>\n<h3>Sehen<\/h3>\n<p><strong>Vokabeln thematisch ordnen:<\/strong> Erstelle eine Mind-Map, in der du Vokabeln zum Beispiel nach Themenbereichen wie \u201cim Wasser\u201d, \u201cim Wald\u201d und \u201cin der Stadt\u201d ordnest.<\/p>\n<p><strong>Vokabeln visualisieren: <\/strong>Wie oben abgebildet, kannst du in das Schriftbild kleine Icons einf\u00fcgen, die die Wortbedeutung darstellen. L\u00e4sst sich ein Bild schlecht ins Wort integrieren, kann man es auch daneben einf\u00fcgen, Hauptsache ist, dass Wort und Bild auf einen Blick zusammen sichtbar sind.<\/p>\n<p><strong>W\u00f6rter als Gegensatzpaare optisch darstellen:<\/strong>\u00a0Bei Adjektiven bietet es sich an, sie in verschiedenen Schriftbildern zu veranschaulichen:<\/p>\n<p><img loading=\"-\" decoding=\"async\" class=\"alignnone wp-image-909 size-full\" title=\"Visualisierung von Gegensatzpaaren\" src=\"https:\/\/www.phase-6.de\/magazin\/wp-content\/uploads\/2017\/08\/phase6_mehrkanaliges-lernen-adjektive.png\" alt=\"Visualisierung von Gegensatzpaaren\" width=\"661\" height=\"161\" srcset=\"https:\/\/www.phase-6.de\/magazin\/wp-content\/uploads\/2017\/08\/phase6_mehrkanaliges-lernen-adjektive.png 661w, https:\/\/www.phase-6.de\/magazin\/wp-content\/uploads\/2017\/08\/phase6_mehrkanaliges-lernen-adjektive-300x73.png 300w\" sizes=\"(max-width: 661px) 100vw, 661px\" \/><\/p>\n<p>So pr\u00e4gt sich nicht nur die Bedeutung einer Vokabel schneller ein, sondern zwei in Relation zueinander.<\/p>\n<h3>H\u00f6ren und Sprechen<\/h3>\n<p><strong>Verschiedene Lautst\u00e4rken oder Stimmlagen benutzen: <\/strong>Um die Aussprache und den Klang kennenzulernen, k\u00f6nnen Vokabeln in unterschiedlichen Lautst\u00e4rken laut vorgelesen werden. Eine andere M\u00f6glichkeit ist, Dialoge zu erfinden und diese allein oder mit einem Partner zu \u00fcben.<\/p>\n<p><strong>Rhythmen oder Melodien nutzen:<\/strong> Vokabeln k\u00f6nnen zum Beispiel in einfache Liedtexte eingebaut werden oder zu lernende S\u00e4tze melodisch laut ausgesprochen werden. Dadurch werden die Vokabeln auch in dem Teil des Gehirns verankert, das f\u00fcr Musik und Rhythmus verantwortlich ist. Es gibt im Internet auch viele fertige Lieder oder Liedtexte, die sich auf bestimmte Themenfelder beziehen und die man sich zur \u00dcbung anh\u00f6ren kann. Suchst du zum Beispiel nach \u201cLieder zum Franz\u00f6sisch lernen\u201d, findest du recht schnell, wonach du suchst. Beispielsweise findest du hier ein Lied, bei dem die franz\u00f6sischen Farbw\u00f6rter im Fokus stehen.<\/p>\n<p><strong>H\u00f6ren, Bewegung und Lernen verbinden: <\/strong>Wenn du das n\u00e4chste Mal zur Schule l\u00e4ufst, versuch doch mal, die Ger\u00e4usche, die du h\u00f6rst, zu \u00fcbersetzen. Kommst du zum Beispiel an einem bellenden Hund vorbei, kannst du die Vokabeln Hund und bellen \u00fcben oder Kinder, Spielplatz und spielen, wenn du einen Spielplatz passierst.<\/p>\n<h3>Tasten und Bewegung<\/h3>\n<p><strong>Im Laufen lernen:<\/strong> Lerne deine n\u00e4chste Vokabellektion w\u00e4hrend eines Spaziergangs. Durch die Bewegung wird dein Gehirn besser durchblutet und du kannst dich besser konzentrieren. Die frische Luft bewirkt das gleiche.<\/p>\n<p><strong>Tue was du lernst: <\/strong>Ahme die Bedeutung der Vokabeln, die du gerade lernst, praktisch nach oder suche dir einen Gegenstand, der mit der Wortbedeutung zu tun hat. Zum Beispiel kannst du dir in die Haare fassen, wenn du gerade das franz\u00f6sische Wort f\u00fcr Haare, les cheveux, lernst oder an die Nase bei der Vokabel le nez. Ein sehr bekanntes Beispiel f\u00fcr diese Strategie ist das englische Lied &#8222;If You\u2019re Happy&#8220;.<\/p>\n<h3>Schmecken und Riechen<\/h3>\n<p>Diese beiden Sinne kannst du nat\u00fcrlich nur dann einsetzen, wenn die Vokabeln einen Geschmack oder einen Geruch zum Ausdruck bringen. Eine konkrete M\u00f6glichkeit bietet dir deine K\u00fcche. Triff dich mit Freunden beispielsweise zum Kochen oder Backen. W\u00e4hrenddessen k\u00f6nnt ihr alle Sinne beim Lernen einbinden, indem ihr die Gegenst\u00e4nde seht, ihre \u00dcbersetzung laut aussprecht und zudem riechen und schmecken k\u00f6nnt, was ihr gerade lernt.<\/p>\n<p>Auch beim Lernen mit <strong><a href=\"https:\/\/www.phase-6.de\/\" target=\"_blank\" rel=\"noopener noreferrer\"><span style=\"color: #fc7c00;\">phase6<\/span><\/a><\/strong> kannst du verschiedene Sinne einsetzen. Du kannst beim Erstellen von eigenen Lerninhalten jedes K\u00e4rtchen mit einem Bild und einer Audiodatei anreichern, um eine visuelle und auditive Bedeutung des Wortes lernen zu k\u00f6nnen. Auch die fertigen Lerninhalte bieten dir mehrkanaliges Lernen: Viele sind vertont, haben ein Bild und pr\u00e4sentieren dir einen praktischen Beispielsatz. So ist Lernen nicht nur nachhaltiger, sondern macht auch mehr Spa\u00df!<\/p>\n<p style=\"text-align: center;\"><strong>Viel Erfolg beim Lernen!<\/strong><\/p>\n","protected":false},"excerpt":{"rendered":"<p>\u201eWas nicht in den Sinnen war, kommt nicht in den Verstand.\u201c &#8211; Diese These von Maria Montessori wurde mittlerweile von Forschungen im lernpsychologischen Bereich best\u00e4tigt. Warum wir effektiver lernen, wenn wir unsere Sinne beteiligen, erf\u00e4hrst du hier!<\/p>\n","protected":false},"author":2,"featured_media":6437,"comment_status":"open","ping_status":"open","sticky":false,"template":"","format":"standard","meta":{"_acf_changed":false,"_yoast_wpseo_focuskw":"Sinne","_yoast_wpseo_title":"","_yoast_wpseo_metadesc":"Forschende im Bildungsbereich predigen es immer wieder: F\u00fcr den gr\u00f6\u00dftm\u00f6glichen Lernerfolg braucht es alle f\u00fcnf Sinne. Hier erf\u00e4hrst du, warum das so ist!","_yoast_wpseo_canonical":"","_yoast_wpseo_opengraph-title":"","_yoast_wpseo_opengraph-description":"","_et_pb_use_builder":"","_et_pb_old_content":"","_et_gb_content_width":"","inline_featured_image":false,"footnotes":""},"categories":[63],"tags":[],"class_list":["post-886","post","type-post","status-publish","format-standard","has-post-thumbnail","hentry","category-lerntipps","et-has-post-format-content","et_post_format-et-post-format-standard"],"acf":[],"yoast_head":"<!-- This site is optimized with the Yoast SEO plugin v26.9 - https:\/\/yoast.com\/product\/yoast-seo-wordpress\/ -->\n<title>Je mehr Sinne, desto h\u00f6her der Lernerfolg - phase6 Magazin<\/title>\n<meta name=\"description\" content=\"Forschende im Bildungsbereich predigen es immer wieder: F\u00fcr den gr\u00f6\u00dftm\u00f6glichen Lernerfolg braucht es alle f\u00fcnf Sinne. Hier erf\u00e4hrst du, warum das so ist!\" \/>\n<meta name=\"robots\" content=\"index, follow, max-snippet:-1, max-image-preview:large, max-video-preview:-1\" \/>\n<link rel=\"canonical\" href=\"https:\/\/www.phase-6.de\/magazin\/rubriken\/lerntipps\/je-mehr-sinne-desto-hoeher-der-lernerfolg\/\" \/>\n<meta property=\"og:locale\" content=\"de_DE\" \/>\n<meta property=\"og:type\" content=\"article\" \/>\n<meta property=\"og:title\" content=\"Je mehr Sinne, desto h\u00f6her der Lernerfolg - phase6 Magazin\" \/>\n<meta property=\"og:description\" content=\"Forschende im Bildungsbereich predigen es immer wieder: F\u00fcr den gr\u00f6\u00dftm\u00f6glichen Lernerfolg braucht es alle f\u00fcnf Sinne. Hier erf\u00e4hrst du, warum das so ist!\" \/>\n<meta property=\"og:url\" content=\"https:\/\/www.phase-6.de\/magazin\/rubriken\/lerntipps\/je-mehr-sinne-desto-hoeher-der-lernerfolg\/\" \/>\n<meta property=\"og:site_name\" content=\"phase6 Magazin\" \/>\n<meta property=\"article:publisher\" content=\"https:\/\/www.facebook.com\/phase6.de\/\" \/>\n<meta property=\"article:published_time\" content=\"2016-11-04T19:43:23+00:00\" \/>\n<meta property=\"article:modified_time\" content=\"2022-11-07T10:45:42+00:00\" \/>\n<meta property=\"og:image\" content=\"https:\/\/www.phase-6.de\/magazin\/wp-content\/uploads\/2016\/11\/Sinne_Lernerfolg.jpg\" \/>\n\t<meta property=\"og:image:width\" content=\"1080\" \/>\n\t<meta property=\"og:image:height\" content=\"675\" \/>\n\t<meta property=\"og:image:type\" content=\"image\/jpeg\" \/>\n<meta name=\"author\" content=\"s.meyenburg\" \/>\n<meta name=\"twitter:card\" content=\"summary_large_image\" \/>\n<meta name=\"twitter:label1\" content=\"Verfasst von\" \/>\n\t<meta name=\"twitter:data1\" content=\"s.meyenburg\" \/>\n\t<meta name=\"twitter:label2\" content=\"Gesch\u00e4tzte Lesezeit\" \/>\n\t<meta name=\"twitter:data2\" content=\"5\u00a0Minuten\" \/>\n<script type=\"application\/ld+json\" class=\"yoast-schema-graph\">{\"@context\":\"https:\/\/schema.org\",\"@graph\":[{\"@type\":\"Article\",\"@id\":\"https:\/\/www.phase-6.de\/magazin\/rubriken\/lerntipps\/je-mehr-sinne-desto-hoeher-der-lernerfolg\/#article\",\"isPartOf\":{\"@id\":\"https:\/\/www.phase-6.de\/magazin\/rubriken\/lerntipps\/je-mehr-sinne-desto-hoeher-der-lernerfolg\/\"},\"author\":{\"name\":\"s.meyenburg\",\"@id\":\"https:\/\/www.phase-6.de\/magazin\/#\/schema\/person\/bf28ca694b0df06e2de8e23304b0344e\"},\"headline\":\"Je mehr Sinne, desto h\u00f6her der Lernerfolg\",\"datePublished\":\"2016-11-04T19:43:23+00:00\",\"dateModified\":\"2022-11-07T10:45:42+00:00\",\"mainEntityOfPage\":{\"@id\":\"https:\/\/www.phase-6.de\/magazin\/rubriken\/lerntipps\/je-mehr-sinne-desto-hoeher-der-lernerfolg\/\"},\"wordCount\":988,\"commentCount\":0,\"publisher\":{\"@id\":\"https:\/\/www.phase-6.de\/magazin\/#organization\"},\"image\":{\"@id\":\"https:\/\/www.phase-6.de\/magazin\/rubriken\/lerntipps\/je-mehr-sinne-desto-hoeher-der-lernerfolg\/#primaryimage\"},\"thumbnailUrl\":\"https:\/\/www.phase-6.de\/magazin\/wp-content\/uploads\/2016\/11\/Sinne_Lernerfolg.jpg\",\"articleSection\":[\"Lerntipps\"],\"inLanguage\":\"de\",\"potentialAction\":[{\"@type\":\"CommentAction\",\"name\":\"Comment\",\"target\":[\"https:\/\/www.phase-6.de\/magazin\/rubriken\/lerntipps\/je-mehr-sinne-desto-hoeher-der-lernerfolg\/#respond\"]}]},{\"@type\":\"WebPage\",\"@id\":\"https:\/\/www.phase-6.de\/magazin\/rubriken\/lerntipps\/je-mehr-sinne-desto-hoeher-der-lernerfolg\/\",\"url\":\"https:\/\/www.phase-6.de\/magazin\/rubriken\/lerntipps\/je-mehr-sinne-desto-hoeher-der-lernerfolg\/\",\"name\":\"Je mehr Sinne, desto h\u00f6her der Lernerfolg - phase6 Magazin\",\"isPartOf\":{\"@id\":\"https:\/\/www.phase-6.de\/magazin\/#website\"},\"primaryImageOfPage\":{\"@id\":\"https:\/\/www.phase-6.de\/magazin\/rubriken\/lerntipps\/je-mehr-sinne-desto-hoeher-der-lernerfolg\/#primaryimage\"},\"image\":{\"@id\":\"https:\/\/www.phase-6.de\/magazin\/rubriken\/lerntipps\/je-mehr-sinne-desto-hoeher-der-lernerfolg\/#primaryimage\"},\"thumbnailUrl\":\"https:\/\/www.phase-6.de\/magazin\/wp-content\/uploads\/2016\/11\/Sinne_Lernerfolg.jpg\",\"datePublished\":\"2016-11-04T19:43:23+00:00\",\"dateModified\":\"2022-11-07T10:45:42+00:00\",\"description\":\"Forschende im Bildungsbereich predigen es immer wieder: F\u00fcr den gr\u00f6\u00dftm\u00f6glichen Lernerfolg braucht es alle f\u00fcnf Sinne. Hier erf\u00e4hrst du, warum das so ist!\",\"breadcrumb\":{\"@id\":\"https:\/\/www.phase-6.de\/magazin\/rubriken\/lerntipps\/je-mehr-sinne-desto-hoeher-der-lernerfolg\/#breadcrumb\"},\"inLanguage\":\"de\",\"potentialAction\":[{\"@type\":\"ReadAction\",\"target\":[\"https:\/\/www.phase-6.de\/magazin\/rubriken\/lerntipps\/je-mehr-sinne-desto-hoeher-der-lernerfolg\/\"]}]},{\"@type\":\"ImageObject\",\"inLanguage\":\"de\",\"@id\":\"https:\/\/www.phase-6.de\/magazin\/rubriken\/lerntipps\/je-mehr-sinne-desto-hoeher-der-lernerfolg\/#primaryimage\",\"url\":\"https:\/\/www.phase-6.de\/magazin\/wp-content\/uploads\/2016\/11\/Sinne_Lernerfolg.jpg\",\"contentUrl\":\"https:\/\/www.phase-6.de\/magazin\/wp-content\/uploads\/2016\/11\/Sinne_Lernerfolg.jpg\",\"width\":1080,\"height\":675,\"caption\":\"Mehr Sinne - h\u00f6herer Lernerfolg\"},{\"@type\":\"BreadcrumbList\",\"@id\":\"https:\/\/www.phase-6.de\/magazin\/rubriken\/lerntipps\/je-mehr-sinne-desto-hoeher-der-lernerfolg\/#breadcrumb\",\"itemListElement\":[{\"@type\":\"ListItem\",\"position\":1,\"name\":\"Startseite\",\"item\":\"https:\/\/www.phase-6.de\/magazin\/\"},{\"@type\":\"ListItem\",\"position\":2,\"name\":\"Je mehr Sinne, desto h\u00f6her der Lernerfolg\"}]},{\"@type\":\"WebSite\",\"@id\":\"https:\/\/www.phase-6.de\/magazin\/#website\",\"url\":\"https:\/\/www.phase-6.de\/magazin\/\",\"name\":\"phase6 Magazin\",\"description\":\"Das Magazin f\u00fcr Sprache, Lernen &amp; Lehren\",\"publisher\":{\"@id\":\"https:\/\/www.phase-6.de\/magazin\/#organization\"},\"potentialAction\":[{\"@type\":\"SearchAction\",\"target\":{\"@type\":\"EntryPoint\",\"urlTemplate\":\"https:\/\/www.phase-6.de\/magazin\/?s={search_term_string}\"},\"query-input\":{\"@type\":\"PropertyValueSpecification\",\"valueRequired\":true,\"valueName\":\"search_term_string\"}}],\"inLanguage\":\"de\"},{\"@type\":\"Organization\",\"@id\":\"https:\/\/www.phase-6.de\/magazin\/#organization\",\"name\":\"phase-6 GmbH\",\"url\":\"https:\/\/www.phase-6.de\/magazin\/\",\"logo\":{\"@type\":\"ImageObject\",\"inLanguage\":\"de\",\"@id\":\"https:\/\/www.phase-6.de\/magazin\/#\/schema\/logo\/image\/\",\"url\":\"https:\/\/www.phase-6.de\/magazin\/wp-content\/uploads\/2017\/07\/phase6_logo2017.png\",\"contentUrl\":\"https:\/\/www.phase-6.de\/magazin\/wp-content\/uploads\/2017\/07\/phase6_logo2017.png\",\"width\":709,\"height\":200,\"caption\":\"phase-6 GmbH\"},\"image\":{\"@id\":\"https:\/\/www.phase-6.de\/magazin\/#\/schema\/logo\/image\/\"},\"sameAs\":[\"https:\/\/www.facebook.com\/phase6.de\/\",\"https:\/\/de.wikipedia.org\/wiki\/Phase6\"]},{\"@type\":\"Person\",\"@id\":\"https:\/\/www.phase-6.de\/magazin\/#\/schema\/person\/bf28ca694b0df06e2de8e23304b0344e\",\"name\":\"s.meyenburg\",\"url\":\"https:\/\/www.phase-6.de\/magazin\/author\/s-meyenburg\/\"}]}<\/script>\n<!-- \/ Yoast SEO plugin. -->","yoast_head_json":{"title":"Je mehr Sinne, desto h\u00f6her der Lernerfolg - phase6 Magazin","description":"Forschende im Bildungsbereich predigen es immer wieder: F\u00fcr den gr\u00f6\u00dftm\u00f6glichen Lernerfolg braucht es alle f\u00fcnf Sinne. Hier erf\u00e4hrst du, warum das so ist!","robots":{"index":"index","follow":"follow","max-snippet":"max-snippet:-1","max-image-preview":"max-image-preview:large","max-video-preview":"max-video-preview:-1"},"canonical":"https:\/\/www.phase-6.de\/magazin\/rubriken\/lerntipps\/je-mehr-sinne-desto-hoeher-der-lernerfolg\/","og_locale":"de_DE","og_type":"article","og_title":"Je mehr Sinne, desto h\u00f6her der Lernerfolg - phase6 Magazin","og_description":"Forschende im Bildungsbereich predigen es immer wieder: F\u00fcr den gr\u00f6\u00dftm\u00f6glichen Lernerfolg braucht es alle f\u00fcnf Sinne. Hier erf\u00e4hrst du, warum das so ist!","og_url":"https:\/\/www.phase-6.de\/magazin\/rubriken\/lerntipps\/je-mehr-sinne-desto-hoeher-der-lernerfolg\/","og_site_name":"phase6 Magazin","article_publisher":"https:\/\/www.facebook.com\/phase6.de\/","article_published_time":"2016-11-04T19:43:23+00:00","article_modified_time":"2022-11-07T10:45:42+00:00","og_image":[{"width":1080,"height":675,"url":"https:\/\/www.phase-6.de\/magazin\/wp-content\/uploads\/2016\/11\/Sinne_Lernerfolg.jpg","type":"image\/jpeg"}],"author":"s.meyenburg","twitter_card":"summary_large_image","twitter_misc":{"Verfasst von":"s.meyenburg","Gesch\u00e4tzte Lesezeit":"5\u00a0Minuten"},"schema":{"@context":"https:\/\/schema.org","@graph":[{"@type":"Article","@id":"https:\/\/www.phase-6.de\/magazin\/rubriken\/lerntipps\/je-mehr-sinne-desto-hoeher-der-lernerfolg\/#article","isPartOf":{"@id":"https:\/\/www.phase-6.de\/magazin\/rubriken\/lerntipps\/je-mehr-sinne-desto-hoeher-der-lernerfolg\/"},"author":{"name":"s.meyenburg","@id":"https:\/\/www.phase-6.de\/magazin\/#\/schema\/person\/bf28ca694b0df06e2de8e23304b0344e"},"headline":"Je mehr Sinne, desto h\u00f6her der Lernerfolg","datePublished":"2016-11-04T19:43:23+00:00","dateModified":"2022-11-07T10:45:42+00:00","mainEntityOfPage":{"@id":"https:\/\/www.phase-6.de\/magazin\/rubriken\/lerntipps\/je-mehr-sinne-desto-hoeher-der-lernerfolg\/"},"wordCount":988,"commentCount":0,"publisher":{"@id":"https:\/\/www.phase-6.de\/magazin\/#organization"},"image":{"@id":"https:\/\/www.phase-6.de\/magazin\/rubriken\/lerntipps\/je-mehr-sinne-desto-hoeher-der-lernerfolg\/#primaryimage"},"thumbnailUrl":"https:\/\/www.phase-6.de\/magazin\/wp-content\/uploads\/2016\/11\/Sinne_Lernerfolg.jpg","articleSection":["Lerntipps"],"inLanguage":"de","potentialAction":[{"@type":"CommentAction","name":"Comment","target":["https:\/\/www.phase-6.de\/magazin\/rubriken\/lerntipps\/je-mehr-sinne-desto-hoeher-der-lernerfolg\/#respond"]}]},{"@type":"WebPage","@id":"https:\/\/www.phase-6.de\/magazin\/rubriken\/lerntipps\/je-mehr-sinne-desto-hoeher-der-lernerfolg\/","url":"https:\/\/www.phase-6.de\/magazin\/rubriken\/lerntipps\/je-mehr-sinne-desto-hoeher-der-lernerfolg\/","name":"Je mehr Sinne, desto h\u00f6her der Lernerfolg - phase6 Magazin","isPartOf":{"@id":"https:\/\/www.phase-6.de\/magazin\/#website"},"primaryImageOfPage":{"@id":"https:\/\/www.phase-6.de\/magazin\/rubriken\/lerntipps\/je-mehr-sinne-desto-hoeher-der-lernerfolg\/#primaryimage"},"image":{"@id":"https:\/\/www.phase-6.de\/magazin\/rubriken\/lerntipps\/je-mehr-sinne-desto-hoeher-der-lernerfolg\/#primaryimage"},"thumbnailUrl":"https:\/\/www.phase-6.de\/magazin\/wp-content\/uploads\/2016\/11\/Sinne_Lernerfolg.jpg","datePublished":"2016-11-04T19:43:23+00:00","dateModified":"2022-11-07T10:45:42+00:00","description":"Forschende im Bildungsbereich predigen es immer wieder: F\u00fcr den gr\u00f6\u00dftm\u00f6glichen Lernerfolg braucht es alle f\u00fcnf Sinne. Hier erf\u00e4hrst du, warum das so ist!","breadcrumb":{"@id":"https:\/\/www.phase-6.de\/magazin\/rubriken\/lerntipps\/je-mehr-sinne-desto-hoeher-der-lernerfolg\/#breadcrumb"},"inLanguage":"de","potentialAction":[{"@type":"ReadAction","target":["https:\/\/www.phase-6.de\/magazin\/rubriken\/lerntipps\/je-mehr-sinne-desto-hoeher-der-lernerfolg\/"]}]},{"@type":"ImageObject","inLanguage":"de","@id":"https:\/\/www.phase-6.de\/magazin\/rubriken\/lerntipps\/je-mehr-sinne-desto-hoeher-der-lernerfolg\/#primaryimage","url":"https:\/\/www.phase-6.de\/magazin\/wp-content\/uploads\/2016\/11\/Sinne_Lernerfolg.jpg","contentUrl":"https:\/\/www.phase-6.de\/magazin\/wp-content\/uploads\/2016\/11\/Sinne_Lernerfolg.jpg","width":1080,"height":675,"caption":"Mehr Sinne - h\u00f6herer Lernerfolg"},{"@type":"BreadcrumbList","@id":"https:\/\/www.phase-6.de\/magazin\/rubriken\/lerntipps\/je-mehr-sinne-desto-hoeher-der-lernerfolg\/#breadcrumb","itemListElement":[{"@type":"ListItem","position":1,"name":"Startseite","item":"https:\/\/www.phase-6.de\/magazin\/"},{"@type":"ListItem","position":2,"name":"Je mehr Sinne, desto h\u00f6her der Lernerfolg"}]},{"@type":"WebSite","@id":"https:\/\/www.phase-6.de\/magazin\/#website","url":"https:\/\/www.phase-6.de\/magazin\/","name":"phase6 Magazin","description":"Das Magazin f\u00fcr Sprache, Lernen &amp; Lehren","publisher":{"@id":"https:\/\/www.phase-6.de\/magazin\/#organization"},"potentialAction":[{"@type":"SearchAction","target":{"@type":"EntryPoint","urlTemplate":"https:\/\/www.phase-6.de\/magazin\/?s={search_term_string}"},"query-input":{"@type":"PropertyValueSpecification","valueRequired":true,"valueName":"search_term_string"}}],"inLanguage":"de"},{"@type":"Organization","@id":"https:\/\/www.phase-6.de\/magazin\/#organization","name":"phase-6 GmbH","url":"https:\/\/www.phase-6.de\/magazin\/","logo":{"@type":"ImageObject","inLanguage":"de","@id":"https:\/\/www.phase-6.de\/magazin\/#\/schema\/logo\/image\/","url":"https:\/\/www.phase-6.de\/magazin\/wp-content\/uploads\/2017\/07\/phase6_logo2017.png","contentUrl":"https:\/\/www.phase-6.de\/magazin\/wp-content\/uploads\/2017\/07\/phase6_logo2017.png","width":709,"height":200,"caption":"phase-6 GmbH"},"image":{"@id":"https:\/\/www.phase-6.de\/magazin\/#\/schema\/logo\/image\/"},"sameAs":["https:\/\/www.facebook.com\/phase6.de\/","https:\/\/de.wikipedia.org\/wiki\/Phase6"]},{"@type":"Person","@id":"https:\/\/www.phase-6.de\/magazin\/#\/schema\/person\/bf28ca694b0df06e2de8e23304b0344e","name":"s.meyenburg","url":"https:\/\/www.phase-6.de\/magazin\/author\/s-meyenburg\/"}]}},"_links":{"self":[{"href":"https:\/\/www.phase-6.de\/magazin\/wp-json\/wp\/v2\/posts\/886","targetHints":{"allow":["GET"]}}],"collection":[{"href":"https:\/\/www.phase-6.de\/magazin\/wp-json\/wp\/v2\/posts"}],"about":[{"href":"https:\/\/www.phase-6.de\/magazin\/wp-json\/wp\/v2\/types\/post"}],"author":[{"embeddable":true,"href":"https:\/\/www.phase-6.de\/magazin\/wp-json\/wp\/v2\/users\/2"}],"replies":[{"embeddable":true,"href":"https:\/\/www.phase-6.de\/magazin\/wp-json\/wp\/v2\/comments?post=886"}],"version-history":[{"count":0,"href":"https:\/\/www.phase-6.de\/magazin\/wp-json\/wp\/v2\/posts\/886\/revisions"}],"wp:featuredmedia":[{"embeddable":true,"href":"https:\/\/www.phase-6.de\/magazin\/wp-json\/wp\/v2\/media\/6437"}],"wp:attachment":[{"href":"https:\/\/www.phase-6.de\/magazin\/wp-json\/wp\/v2\/media?parent=886"}],"wp:term":[{"taxonomy":"category","embeddable":true,"href":"https:\/\/www.phase-6.de\/magazin\/wp-json\/wp\/v2\/categories?post=886"},{"taxonomy":"post_tag","embeddable":true,"href":"https:\/\/www.phase-6.de\/magazin\/wp-json\/wp\/v2\/tags?post=886"}],"curies":[{"name":"wp","href":"https:\/\/api.w.org\/{rel}","templated":true}]}}