{"id":9605,"date":"2020-05-18T08:41:12","date_gmt":"2020-05-18T08:41:12","guid":{"rendered":"https:\/\/www.phase-6.de\/magazin\/?p=9605"},"modified":"2021-08-16T09:38:20","modified_gmt":"2021-08-16T09:38:20","slug":"homeschooling-chancengleichheit-das-tut-phase6","status":"publish","type":"post","link":"https:\/\/www.phase-6.de\/magazin\/fuer-lehrkraefte\/themen\/bildungssystem\/homeschooling-chancengleichheit-das-tut-phase6\/","title":{"rendered":"Homeschooling &#038; Chancengleichheit &#8211; das tut phase6"},"content":{"rendered":"[et_pb_section fb_built=&#8220;1&#8243; _builder_version=&#8220;4.3.4&#8243;][et_pb_row _builder_version=&#8220;4.3.4&#8243;][et_pb_column type=&#8220;4_4&#8243; _builder_version=&#8220;4.3.4&#8243;][et_pb_text _builder_version=&#8220;4.3.4&#8243;]<span style=\"font-weight: 400;\">Wie funktioniert <\/span><span style=\"font-weight: 400;\">Bildung<\/span><span style=\"font-weight: 400;\"> in Zeiten von Corona? Aktuellen R\u00fcckmeldungen zufolge: suboptimal. Denn das<\/span><span style=\"font-weight: 400;\"> Lernen zu Hause <\/span><span style=\"font-weight: 400;\">verst\u00e4rkt die ohnehin schon gro\u00dfe <\/span><a href=\"https:\/\/www.phase-6.de\/magazin\/fuer-lehrkraefte\/bildungssprache-und-chancengleichheit\/\"><span style=\"font-weight: 400;\"><span style=\"color: #fc7c00;\">Ungerechtigkeit im Bildungssystem<\/span><\/span><\/a><span style=\"font-weight: 400;\">. Da die heterogenen <\/span><span style=\"font-weight: 400;\">Lerndispositionen<\/span><span style=\"font-weight: 400;\"> und -voraussetzungen von Sch\u00fclerinnen und Sch\u00fclern unterschiedlicher sozialer Milieus nun nicht mehr durch einen gemeinsamen Unterricht ausgeglichen werden k\u00f6nnen, stehen viele p\u00e4dagogische Fachkr\u00e4fte dem notgedrungenen Konzept des <\/span><span style=\"font-weight: 400;\">Homeschooling<\/span><span style=\"font-weight: 400;\">s<\/span><span style=\"font-weight: 400;\"> sehr kritisch gegen\u00fcber, besonders in Bezug auf Kinder im Grundschulalter oder solchen aus sozio\u00f6konomisch benachteiligten Familien.\u00a0<\/span><\/p>\n<p><span style=\"font-weight: 400;\">Da auch in unserem t\u00e4glichen Austausch mit Lehrkr\u00e4ften die aktuellen Herausforderungen f\u00fcr Unterrichtende und ihre Lerngruppen immer wieder deutlich werden, m\u00f6chten wir bei phase6 diesem Spannungsverh\u00e4ltnis entgegenwirken und bieten <strong>verschiedene Lernangebote verg\u00fcnstigt oder kostenfrei<\/strong> an, um besonders Kinder und Jugendliche aus einkommensschwachen Familien in diesen schweren Zeiten zu unterst\u00fctzen. Welche Angebote und Aktionen f\u00fcr Sie und Ihre Lerngruppe kurz- oder langfristig relevant sein k\u00f6nnten und wie Sie kostenlose Zug\u00e4nge zur Vokabeltrainer-App von phase6 f\u00fcr Ihre Spr\u00f6sslinge freischalten k\u00f6nnen, erfahren Sie in diesem Beitrag.<\/span><br \/>\n[\/et_pb_text][et_pb_blurb title=&#8220;Inhalt:&#8220; use_icon=&#8220;on&#8220; font_icon=&#8220;%%67%%&#8220; icon_placement=&#8220;left&#8220; disabled_on=&#8220;off|off|off&#8220; admin_label=&#8220;Inhaltsverzeichnis&#8220; _builder_version=&#8220;4.9.10&#8243; header_text_color=&#8220;#757575&#8243; header_line_height=&#8220;1.2em&#8220; body_line_height=&#8220;1.2em&#8220; background_color=&#8220;rgba(214,214,214,0.25)&#8220; max_width=&#8220;70%&#8220; max_width_tablet=&#8220;100%&#8220; max_width_phone=&#8220;100%&#8220; max_width_last_edited=&#8220;on|tablet&#8220; custom_margin=&#8220;40px|10px|40px|10px|false|false&#8220; custom_padding=&#8220;40px|10px|40px|10px|false|false&#8220; animation=&#8220;off&#8220; custom_css_blurb_title=&#8220;padding-bottom: 20px&#8220; border_radii=&#8220;on|2px|2px|2px|2px&#8220; border_width_all=&#8220;1px&#8220; border_color_all=&#8220;#e0e0e0&#8243; border_style_all=&#8220;solid&#8220; use_border_color=&#8220;on&#8220; border_color=&#8220;#f2f4f4&#8243; border_width=&#8220;3px&#8220; border_style=&#8220;solid&#8220; global_module=&#8220;6361&#8243; saved_tabs=&#8220;all&#8220;]\n<p><span style=\"color: #fc7c00;\"><a style=\"color: #fc7c00;\" href=\"#ho1\"><span style=\"font-weight: 400;\"><span style=\"color: #fc7c00;\">Homeschooling verst\u00e4rkt Bildungsungleichheit<\/span><\/span><\/a><\/span><\/p>\n<p><span style=\"color: #fc7c00;\"><a style=\"color: #fc7c00;\" href=\"#ho2\"><span style=\"font-weight: 400;\"><span style=\"color: #fc7c00;\">Mit phase6 das digitale Lernen meistern<\/span><\/span><\/a><\/span><\/p>\n<p><span style=\"color: #fc7c00;\"><a style=\"color: #fc7c00;\" href=\"#ho5\"><span style=\"font-weight: 400;\"><span style=\"color: #fc7c00;\">Grundschulinitiative<\/span><\/span><\/a><\/span><\/p>\n<p><span style=\"color: #fc7c00;\"><a style=\"color: #fc7c00;\" href=\"#ho6\"><span style=\"font-weight: 400;\"><span style=\"color: #fc7c00;\">Bedarf an kostenlosen Zug\u00e4ngen?<\/span><\/span><\/a><\/span><\/p>\n[\/et_pb_blurb][et_pb_text _builder_version=&#8220;4.3.4&#8243;]\n<h2><span style=\"font-weight: 400;\"><a id=\"ho1\"><\/a>Mehr <\/span><span style=\"font-weight: 400;\">Homeschooling<\/span><span style=\"font-weight: 400;\"> = weniger <\/span><span style=\"font-weight: 400;\">Bildungsgerechtigkeit?<\/span><\/h2>\n<p><span style=\"font-weight: 400;\">Ebenso wie die Vergabe von Hausaufgaben steht das <\/span><span style=\"font-weight: 400;\">Homeschooling<\/span><span style=\"font-weight: 400;\"> berechtigterweise in der Kritik, da bestehende <\/span><span style=\"font-weight: 400;\">soziale Ungleichheit<\/span><span style=\"font-weight: 400;\">en<\/span><span style=\"font-weight: 400;\"> durch die geforderte <\/span><span style=\"font-weight: 400;\">Selbstbildung<\/span><span style=\"font-weight: 400;\"> verst\u00e4rkt werden. Selbst wenn eines Tages die Herausforderungen der <\/span><span style=\"font-weight: 400;\">digitale<\/span><span style=\"font-weight: 400;\">n<\/span><span style=\"font-weight: 400;\"> Bildung <\/span><span style=\"font-weight: 400;\">von Seiten der <\/span><span style=\"font-weight: 400;\">Bildungspolitik<\/span><span style=\"font-weight: 400;\">, der Schulen und Lehrkr\u00e4fte allesamt gemeistert werden k\u00f6nnten und das \u2018perfekte Lehrkonzept\u2019 existieren w\u00fcrde, w\u00e4ren damit noch lange keine erfolgreichen Lernprozesse seitens der Heranwachsenden garantiert. <\/span><strong>Denn das Lernen zu Hause legt schonungslos den ungleich verteilten Zugang zu Bildung offen.\u00a0<\/strong><\/p>\n<p><span style=\"font-weight: 400;\">Lehrkr\u00e4fte an \u2018Brennpunktschulen\u2019 werden best\u00e4tigen, dass besonders Kinder aus bildungsfernen und\/oder einkommensschwachen Familien unter der derzeitigen Situation leiden. Sei es der Mangel an technischen Mitteln, der begrenzte Internetzugang oder die r\u00e4umliche und famili\u00e4re Situation zu Hause, die konzentriertes Lernen verhindern &#8211; die ungleichen Bildungschancen werden durch <\/span><span style=\"font-weight: 400;\">Homeschooling<\/span><span style=\"font-weight: 400;\"> drastisch verst\u00e4rkt. Dadurch fallen diejenigen zur\u00fcck, die ohnehin schon Schwierigkeiten haben, dem Lernstoff zu folgen, w\u00e4hrend Kinder, die keine Lernschwierigkeiten haben und optimale h\u00e4usliche Lernvoraussetzungen vorfinden, h\u00e4ufig davon profitieren, sich ihren Lernstoff frei einteilen zu k\u00f6nnen.[1]\u00a0<\/span><\/p>\n<p><span style=\"font-weight: 400;\">Eine aktuelle Forsa-Umfrage, die Lehrkr\u00e4fte im Auftrag der Robert Bosch Stiftung und der ZEIT zu ihren Erfahrungen mit der gegenw\u00e4rtigen Homeschooling-Situation befragte, kommt zusammengefasst zu folgenden Ergebnissen:[2]<\/span><\/p>\n<ul>\n<li style=\"font-weight: 400;\"><span style=\"font-weight: 400;\">Lehrkr\u00e4fte sehen die<\/span> <strong>gr\u00f6\u00dften Herausforderungen<\/strong><span style=\"font-weight: 400;\"> beim Mangel an digitaler Ausstattung der Lernenden (28%) und beim Erstellen und Vermitteln geeigneter digitaler Unterrichtsinhalte (21%).<\/span><\/li>\n<li style=\"font-weight: 400;\"><span style=\"font-weight: 400;\">Die meistgenutzten <\/span><strong>Kommunikationswege<\/strong><span style=\"font-weight: 400;\"> sind E-Mail (79%), Telefon (46%), digitale Lernplattformen (45%), schuleigene Internetseite (31%) und soziale Medien bzw. Messengerdienste (28%).<\/span><\/li>\n<li style=\"font-weight: 400;\"><span style=\"font-weight: 400;\">47% der befragten Grundschullehrkr\u00e4fte geben an, mit weniger als der H\u00e4lfte der Lerngruppe oder nur sehr wenigen Lernenden in <\/span><strong>regelm\u00e4\u00dfigem Kontakt<\/strong><span style=\"font-weight: 400;\"> zu stehen. Kontaktschwierigkeiten haben auch 34% der Unterrichtenden in Haupt-, Real- und Gesamtschulen und 31% der Gymnasiallehrkr\u00e4fte.\u00a0\u00a0<\/span><\/li>\n<li style=\"font-weight: 400;\"><span style=\"font-weight: 400;\">Die meistgenutzten <\/span><strong>Aufgabenformate<\/strong><span style=\"font-weight: 400;\"> sind mit Abstand Aufgabenbl\u00e4tter (79-90%), gefolgt von Erkl\u00e4rvideos (27-48%), Pr\u00e4sentationen (8-26%) und Videokonferenzen (9-19%).<\/span><\/li>\n<li style=\"font-weight: 400;\"><span style=\"font-weight: 400;\">Im Durchschnitt gehen 36% der befragten Lehrkr\u00e4fte davon aus, dass die Schulschlie\u00dfung bei den meisten ihrer Sch\u00fclerinnen und Sch\u00fclern zu deutlichen <\/span><strong>Lernr\u00fcckst\u00e4nden<\/strong><span style=\"font-weight: 400;\"> f\u00fchren wird.<\/span><\/li>\n<\/ul>\n<h2><span style=\"font-weight: 400;\"><a id=\"ho2\"><\/a>Unser Beitrag zu mehr Chancengleichheit<\/span><\/h2>\n<p><span style=\"font-weight: 400;\">Die Notwendigkeit fl\u00e4chendeckender Strukturen, Ressourcen und Weiterbildungen f\u00fcr digitale Lehr- und Lernprozesse bleibt auch nach der Krise bestehen. F\u00fcr Schulkinder bedeutet das vor allem, Strategien des selbstst\u00e4ndigen digitalen Lernens zu erproben und autodidaktische Kompetenzen zu entwickeln. Aus diesem Grund bietet phase6 nicht nur kurzfristige Hilfen f\u00fcr Unterrichtende und Lerngruppen an, sondern dar\u00fcber hinaus dauerhafte Angebote, die sich unter anderem gezielt an <\/span><strong>Grundschulkinder<\/strong><span style=\"font-weight: 400;\"> und Sch\u00fclerinnen und Sch\u00fcler aus <\/span><strong>einkommensschwachen Familien<\/strong><span style=\"font-weight: 400;\"> richten<strong>.<\/strong><\/span>[\/et_pb_text][et_pb_blurb _builder_version=&#8220;4.9.10&#8243; header_level=&#8220;h3&#8243; header_text_align=&#8220;center&#8220; header_text_color=&#8220;#fc7c00&#8243; custom_margin=&#8220;20px|10px|20px|10px|false|false&#8220; custom_padding=&#8220;40px||40px|10px|false|false&#8220; hover_enabled=&#8220;0&#8243; border_width_all=&#8220;3px&#8220; border_color_all=&#8220;#f2f4f4&#8243; sticky_enabled=&#8220;0&#8243;]\n<h2><span style=\"color: #fc7c00;\">phase6 optimal im Homeschooling nutzen<\/span><\/h2>\n<p>&nbsp;<\/p>\n<p><strong>Vorteile f\u00fcr Sch\u00fclerinnen und Sch\u00fcler:<\/strong><\/p>\n<ul>\n<li>fertige Vokabelsammlungen zu allen g\u00e4ngigen Kurs- und Schulb\u00fcchern<\/li>\n<li style=\"font-weight: 400;\"><span style=\"font-weight: 400;\">wissenschaftlich gepr\u00fcfte Lernmethode, die das autonome Lernen erleichtert<\/span><\/li>\n<li style=\"font-weight: 400;\"><span style=\"font-weight: 400;\">\u00fcberwiegend vertonte Vokabeln zum Lernen der Aussprache<\/span><\/li>\n<li style=\"font-weight: 400;\"><span style=\"font-weight: 400;\">kann bequem auf dem Smartphone (oder Tablet\/PC) genutzt werden\u00a0<\/span><\/li>\n<li style=\"font-weight: 400;\"><span style=\"font-weight: 400;\">kann am Smartphone <\/span><span style=\"text-decoration: underline;\"><span style=\"font-weight: 400;\">offline<\/span><\/span><span style=\"font-weight: 400;\"> genutzt werden und verbraucht nicht dauerhaft Datenvolumen<\/span><\/li>\n<li style=\"font-weight: 400;\"><span style=\"font-weight: 400;\">individuelle Reports dokumentieren und visualisieren den Lernfortschritt<\/span><\/li>\n<\/ul>\n<p><strong>Vorteile f\u00fcr Lehrkr\u00e4fte:<\/strong><\/p>\n<ul>\n<li>\u00dcber eine digitale Lerngruppe steuern Sie den Lernprozess, indem Sie die zu lernenden Einheiten f\u00fcr die Lerngruppe aktivieren.<\/li>\n<li style=\"font-weight: 400;\"><span style=\"font-weight: 400;\">Behalten Sie die Lernaktivit\u00e4ten und -fortschritte \u00fcber Reports im Blick.<\/span><\/li>\n<li style=\"font-weight: 400;\"><span style=\"font-weight: 400;\">Erstellen Sie eigene K\u00e4rtchen f\u00fcr Ihre Lerngruppe.<\/span><\/li>\n<li style=\"font-weight: 400;\"><span style=\"font-weight: 400;\">Lassen Sie die Lernenden selbst K\u00e4rtchen f\u00fcr die Klasse erstellen &#8211; Sie geben sie nur noch frei.<\/span><\/li>\n<li style=\"font-weight: 400;\"><span style=\"font-weight: 400;\">Erm\u00f6glichen Sie Ihrer Lerngruppe eine verg\u00fcnstigte Nutzung von phase6.<\/span><\/li>\n<\/ul>\n[\/et_pb_blurb][et_pb_text admin_label=&#8220;Text&#8220; _builder_version=&#8220;4.9.10&#8243;]\n<h2><span style=\"font-weight: 400;\"><a id=\"ho5\"><\/a>Grundschulinitiative<\/span><\/h2>\n<p><span style=\"font-weight: 400;\">Im Rahmen der Grundschulinitiative stellt phase6 in Kooperation mit dem <\/span><i><span style=\"font-weight: 400;\">Mildenberger Verlag<\/span><\/i><span style=\"font-weight: 400;\"> als Verlagspartner und <\/span><i><span style=\"font-weight: 400;\">Hugendubel Fachinformationen <\/span><\/i><span style=\"font-weight: 400;\">als Vertriebspartner allen <\/span><span style=\"font-weight: 400;\">Grundschulkindern<\/span><span style=\"font-weight: 400;\"> in Deutschland ein<\/span><strong> kostenloses Lernangebot zum Grundschulwortschatz Englisch<\/strong><span style=\"font-weight: 400;\"> bereit. Das Angebot richtet sich vorrangig an Sch\u00fclerinnen und Sch\u00fcler der vierten Klasse, die sich aktuell auf den Schulwechsel vorbereiten, ist aber auch f\u00fcr Kinder in niedrigeren Jahrgangsstufen geeignet.<\/span><\/p>\n<p><span style=\"font-weight: 400;\">Die Nutzung dieses Lernangebotes erfolgt in der <\/span><a href=\"https:\/\/www.phase-6.de\/grundschule\/lehrkraefte\/#App\" target=\"_blank\" rel=\"noopener noreferrer\"><span style=\"font-weight: 400;\"><span style=\"color: #fc7c00;\">App phase6<\/span><\/span><\/a><span style=\"font-weight: 400;\"> und wird entweder von Ihnen als Lehrkraft oder \u00fcber die Schulleitung an die Eltern der Kinder verteilt.<\/span><\/p>\n<p><span style=\"font-weight: 400;\">Auf der <\/span><a href=\"https:\/\/www.phase-6.de\/grundschule\/lehrkraefte\/\" target=\"_blank\" rel=\"noopener noreferrer\"><span style=\"font-weight: 400;\"><span style=\"color: #fc7c00;\">Website der Grundschulinitiative<\/span><\/span><\/a><span style=\"font-weight: 400;\"> erhalten Sie alle Informationen zum Angebot sowie die M\u00f6glichkeit, Informationsmaterial f\u00fcr Ihre Schule zu bestellen. Das Informationsmaterial wird anschlie\u00dfend digital zur Verf\u00fcgung gestellt und besteht vor allem aus einem Elternbrief und einem Einl\u00f6secode f\u00fcr das Lernangebot. Mit dem Code k\u00f6nnen sich Ihre Sch\u00fclerinnen und Sch\u00fcler &#8211; bzw. deren Eltern &#8211; mit wenigen Klicks bei phase6 registrieren und das Lernangebot kostenlos freischalten.\u00a0<\/span><\/p>\n[\/et_pb_text][et_pb_blurb _builder_version=&#8220;4.9.10&#8243; background_color=&#8220;#FFFFFF&#8220; custom_margin=&#8220;40px|10px|40px|10px|false|false&#8220; custom_padding=&#8220;10px||10px|10px|false|false&#8220; hover_enabled=&#8220;0&#8243; border_width_all=&#8220;3px&#8220; border_color_all=&#8220;#fc7c00&#8243; border_style_all=&#8220;dashed&#8220; sticky_enabled=&#8220;0&#8243;]\n<h2 style=\"text-align: center;\"><a id=\"ho6\"><\/a><span style=\"color: #fc7c00;\">Besteht Bedarf an kostenlosen Zug\u00e4ngen?<\/span><\/h2>\n<p><span style=\"font-weight: 400;\">Besonders Kinder aus einkommensschwachen Familien leiden unter der momentanen Situation und werden durch die Schulschlie\u00dfungen h\u00e4ufig noch weiter abgeh\u00e4ngt. Die genannten einmaligen Rabatt-Aktionen sind ein guter Anfang, bieten allerdings keine Dauerl\u00f6sung. Aus diesem Grund bieten wir Lehrkr\u00e4ften die M\u00f6glichkeit, alle Produkte von phase6 (Vokabelsammlungen und PLUS-Funktionen)<strong> f\u00fcr Kinder aus einkommenschwachen Familien dauerhaft kostenlos freizuschalten<\/strong>. Melden Sie sich dazu gerne direkt bei uns per Mail \u00fcber <\/span><a href=\"mailto:schule@phase6.de\"><span style=\"font-weight: 400;\"><span style=\"color: #fc7c00;\">schule@phase6.de<\/span><\/span><\/a><span style=\"font-weight: 400;\">.<\/span><\/p>\n[\/et_pb_blurb][et_pb_text _builder_version=&#8220;4.9.10&#8243;]\n<h3>\u00a0<\/h3>\n<h3>Quellen:<\/h3>\n[<a href=\"https:\/\/www.sueddeutsche.de\/bildung\/homeschooling-schulschliessung-hartz-iv-1.4881546\" target=\"_blank\" rel=\"noopener noreferrer\">1<\/a>] Kramer, Bernd (2020): Kein Computer, kein Kontakt. In: S\u00fcddeutsche Zeitung.<\/p>\n[<a href=\"https:\/\/deutsches-schulportal.de\/unterricht\/das-deutsche-schulbarometer-spezial-corona-krise\/\" target=\"_blank\" rel=\"noopener noreferrer\">2<\/a>] Anders, Florentine (2020): Erstmals repr\u00e4sentative Daten zum Fernunterricht. Das Deutsche Schulbarometer Spezial zur Corona-Krise.<\/p>\n[\/et_pb_text][\/et_pb_column][\/et_pb_row][\/et_pb_section]\n","protected":false},"excerpt":{"rendered":"<p>Die Corona-Krise macht Homeschooling und digitale Bildung notwendig, wodurch Bildungsungerechtigkeiten verst\u00e4rkt werden. Was phase6 dagegen tut und wie Lehrkr\u00e4fte und Lerngruppen davon profitieren k\u00f6nnen, erz\u00e4hlt dieser Beitrag.<\/p>\n","protected":false},"author":11,"featured_media":9626,"comment_status":"closed","ping_status":"open","sticky":false,"template":"","format":"standard","meta":{"_acf_changed":false,"_yoast_wpseo_focuskw":"Homeschooling","_yoast_wpseo_title":"","_yoast_wpseo_metadesc":"Homeschooling - Chancengleichheit ad\u00e9? phase6 bietet digitale Unterst\u00fctzung! \u2713Rabatt-Aktion \u2713kostenlos lernen \u2713Vokabeln zum Schulbuch","_yoast_wpseo_canonical":"","_yoast_wpseo_opengraph-title":"","_yoast_wpseo_opengraph-description":"","_et_pb_use_builder":"on","_et_pb_old_content":"","_et_gb_content_width":"","inline_featured_image":false,"footnotes":""},"categories":[71],"tags":[],"class_list":["post-9605","post","type-post","status-publish","format-standard","has-post-thumbnail","hentry","category-bildungssystem","et-has-post-format-content","et_post_format-et-post-format-standard"],"acf":[],"yoast_head":"<!-- This site is optimized with the Yoast SEO plugin v26.9 - https:\/\/yoast.com\/product\/yoast-seo-wordpress\/ -->\n<title>Homeschooling &amp; Chancengleichheit - das tut phase6 - phase6 Magazin<\/title>\n<meta name=\"description\" content=\"Homeschooling - Chancengleichheit ad\u00e9? phase6 bietet digitale Unterst\u00fctzung! \u2713Rabatt-Aktion \u2713kostenlos lernen \u2713Vokabeln zum Schulbuch\" \/>\n<meta name=\"robots\" content=\"index, follow, max-snippet:-1, max-image-preview:large, max-video-preview:-1\" \/>\n<link rel=\"canonical\" href=\"https:\/\/www.phase-6.de\/magazin\/fuer-lehrkraefte\/themen\/bildungssystem\/homeschooling-chancengleichheit-das-tut-phase6\/\" \/>\n<meta property=\"og:locale\" content=\"de_DE\" \/>\n<meta property=\"og:type\" content=\"article\" \/>\n<meta property=\"og:title\" content=\"Homeschooling &amp; Chancengleichheit - das tut phase6 - phase6 Magazin\" \/>\n<meta property=\"og:description\" content=\"Homeschooling - Chancengleichheit ad\u00e9? phase6 bietet digitale Unterst\u00fctzung! \u2713Rabatt-Aktion \u2713kostenlos lernen \u2713Vokabeln zum Schulbuch\" \/>\n<meta property=\"og:url\" content=\"https:\/\/www.phase-6.de\/magazin\/fuer-lehrkraefte\/themen\/bildungssystem\/homeschooling-chancengleichheit-das-tut-phase6\/\" \/>\n<meta property=\"og:site_name\" content=\"phase6 Magazin\" \/>\n<meta property=\"article:publisher\" content=\"https:\/\/www.facebook.com\/phase6.de\/\" \/>\n<meta property=\"article:published_time\" content=\"2020-05-18T08:41:12+00:00\" \/>\n<meta property=\"article:modified_time\" content=\"2021-08-16T09:38:20+00:00\" \/>\n<meta property=\"og:image\" content=\"https:\/\/www.phase-6.de\/magazin\/wp-content\/uploads\/2020\/05\/Homeschooling-und-Chancengleichheit.jpg\" \/>\n\t<meta property=\"og:image:width\" content=\"1080\" \/>\n\t<meta property=\"og:image:height\" content=\"675\" \/>\n\t<meta property=\"og:image:type\" content=\"image\/jpeg\" \/>\n<meta name=\"author\" content=\"Rebecca\" \/>\n<meta name=\"twitter:card\" content=\"summary_large_image\" \/>\n<meta name=\"twitter:label1\" content=\"Verfasst von\" \/>\n\t<meta name=\"twitter:data1\" content=\"Rebecca\" \/>\n\t<meta name=\"twitter:label2\" content=\"Gesch\u00e4tzte Lesezeit\" \/>\n\t<meta name=\"twitter:data2\" content=\"6\u00a0Minuten\" \/>\n<script type=\"application\/ld+json\" class=\"yoast-schema-graph\">{\"@context\":\"https:\/\/schema.org\",\"@graph\":[{\"@type\":\"Article\",\"@id\":\"https:\/\/www.phase-6.de\/magazin\/fuer-lehrkraefte\/themen\/bildungssystem\/homeschooling-chancengleichheit-das-tut-phase6\/#article\",\"isPartOf\":{\"@id\":\"https:\/\/www.phase-6.de\/magazin\/fuer-lehrkraefte\/themen\/bildungssystem\/homeschooling-chancengleichheit-das-tut-phase6\/\"},\"author\":{\"name\":\"Rebecca\",\"@id\":\"https:\/\/www.phase-6.de\/magazin\/#\/schema\/person\/c79e16a5e9f43034e7a9f1876f3e96d4\"},\"headline\":\"Homeschooling &#038; Chancengleichheit &#8211; das tut phase6\",\"datePublished\":\"2020-05-18T08:41:12+00:00\",\"dateModified\":\"2021-08-16T09:38:20+00:00\",\"mainEntityOfPage\":{\"@id\":\"https:\/\/www.phase-6.de\/magazin\/fuer-lehrkraefte\/themen\/bildungssystem\/homeschooling-chancengleichheit-das-tut-phase6\/\"},\"wordCount\":1303,\"publisher\":{\"@id\":\"https:\/\/www.phase-6.de\/magazin\/#organization\"},\"image\":{\"@id\":\"https:\/\/www.phase-6.de\/magazin\/fuer-lehrkraefte\/themen\/bildungssystem\/homeschooling-chancengleichheit-das-tut-phase6\/#primaryimage\"},\"thumbnailUrl\":\"https:\/\/www.phase-6.de\/magazin\/wp-content\/uploads\/2020\/05\/Homeschooling-und-Chancengleichheit.jpg\",\"articleSection\":[\"Bildungssystem\"],\"inLanguage\":\"de\"},{\"@type\":\"WebPage\",\"@id\":\"https:\/\/www.phase-6.de\/magazin\/fuer-lehrkraefte\/themen\/bildungssystem\/homeschooling-chancengleichheit-das-tut-phase6\/\",\"url\":\"https:\/\/www.phase-6.de\/magazin\/fuer-lehrkraefte\/themen\/bildungssystem\/homeschooling-chancengleichheit-das-tut-phase6\/\",\"name\":\"Homeschooling & Chancengleichheit - das tut phase6 - phase6 Magazin\",\"isPartOf\":{\"@id\":\"https:\/\/www.phase-6.de\/magazin\/#website\"},\"primaryImageOfPage\":{\"@id\":\"https:\/\/www.phase-6.de\/magazin\/fuer-lehrkraefte\/themen\/bildungssystem\/homeschooling-chancengleichheit-das-tut-phase6\/#primaryimage\"},\"image\":{\"@id\":\"https:\/\/www.phase-6.de\/magazin\/fuer-lehrkraefte\/themen\/bildungssystem\/homeschooling-chancengleichheit-das-tut-phase6\/#primaryimage\"},\"thumbnailUrl\":\"https:\/\/www.phase-6.de\/magazin\/wp-content\/uploads\/2020\/05\/Homeschooling-und-Chancengleichheit.jpg\",\"datePublished\":\"2020-05-18T08:41:12+00:00\",\"dateModified\":\"2021-08-16T09:38:20+00:00\",\"description\":\"Homeschooling - Chancengleichheit ad\u00e9? phase6 bietet digitale Unterst\u00fctzung! \u2713Rabatt-Aktion \u2713kostenlos lernen \u2713Vokabeln zum Schulbuch\",\"breadcrumb\":{\"@id\":\"https:\/\/www.phase-6.de\/magazin\/fuer-lehrkraefte\/themen\/bildungssystem\/homeschooling-chancengleichheit-das-tut-phase6\/#breadcrumb\"},\"inLanguage\":\"de\",\"potentialAction\":[{\"@type\":\"ReadAction\",\"target\":[\"https:\/\/www.phase-6.de\/magazin\/fuer-lehrkraefte\/themen\/bildungssystem\/homeschooling-chancengleichheit-das-tut-phase6\/\"]}]},{\"@type\":\"ImageObject\",\"inLanguage\":\"de\",\"@id\":\"https:\/\/www.phase-6.de\/magazin\/fuer-lehrkraefte\/themen\/bildungssystem\/homeschooling-chancengleichheit-das-tut-phase6\/#primaryimage\",\"url\":\"https:\/\/www.phase-6.de\/magazin\/wp-content\/uploads\/2020\/05\/Homeschooling-und-Chancengleichheit.jpg\",\"contentUrl\":\"https:\/\/www.phase-6.de\/magazin\/wp-content\/uploads\/2020\/05\/Homeschooling-und-Chancengleichheit.jpg\",\"width\":1080,\"height\":675,\"caption\":\"Homeschooling und Chancengleichheit\"},{\"@type\":\"BreadcrumbList\",\"@id\":\"https:\/\/www.phase-6.de\/magazin\/fuer-lehrkraefte\/themen\/bildungssystem\/homeschooling-chancengleichheit-das-tut-phase6\/#breadcrumb\",\"itemListElement\":[{\"@type\":\"ListItem\",\"position\":1,\"name\":\"Startseite\",\"item\":\"https:\/\/www.phase-6.de\/magazin\/\"},{\"@type\":\"ListItem\",\"position\":2,\"name\":\"Homeschooling &#038; Chancengleichheit &#8211; das tut phase6\"}]},{\"@type\":\"WebSite\",\"@id\":\"https:\/\/www.phase-6.de\/magazin\/#website\",\"url\":\"https:\/\/www.phase-6.de\/magazin\/\",\"name\":\"phase6 Magazin\",\"description\":\"Das Magazin f\u00fcr Sprache, Lernen &amp; Lehren\",\"publisher\":{\"@id\":\"https:\/\/www.phase-6.de\/magazin\/#organization\"},\"potentialAction\":[{\"@type\":\"SearchAction\",\"target\":{\"@type\":\"EntryPoint\",\"urlTemplate\":\"https:\/\/www.phase-6.de\/magazin\/?s={search_term_string}\"},\"query-input\":{\"@type\":\"PropertyValueSpecification\",\"valueRequired\":true,\"valueName\":\"search_term_string\"}}],\"inLanguage\":\"de\"},{\"@type\":\"Organization\",\"@id\":\"https:\/\/www.phase-6.de\/magazin\/#organization\",\"name\":\"phase-6 GmbH\",\"url\":\"https:\/\/www.phase-6.de\/magazin\/\",\"logo\":{\"@type\":\"ImageObject\",\"inLanguage\":\"de\",\"@id\":\"https:\/\/www.phase-6.de\/magazin\/#\/schema\/logo\/image\/\",\"url\":\"https:\/\/www.phase-6.de\/magazin\/wp-content\/uploads\/2017\/07\/phase6_logo2017.png\",\"contentUrl\":\"https:\/\/www.phase-6.de\/magazin\/wp-content\/uploads\/2017\/07\/phase6_logo2017.png\",\"width\":709,\"height\":200,\"caption\":\"phase-6 GmbH\"},\"image\":{\"@id\":\"https:\/\/www.phase-6.de\/magazin\/#\/schema\/logo\/image\/\"},\"sameAs\":[\"https:\/\/www.facebook.com\/phase6.de\/\",\"https:\/\/de.wikipedia.org\/wiki\/Phase6\"]},{\"@type\":\"Person\",\"@id\":\"https:\/\/www.phase-6.de\/magazin\/#\/schema\/person\/c79e16a5e9f43034e7a9f1876f3e96d4\",\"name\":\"Rebecca\",\"url\":\"https:\/\/www.phase-6.de\/magazin\/author\/rebecca\/\"}]}<\/script>\n<!-- \/ Yoast SEO plugin. -->","yoast_head_json":{"title":"Homeschooling & Chancengleichheit - das tut phase6 - phase6 Magazin","description":"Homeschooling - Chancengleichheit ad\u00e9? phase6 bietet digitale Unterst\u00fctzung! \u2713Rabatt-Aktion \u2713kostenlos lernen \u2713Vokabeln zum Schulbuch","robots":{"index":"index","follow":"follow","max-snippet":"max-snippet:-1","max-image-preview":"max-image-preview:large","max-video-preview":"max-video-preview:-1"},"canonical":"https:\/\/www.phase-6.de\/magazin\/fuer-lehrkraefte\/themen\/bildungssystem\/homeschooling-chancengleichheit-das-tut-phase6\/","og_locale":"de_DE","og_type":"article","og_title":"Homeschooling & Chancengleichheit - das tut phase6 - phase6 Magazin","og_description":"Homeschooling - Chancengleichheit ad\u00e9? phase6 bietet digitale Unterst\u00fctzung! \u2713Rabatt-Aktion \u2713kostenlos lernen \u2713Vokabeln zum Schulbuch","og_url":"https:\/\/www.phase-6.de\/magazin\/fuer-lehrkraefte\/themen\/bildungssystem\/homeschooling-chancengleichheit-das-tut-phase6\/","og_site_name":"phase6 Magazin","article_publisher":"https:\/\/www.facebook.com\/phase6.de\/","article_published_time":"2020-05-18T08:41:12+00:00","article_modified_time":"2021-08-16T09:38:20+00:00","og_image":[{"width":1080,"height":675,"url":"https:\/\/www.phase-6.de\/magazin\/wp-content\/uploads\/2020\/05\/Homeschooling-und-Chancengleichheit.jpg","type":"image\/jpeg"}],"author":"Rebecca","twitter_card":"summary_large_image","twitter_misc":{"Verfasst von":"Rebecca","Gesch\u00e4tzte Lesezeit":"6\u00a0Minuten"},"schema":{"@context":"https:\/\/schema.org","@graph":[{"@type":"Article","@id":"https:\/\/www.phase-6.de\/magazin\/fuer-lehrkraefte\/themen\/bildungssystem\/homeschooling-chancengleichheit-das-tut-phase6\/#article","isPartOf":{"@id":"https:\/\/www.phase-6.de\/magazin\/fuer-lehrkraefte\/themen\/bildungssystem\/homeschooling-chancengleichheit-das-tut-phase6\/"},"author":{"name":"Rebecca","@id":"https:\/\/www.phase-6.de\/magazin\/#\/schema\/person\/c79e16a5e9f43034e7a9f1876f3e96d4"},"headline":"Homeschooling &#038; Chancengleichheit &#8211; das tut phase6","datePublished":"2020-05-18T08:41:12+00:00","dateModified":"2021-08-16T09:38:20+00:00","mainEntityOfPage":{"@id":"https:\/\/www.phase-6.de\/magazin\/fuer-lehrkraefte\/themen\/bildungssystem\/homeschooling-chancengleichheit-das-tut-phase6\/"},"wordCount":1303,"publisher":{"@id":"https:\/\/www.phase-6.de\/magazin\/#organization"},"image":{"@id":"https:\/\/www.phase-6.de\/magazin\/fuer-lehrkraefte\/themen\/bildungssystem\/homeschooling-chancengleichheit-das-tut-phase6\/#primaryimage"},"thumbnailUrl":"https:\/\/www.phase-6.de\/magazin\/wp-content\/uploads\/2020\/05\/Homeschooling-und-Chancengleichheit.jpg","articleSection":["Bildungssystem"],"inLanguage":"de"},{"@type":"WebPage","@id":"https:\/\/www.phase-6.de\/magazin\/fuer-lehrkraefte\/themen\/bildungssystem\/homeschooling-chancengleichheit-das-tut-phase6\/","url":"https:\/\/www.phase-6.de\/magazin\/fuer-lehrkraefte\/themen\/bildungssystem\/homeschooling-chancengleichheit-das-tut-phase6\/","name":"Homeschooling & Chancengleichheit - das tut phase6 - phase6 Magazin","isPartOf":{"@id":"https:\/\/www.phase-6.de\/magazin\/#website"},"primaryImageOfPage":{"@id":"https:\/\/www.phase-6.de\/magazin\/fuer-lehrkraefte\/themen\/bildungssystem\/homeschooling-chancengleichheit-das-tut-phase6\/#primaryimage"},"image":{"@id":"https:\/\/www.phase-6.de\/magazin\/fuer-lehrkraefte\/themen\/bildungssystem\/homeschooling-chancengleichheit-das-tut-phase6\/#primaryimage"},"thumbnailUrl":"https:\/\/www.phase-6.de\/magazin\/wp-content\/uploads\/2020\/05\/Homeschooling-und-Chancengleichheit.jpg","datePublished":"2020-05-18T08:41:12+00:00","dateModified":"2021-08-16T09:38:20+00:00","description":"Homeschooling - Chancengleichheit ad\u00e9? phase6 bietet digitale Unterst\u00fctzung! \u2713Rabatt-Aktion \u2713kostenlos lernen \u2713Vokabeln zum Schulbuch","breadcrumb":{"@id":"https:\/\/www.phase-6.de\/magazin\/fuer-lehrkraefte\/themen\/bildungssystem\/homeschooling-chancengleichheit-das-tut-phase6\/#breadcrumb"},"inLanguage":"de","potentialAction":[{"@type":"ReadAction","target":["https:\/\/www.phase-6.de\/magazin\/fuer-lehrkraefte\/themen\/bildungssystem\/homeschooling-chancengleichheit-das-tut-phase6\/"]}]},{"@type":"ImageObject","inLanguage":"de","@id":"https:\/\/www.phase-6.de\/magazin\/fuer-lehrkraefte\/themen\/bildungssystem\/homeschooling-chancengleichheit-das-tut-phase6\/#primaryimage","url":"https:\/\/www.phase-6.de\/magazin\/wp-content\/uploads\/2020\/05\/Homeschooling-und-Chancengleichheit.jpg","contentUrl":"https:\/\/www.phase-6.de\/magazin\/wp-content\/uploads\/2020\/05\/Homeschooling-und-Chancengleichheit.jpg","width":1080,"height":675,"caption":"Homeschooling und Chancengleichheit"},{"@type":"BreadcrumbList","@id":"https:\/\/www.phase-6.de\/magazin\/fuer-lehrkraefte\/themen\/bildungssystem\/homeschooling-chancengleichheit-das-tut-phase6\/#breadcrumb","itemListElement":[{"@type":"ListItem","position":1,"name":"Startseite","item":"https:\/\/www.phase-6.de\/magazin\/"},{"@type":"ListItem","position":2,"name":"Homeschooling &#038; Chancengleichheit &#8211; das tut phase6"}]},{"@type":"WebSite","@id":"https:\/\/www.phase-6.de\/magazin\/#website","url":"https:\/\/www.phase-6.de\/magazin\/","name":"phase6 Magazin","description":"Das Magazin f\u00fcr Sprache, Lernen &amp; Lehren","publisher":{"@id":"https:\/\/www.phase-6.de\/magazin\/#organization"},"potentialAction":[{"@type":"SearchAction","target":{"@type":"EntryPoint","urlTemplate":"https:\/\/www.phase-6.de\/magazin\/?s={search_term_string}"},"query-input":{"@type":"PropertyValueSpecification","valueRequired":true,"valueName":"search_term_string"}}],"inLanguage":"de"},{"@type":"Organization","@id":"https:\/\/www.phase-6.de\/magazin\/#organization","name":"phase-6 GmbH","url":"https:\/\/www.phase-6.de\/magazin\/","logo":{"@type":"ImageObject","inLanguage":"de","@id":"https:\/\/www.phase-6.de\/magazin\/#\/schema\/logo\/image\/","url":"https:\/\/www.phase-6.de\/magazin\/wp-content\/uploads\/2017\/07\/phase6_logo2017.png","contentUrl":"https:\/\/www.phase-6.de\/magazin\/wp-content\/uploads\/2017\/07\/phase6_logo2017.png","width":709,"height":200,"caption":"phase-6 GmbH"},"image":{"@id":"https:\/\/www.phase-6.de\/magazin\/#\/schema\/logo\/image\/"},"sameAs":["https:\/\/www.facebook.com\/phase6.de\/","https:\/\/de.wikipedia.org\/wiki\/Phase6"]},{"@type":"Person","@id":"https:\/\/www.phase-6.de\/magazin\/#\/schema\/person\/c79e16a5e9f43034e7a9f1876f3e96d4","name":"Rebecca","url":"https:\/\/www.phase-6.de\/magazin\/author\/rebecca\/"}]}},"_links":{"self":[{"href":"https:\/\/www.phase-6.de\/magazin\/wp-json\/wp\/v2\/posts\/9605","targetHints":{"allow":["GET"]}}],"collection":[{"href":"https:\/\/www.phase-6.de\/magazin\/wp-json\/wp\/v2\/posts"}],"about":[{"href":"https:\/\/www.phase-6.de\/magazin\/wp-json\/wp\/v2\/types\/post"}],"author":[{"embeddable":true,"href":"https:\/\/www.phase-6.de\/magazin\/wp-json\/wp\/v2\/users\/11"}],"replies":[{"embeddable":true,"href":"https:\/\/www.phase-6.de\/magazin\/wp-json\/wp\/v2\/comments?post=9605"}],"version-history":[{"count":0,"href":"https:\/\/www.phase-6.de\/magazin\/wp-json\/wp\/v2\/posts\/9605\/revisions"}],"wp:featuredmedia":[{"embeddable":true,"href":"https:\/\/www.phase-6.de\/magazin\/wp-json\/wp\/v2\/media\/9626"}],"wp:attachment":[{"href":"https:\/\/www.phase-6.de\/magazin\/wp-json\/wp\/v2\/media?parent=9605"}],"wp:term":[{"taxonomy":"category","embeddable":true,"href":"https:\/\/www.phase-6.de\/magazin\/wp-json\/wp\/v2\/categories?post=9605"},{"taxonomy":"post_tag","embeddable":true,"href":"https:\/\/www.phase-6.de\/magazin\/wp-json\/wp\/v2\/tags?post=9605"}],"curies":[{"name":"wp","href":"https:\/\/api.w.org\/{rel}","templated":true}]}}