{"id":9947,"date":"2020-07-02T07:47:08","date_gmt":"2020-07-02T07:47:08","guid":{"rendered":"https:\/\/www.phase-6.de\/magazin\/?p=9947"},"modified":"2020-07-02T07:47:08","modified_gmt":"2020-07-02T07:47:08","slug":"vokal-geklaut","status":"publish","type":"post","link":"https:\/\/www.phase-6.de\/magazin\/fuer-lehrkraefte\/themen\/methodik-und-didaktik\/sprachspiele\/vokal-geklaut\/","title":{"rendered":"Vokal geklaut"},"content":{"rendered":"[et_pb_section fb_built=&#8220;1&#8243; specialty=&#8220;on&#8220; _builder_version=&#8220;4.3.4&#8243; saved_tabs=&#8220;all&#8220;][et_pb_column type=&#8220;2_3&#8243; specialty_columns=&#8220;2&#8243; _builder_version=&#8220;3.25&#8243; custom_padding=&#8220;|||&#8220; custom_padding__hover=&#8220;|||&#8220;][et_pb_row_inner _builder_version=&#8220;4.3.4&#8243;][et_pb_column_inner saved_specialty_column_type=&#8220;2_3&#8243; _builder_version=&#8220;4.3.4&#8243;][et_pb_text admin_label=&#8220;Spielbeschreibung&#8220; _builder_version=&#8220;4.3.4&#8243;]\n<p><span style=\"font-weight: 400;\">Eine Person gibt ein Thema vor (z.B. \u201cKleidung\u201d oder \u201cLebensmittel\u201d), zu welchem die Gruppenmitglieder anschlie\u00dfend reihum passende Begriffe finden m\u00fcssen. Erschwert wird die Raterunde dadurch, dass die Antworten einen bestimmten Vokal <\/span><strong>nicht<\/strong> <span style=\"font-weight: 400;\">enthalten d\u00fcrfen. Ein Beispiel:<\/span><\/p>\n<p><span style=\"font-weight: 400;\">Nehmen wir an, jemand hat die Kategorie \u201cBaumarten\u201d ausgew\u00e4hlt und den Vokal \u201cA\u201d bestimmt. Dann k\u00f6nnte die Aufgabe f\u00fcr die gesamte Gruppe lauten: \u201cFindet Baumarten ohne A\u201d.\u00a0\u00a0<\/span><\/p>\n<p><em><span style=\"font-weight: 400;\">Person 1: \u201cFichte\u201d<\/span><\/em><\/p>\n<p><em><span style=\"font-weight: 400;\">Person 2: \u201cBirke\u201d<\/span><\/em><\/p>\n<p><em><span style=\"font-weight: 400;\">Person 3: \u201cKiefer\u201d \u2026\u00a0<\/span><\/em><\/p>\n<p><span style=\"font-weight: 400;\">Auch die Person, die Kategorie und Vokal ausgew\u00e4hlt hat, kann in den Raterunden mitspielen. Sobald ein Gruppenmitglied nicht mehr weiter wei\u00df oder einen fehlerhaften Begriff nennt (z.B. \u201cAhorn\u201d in diesem Fall), ist die Spielrunde abgeschlossen. Nun darf ein neues Thema und ein neuer Vokal gew\u00e4hlt werden. In gr\u00f6\u00dferen Gruppen oder Klassen kann die n\u00e4chste Runde einfach bei der Person fortgesetzt werden, die den ersten falschen Begriff genannt hat.<\/span><\/p>\n<p><span style=\"font-weight: 400;\">Das Spiel kann ganz ohne Material gespielt oder mit selbst beschrifteten Karten vorbereitet werden. Hierzu schreiben alle Teilnehmenden unterschiedliche Kategorien auf Papierkarten, durchmischen diese gut und legen sie auf einen Stapel. Daneben kommt ein Stapel mit den f\u00fcnf Vokal-Karten.\u00a0<\/span><\/p>\n<p><span style=\"font-weight: 400;\">Besonders geeignet ist dieses Spiel, <strong>um gerade gelernte Vokabelp\u00e4ckchen zu trainieren<\/strong>. So k\u00f6nnten die Kategorien an die jeweiligen Lerninhalte des Sprachunterrichts angepasst werden und beispielsweise Vokabeln der Themenkomplexe \u201cEinkaufen\u201d, \u201cSport\u201d oder \u201cPolitik\u201d beinhalten.\u00a0<\/span><\/p>\n[\/et_pb_text][\/et_pb_column_inner][\/et_pb_row_inner][\/et_pb_column][et_pb_column type=&#8220;1_3&#8243; _builder_version=&#8220;3.25&#8243; custom_padding=&#8220;|||&#8220; custom_padding__hover=&#8220;|||&#8220;][et_pb_text admin_label=&#8220;Spielparameter&#8220; _builder_version=&#8220;4.3.4&#8243; custom_margin=&#8220;|||13px|false|false&#8220; custom_padding=&#8220;13px|13px|13px|13px|true|true&#8220; border_width_all=&#8220;2px&#8220; border_width_left=&#8220;2px&#8220; global_module=&#8220;9848&#8243; saved_tabs=&#8220;all&#8220;]\n<p><span style=\"font-size: 12pt;\"><strong>Dauer:<\/strong><br \/>5-10 Min.<\/span><\/p>\n<p><span style=\"font-size: 12pt;\"><strong>Eignung:<\/strong><br \/>Grundschule, Erwachsene<\/span><\/p>\n<p><span style=\"font-size: 12pt;\"><strong>Gruppengr\u00f6\u00dfe:<\/strong><br \/>ab 3 Personen, f\u00fcr Schulklassen<\/span><\/p>\n<p><span style=\"font-size: 12pt;\"><strong>Lernziel(e):<\/strong><br \/>phonologische Bewusstheit \/ Sprachbewusstheit, Aussprache<\/span><\/p>\n<p><span style=\"font-size: 12pt;\"><strong>Material:<\/strong><br \/>evt. Stift und Papier<\/span><\/p>\n<p>&nbsp;<\/p>\n[\/et_pb_text][\/et_pb_column][\/et_pb_section]\n","protected":false},"excerpt":{"rendered":"<p>Sprachspiele, ob zu zweit oder in Gruppen, f\u00f6rdern neben sprachlichen F\u00e4higkeiten auch das soziale Miteinander und bieten eine tolle Erg\u00e4nzung zum regul\u00e4ren Sprachunterricht. Also worauf wartest du noch? Teste deine sprachliche Kreativit\u00e4t!<\/p>\n","protected":false},"author":11,"featured_media":10347,"comment_status":"closed","ping_status":"open","sticky":false,"template":"","format":"standard","meta":{"_acf_changed":false,"_yoast_wpseo_focuskw":"","_yoast_wpseo_title":"","_yoast_wpseo_metadesc":"Sprachspiele trainieren nicht nur die Sprachf\u00e4higkeit, sondern auch die Lachmuskeln! \u2713Sprachspiele \u2713Sprachf\u00f6rderung \u2713Gruppen","_yoast_wpseo_canonical":"","_yoast_wpseo_opengraph-title":"","_yoast_wpseo_opengraph-description":"","_et_pb_use_builder":"on","_et_pb_old_content":"","_et_gb_content_width":"","inline_featured_image":false,"footnotes":""},"categories":[95],"tags":[],"class_list":["post-9947","post","type-post","status-publish","format-standard","has-post-thumbnail","hentry","category-sprachspiele","et-has-post-format-content","et_post_format-et-post-format-standard"],"acf":[],"yoast_head":"<!-- This site is optimized with the Yoast SEO plugin v26.9 - https:\/\/yoast.com\/product\/yoast-seo-wordpress\/ -->\n<title>Vokal geklaut - phase6 Magazin<\/title>\n<meta name=\"description\" content=\"Sprachspiele trainieren nicht nur die Sprachf\u00e4higkeit, sondern auch die Lachmuskeln! \u2713Sprachspiele \u2713Sprachf\u00f6rderung \u2713Gruppen\" \/>\n<meta name=\"robots\" content=\"index, follow, max-snippet:-1, max-image-preview:large, max-video-preview:-1\" \/>\n<link rel=\"canonical\" href=\"https:\/\/www.phase-6.de\/magazin\/fuer-lehrkraefte\/themen\/methodik-und-didaktik\/sprachspiele\/vokal-geklaut\/\" \/>\n<meta property=\"og:locale\" content=\"de_DE\" \/>\n<meta property=\"og:type\" content=\"article\" \/>\n<meta property=\"og:title\" content=\"Vokal geklaut - phase6 Magazin\" \/>\n<meta property=\"og:description\" content=\"Sprachspiele trainieren nicht nur die Sprachf\u00e4higkeit, sondern auch die Lachmuskeln! \u2713Sprachspiele \u2713Sprachf\u00f6rderung \u2713Gruppen\" \/>\n<meta property=\"og:url\" content=\"https:\/\/www.phase-6.de\/magazin\/fuer-lehrkraefte\/themen\/methodik-und-didaktik\/sprachspiele\/vokal-geklaut\/\" \/>\n<meta property=\"og:site_name\" content=\"phase6 Magazin\" \/>\n<meta property=\"article:publisher\" content=\"https:\/\/www.facebook.com\/phase6.de\/\" \/>\n<meta property=\"article:published_time\" content=\"2020-07-02T07:47:08+00:00\" \/>\n<meta property=\"og:image\" content=\"https:\/\/www.phase-6.de\/magazin\/wp-content\/uploads\/2020\/05\/Vokal-geklaut.jpg\" \/>\n\t<meta property=\"og:image:width\" content=\"1080\" \/>\n\t<meta property=\"og:image:height\" content=\"675\" \/>\n\t<meta property=\"og:image:type\" content=\"image\/jpeg\" \/>\n<meta name=\"author\" content=\"Rebecca\" \/>\n<meta name=\"twitter:card\" content=\"summary_large_image\" \/>\n<meta name=\"twitter:label1\" content=\"Verfasst von\" \/>\n\t<meta name=\"twitter:data1\" content=\"Rebecca\" \/>\n\t<meta name=\"twitter:label2\" content=\"Gesch\u00e4tzte Lesezeit\" \/>\n\t<meta name=\"twitter:data2\" content=\"2\u00a0Minuten\" \/>\n<script type=\"application\/ld+json\" class=\"yoast-schema-graph\">{\"@context\":\"https:\/\/schema.org\",\"@graph\":[{\"@type\":\"Article\",\"@id\":\"https:\/\/www.phase-6.de\/magazin\/fuer-lehrkraefte\/themen\/methodik-und-didaktik\/sprachspiele\/vokal-geklaut\/#article\",\"isPartOf\":{\"@id\":\"https:\/\/www.phase-6.de\/magazin\/fuer-lehrkraefte\/themen\/methodik-und-didaktik\/sprachspiele\/vokal-geklaut\/\"},\"author\":{\"name\":\"Rebecca\",\"@id\":\"https:\/\/www.phase-6.de\/magazin\/#\/schema\/person\/c79e16a5e9f43034e7a9f1876f3e96d4\"},\"headline\":\"Vokal geklaut\",\"datePublished\":\"2020-07-02T07:47:08+00:00\",\"mainEntityOfPage\":{\"@id\":\"https:\/\/www.phase-6.de\/magazin\/fuer-lehrkraefte\/themen\/methodik-und-didaktik\/sprachspiele\/vokal-geklaut\/\"},\"wordCount\":373,\"publisher\":{\"@id\":\"https:\/\/www.phase-6.de\/magazin\/#organization\"},\"image\":{\"@id\":\"https:\/\/www.phase-6.de\/magazin\/fuer-lehrkraefte\/themen\/methodik-und-didaktik\/sprachspiele\/vokal-geklaut\/#primaryimage\"},\"thumbnailUrl\":\"https:\/\/www.phase-6.de\/magazin\/wp-content\/uploads\/2020\/05\/Vokal-geklaut.jpg\",\"articleSection\":[\"Sprachspiele\"],\"inLanguage\":\"de\"},{\"@type\":\"WebPage\",\"@id\":\"https:\/\/www.phase-6.de\/magazin\/fuer-lehrkraefte\/themen\/methodik-und-didaktik\/sprachspiele\/vokal-geklaut\/\",\"url\":\"https:\/\/www.phase-6.de\/magazin\/fuer-lehrkraefte\/themen\/methodik-und-didaktik\/sprachspiele\/vokal-geklaut\/\",\"name\":\"Vokal geklaut - phase6 Magazin\",\"isPartOf\":{\"@id\":\"https:\/\/www.phase-6.de\/magazin\/#website\"},\"primaryImageOfPage\":{\"@id\":\"https:\/\/www.phase-6.de\/magazin\/fuer-lehrkraefte\/themen\/methodik-und-didaktik\/sprachspiele\/vokal-geklaut\/#primaryimage\"},\"image\":{\"@id\":\"https:\/\/www.phase-6.de\/magazin\/fuer-lehrkraefte\/themen\/methodik-und-didaktik\/sprachspiele\/vokal-geklaut\/#primaryimage\"},\"thumbnailUrl\":\"https:\/\/www.phase-6.de\/magazin\/wp-content\/uploads\/2020\/05\/Vokal-geklaut.jpg\",\"datePublished\":\"2020-07-02T07:47:08+00:00\",\"description\":\"Sprachspiele trainieren nicht nur die Sprachf\u00e4higkeit, sondern auch die Lachmuskeln! \u2713Sprachspiele \u2713Sprachf\u00f6rderung \u2713Gruppen\",\"breadcrumb\":{\"@id\":\"https:\/\/www.phase-6.de\/magazin\/fuer-lehrkraefte\/themen\/methodik-und-didaktik\/sprachspiele\/vokal-geklaut\/#breadcrumb\"},\"inLanguage\":\"de\",\"potentialAction\":[{\"@type\":\"ReadAction\",\"target\":[\"https:\/\/www.phase-6.de\/magazin\/fuer-lehrkraefte\/themen\/methodik-und-didaktik\/sprachspiele\/vokal-geklaut\/\"]}]},{\"@type\":\"ImageObject\",\"inLanguage\":\"de\",\"@id\":\"https:\/\/www.phase-6.de\/magazin\/fuer-lehrkraefte\/themen\/methodik-und-didaktik\/sprachspiele\/vokal-geklaut\/#primaryimage\",\"url\":\"https:\/\/www.phase-6.de\/magazin\/wp-content\/uploads\/2020\/05\/Vokal-geklaut.jpg\",\"contentUrl\":\"https:\/\/www.phase-6.de\/magazin\/wp-content\/uploads\/2020\/05\/Vokal-geklaut.jpg\",\"width\":1080,\"height\":675,\"caption\":\"Vokal geklaut\"},{\"@type\":\"BreadcrumbList\",\"@id\":\"https:\/\/www.phase-6.de\/magazin\/fuer-lehrkraefte\/themen\/methodik-und-didaktik\/sprachspiele\/vokal-geklaut\/#breadcrumb\",\"itemListElement\":[{\"@type\":\"ListItem\",\"position\":1,\"name\":\"Startseite\",\"item\":\"https:\/\/www.phase-6.de\/magazin\/\"},{\"@type\":\"ListItem\",\"position\":2,\"name\":\"Vokal geklaut\"}]},{\"@type\":\"WebSite\",\"@id\":\"https:\/\/www.phase-6.de\/magazin\/#website\",\"url\":\"https:\/\/www.phase-6.de\/magazin\/\",\"name\":\"phase6 Magazin\",\"description\":\"Das Magazin f\u00fcr Sprache, Lernen &amp; Lehren\",\"publisher\":{\"@id\":\"https:\/\/www.phase-6.de\/magazin\/#organization\"},\"potentialAction\":[{\"@type\":\"SearchAction\",\"target\":{\"@type\":\"EntryPoint\",\"urlTemplate\":\"https:\/\/www.phase-6.de\/magazin\/?s={search_term_string}\"},\"query-input\":{\"@type\":\"PropertyValueSpecification\",\"valueRequired\":true,\"valueName\":\"search_term_string\"}}],\"inLanguage\":\"de\"},{\"@type\":\"Organization\",\"@id\":\"https:\/\/www.phase-6.de\/magazin\/#organization\",\"name\":\"phase-6 GmbH\",\"url\":\"https:\/\/www.phase-6.de\/magazin\/\",\"logo\":{\"@type\":\"ImageObject\",\"inLanguage\":\"de\",\"@id\":\"https:\/\/www.phase-6.de\/magazin\/#\/schema\/logo\/image\/\",\"url\":\"https:\/\/www.phase-6.de\/magazin\/wp-content\/uploads\/2017\/07\/phase6_logo2017.png\",\"contentUrl\":\"https:\/\/www.phase-6.de\/magazin\/wp-content\/uploads\/2017\/07\/phase6_logo2017.png\",\"width\":709,\"height\":200,\"caption\":\"phase-6 GmbH\"},\"image\":{\"@id\":\"https:\/\/www.phase-6.de\/magazin\/#\/schema\/logo\/image\/\"},\"sameAs\":[\"https:\/\/www.facebook.com\/phase6.de\/\",\"https:\/\/de.wikipedia.org\/wiki\/Phase6\"]},{\"@type\":\"Person\",\"@id\":\"https:\/\/www.phase-6.de\/magazin\/#\/schema\/person\/c79e16a5e9f43034e7a9f1876f3e96d4\",\"name\":\"Rebecca\",\"url\":\"https:\/\/www.phase-6.de\/magazin\/author\/rebecca\/\"}]}<\/script>\n<!-- \/ Yoast SEO plugin. -->","yoast_head_json":{"title":"Vokal geklaut - phase6 Magazin","description":"Sprachspiele trainieren nicht nur die Sprachf\u00e4higkeit, sondern auch die Lachmuskeln! \u2713Sprachspiele \u2713Sprachf\u00f6rderung \u2713Gruppen","robots":{"index":"index","follow":"follow","max-snippet":"max-snippet:-1","max-image-preview":"max-image-preview:large","max-video-preview":"max-video-preview:-1"},"canonical":"https:\/\/www.phase-6.de\/magazin\/fuer-lehrkraefte\/themen\/methodik-und-didaktik\/sprachspiele\/vokal-geklaut\/","og_locale":"de_DE","og_type":"article","og_title":"Vokal geklaut - phase6 Magazin","og_description":"Sprachspiele trainieren nicht nur die Sprachf\u00e4higkeit, sondern auch die Lachmuskeln! \u2713Sprachspiele \u2713Sprachf\u00f6rderung \u2713Gruppen","og_url":"https:\/\/www.phase-6.de\/magazin\/fuer-lehrkraefte\/themen\/methodik-und-didaktik\/sprachspiele\/vokal-geklaut\/","og_site_name":"phase6 Magazin","article_publisher":"https:\/\/www.facebook.com\/phase6.de\/","article_published_time":"2020-07-02T07:47:08+00:00","og_image":[{"width":1080,"height":675,"url":"https:\/\/www.phase-6.de\/magazin\/wp-content\/uploads\/2020\/05\/Vokal-geklaut.jpg","type":"image\/jpeg"}],"author":"Rebecca","twitter_card":"summary_large_image","twitter_misc":{"Verfasst von":"Rebecca","Gesch\u00e4tzte Lesezeit":"2\u00a0Minuten"},"schema":{"@context":"https:\/\/schema.org","@graph":[{"@type":"Article","@id":"https:\/\/www.phase-6.de\/magazin\/fuer-lehrkraefte\/themen\/methodik-und-didaktik\/sprachspiele\/vokal-geklaut\/#article","isPartOf":{"@id":"https:\/\/www.phase-6.de\/magazin\/fuer-lehrkraefte\/themen\/methodik-und-didaktik\/sprachspiele\/vokal-geklaut\/"},"author":{"name":"Rebecca","@id":"https:\/\/www.phase-6.de\/magazin\/#\/schema\/person\/c79e16a5e9f43034e7a9f1876f3e96d4"},"headline":"Vokal geklaut","datePublished":"2020-07-02T07:47:08+00:00","mainEntityOfPage":{"@id":"https:\/\/www.phase-6.de\/magazin\/fuer-lehrkraefte\/themen\/methodik-und-didaktik\/sprachspiele\/vokal-geklaut\/"},"wordCount":373,"publisher":{"@id":"https:\/\/www.phase-6.de\/magazin\/#organization"},"image":{"@id":"https:\/\/www.phase-6.de\/magazin\/fuer-lehrkraefte\/themen\/methodik-und-didaktik\/sprachspiele\/vokal-geklaut\/#primaryimage"},"thumbnailUrl":"https:\/\/www.phase-6.de\/magazin\/wp-content\/uploads\/2020\/05\/Vokal-geklaut.jpg","articleSection":["Sprachspiele"],"inLanguage":"de"},{"@type":"WebPage","@id":"https:\/\/www.phase-6.de\/magazin\/fuer-lehrkraefte\/themen\/methodik-und-didaktik\/sprachspiele\/vokal-geklaut\/","url":"https:\/\/www.phase-6.de\/magazin\/fuer-lehrkraefte\/themen\/methodik-und-didaktik\/sprachspiele\/vokal-geklaut\/","name":"Vokal geklaut - phase6 Magazin","isPartOf":{"@id":"https:\/\/www.phase-6.de\/magazin\/#website"},"primaryImageOfPage":{"@id":"https:\/\/www.phase-6.de\/magazin\/fuer-lehrkraefte\/themen\/methodik-und-didaktik\/sprachspiele\/vokal-geklaut\/#primaryimage"},"image":{"@id":"https:\/\/www.phase-6.de\/magazin\/fuer-lehrkraefte\/themen\/methodik-und-didaktik\/sprachspiele\/vokal-geklaut\/#primaryimage"},"thumbnailUrl":"https:\/\/www.phase-6.de\/magazin\/wp-content\/uploads\/2020\/05\/Vokal-geklaut.jpg","datePublished":"2020-07-02T07:47:08+00:00","description":"Sprachspiele trainieren nicht nur die Sprachf\u00e4higkeit, sondern auch die Lachmuskeln! \u2713Sprachspiele \u2713Sprachf\u00f6rderung \u2713Gruppen","breadcrumb":{"@id":"https:\/\/www.phase-6.de\/magazin\/fuer-lehrkraefte\/themen\/methodik-und-didaktik\/sprachspiele\/vokal-geklaut\/#breadcrumb"},"inLanguage":"de","potentialAction":[{"@type":"ReadAction","target":["https:\/\/www.phase-6.de\/magazin\/fuer-lehrkraefte\/themen\/methodik-und-didaktik\/sprachspiele\/vokal-geklaut\/"]}]},{"@type":"ImageObject","inLanguage":"de","@id":"https:\/\/www.phase-6.de\/magazin\/fuer-lehrkraefte\/themen\/methodik-und-didaktik\/sprachspiele\/vokal-geklaut\/#primaryimage","url":"https:\/\/www.phase-6.de\/magazin\/wp-content\/uploads\/2020\/05\/Vokal-geklaut.jpg","contentUrl":"https:\/\/www.phase-6.de\/magazin\/wp-content\/uploads\/2020\/05\/Vokal-geklaut.jpg","width":1080,"height":675,"caption":"Vokal geklaut"},{"@type":"BreadcrumbList","@id":"https:\/\/www.phase-6.de\/magazin\/fuer-lehrkraefte\/themen\/methodik-und-didaktik\/sprachspiele\/vokal-geklaut\/#breadcrumb","itemListElement":[{"@type":"ListItem","position":1,"name":"Startseite","item":"https:\/\/www.phase-6.de\/magazin\/"},{"@type":"ListItem","position":2,"name":"Vokal geklaut"}]},{"@type":"WebSite","@id":"https:\/\/www.phase-6.de\/magazin\/#website","url":"https:\/\/www.phase-6.de\/magazin\/","name":"phase6 Magazin","description":"Das Magazin f\u00fcr Sprache, Lernen &amp; Lehren","publisher":{"@id":"https:\/\/www.phase-6.de\/magazin\/#organization"},"potentialAction":[{"@type":"SearchAction","target":{"@type":"EntryPoint","urlTemplate":"https:\/\/www.phase-6.de\/magazin\/?s={search_term_string}"},"query-input":{"@type":"PropertyValueSpecification","valueRequired":true,"valueName":"search_term_string"}}],"inLanguage":"de"},{"@type":"Organization","@id":"https:\/\/www.phase-6.de\/magazin\/#organization","name":"phase-6 GmbH","url":"https:\/\/www.phase-6.de\/magazin\/","logo":{"@type":"ImageObject","inLanguage":"de","@id":"https:\/\/www.phase-6.de\/magazin\/#\/schema\/logo\/image\/","url":"https:\/\/www.phase-6.de\/magazin\/wp-content\/uploads\/2017\/07\/phase6_logo2017.png","contentUrl":"https:\/\/www.phase-6.de\/magazin\/wp-content\/uploads\/2017\/07\/phase6_logo2017.png","width":709,"height":200,"caption":"phase-6 GmbH"},"image":{"@id":"https:\/\/www.phase-6.de\/magazin\/#\/schema\/logo\/image\/"},"sameAs":["https:\/\/www.facebook.com\/phase6.de\/","https:\/\/de.wikipedia.org\/wiki\/Phase6"]},{"@type":"Person","@id":"https:\/\/www.phase-6.de\/magazin\/#\/schema\/person\/c79e16a5e9f43034e7a9f1876f3e96d4","name":"Rebecca","url":"https:\/\/www.phase-6.de\/magazin\/author\/rebecca\/"}]}},"_links":{"self":[{"href":"https:\/\/www.phase-6.de\/magazin\/wp-json\/wp\/v2\/posts\/9947","targetHints":{"allow":["GET"]}}],"collection":[{"href":"https:\/\/www.phase-6.de\/magazin\/wp-json\/wp\/v2\/posts"}],"about":[{"href":"https:\/\/www.phase-6.de\/magazin\/wp-json\/wp\/v2\/types\/post"}],"author":[{"embeddable":true,"href":"https:\/\/www.phase-6.de\/magazin\/wp-json\/wp\/v2\/users\/11"}],"replies":[{"embeddable":true,"href":"https:\/\/www.phase-6.de\/magazin\/wp-json\/wp\/v2\/comments?post=9947"}],"version-history":[{"count":0,"href":"https:\/\/www.phase-6.de\/magazin\/wp-json\/wp\/v2\/posts\/9947\/revisions"}],"wp:featuredmedia":[{"embeddable":true,"href":"https:\/\/www.phase-6.de\/magazin\/wp-json\/wp\/v2\/media\/10347"}],"wp:attachment":[{"href":"https:\/\/www.phase-6.de\/magazin\/wp-json\/wp\/v2\/media?parent=9947"}],"wp:term":[{"taxonomy":"category","embeddable":true,"href":"https:\/\/www.phase-6.de\/magazin\/wp-json\/wp\/v2\/categories?post=9947"},{"taxonomy":"post_tag","embeddable":true,"href":"https:\/\/www.phase-6.de\/magazin\/wp-json\/wp\/v2\/tags?post=9947"}],"curies":[{"name":"wp","href":"https:\/\/api.w.org\/{rel}","templated":true}]}}