{"id":9959,"date":"2020-07-02T07:47:08","date_gmt":"2020-07-02T07:47:08","guid":{"rendered":"https:\/\/www.phase-6.de\/magazin\/?p=9959"},"modified":"2020-07-02T07:47:08","modified_gmt":"2020-07-02T07:47:08","slug":"voellig-verrueckte-vorstellungsrunde","status":"publish","type":"post","link":"https:\/\/www.phase-6.de\/magazin\/fuer-lehrkraefte\/themen\/methodik-und-didaktik\/sprachspiele\/voellig-verrueckte-vorstellungsrunde\/","title":{"rendered":"V\u00f6llig verr\u00fcckte Vorstellungsrunde"},"content":{"rendered":"[et_pb_section fb_built=&#8220;1&#8243; specialty=&#8220;on&#8220; _builder_version=&#8220;4.3.4&#8243; saved_tabs=&#8220;all&#8220;][et_pb_column type=&#8220;2_3&#8243; specialty_columns=&#8220;2&#8243; _builder_version=&#8220;3.25&#8243; custom_padding=&#8220;|||&#8220; custom_padding__hover=&#8220;|||&#8220;][et_pb_row_inner _builder_version=&#8220;4.3.4&#8243;][et_pb_column_inner saved_specialty_column_type=&#8220;2_3&#8243; _builder_version=&#8220;4.3.4&#8243;][et_pb_text admin_label=&#8220;Spielbeschreibung&#8220; _builder_version=&#8220;4.3.4&#8243;]\n<p><span style=\"font-weight: 400;\">Ein Kennenlernen der anderen Art: Jede Person innerhalb der Gruppe stellt sich der Reihe nach vor und nennt dabei ihren Namen, Wohnort und Beruf. Dieses Spiel funktioniert aber auch, wenn sich alle Teilnehmenden schon Ewigkeiten kennen. Denn, \u00e4hnlich wie bei \u201c<\/span><span style=\"font-weight: 400;\">Stadt, Land, Fluss<\/span><span style=\"font-weight: 400;\">\u201d, m\u00fcssen die Angaben zur eigenen Person mit dem gleichen Anfangsbuchstaben beginnen und weichen demnach von der Realit\u00e4t ab. Ein Beispiel:<\/span><\/p>\n<p><em><span style=\"font-weight: 400;\">Person 1: \u201cHallo, ich bin Anna aus Aachen und arbeite als Architektin.\u201d<\/span><\/em><\/p>\n<p><em><span style=\"font-weight: 400;\">Person 2: \u201cGuten Tag, mein Name ist Bertha. Ich bin B\u00e4ckerin aus Butzbach.\u201d\u00a0<\/span><\/em><\/p>\n<p><em><span style=\"font-weight: 400;\">Person 3: \u201cHallo, ich hei\u00dfe Carl, arbeite als Chemiker und komme aus Chemnitz.\u201d \u2026\u00a0<\/span><\/em><\/p>\n<p><span style=\"font-weight: 400;\">Die Reihenfolge der Buchstaben kann vorher festgelegt werden. Sie kann dem Alphabet folgen (vorw\u00e4rts und r\u00fcckw\u00e4rts), per Zufall bestimmt werden (z.B. Ziehen aus einem Buchstaben-Pool) oder von den Sprechenden selbst gew\u00e4hlt werden und beispielsweise dem Anfangsbuchstaben des tats\u00e4chlichen Vornamens entsprechen.\u00a0<\/span><\/p>\n<p><span style=\"font-weight: 400;\">Wenn die Gruppe nicht gro\u00df genug ist, k\u00f6nnen auch mehrere Runden gespielt werden. So stellt sich zwar jede Person mehrmals vor, wechselt daf\u00fcr aber immer wieder ihre Spiel-Identit\u00e4t.\u00a0<\/span><\/p>\n[\/et_pb_text][\/et_pb_column_inner][\/et_pb_row_inner][\/et_pb_column][et_pb_column type=&#8220;1_3&#8243; _builder_version=&#8220;3.25&#8243; custom_padding=&#8220;|||&#8220; custom_padding__hover=&#8220;|||&#8220;][et_pb_text admin_label=&#8220;Spielparameter&#8220; _builder_version=&#8220;4.3.4&#8243; custom_margin=&#8220;|||13px|false|false&#8220; custom_padding=&#8220;13px|13px|13px|13px|true|true&#8220; border_width_all=&#8220;2px&#8220; border_width_left=&#8220;2px&#8220; global_module=&#8220;9848&#8243; saved_tabs=&#8220;all&#8220;]\n<p><span style=\"font-size: 12pt;\"><strong>Dauer:<\/strong><br \/>10-20 Min.<\/span><\/p>\n<p><span style=\"font-size: 12pt;\"><strong>Eignung:<\/strong><br \/>Grundschule, Erwachsene, ABC-Spiele<\/span><\/p>\n<p><span style=\"font-size: 12pt;\"><strong>Gruppengr\u00f6\u00dfe:<\/strong><br \/>ab 5 Personen, f\u00fcr Schulklassen<\/span><\/p>\n<p><span style=\"font-size: 12pt;\"><strong>Lernziel(e):<\/strong><br \/>H\u00f6rverstehen, Aussprache, Kreativit\u00e4t \/ Ausdruck<\/span><\/p>\n<p><span style=\"font-size: 12pt;\"><strong>Material:<\/strong><br \/>evt. Stift und Papier<\/span><\/p>\n<p>&nbsp;<\/p>\n[\/et_pb_text][\/et_pb_column][\/et_pb_section]\n","protected":false},"excerpt":{"rendered":"<p>Sprachspiele, ob zu zweit oder in Gruppen, f\u00f6rdern neben sprachlichen F\u00e4higkeiten auch das soziale Miteinander und bieten eine tolle Erg\u00e4nzung zum regul\u00e4ren Sprachunterricht. Also worauf wartest du noch? Teste deine sprachliche Kreativit\u00e4t!<\/p>\n","protected":false},"author":11,"featured_media":10339,"comment_status":"closed","ping_status":"open","sticky":false,"template":"","format":"standard","meta":{"_acf_changed":false,"_yoast_wpseo_focuskw":"","_yoast_wpseo_title":"","_yoast_wpseo_metadesc":"Sprachspiele trainieren nicht nur die Sprachf\u00e4higkeit, sondern auch die Lachmuskeln! \u2713Sprachspiele \u2713Sprachf\u00f6rderung \u2713Gruppen","_yoast_wpseo_canonical":"","_yoast_wpseo_opengraph-title":"","_yoast_wpseo_opengraph-description":"","_et_pb_use_builder":"on","_et_pb_old_content":"","_et_gb_content_width":"","inline_featured_image":false,"footnotes":""},"categories":[95],"tags":[],"class_list":["post-9959","post","type-post","status-publish","format-standard","has-post-thumbnail","hentry","category-sprachspiele","et-has-post-format-content","et_post_format-et-post-format-standard"],"acf":[],"yoast_head":"<!-- This site is optimized with the Yoast SEO plugin v26.9 - https:\/\/yoast.com\/product\/yoast-seo-wordpress\/ -->\n<title>V\u00f6llig verr\u00fcckte Vorstellungsrunde - phase6 Magazin<\/title>\n<meta name=\"description\" content=\"Sprachspiele trainieren nicht nur die Sprachf\u00e4higkeit, sondern auch die Lachmuskeln! \u2713Sprachspiele \u2713Sprachf\u00f6rderung \u2713Gruppen\" \/>\n<meta name=\"robots\" content=\"index, follow, max-snippet:-1, max-image-preview:large, max-video-preview:-1\" \/>\n<link rel=\"canonical\" href=\"https:\/\/www.phase-6.de\/magazin\/fuer-lehrkraefte\/themen\/methodik-und-didaktik\/sprachspiele\/voellig-verrueckte-vorstellungsrunde\/\" \/>\n<meta property=\"og:locale\" content=\"de_DE\" \/>\n<meta property=\"og:type\" content=\"article\" \/>\n<meta property=\"og:title\" content=\"V\u00f6llig verr\u00fcckte Vorstellungsrunde - phase6 Magazin\" \/>\n<meta property=\"og:description\" content=\"Sprachspiele trainieren nicht nur die Sprachf\u00e4higkeit, sondern auch die Lachmuskeln! \u2713Sprachspiele \u2713Sprachf\u00f6rderung \u2713Gruppen\" \/>\n<meta property=\"og:url\" content=\"https:\/\/www.phase-6.de\/magazin\/fuer-lehrkraefte\/themen\/methodik-und-didaktik\/sprachspiele\/voellig-verrueckte-vorstellungsrunde\/\" \/>\n<meta property=\"og:site_name\" content=\"phase6 Magazin\" \/>\n<meta property=\"article:publisher\" content=\"https:\/\/www.facebook.com\/phase6.de\/\" \/>\n<meta property=\"article:published_time\" content=\"2020-07-02T07:47:08+00:00\" \/>\n<meta property=\"og:image\" content=\"https:\/\/www.phase-6.de\/magazin\/wp-content\/uploads\/2020\/05\/V\u00f6llig-verr\u00fcckte-Vorstellungsrunde.jpg\" \/>\n\t<meta property=\"og:image:width\" content=\"1080\" \/>\n\t<meta property=\"og:image:height\" content=\"675\" \/>\n\t<meta property=\"og:image:type\" content=\"image\/jpeg\" \/>\n<meta name=\"author\" content=\"Rebecca\" \/>\n<meta name=\"twitter:card\" content=\"summary_large_image\" \/>\n<meta name=\"twitter:label1\" content=\"Verfasst von\" \/>\n\t<meta name=\"twitter:data1\" content=\"Rebecca\" \/>\n\t<meta name=\"twitter:label2\" content=\"Gesch\u00e4tzte Lesezeit\" \/>\n\t<meta name=\"twitter:data2\" content=\"2\u00a0Minuten\" \/>\n<script type=\"application\/ld+json\" class=\"yoast-schema-graph\">{\"@context\":\"https:\/\/schema.org\",\"@graph\":[{\"@type\":\"Article\",\"@id\":\"https:\/\/www.phase-6.de\/magazin\/fuer-lehrkraefte\/themen\/methodik-und-didaktik\/sprachspiele\/voellig-verrueckte-vorstellungsrunde\/#article\",\"isPartOf\":{\"@id\":\"https:\/\/www.phase-6.de\/magazin\/fuer-lehrkraefte\/themen\/methodik-und-didaktik\/sprachspiele\/voellig-verrueckte-vorstellungsrunde\/\"},\"author\":{\"name\":\"Rebecca\",\"@id\":\"https:\/\/www.phase-6.de\/magazin\/#\/schema\/person\/c79e16a5e9f43034e7a9f1876f3e96d4\"},\"headline\":\"V\u00f6llig verr\u00fcckte Vorstellungsrunde\",\"datePublished\":\"2020-07-02T07:47:08+00:00\",\"mainEntityOfPage\":{\"@id\":\"https:\/\/www.phase-6.de\/magazin\/fuer-lehrkraefte\/themen\/methodik-und-didaktik\/sprachspiele\/voellig-verrueckte-vorstellungsrunde\/\"},\"wordCount\":331,\"publisher\":{\"@id\":\"https:\/\/www.phase-6.de\/magazin\/#organization\"},\"image\":{\"@id\":\"https:\/\/www.phase-6.de\/magazin\/fuer-lehrkraefte\/themen\/methodik-und-didaktik\/sprachspiele\/voellig-verrueckte-vorstellungsrunde\/#primaryimage\"},\"thumbnailUrl\":\"https:\/\/www.phase-6.de\/magazin\/wp-content\/uploads\/2020\/05\/V\u00f6llig-verr\u00fcckte-Vorstellungsrunde.jpg\",\"articleSection\":[\"Sprachspiele\"],\"inLanguage\":\"de\"},{\"@type\":\"WebPage\",\"@id\":\"https:\/\/www.phase-6.de\/magazin\/fuer-lehrkraefte\/themen\/methodik-und-didaktik\/sprachspiele\/voellig-verrueckte-vorstellungsrunde\/\",\"url\":\"https:\/\/www.phase-6.de\/magazin\/fuer-lehrkraefte\/themen\/methodik-und-didaktik\/sprachspiele\/voellig-verrueckte-vorstellungsrunde\/\",\"name\":\"V\u00f6llig verr\u00fcckte Vorstellungsrunde - phase6 Magazin\",\"isPartOf\":{\"@id\":\"https:\/\/www.phase-6.de\/magazin\/#website\"},\"primaryImageOfPage\":{\"@id\":\"https:\/\/www.phase-6.de\/magazin\/fuer-lehrkraefte\/themen\/methodik-und-didaktik\/sprachspiele\/voellig-verrueckte-vorstellungsrunde\/#primaryimage\"},\"image\":{\"@id\":\"https:\/\/www.phase-6.de\/magazin\/fuer-lehrkraefte\/themen\/methodik-und-didaktik\/sprachspiele\/voellig-verrueckte-vorstellungsrunde\/#primaryimage\"},\"thumbnailUrl\":\"https:\/\/www.phase-6.de\/magazin\/wp-content\/uploads\/2020\/05\/V\u00f6llig-verr\u00fcckte-Vorstellungsrunde.jpg\",\"datePublished\":\"2020-07-02T07:47:08+00:00\",\"description\":\"Sprachspiele trainieren nicht nur die Sprachf\u00e4higkeit, sondern auch die Lachmuskeln! \u2713Sprachspiele \u2713Sprachf\u00f6rderung \u2713Gruppen\",\"breadcrumb\":{\"@id\":\"https:\/\/www.phase-6.de\/magazin\/fuer-lehrkraefte\/themen\/methodik-und-didaktik\/sprachspiele\/voellig-verrueckte-vorstellungsrunde\/#breadcrumb\"},\"inLanguage\":\"de\",\"potentialAction\":[{\"@type\":\"ReadAction\",\"target\":[\"https:\/\/www.phase-6.de\/magazin\/fuer-lehrkraefte\/themen\/methodik-und-didaktik\/sprachspiele\/voellig-verrueckte-vorstellungsrunde\/\"]}]},{\"@type\":\"ImageObject\",\"inLanguage\":\"de\",\"@id\":\"https:\/\/www.phase-6.de\/magazin\/fuer-lehrkraefte\/themen\/methodik-und-didaktik\/sprachspiele\/voellig-verrueckte-vorstellungsrunde\/#primaryimage\",\"url\":\"https:\/\/www.phase-6.de\/magazin\/wp-content\/uploads\/2020\/05\/V\u00f6llig-verr\u00fcckte-Vorstellungsrunde.jpg\",\"contentUrl\":\"https:\/\/www.phase-6.de\/magazin\/wp-content\/uploads\/2020\/05\/V\u00f6llig-verr\u00fcckte-Vorstellungsrunde.jpg\",\"width\":1080,\"height\":675,\"caption\":\"V\u00f6llig verr\u00fcckte Vorstellungsrunde\"},{\"@type\":\"BreadcrumbList\",\"@id\":\"https:\/\/www.phase-6.de\/magazin\/fuer-lehrkraefte\/themen\/methodik-und-didaktik\/sprachspiele\/voellig-verrueckte-vorstellungsrunde\/#breadcrumb\",\"itemListElement\":[{\"@type\":\"ListItem\",\"position\":1,\"name\":\"Startseite\",\"item\":\"https:\/\/www.phase-6.de\/magazin\/\"},{\"@type\":\"ListItem\",\"position\":2,\"name\":\"V\u00f6llig verr\u00fcckte Vorstellungsrunde\"}]},{\"@type\":\"WebSite\",\"@id\":\"https:\/\/www.phase-6.de\/magazin\/#website\",\"url\":\"https:\/\/www.phase-6.de\/magazin\/\",\"name\":\"phase6 Magazin\",\"description\":\"Das Magazin f\u00fcr Sprache, Lernen &amp; Lehren\",\"publisher\":{\"@id\":\"https:\/\/www.phase-6.de\/magazin\/#organization\"},\"potentialAction\":[{\"@type\":\"SearchAction\",\"target\":{\"@type\":\"EntryPoint\",\"urlTemplate\":\"https:\/\/www.phase-6.de\/magazin\/?s={search_term_string}\"},\"query-input\":{\"@type\":\"PropertyValueSpecification\",\"valueRequired\":true,\"valueName\":\"search_term_string\"}}],\"inLanguage\":\"de\"},{\"@type\":\"Organization\",\"@id\":\"https:\/\/www.phase-6.de\/magazin\/#organization\",\"name\":\"phase-6 GmbH\",\"url\":\"https:\/\/www.phase-6.de\/magazin\/\",\"logo\":{\"@type\":\"ImageObject\",\"inLanguage\":\"de\",\"@id\":\"https:\/\/www.phase-6.de\/magazin\/#\/schema\/logo\/image\/\",\"url\":\"https:\/\/www.phase-6.de\/magazin\/wp-content\/uploads\/2017\/07\/phase6_logo2017.png\",\"contentUrl\":\"https:\/\/www.phase-6.de\/magazin\/wp-content\/uploads\/2017\/07\/phase6_logo2017.png\",\"width\":709,\"height\":200,\"caption\":\"phase-6 GmbH\"},\"image\":{\"@id\":\"https:\/\/www.phase-6.de\/magazin\/#\/schema\/logo\/image\/\"},\"sameAs\":[\"https:\/\/www.facebook.com\/phase6.de\/\",\"https:\/\/de.wikipedia.org\/wiki\/Phase6\"]},{\"@type\":\"Person\",\"@id\":\"https:\/\/www.phase-6.de\/magazin\/#\/schema\/person\/c79e16a5e9f43034e7a9f1876f3e96d4\",\"name\":\"Rebecca\",\"url\":\"https:\/\/www.phase-6.de\/magazin\/author\/rebecca\/\"}]}<\/script>\n<!-- \/ Yoast SEO plugin. -->","yoast_head_json":{"title":"V\u00f6llig verr\u00fcckte Vorstellungsrunde - phase6 Magazin","description":"Sprachspiele trainieren nicht nur die Sprachf\u00e4higkeit, sondern auch die Lachmuskeln! \u2713Sprachspiele \u2713Sprachf\u00f6rderung \u2713Gruppen","robots":{"index":"index","follow":"follow","max-snippet":"max-snippet:-1","max-image-preview":"max-image-preview:large","max-video-preview":"max-video-preview:-1"},"canonical":"https:\/\/www.phase-6.de\/magazin\/fuer-lehrkraefte\/themen\/methodik-und-didaktik\/sprachspiele\/voellig-verrueckte-vorstellungsrunde\/","og_locale":"de_DE","og_type":"article","og_title":"V\u00f6llig verr\u00fcckte Vorstellungsrunde - phase6 Magazin","og_description":"Sprachspiele trainieren nicht nur die Sprachf\u00e4higkeit, sondern auch die Lachmuskeln! \u2713Sprachspiele \u2713Sprachf\u00f6rderung \u2713Gruppen","og_url":"https:\/\/www.phase-6.de\/magazin\/fuer-lehrkraefte\/themen\/methodik-und-didaktik\/sprachspiele\/voellig-verrueckte-vorstellungsrunde\/","og_site_name":"phase6 Magazin","article_publisher":"https:\/\/www.facebook.com\/phase6.de\/","article_published_time":"2020-07-02T07:47:08+00:00","og_image":[{"width":1080,"height":675,"url":"https:\/\/www.phase-6.de\/magazin\/wp-content\/uploads\/2020\/05\/V\u00f6llig-verr\u00fcckte-Vorstellungsrunde.jpg","type":"image\/jpeg"}],"author":"Rebecca","twitter_card":"summary_large_image","twitter_misc":{"Verfasst von":"Rebecca","Gesch\u00e4tzte Lesezeit":"2\u00a0Minuten"},"schema":{"@context":"https:\/\/schema.org","@graph":[{"@type":"Article","@id":"https:\/\/www.phase-6.de\/magazin\/fuer-lehrkraefte\/themen\/methodik-und-didaktik\/sprachspiele\/voellig-verrueckte-vorstellungsrunde\/#article","isPartOf":{"@id":"https:\/\/www.phase-6.de\/magazin\/fuer-lehrkraefte\/themen\/methodik-und-didaktik\/sprachspiele\/voellig-verrueckte-vorstellungsrunde\/"},"author":{"name":"Rebecca","@id":"https:\/\/www.phase-6.de\/magazin\/#\/schema\/person\/c79e16a5e9f43034e7a9f1876f3e96d4"},"headline":"V\u00f6llig verr\u00fcckte Vorstellungsrunde","datePublished":"2020-07-02T07:47:08+00:00","mainEntityOfPage":{"@id":"https:\/\/www.phase-6.de\/magazin\/fuer-lehrkraefte\/themen\/methodik-und-didaktik\/sprachspiele\/voellig-verrueckte-vorstellungsrunde\/"},"wordCount":331,"publisher":{"@id":"https:\/\/www.phase-6.de\/magazin\/#organization"},"image":{"@id":"https:\/\/www.phase-6.de\/magazin\/fuer-lehrkraefte\/themen\/methodik-und-didaktik\/sprachspiele\/voellig-verrueckte-vorstellungsrunde\/#primaryimage"},"thumbnailUrl":"https:\/\/www.phase-6.de\/magazin\/wp-content\/uploads\/2020\/05\/V\u00f6llig-verr\u00fcckte-Vorstellungsrunde.jpg","articleSection":["Sprachspiele"],"inLanguage":"de"},{"@type":"WebPage","@id":"https:\/\/www.phase-6.de\/magazin\/fuer-lehrkraefte\/themen\/methodik-und-didaktik\/sprachspiele\/voellig-verrueckte-vorstellungsrunde\/","url":"https:\/\/www.phase-6.de\/magazin\/fuer-lehrkraefte\/themen\/methodik-und-didaktik\/sprachspiele\/voellig-verrueckte-vorstellungsrunde\/","name":"V\u00f6llig verr\u00fcckte Vorstellungsrunde - phase6 Magazin","isPartOf":{"@id":"https:\/\/www.phase-6.de\/magazin\/#website"},"primaryImageOfPage":{"@id":"https:\/\/www.phase-6.de\/magazin\/fuer-lehrkraefte\/themen\/methodik-und-didaktik\/sprachspiele\/voellig-verrueckte-vorstellungsrunde\/#primaryimage"},"image":{"@id":"https:\/\/www.phase-6.de\/magazin\/fuer-lehrkraefte\/themen\/methodik-und-didaktik\/sprachspiele\/voellig-verrueckte-vorstellungsrunde\/#primaryimage"},"thumbnailUrl":"https:\/\/www.phase-6.de\/magazin\/wp-content\/uploads\/2020\/05\/V\u00f6llig-verr\u00fcckte-Vorstellungsrunde.jpg","datePublished":"2020-07-02T07:47:08+00:00","description":"Sprachspiele trainieren nicht nur die Sprachf\u00e4higkeit, sondern auch die Lachmuskeln! \u2713Sprachspiele \u2713Sprachf\u00f6rderung \u2713Gruppen","breadcrumb":{"@id":"https:\/\/www.phase-6.de\/magazin\/fuer-lehrkraefte\/themen\/methodik-und-didaktik\/sprachspiele\/voellig-verrueckte-vorstellungsrunde\/#breadcrumb"},"inLanguage":"de","potentialAction":[{"@type":"ReadAction","target":["https:\/\/www.phase-6.de\/magazin\/fuer-lehrkraefte\/themen\/methodik-und-didaktik\/sprachspiele\/voellig-verrueckte-vorstellungsrunde\/"]}]},{"@type":"ImageObject","inLanguage":"de","@id":"https:\/\/www.phase-6.de\/magazin\/fuer-lehrkraefte\/themen\/methodik-und-didaktik\/sprachspiele\/voellig-verrueckte-vorstellungsrunde\/#primaryimage","url":"https:\/\/www.phase-6.de\/magazin\/wp-content\/uploads\/2020\/05\/V\u00f6llig-verr\u00fcckte-Vorstellungsrunde.jpg","contentUrl":"https:\/\/www.phase-6.de\/magazin\/wp-content\/uploads\/2020\/05\/V\u00f6llig-verr\u00fcckte-Vorstellungsrunde.jpg","width":1080,"height":675,"caption":"V\u00f6llig verr\u00fcckte Vorstellungsrunde"},{"@type":"BreadcrumbList","@id":"https:\/\/www.phase-6.de\/magazin\/fuer-lehrkraefte\/themen\/methodik-und-didaktik\/sprachspiele\/voellig-verrueckte-vorstellungsrunde\/#breadcrumb","itemListElement":[{"@type":"ListItem","position":1,"name":"Startseite","item":"https:\/\/www.phase-6.de\/magazin\/"},{"@type":"ListItem","position":2,"name":"V\u00f6llig verr\u00fcckte Vorstellungsrunde"}]},{"@type":"WebSite","@id":"https:\/\/www.phase-6.de\/magazin\/#website","url":"https:\/\/www.phase-6.de\/magazin\/","name":"phase6 Magazin","description":"Das Magazin f\u00fcr Sprache, Lernen &amp; Lehren","publisher":{"@id":"https:\/\/www.phase-6.de\/magazin\/#organization"},"potentialAction":[{"@type":"SearchAction","target":{"@type":"EntryPoint","urlTemplate":"https:\/\/www.phase-6.de\/magazin\/?s={search_term_string}"},"query-input":{"@type":"PropertyValueSpecification","valueRequired":true,"valueName":"search_term_string"}}],"inLanguage":"de"},{"@type":"Organization","@id":"https:\/\/www.phase-6.de\/magazin\/#organization","name":"phase-6 GmbH","url":"https:\/\/www.phase-6.de\/magazin\/","logo":{"@type":"ImageObject","inLanguage":"de","@id":"https:\/\/www.phase-6.de\/magazin\/#\/schema\/logo\/image\/","url":"https:\/\/www.phase-6.de\/magazin\/wp-content\/uploads\/2017\/07\/phase6_logo2017.png","contentUrl":"https:\/\/www.phase-6.de\/magazin\/wp-content\/uploads\/2017\/07\/phase6_logo2017.png","width":709,"height":200,"caption":"phase-6 GmbH"},"image":{"@id":"https:\/\/www.phase-6.de\/magazin\/#\/schema\/logo\/image\/"},"sameAs":["https:\/\/www.facebook.com\/phase6.de\/","https:\/\/de.wikipedia.org\/wiki\/Phase6"]},{"@type":"Person","@id":"https:\/\/www.phase-6.de\/magazin\/#\/schema\/person\/c79e16a5e9f43034e7a9f1876f3e96d4","name":"Rebecca","url":"https:\/\/www.phase-6.de\/magazin\/author\/rebecca\/"}]}},"_links":{"self":[{"href":"https:\/\/www.phase-6.de\/magazin\/wp-json\/wp\/v2\/posts\/9959","targetHints":{"allow":["GET"]}}],"collection":[{"href":"https:\/\/www.phase-6.de\/magazin\/wp-json\/wp\/v2\/posts"}],"about":[{"href":"https:\/\/www.phase-6.de\/magazin\/wp-json\/wp\/v2\/types\/post"}],"author":[{"embeddable":true,"href":"https:\/\/www.phase-6.de\/magazin\/wp-json\/wp\/v2\/users\/11"}],"replies":[{"embeddable":true,"href":"https:\/\/www.phase-6.de\/magazin\/wp-json\/wp\/v2\/comments?post=9959"}],"version-history":[{"count":0,"href":"https:\/\/www.phase-6.de\/magazin\/wp-json\/wp\/v2\/posts\/9959\/revisions"}],"wp:featuredmedia":[{"embeddable":true,"href":"https:\/\/www.phase-6.de\/magazin\/wp-json\/wp\/v2\/media\/10339"}],"wp:attachment":[{"href":"https:\/\/www.phase-6.de\/magazin\/wp-json\/wp\/v2\/media?parent=9959"}],"wp:term":[{"taxonomy":"category","embeddable":true,"href":"https:\/\/www.phase-6.de\/magazin\/wp-json\/wp\/v2\/categories?post=9959"},{"taxonomy":"post_tag","embeddable":true,"href":"https:\/\/www.phase-6.de\/magazin\/wp-json\/wp\/v2\/tags?post=9959"}],"curies":[{"name":"wp","href":"https:\/\/api.w.org\/{rel}","templated":true}]}}